{"id":17204,"date":"2025-03-31T07:30:00","date_gmt":"2025-03-31T10:30:00","guid":{"rendered":"https:\/\/www.correiobraziliense.com.br\/cbradar\/?p=17204"},"modified":"2025-03-30T14:38:21","modified_gmt":"2025-03-30T17:38:21","slug":"conheca-a-cidade-onde-as-calcadas-brilham-no-escuro-sem-energia","status":"publish","type":"post","link":"https:\/\/www.correiobraziliense.com.br\/cbradar\/conheca-a-cidade-onde-as-calcadas-brilham-no-escuro-sem-energia\/","title":{"rendered":"Conhe\u00e7a a cidade onde as cal\u00e7adas brilham no escuro sem energia"},"content":{"rendered":"\n<p>Em <strong>Cambridge<\/strong>, uma das cidades universit\u00e1rias mais ic\u00f4nicas do <strong>Reino Unido<\/strong>, o caminho para casa \u00e0 noite pode parecer algo sa\u00eddo de um filme de fic\u00e7\u00e3o cient\u00edfica. Isso porque algumas cal\u00e7adas da cidade <strong>brilham no escuro sem precisar de eletricidade<\/strong>, gra\u00e7as a uma tecnologia sustent\u00e1vel de <strong>pintura fotoluminescente<\/strong>.<\/p>\n\n\n\n<p>Esse projeto alia <strong>design urbano, inova\u00e7\u00e3o e consci\u00eancia ambiental<\/strong>, criando uma experi\u00eancia visual encantadora \u2014 e segura \u2014 para pedestres.<\/p>\n\n\n\n<h2 class=\"wp-block-heading\"><strong>Como funcionam as cal\u00e7adas que brilham no escuro?<\/strong><\/h2>\n\n\n\n<p>A superf\u00edcie das cal\u00e7adas recebe uma <strong>camada de tinta fotoluminescente<\/strong>, feita com materiais que:<\/p>\n\n\n\n<ul class=\"wp-block-list\">\n<li><strong>Absorvem a luz solar durante o dia<\/strong><\/li>\n\n\n\n<li><strong>Emitem um brilho suave e vis\u00edvel \u00e0 noite<\/strong>, sem necessidade de energia el\u00e9trica<\/li>\n\n\n\n<li>Podem durar entre <strong>6 a 10 horas<\/strong> ap\u00f3s o p\u00f4r do sol<\/li>\n\n\n\n<li>S\u00e3o resistentes \u00e0 chuva, ao desgaste e ao tempo<\/li>\n<\/ul>\n\n\n\n<p>Essa tecnologia transforma os caminhos em verdadeiras <strong>trilhas iluminadas naturalmente<\/strong>, guiando pedestres de forma m\u00e1gica e ecol\u00f3gica.<\/p>\n\n\n\n<figure class=\"wp-block-image size-large\"><img decoding=\"async\" width=\"1024\" height=\"576\" src=\"https:\/\/www.correiobraziliense.com.br\/cbradar\/wp-content\/uploads\/2025\/03\/Cambridge_1743277401073-1024x576.jpg\" alt=\"Conhe\u00e7a a cidade onde as cal\u00e7adas brilham no escuro sem energia\" class=\"wp-image-17206\" srcset=\"https:\/\/www.correiobraziliense.com.br\/cbradar\/wp-content\/uploads\/2025\/03\/Cambridge_1743277401073-1024x576.jpg 1024w, https:\/\/www.correiobraziliense.com.br\/cbradar\/wp-content\/uploads\/2025\/03\/Cambridge_1743277401073-300x169.jpg 300w, https:\/\/www.correiobraziliense.com.br\/cbradar\/wp-content\/uploads\/2025\/03\/Cambridge_1743277401073-768x432.jpg 768w, https:\/\/www.correiobraziliense.com.br\/cbradar\/wp-content\/uploads\/2025\/03\/Cambridge_1743277401073-750x422.jpg 750w, https:\/\/www.correiobraziliense.com.br\/cbradar\/wp-content\/uploads\/2025\/03\/Cambridge_1743277401073-1140x641.jpg 1140w, https:\/\/www.correiobraziliense.com.br\/cbradar\/wp-content\/uploads\/2025\/03\/Cambridge_1743277401073.jpg 1280w\" sizes=\"(max-width: 1024px) 100vw, 1024px\" \/><figcaption class=\"wp-element-caption\">Cambridge. Cr\u00e9ditos: depositphotos.com \/ claudiodivizia<\/figcaption><\/figure>\n\n\n\n<h2 class=\"wp-block-heading\"><strong>Por que Cambridge adotou essa tecnologia?<\/strong><\/h2>\n\n\n\n<p>Cambridge tem buscado solu\u00e7\u00f5es urbanas inovadoras, especialmente em zonas:<\/p>\n\n\n\n<ul class=\"wp-block-list\">\n<li><strong>Com menor cobertura de postes de luz<\/strong><\/li>\n\n\n\n<li><strong>Frequentadas por ciclistas e pedestres \u00e0 noite<\/strong><\/li>\n\n\n\n<li><strong>Pr\u00f3ximas a \u00e1reas verdes ou de prote\u00e7\u00e3o ambiental<\/strong>, onde postes tradicionais podem afetar a fauna noturna<\/li>\n<\/ul>\n\n\n\n<p>As cal\u00e7adas brilhantes oferecem:<\/p>\n\n\n\n<ul class=\"wp-block-list\">\n<li><strong>Seguran\u00e7a extra sem consumo de energia<\/strong><\/li>\n\n\n\n<li><strong>Redu\u00e7\u00e3o de polui\u00e7\u00e3o luminosa<\/strong><\/li>\n\n\n\n<li><strong>Visual \u00fanico que valoriza o espa\u00e7o p\u00fablico<\/strong><\/li>\n<\/ul>\n\n\n\n<h2 class=\"wp-block-heading\"><strong>Curiosidades sobre Cambridge e suas cal\u00e7adas fotoluminescentes<\/strong><\/h2>\n\n\n\n<ul class=\"wp-block-list\">\n<li><strong>O projeto foi inspirado em ciclovias brilhantes da Holanda<\/strong>, especialmente em Eindhoven.<\/li>\n\n\n\n<li><strong>A tinta \u00e9 \u00e0 base de minerais naturais<\/strong>, sem metais pesados ou produtos t\u00f3xicos.<\/li>\n\n\n\n<li><strong>Alguns trechos usam padr\u00f5es art\u00edsticos ou refer\u00eancias \u00e0 hist\u00f3ria da cidade<\/strong>, como f\u00f3rmulas cient\u00edficas ou versos de poetas.<\/li>\n\n\n\n<li><strong>\u00c9 poss\u00edvel caminhar \u00e0 noite sem lanterna, apenas guiado pelo brilho do ch\u00e3o.<\/strong><\/li>\n\n\n\n<li><strong>Pesquisas indicam aumento da sensa\u00e7\u00e3o de seguran\u00e7a e conforto entre os moradores.<\/strong><\/li>\n<\/ul>\n\n\n\n<p>Cambridge mostra que <strong>a cidade do futuro pode ser simples, funcional e po\u00e9tica<\/strong>, com tecnologias que respeitam o meio ambiente e transformam o ordin\u00e1rio em extraordin\u00e1rio \u2014 um passo de cada vez.<\/p>\n","protected":false},"excerpt":{"rendered":"<p>Em Cambridge, cal\u00e7adas brilham no escuro com tinta fotoluminescente. Veja como a cidade une seguran\u00e7a, inova\u00e7\u00e3o e beleza sem gastar energia!<\/p>\n","protected":false},"author":3,"featured_media":17205,"comment_status":"open","ping_status":"open","sticky":false,"template":"","format":"standard","meta":{"_yoast_wpseo_focuskw":"cidade cal\u00e7adas brilham","_yoast_wpseo_title":"%%title%%","_yoast_wpseo_metadesc":"Em Cambridge, cal\u00e7adas brilham no escuro com tinta fotoluminescente. Veja como a cidade une seguran\u00e7a, inova\u00e7\u00e3o e beleza sem gastar energia!","jnews-multi-image_gallery":[],"jnews_single_post":{"format":"standard"},"jnews_primary_category":[],"jnews_social_meta":[],"jnews_override_counter":[],"footnotes":""},"categories":[108],"tags":[109],"class_list":["post-17204","post","type-post","status-publish","format-standard","has-post-thumbnail","hentry","category-cidades","tag-cidades"],"yoast_head":"<!-- This site is optimized with the Yoast SEO plugin v24.6 - https:\/\/yoast.com\/wordpress\/plugins\/seo\/ -->\n<title>Conhe\u00e7a a cidade onde as cal\u00e7adas brilham no escuro sem energia<\/title>\n<meta name=\"description\" content=\"Em Cambridge, cal\u00e7adas brilham no escuro com tinta fotoluminescente. Veja como a cidade une seguran\u00e7a, inova\u00e7\u00e3o e beleza sem gastar energia!\" \/>\n<meta name=\"robots\" content=\"index, follow, max-snippet:-1, max-image-preview:large, max-video-preview:-1\" \/>\n<link rel=\"canonical\" href=\"https:\/\/www.correiobraziliense.com.br\/cbradar\/conheca-a-cidade-onde-as-calcadas-brilham-no-escuro-sem-energia\/\" \/>\n<meta property=\"og:locale\" content=\"pt_BR\" \/>\n<meta property=\"og:type\" content=\"article\" \/>\n<meta property=\"og:title\" content=\"Conhe\u00e7a a cidade onde as cal\u00e7adas brilham no escuro sem energia\" \/>\n<meta property=\"og:description\" content=\"Em Cambridge, cal\u00e7adas brilham no escuro com tinta fotoluminescente. Veja como a cidade une seguran\u00e7a, inova\u00e7\u00e3o e beleza sem gastar energia!\" \/>\n<meta property=\"og:url\" content=\"https:\/\/www.correiobraziliense.com.br\/cbradar\/conheca-a-cidade-onde-as-calcadas-brilham-no-escuro-sem-energia\/\" \/>\n<meta property=\"og:site_name\" content=\"Correio Braziliense - Radar\" \/>\n<meta property=\"article:published_time\" content=\"2025-03-31T10:30:00+00:00\" \/>\n<meta property=\"og:image\" content=\"https:\/\/www.correiobraziliense.com.br\/cbradar\/wp-content\/uploads\/2025\/03\/Cambridge_1743277376413.jpg\" \/>\n\t<meta property=\"og:image:width\" content=\"1280\" \/>\n\t<meta property=\"og:image:height\" content=\"720\" \/>\n\t<meta property=\"og:image:type\" content=\"image\/jpeg\" \/>\n<meta name=\"author\" content=\"Larissa Carvalho\" \/>\n<meta name=\"twitter:card\" content=\"summary_large_image\" \/>\n<meta name=\"twitter:label1\" content=\"Escrito por\" \/>\n\t<meta name=\"twitter:data1\" content=\"Larissa Carvalho\" \/>\n\t<meta name=\"twitter:label2\" content=\"Est. tempo de leitura\" \/>\n\t<meta name=\"twitter:data2\" content=\"3 minutos\" \/>\n<!-- \/ Yoast SEO plugin. -->","yoast_head_json":{"title":"Conhe\u00e7a a cidade onde as cal\u00e7adas brilham no escuro sem energia","description":"Em Cambridge, cal\u00e7adas brilham no escuro com tinta fotoluminescente. Veja como a cidade une seguran\u00e7a, inova\u00e7\u00e3o e beleza sem gastar energia!","robots":{"index":"index","follow":"follow","max-snippet":"max-snippet:-1","max-image-preview":"max-image-preview:large","max-video-preview":"max-video-preview:-1"},"canonical":"https:\/\/www.correiobraziliense.com.br\/cbradar\/conheca-a-cidade-onde-as-calcadas-brilham-no-escuro-sem-energia\/","og_locale":"pt_BR","og_type":"article","og_title":"Conhe\u00e7a a cidade onde as cal\u00e7adas brilham no escuro sem energia","og_description":"Em Cambridge, cal\u00e7adas brilham no escuro com tinta fotoluminescente. Veja como a cidade une seguran\u00e7a, inova\u00e7\u00e3o e beleza sem gastar energia!","og_url":"https:\/\/www.correiobraziliense.com.br\/cbradar\/conheca-a-cidade-onde-as-calcadas-brilham-no-escuro-sem-energia\/","og_site_name":"Correio Braziliense - Radar","article_published_time":"2025-03-31T10:30:00+00:00","og_image":[{"width":1280,"height":720,"url":"https:\/\/www.correiobraziliense.com.br\/cbradar\/wp-content\/uploads\/2025\/03\/Cambridge_1743277376413.jpg","type":"image\/jpeg"}],"author":"Larissa Carvalho","twitter_card":"summary_large_image","twitter_misc":{"Escrito por":"Larissa Carvalho","Est. tempo de leitura":"3 minutos"},"schema":{"@context":"https:\/\/schema.org","@graph":[{"@type":"WebPage","@id":"https:\/\/www.correiobraziliense.com.br\/cbradar\/conheca-a-cidade-onde-as-calcadas-brilham-no-escuro-sem-energia\/","url":"https:\/\/www.correiobraziliense.com.br\/cbradar\/conheca-a-cidade-onde-as-calcadas-brilham-no-escuro-sem-energia\/","name":"Conhe\u00e7a a cidade onde as cal\u00e7adas brilham no escuro sem energia","isPartOf":{"@id":"https:\/\/www.correiobraziliense.com.br\/cbradar\/#website"},"primaryImageOfPage":{"@id":"https:\/\/www.correiobraziliense.com.br\/cbradar\/conheca-a-cidade-onde-as-calcadas-brilham-no-escuro-sem-energia\/#primaryimage"},"image":{"@id":"https:\/\/www.correiobraziliense.com.br\/cbradar\/conheca-a-cidade-onde-as-calcadas-brilham-no-escuro-sem-energia\/#primaryimage"},"thumbnailUrl":"https:\/\/www.correiobraziliense.com.br\/cbradar\/wp-content\/uploads\/2025\/03\/Cambridge_1743277376413.jpg","datePublished":"2025-03-31T10:30:00+00:00","author":{"@id":"https:\/\/www.correiobraziliense.com.br\/cbradar\/#\/schema\/person\/58422787644df994b53a19d3e56c1513"},"description":"Em Cambridge, cal\u00e7adas brilham no escuro com tinta fotoluminescente. Veja como a cidade une seguran\u00e7a, inova\u00e7\u00e3o e beleza sem gastar energia!","breadcrumb":{"@id":"https:\/\/www.correiobraziliense.com.br\/cbradar\/conheca-a-cidade-onde-as-calcadas-brilham-no-escuro-sem-energia\/#breadcrumb"},"inLanguage":"pt-BR","potentialAction":[{"@type":"ReadAction","target":["https:\/\/www.correiobraziliense.com.br\/cbradar\/conheca-a-cidade-onde-as-calcadas-brilham-no-escuro-sem-energia\/"]}]},{"@type":"ImageObject","inLanguage":"pt-BR","@id":"https:\/\/www.correiobraziliense.com.br\/cbradar\/conheca-a-cidade-onde-as-calcadas-brilham-no-escuro-sem-energia\/#primaryimage","url":"https:\/\/www.correiobraziliense.com.br\/cbradar\/wp-content\/uploads\/2025\/03\/Cambridge_1743277376413.jpg","contentUrl":"https:\/\/www.correiobraziliense.com.br\/cbradar\/wp-content\/uploads\/2025\/03\/Cambridge_1743277376413.jpg","width":1280,"height":720,"caption":"Cambridge. Cr\u00e9ditos: depositphotos.com \/ wellsie82"},{"@type":"BreadcrumbList","@id":"https:\/\/www.correiobraziliense.com.br\/cbradar\/conheca-a-cidade-onde-as-calcadas-brilham-no-escuro-sem-energia\/#breadcrumb","itemListElement":[{"@type":"ListItem","position":1,"name":"In\u00edcio","item":"https:\/\/www.correiobraziliense.com.br\/cbradar\/"},{"@type":"ListItem","position":2,"name":"Conhe\u00e7a a cidade onde as cal\u00e7adas brilham no escuro sem energia"}]},{"@type":"WebSite","@id":"https:\/\/www.correiobraziliense.com.br\/cbradar\/#website","url":"https:\/\/www.correiobraziliense.com.br\/cbradar\/","name":"Correio Braziliense - Radar","description":"Acompanhe as \u00faltimas not\u00edcias e fique bem informado sobre tudo o que acontece no Brasil e no mundo.","potentialAction":[{"@type":"SearchAction","target":{"@type":"EntryPoint","urlTemplate":"https:\/\/www.correiobraziliense.com.br\/cbradar\/?s={search_term_string}"},"query-input":{"@type":"PropertyValueSpecification","valueRequired":true,"valueName":"search_term_string"}}],"inLanguage":"pt-BR"},{"@type":"Person","@id":"https:\/\/www.correiobraziliense.com.br\/cbradar\/#\/schema\/person\/58422787644df994b53a19d3e56c1513","name":"Larissa Carvalho","image":{"@type":"ImageObject","inLanguage":"pt-BR","@id":"https:\/\/www.correiobraziliense.com.br\/cbradar\/#\/schema\/person\/image\/","url":"https:\/\/secure.gravatar.com\/avatar\/fe4f91a0de32b52a838d0d612abdc1aa?s=96&d=mm&r=g","contentUrl":"https:\/\/secure.gravatar.com\/avatar\/fe4f91a0de32b52a838d0d612abdc1aa?s=96&d=mm&r=g","caption":"Larissa Carvalho"},"url":"https:\/\/www.correiobraziliense.com.br\/cbradar\/author\/larissamyth\/"}]}},"_links":{"self":[{"href":"https:\/\/www.correiobraziliense.com.br\/cbradar\/wp-json\/wp\/v2\/posts\/17204","targetHints":{"allow":["GET"]}}],"collection":[{"href":"https:\/\/www.correiobraziliense.com.br\/cbradar\/wp-json\/wp\/v2\/posts"}],"about":[{"href":"https:\/\/www.correiobraziliense.com.br\/cbradar\/wp-json\/wp\/v2\/types\/post"}],"author":[{"embeddable":true,"href":"https:\/\/www.correiobraziliense.com.br\/cbradar\/wp-json\/wp\/v2\/users\/3"}],"replies":[{"embeddable":true,"href":"https:\/\/www.correiobraziliense.com.br\/cbradar\/wp-json\/wp\/v2\/comments?post=17204"}],"version-history":[{"count":1,"href":"https:\/\/www.correiobraziliense.com.br\/cbradar\/wp-json\/wp\/v2\/posts\/17204\/revisions"}],"predecessor-version":[{"id":17207,"href":"https:\/\/www.correiobraziliense.com.br\/cbradar\/wp-json\/wp\/v2\/posts\/17204\/revisions\/17207"}],"wp:featuredmedia":[{"embeddable":true,"href":"https:\/\/www.correiobraziliense.com.br\/cbradar\/wp-json\/wp\/v2\/media\/17205"}],"wp:attachment":[{"href":"https:\/\/www.correiobraziliense.com.br\/cbradar\/wp-json\/wp\/v2\/media?parent=17204"}],"wp:term":[{"taxonomy":"category","embeddable":true,"href":"https:\/\/www.correiobraziliense.com.br\/cbradar\/wp-json\/wp\/v2\/categories?post=17204"},{"taxonomy":"post_tag","embeddable":true,"href":"https:\/\/www.correiobraziliense.com.br\/cbradar\/wp-json\/wp\/v2\/tags?post=17204"}],"curies":[{"name":"wp","href":"https:\/\/api.w.org\/{rel}","templated":true}]}}