{"id":172066,"date":"2026-01-11T07:45:00","date_gmt":"2026-01-11T10:45:00","guid":{"rendered":"https:\/\/www.correiobraziliense.com.br\/cbradar\/?p=172066"},"modified":"2026-01-10T13:06:48","modified_gmt":"2026-01-10T16:06:48","slug":"o-erro-mais-comum-que-faz-iniciantes-desistirem-do-treino","status":"publish","type":"post","link":"https:\/\/www.correiobraziliense.com.br\/cbradar\/o-erro-mais-comum-que-faz-iniciantes-desistirem-do-treino\/","title":{"rendered":"O erro mais comum que faz iniciantes desistirem do treino"},"content":{"rendered":"\n<p>\u00c9 comum que iniciantes cometam o erro de tentar compensar o tempo perdido com sess\u00f5es intensas de exerc\u00edcios, o que pode levar a frustra\u00e7\u00f5es e abandonos. Fortalecer um novo h\u00e1bito \u00e9 mais eficaz quando se inicia de modo gradual. Caminhadas curtas, realizadas algumas vezes na semana, ajudam a criar um padr\u00e3o consistente, mais ben\u00e9fico a longo prazo do que esfor\u00e7os espor\u00e1dicos intensos. Respeitar os limites do corpo facilita a adapta\u00e7\u00e3o e a continuidade.<\/p>\n\n\n\n<h2 class=\"wp-block-heading\">Qual Atividade F\u00edsica escolher?<\/h2>\n\n\n\n<p>A gama de op\u00e7\u00f5es para manter-se ativo \u00e9 vasta, n\u00e3o se limitando a apenas muscula\u00e7\u00e3o ou corrida. Escolher algo que proporcione prazer, como aulas de dan\u00e7a, pode transformar a <strong>Atividade F\u00edsica<\/strong> de obriga\u00e7\u00e3o para divers\u00e3o. A dan\u00e7a, al\u00e9m de potencializar o condicionamento cardiovascular, tamb\u00e9m \u00e9 uma forma de express\u00e3o criativa. Yoga e pilates oferecem fortalecimento f\u00edsico e mental, e caminhadas em trilhas oferecem contato relaxante com a natureza. Encontrar atividades que proporcionem satisfa\u00e7\u00e3o facilita a ades\u00e3o a uma rotina saud\u00e1vel.<\/p>\n\n\n\n<h2 class=\"wp-block-heading\">Como incorporar a Atividade F\u00edsica no dia a dia?<\/h2>\n\n\n\n<p>Ser ativo n\u00e3o requer necessariamente frequentar uma academia. Integra\u00e7\u00f5es simples, como optar por escadas em vez de elevador, ou descer do transporte p\u00fablico antes do ponto de destino, contribuem significativamente para a sa\u00fade. Tamb\u00e9m \u00e9 ben\u00e9fico incorporar pausas ativas durante o trabalho para esticar o corpo e melhorar a circula\u00e7\u00e3o. Essas pequenas a\u00e7\u00f5es acumulam-se ao longo do tempo, produzindo um impacto significativo na <a href=\"https:\/\/www.correiobraziliense.com.br\/cbradar\/o-segredo-nutricional-escondido-nas-feiras-brasileiras\/\" target=\"_blank\" rel=\"noreferrer noopener\">sa\u00fade<\/a>.<\/p>\n\n\n<div class=\"wp-block-image\">\n<figure class=\"aligncenter size-large\"><img decoding=\"async\" width=\"1024\" height=\"576\" src=\"https:\/\/www.correiobraziliense.com.br\/cbradar\/wp-content\/uploads\/2025\/07\/atividade-fisica-frio_1751981619273-1024x576.jpg\" alt=\"\" class=\"wp-image-66605\" srcset=\"https:\/\/www.correiobraziliense.com.br\/cbradar\/wp-content\/uploads\/2025\/07\/atividade-fisica-frio_1751981619273-1024x576.jpg 1024w, https:\/\/www.correiobraziliense.com.br\/cbradar\/wp-content\/uploads\/2025\/07\/atividade-fisica-frio_1751981619273-300x169.jpg 300w, https:\/\/www.correiobraziliense.com.br\/cbradar\/wp-content\/uploads\/2025\/07\/atividade-fisica-frio_1751981619273-768x432.jpg 768w, https:\/\/www.correiobraziliense.com.br\/cbradar\/wp-content\/uploads\/2025\/07\/atividade-fisica-frio_1751981619273-750x422.jpg 750w, https:\/\/www.correiobraziliense.com.br\/cbradar\/wp-content\/uploads\/2025\/07\/atividade-fisica-frio_1751981619273-1140x641.jpg 1140w, https:\/\/www.correiobraziliense.com.br\/cbradar\/wp-content\/uploads\/2025\/07\/atividade-fisica-frio_1751981619273.jpg 1280w\" sizes=\"(max-width: 1024px) 100vw, 1024px\" \/><figcaption class=\"wp-element-caption\">Atividades F\u00edsicas &#8211; Cr\u00e9ditos: depositphotos.com \/ gpointstudio<\/figcaption><\/figure><\/div>\n\n\n<h2 class=\"wp-block-heading\">Como preparar o ambiente para o sucesso?<\/h2>\n\n\n\n<p>A prepara\u00e7\u00e3o e a organiza\u00e7\u00e3o s\u00e3o aliadas valiosas contra a procrastina\u00e7\u00e3o. Separar roupas de treino na noite anterior ou ter equipamentos acess\u00edveis reduz barreiras mentais para come\u00e7ar. Manter o espa\u00e7o de treino arrumado e pronto reflete uma mente organizada e pronta para a a\u00e7\u00e3o. Com equipamentos \u00e0 m\u00e3o e um ambiente preparado, a transi\u00e7\u00e3o para a Atividade F\u00edsica torna-se mais natural e menos onerosa mentalmente.<\/p>\n\n\n\n<h2 class=\"wp-block-heading\">Qual \u00e9 o papel do suporte social e da celebra\u00e7\u00e3o de conquistas?<\/h2>\n\n\n\n<p>Tendo um parceiro de treino ou participando de grupos de caminhada, o incentivo m\u00fatuo se torna um estimulante importante nos dias mais dif\u00edceis. O suporte social melhorado pelos exerc\u00edcios em grupo tamb\u00e9m embeleza o humor e fortalece conex\u00f5es interpessoais. Celebrar pequenos avan\u00e7os, como completar uma semana de caminhadas sem interrup\u00e7\u00f5es, \u00e9 crucial para manter a motiva\u00e7\u00e3o alta. Ao reconhecer conquistas, por menores que sejam, a jornada para uma vida ativa se torna mais gratificante.<\/p>\n\n\n<a href=\"https:\/\/www.instagram.com\/dra.annaluisabf\/\" target=\"_blank\" rel=\"noopener\" style=\"text-decoration: none; color: inherit;\">\n    <span style=\"display: inline-block; border: 1px solid #ccc; border-radius: 10px; padding: 15px; max-width: 550px; font-family: sans-serif; box-shadow: 0 2px 5px rgba(0,0,0,0.1); width: 100%;\">\n\n      <!-- T\u00edtulo -->\n      <span style=\"display: block; margin: 0 0 15px 0; font-weight: bold; color: #2c3e50; text-align: center;\">\n        Entre em contato:\n      <\/span>\n\n      <!-- Linha do perfil -->\n      <span style=\"display: flex; align-items: center; gap: 15px;\">\n        <img decoding=\"async\"\n          src=\"https:\/\/www.correiobraziliense.com.br\/cbradar\/wp-content\/uploads\/2025\/08\/dra_anna_luisa.jpeg\"\n          alt=\"Foto da Dra. Anna Lu\u00edsa\"\n          style=\"border-radius: 50%; width: 80px; height: 80px; object-fit: cover;\"\n        \/>\n        <span style=\"display: flex; flex-direction: column;\">\n          <span style=\"font-size: 18px; font-weight: 700; color: #2c3e50;\">Dra. Anna Lu\u00edsa Barbosa Fernandes<\/span>\n          <span style=\"color: #555;\">CRM-GO 33.271<\/span>\n        <\/span>\n      <\/span>\n\n      <!-- Redes -->\n      <span style=\"display: flex; align-items: center; gap: 10px; margin-top: 12px;\">\n        <img decoding=\"async\" src=\"https:\/\/cdn-icons-png.flaticon.com\/24\/1384\/1384063.png\" alt=\"Instagram\" width=\"24\" height=\"24\" \/>\n        <span style=\"text-decoration: underline; color: #2c3e50;\">@dra.annaluisabf<\/span>\n      <\/span>\n\n    <\/span>\n  <\/a>","protected":false},"excerpt":{"rendered":"<p>\u00c9 comum que iniciantes cometam o erro de tentar compensar o tempo perdido com sess\u00f5es intensas de exerc\u00edcios, o que pode levar a frustra\u00e7\u00f5es e abandonos. Fortalecer um novo h\u00e1bito \u00e9 mais eficaz quando se inicia de modo gradual. Caminhadas curtas, realizadas algumas vezes na semana, ajudam a criar um padr\u00e3o consistente, mais ben\u00e9fico a [&hellip;]<\/p>\n","protected":false},"author":14,"featured_media":66606,"comment_status":"open","ping_status":"open","sticky":false,"template":"","format":"standard","meta":{"_yoast_wpseo_focuskw":"Atividade F\u00edsica","_yoast_wpseo_title":"","_yoast_wpseo_metadesc":"Come\u00e7ar a atividade f\u00edsica de forma gradual aumenta a chance de criar um h\u00e1bito duradouro e evita frustra\u00e7\u00f5es comuns.","jnews-multi-image_gallery":[],"jnews_single_post":{"format":"standard"},"jnews_primary_category":[],"jnews_social_meta":[],"jnews_override_counter":[],"footnotes":""},"categories":[4404],"tags":[1423,120,1318],"class_list":["post-172066","post","type-post","status-publish","format-standard","has-post-thumbnail","hentry","category-saude","tag-alimentos","tag-bem-estar","tag-saude-2"],"yoast_head":"<!-- This site is optimized with the Yoast SEO plugin v24.6 - https:\/\/yoast.com\/wordpress\/plugins\/seo\/ -->\n<title>O erro mais comum que faz iniciantes desistirem do treino - Correio Braziliense - Radar<\/title>\n<meta name=\"description\" content=\"Come\u00e7ar a atividade f\u00edsica de forma gradual aumenta a chance de criar um h\u00e1bito duradouro e evita frustra\u00e7\u00f5es comuns.\" \/>\n<meta name=\"robots\" content=\"index, follow, max-snippet:-1, max-image-preview:large, max-video-preview:-1\" \/>\n<link rel=\"canonical\" href=\"https:\/\/www.correiobraziliense.com.br\/cbradar\/o-erro-mais-comum-que-faz-iniciantes-desistirem-do-treino\/\" \/>\n<meta property=\"og:locale\" content=\"pt_BR\" \/>\n<meta property=\"og:type\" content=\"article\" \/>\n<meta property=\"og:title\" content=\"O erro mais comum que faz iniciantes desistirem do treino - Correio Braziliense - Radar\" \/>\n<meta property=\"og:description\" content=\"Come\u00e7ar a atividade f\u00edsica de forma gradual aumenta a chance de criar um h\u00e1bito duradouro e evita frustra\u00e7\u00f5es comuns.\" \/>\n<meta property=\"og:url\" content=\"https:\/\/www.correiobraziliense.com.br\/cbradar\/o-erro-mais-comum-que-faz-iniciantes-desistirem-do-treino\/\" \/>\n<meta property=\"og:site_name\" content=\"Correio Braziliense - Radar\" \/>\n<meta property=\"article:published_time\" content=\"2026-01-11T10:45:00+00:00\" \/>\n<meta property=\"og:image\" content=\"https:\/\/www.correiobraziliense.com.br\/cbradar\/wp-content\/uploads\/2025\/07\/atividade-fisica-frio_1751981706222.jpg\" \/>\n\t<meta property=\"og:image:width\" content=\"1280\" \/>\n\t<meta property=\"og:image:height\" content=\"720\" \/>\n\t<meta property=\"og:image:type\" content=\"image\/jpeg\" \/>\n<meta name=\"author\" content=\"guilherme_saude\" \/>\n<meta name=\"twitter:card\" content=\"summary_large_image\" \/>\n<meta name=\"twitter:label1\" content=\"Escrito por\" \/>\n\t<meta name=\"twitter:data1\" content=\"guilherme_saude\" \/>\n\t<meta name=\"twitter:label2\" content=\"Est. tempo de leitura\" \/>\n\t<meta name=\"twitter:data2\" content=\"4 minutos\" \/>\n<!-- \/ Yoast SEO plugin. -->","yoast_head_json":{"title":"O erro mais comum que faz iniciantes desistirem do treino - Correio Braziliense - Radar","description":"Come\u00e7ar a atividade f\u00edsica de forma gradual aumenta a chance de criar um h\u00e1bito duradouro e evita frustra\u00e7\u00f5es comuns.","robots":{"index":"index","follow":"follow","max-snippet":"max-snippet:-1","max-image-preview":"max-image-preview:large","max-video-preview":"max-video-preview:-1"},"canonical":"https:\/\/www.correiobraziliense.com.br\/cbradar\/o-erro-mais-comum-que-faz-iniciantes-desistirem-do-treino\/","og_locale":"pt_BR","og_type":"article","og_title":"O erro mais comum que faz iniciantes desistirem do treino - Correio Braziliense - Radar","og_description":"Come\u00e7ar a atividade f\u00edsica de forma gradual aumenta a chance de criar um h\u00e1bito duradouro e evita frustra\u00e7\u00f5es comuns.","og_url":"https:\/\/www.correiobraziliense.com.br\/cbradar\/o-erro-mais-comum-que-faz-iniciantes-desistirem-do-treino\/","og_site_name":"Correio Braziliense - Radar","article_published_time":"2026-01-11T10:45:00+00:00","og_image":[{"width":1280,"height":720,"url":"https:\/\/www.correiobraziliense.com.br\/cbradar\/wp-content\/uploads\/2025\/07\/atividade-fisica-frio_1751981706222.jpg","type":"image\/jpeg"}],"author":"guilherme_saude","twitter_card":"summary_large_image","twitter_misc":{"Escrito por":"guilherme_saude","Est. tempo de leitura":"4 minutos"},"schema":{"@context":"https:\/\/schema.org","@graph":[{"@type":"WebPage","@id":"https:\/\/www.correiobraziliense.com.br\/cbradar\/o-erro-mais-comum-que-faz-iniciantes-desistirem-do-treino\/","url":"https:\/\/www.correiobraziliense.com.br\/cbradar\/o-erro-mais-comum-que-faz-iniciantes-desistirem-do-treino\/","name":"O erro mais comum que faz iniciantes desistirem do treino - Correio Braziliense - Radar","isPartOf":{"@id":"https:\/\/www.correiobraziliense.com.br\/cbradar\/#website"},"primaryImageOfPage":{"@id":"https:\/\/www.correiobraziliense.com.br\/cbradar\/o-erro-mais-comum-que-faz-iniciantes-desistirem-do-treino\/#primaryimage"},"image":{"@id":"https:\/\/www.correiobraziliense.com.br\/cbradar\/o-erro-mais-comum-que-faz-iniciantes-desistirem-do-treino\/#primaryimage"},"thumbnailUrl":"https:\/\/www.correiobraziliense.com.br\/cbradar\/wp-content\/uploads\/2025\/07\/atividade-fisica-frio_1751981706222.jpg","datePublished":"2026-01-11T10:45:00+00:00","author":{"@id":"https:\/\/www.correiobraziliense.com.br\/cbradar\/#\/schema\/person\/5aa4bf3c8fa699c267933611de12978b"},"description":"Come\u00e7ar a atividade f\u00edsica de forma gradual aumenta a chance de criar um h\u00e1bito duradouro e evita frustra\u00e7\u00f5es comuns.","breadcrumb":{"@id":"https:\/\/www.correiobraziliense.com.br\/cbradar\/o-erro-mais-comum-que-faz-iniciantes-desistirem-do-treino\/#breadcrumb"},"inLanguage":"pt-BR","potentialAction":[{"@type":"ReadAction","target":["https:\/\/www.correiobraziliense.com.br\/cbradar\/o-erro-mais-comum-que-faz-iniciantes-desistirem-do-treino\/"]}]},{"@type":"ImageObject","inLanguage":"pt-BR","@id":"https:\/\/www.correiobraziliense.com.br\/cbradar\/o-erro-mais-comum-que-faz-iniciantes-desistirem-do-treino\/#primaryimage","url":"https:\/\/www.correiobraziliense.com.br\/cbradar\/wp-content\/uploads\/2025\/07\/atividade-fisica-frio_1751981706222.jpg","contentUrl":"https:\/\/www.correiobraziliense.com.br\/cbradar\/wp-content\/uploads\/2025\/07\/atividade-fisica-frio_1751981706222.jpg","width":1280,"height":720,"caption":"Atividades F\u00edsicas - Cr\u00e9ditos: depositphotos.com \/ gpointstudio"},{"@type":"BreadcrumbList","@id":"https:\/\/www.correiobraziliense.com.br\/cbradar\/o-erro-mais-comum-que-faz-iniciantes-desistirem-do-treino\/#breadcrumb","itemListElement":[{"@type":"ListItem","position":1,"name":"In\u00edcio","item":"https:\/\/www.correiobraziliense.com.br\/cbradar\/"},{"@type":"ListItem","position":2,"name":"O erro mais comum que faz iniciantes desistirem do treino"}]},{"@type":"WebSite","@id":"https:\/\/www.correiobraziliense.com.br\/cbradar\/#website","url":"https:\/\/www.correiobraziliense.com.br\/cbradar\/","name":"Correio Braziliense - Radar","description":"Acompanhe as \u00faltimas not\u00edcias e fique bem informado sobre tudo o que acontece no Brasil e no mundo.","potentialAction":[{"@type":"SearchAction","target":{"@type":"EntryPoint","urlTemplate":"https:\/\/www.correiobraziliense.com.br\/cbradar\/?s={search_term_string}"},"query-input":{"@type":"PropertyValueSpecification","valueRequired":true,"valueName":"search_term_string"}}],"inLanguage":"pt-BR"},{"@type":"Person","@id":"https:\/\/www.correiobraziliense.com.br\/cbradar\/#\/schema\/person\/5aa4bf3c8fa699c267933611de12978b","name":"guilherme_saude","image":{"@type":"ImageObject","inLanguage":"pt-BR","@id":"https:\/\/www.correiobraziliense.com.br\/cbradar\/#\/schema\/person\/image\/","url":"https:\/\/secure.gravatar.com\/avatar\/df9adfb835d344bc0af109d41756253f?s=96&d=mm&r=g","contentUrl":"https:\/\/secure.gravatar.com\/avatar\/df9adfb835d344bc0af109d41756253f?s=96&d=mm&r=g","caption":"guilherme_saude"},"url":"https:\/\/www.correiobraziliense.com.br\/cbradar\/author\/guilherme_saude\/"}]}},"_links":{"self":[{"href":"https:\/\/www.correiobraziliense.com.br\/cbradar\/wp-json\/wp\/v2\/posts\/172066","targetHints":{"allow":["GET"]}}],"collection":[{"href":"https:\/\/www.correiobraziliense.com.br\/cbradar\/wp-json\/wp\/v2\/posts"}],"about":[{"href":"https:\/\/www.correiobraziliense.com.br\/cbradar\/wp-json\/wp\/v2\/types\/post"}],"author":[{"embeddable":true,"href":"https:\/\/www.correiobraziliense.com.br\/cbradar\/wp-json\/wp\/v2\/users\/14"}],"replies":[{"embeddable":true,"href":"https:\/\/www.correiobraziliense.com.br\/cbradar\/wp-json\/wp\/v2\/comments?post=172066"}],"version-history":[{"count":1,"href":"https:\/\/www.correiobraziliense.com.br\/cbradar\/wp-json\/wp\/v2\/posts\/172066\/revisions"}],"predecessor-version":[{"id":172070,"href":"https:\/\/www.correiobraziliense.com.br\/cbradar\/wp-json\/wp\/v2\/posts\/172066\/revisions\/172070"}],"wp:featuredmedia":[{"embeddable":true,"href":"https:\/\/www.correiobraziliense.com.br\/cbradar\/wp-json\/wp\/v2\/media\/66606"}],"wp:attachment":[{"href":"https:\/\/www.correiobraziliense.com.br\/cbradar\/wp-json\/wp\/v2\/media?parent=172066"}],"wp:term":[{"taxonomy":"category","embeddable":true,"href":"https:\/\/www.correiobraziliense.com.br\/cbradar\/wp-json\/wp\/v2\/categories?post=172066"},{"taxonomy":"post_tag","embeddable":true,"href":"https:\/\/www.correiobraziliense.com.br\/cbradar\/wp-json\/wp\/v2\/tags?post=172066"}],"curies":[{"name":"wp","href":"https:\/\/api.w.org\/{rel}","templated":true}]}}