{"id":17208,"date":"2025-03-31T09:30:00","date_gmt":"2025-03-31T12:30:00","guid":{"rendered":"https:\/\/www.correiobraziliense.com.br\/cbradar\/?p=17208"},"modified":"2025-03-30T14:37:18","modified_gmt":"2025-03-30T17:37:18","slug":"conheca-a-cidade-onde-todas-as-casas-tem-telhado-verde-por-lei","status":"publish","type":"post","link":"https:\/\/www.correiobraziliense.com.br\/cbradar\/conheca-a-cidade-onde-todas-as-casas-tem-telhado-verde-por-lei\/","title":{"rendered":"Conhe\u00e7a a cidade onde todas as casas t\u00eam telhado verde por lei"},"content":{"rendered":"\n<p>Na moderna e sustent\u00e1vel <strong>Copenhagen<\/strong>, capital da <strong>Dinamarca<\/strong>, o verde n\u00e3o est\u00e1 s\u00f3 nos parques e avenidas \u2014 ele tamb\u00e9m est\u00e1 <strong>nos telhados das casas, pr\u00e9dios e constru\u00e7\u00f5es p\u00fablicas<\/strong>. A cidade implantou uma legisla\u00e7\u00e3o pioneira que <strong>obriga novas constru\u00e7\u00f5es a terem telhados verdes<\/strong>, tornando a cobertura vegetal uma <strong>parte obrigat\u00f3ria do urbanismo local<\/strong>.<\/p>\n\n\n\n<p>A medida refor\u00e7a o compromisso da cidade com o <strong>meio ambiente, combate \u00e0s mudan\u00e7as clim\u00e1ticas e qualidade de vida<\/strong>.<\/p>\n\n\n\n<h2 class=\"wp-block-heading\"><strong>Como funciona a lei dos telhados verdes em Copenhagen?<\/strong><\/h2>\n\n\n\n<p>Desde 2010, a prefeitura de Copenhagen exige que <strong>todos os novos edif\u00edcios com telhado inclinado inferior a 30 graus<\/strong> incluam <strong>jardins no topo<\/strong>. Esses telhados:<\/p>\n\n\n\n<ul class=\"wp-block-list\">\n<li>S\u00e3o cobertos com vegeta\u00e7\u00e3o nativa e resistente<\/li>\n\n\n\n<li>Ajudam a <strong>absorver \u00e1gua da chuva<\/strong>, reduzindo enchentes<\/li>\n\n\n\n<li><strong>Melhoram o isolamento t\u00e9rmico<\/strong>, reduzindo o consumo de energia<\/li>\n\n\n\n<li><strong>Aumentam a biodiversidade urbana<\/strong>, atraindo insetos e aves<\/li>\n<\/ul>\n\n\n\n<p>Al\u00e9m disso, muitos edif\u00edcios antigos tamb\u00e9m est\u00e3o sendo adaptados com <strong>telhados verdes volunt\u00e1rios<\/strong>, apoiados por subs\u00eddios p\u00fablicos.<\/p>\n\n\n\n<figure class=\"wp-block-image size-large\"><img decoding=\"async\" width=\"1024\" height=\"576\" src=\"https:\/\/www.correiobraziliense.com.br\/cbradar\/wp-content\/uploads\/2025\/03\/Copenhagen_1743277551360-1024x576.jpg\" alt=\"Conhe\u00e7a a cidade onde todas as casas t\u00eam telhado verde por lei\" class=\"wp-image-17210\" srcset=\"https:\/\/www.correiobraziliense.com.br\/cbradar\/wp-content\/uploads\/2025\/03\/Copenhagen_1743277551360-1024x576.jpg 1024w, https:\/\/www.correiobraziliense.com.br\/cbradar\/wp-content\/uploads\/2025\/03\/Copenhagen_1743277551360-300x169.jpg 300w, https:\/\/www.correiobraziliense.com.br\/cbradar\/wp-content\/uploads\/2025\/03\/Copenhagen_1743277551360-768x432.jpg 768w, https:\/\/www.correiobraziliense.com.br\/cbradar\/wp-content\/uploads\/2025\/03\/Copenhagen_1743277551360-750x422.jpg 750w, https:\/\/www.correiobraziliense.com.br\/cbradar\/wp-content\/uploads\/2025\/03\/Copenhagen_1743277551360-1140x641.jpg 1140w, https:\/\/www.correiobraziliense.com.br\/cbradar\/wp-content\/uploads\/2025\/03\/Copenhagen_1743277551360.jpg 1280w\" sizes=\"(max-width: 1024px) 100vw, 1024px\" \/><figcaption class=\"wp-element-caption\">Copenhagen. Cr\u00e9ditos: depositphotos.com \/ sepavone<\/figcaption><\/figure>\n\n\n\n<h2 class=\"wp-block-heading\"><strong>Por que Copenhagen adotou essa pol\u00edtica?<\/strong><\/h2>\n\n\n\n<p>A cidade quer ser <strong>carbono neutra at\u00e9 2025<\/strong>, e os telhados verdes s\u00e3o parte dessa estrat\u00e9gia. Os objetivos incluem:<\/p>\n\n\n\n<ul class=\"wp-block-list\">\n<li><strong>Reduzir as ilhas de calor urbanas<\/strong><\/li>\n\n\n\n<li><strong>Melhorar a drenagem urbana e prevenir alagamentos<\/strong><\/li>\n\n\n\n<li><strong>Oferecer espa\u00e7os verdes em regi\u00f5es densamente constru\u00eddas<\/strong><\/li>\n\n\n\n<li><strong>Transformar o visual urbano, tornando-o mais acolhedor e integrado \u00e0 natureza<\/strong><\/li>\n<\/ul>\n\n\n\n<p>Copenhagen se destaca como uma das capitais mais ecol\u00f3gicas do mundo, e seus telhados s\u00e3o s\u00edmbolos desse compromisso.<\/p>\n\n\n\n<h2 class=\"wp-block-heading\"><strong>Curiosidades sobre os telhados verdes de Copenhagen<\/strong><\/h2>\n\n\n\n<ul class=\"wp-block-list\">\n<li><strong>Mais de 20 mil m\u00b2 de telhados verdes foram instalados desde a implementa\u00e7\u00e3o da lei.<\/strong><\/li>\n\n\n\n<li><strong>Alguns telhados s\u00e3o acess\u00edveis ao p\u00fablico<\/strong>, com hortas, \u00e1reas de lazer e at\u00e9 playgrounds.<\/li>\n\n\n\n<li><strong>A temperatura sob um telhado verde pode ser at\u00e9 5\u202f\u00b0C mais baixa no ver\u00e3o.<\/strong><\/li>\n\n\n\n<li><strong>A vegeta\u00e7\u00e3o ajuda a filtrar part\u00edculas poluentes do ar.<\/strong><\/li>\n\n\n\n<li><strong>Outras cidades, como Toronto e Paris, se inspiraram na pol\u00edtica de Copenhagen.<\/strong><\/li>\n<\/ul>\n\n\n\n<p>Copenhagen prova que <strong>a sustentabilidade pode come\u00e7ar do topo<\/strong>, e que uma cidade verde n\u00e3o \u00e9 apenas aquela com parques \u2014 mas tamb\u00e9m <strong>aquela onde at\u00e9 os telhados respiram natureza<\/strong>.<\/p>\n","protected":false},"excerpt":{"rendered":"<p>Em Copenhagen, todos os novos pr\u00e9dios devem ter telhado verde por lei. Descubra como essa regra ajuda a tornar a cidade mais ecol\u00f3gica e eficiente!<\/p>\n","protected":false},"author":3,"featured_media":17209,"comment_status":"open","ping_status":"open","sticky":false,"template":"","format":"standard","meta":{"_yoast_wpseo_focuskw":"cidade telhado verde","_yoast_wpseo_title":"%%title%%","_yoast_wpseo_metadesc":"Em Copenhagen, todos os novos pr\u00e9dios devem ter telhado verde por lei. Descubra como essa regra ajuda a tornar a cidade mais ecol\u00f3gica e eficiente!","jnews-multi-image_gallery":[],"jnews_single_post":{"format":"standard"},"jnews_primary_category":[],"jnews_social_meta":[],"jnews_override_counter":[],"footnotes":""},"categories":[108],"tags":[204],"class_list":["post-17208","post","type-post","status-publish","format-standard","has-post-thumbnail","hentry","category-cidades","tag-cidade"],"yoast_head":"<!-- This site is optimized with the Yoast SEO plugin v24.6 - https:\/\/yoast.com\/wordpress\/plugins\/seo\/ -->\n<title>Conhe\u00e7a a cidade onde todas as casas t\u00eam telhado verde por lei<\/title>\n<meta name=\"description\" content=\"Em Copenhagen, todos os novos pr\u00e9dios devem ter telhado verde por lei. Descubra como essa regra ajuda a tornar a cidade mais ecol\u00f3gica e eficiente!\" \/>\n<meta name=\"robots\" content=\"index, follow, max-snippet:-1, max-image-preview:large, max-video-preview:-1\" \/>\n<link rel=\"canonical\" href=\"https:\/\/www.correiobraziliense.com.br\/cbradar\/conheca-a-cidade-onde-todas-as-casas-tem-telhado-verde-por-lei\/\" \/>\n<meta property=\"og:locale\" content=\"pt_BR\" \/>\n<meta property=\"og:type\" content=\"article\" \/>\n<meta property=\"og:title\" content=\"Conhe\u00e7a a cidade onde todas as casas t\u00eam telhado verde por lei\" \/>\n<meta property=\"og:description\" content=\"Em Copenhagen, todos os novos pr\u00e9dios devem ter telhado verde por lei. Descubra como essa regra ajuda a tornar a cidade mais ecol\u00f3gica e eficiente!\" \/>\n<meta property=\"og:url\" content=\"https:\/\/www.correiobraziliense.com.br\/cbradar\/conheca-a-cidade-onde-todas-as-casas-tem-telhado-verde-por-lei\/\" \/>\n<meta property=\"og:site_name\" content=\"Correio Braziliense - Radar\" \/>\n<meta property=\"article:published_time\" content=\"2025-03-31T12:30:00+00:00\" \/>\n<meta property=\"og:image\" content=\"https:\/\/www.correiobraziliense.com.br\/cbradar\/wp-content\/uploads\/2025\/03\/Copenhagen_1743277521038.jpg\" \/>\n\t<meta property=\"og:image:width\" content=\"1280\" \/>\n\t<meta property=\"og:image:height\" content=\"720\" \/>\n\t<meta property=\"og:image:type\" content=\"image\/jpeg\" \/>\n<meta name=\"author\" content=\"Larissa Carvalho\" \/>\n<meta name=\"twitter:card\" content=\"summary_large_image\" \/>\n<meta name=\"twitter:label1\" content=\"Escrito por\" \/>\n\t<meta name=\"twitter:data1\" content=\"Larissa Carvalho\" \/>\n\t<meta name=\"twitter:label2\" content=\"Est. tempo de leitura\" \/>\n\t<meta name=\"twitter:data2\" content=\"3 minutos\" \/>\n<!-- \/ Yoast SEO plugin. -->","yoast_head_json":{"title":"Conhe\u00e7a a cidade onde todas as casas t\u00eam telhado verde por lei","description":"Em Copenhagen, todos os novos pr\u00e9dios devem ter telhado verde por lei. Descubra como essa regra ajuda a tornar a cidade mais ecol\u00f3gica e eficiente!","robots":{"index":"index","follow":"follow","max-snippet":"max-snippet:-1","max-image-preview":"max-image-preview:large","max-video-preview":"max-video-preview:-1"},"canonical":"https:\/\/www.correiobraziliense.com.br\/cbradar\/conheca-a-cidade-onde-todas-as-casas-tem-telhado-verde-por-lei\/","og_locale":"pt_BR","og_type":"article","og_title":"Conhe\u00e7a a cidade onde todas as casas t\u00eam telhado verde por lei","og_description":"Em Copenhagen, todos os novos pr\u00e9dios devem ter telhado verde por lei. Descubra como essa regra ajuda a tornar a cidade mais ecol\u00f3gica e eficiente!","og_url":"https:\/\/www.correiobraziliense.com.br\/cbradar\/conheca-a-cidade-onde-todas-as-casas-tem-telhado-verde-por-lei\/","og_site_name":"Correio Braziliense - Radar","article_published_time":"2025-03-31T12:30:00+00:00","og_image":[{"width":1280,"height":720,"url":"https:\/\/www.correiobraziliense.com.br\/cbradar\/wp-content\/uploads\/2025\/03\/Copenhagen_1743277521038.jpg","type":"image\/jpeg"}],"author":"Larissa Carvalho","twitter_card":"summary_large_image","twitter_misc":{"Escrito por":"Larissa Carvalho","Est. tempo de leitura":"3 minutos"},"schema":{"@context":"https:\/\/schema.org","@graph":[{"@type":"WebPage","@id":"https:\/\/www.correiobraziliense.com.br\/cbradar\/conheca-a-cidade-onde-todas-as-casas-tem-telhado-verde-por-lei\/","url":"https:\/\/www.correiobraziliense.com.br\/cbradar\/conheca-a-cidade-onde-todas-as-casas-tem-telhado-verde-por-lei\/","name":"Conhe\u00e7a a cidade onde todas as casas t\u00eam telhado verde por lei","isPartOf":{"@id":"https:\/\/www.correiobraziliense.com.br\/cbradar\/#website"},"primaryImageOfPage":{"@id":"https:\/\/www.correiobraziliense.com.br\/cbradar\/conheca-a-cidade-onde-todas-as-casas-tem-telhado-verde-por-lei\/#primaryimage"},"image":{"@id":"https:\/\/www.correiobraziliense.com.br\/cbradar\/conheca-a-cidade-onde-todas-as-casas-tem-telhado-verde-por-lei\/#primaryimage"},"thumbnailUrl":"https:\/\/www.correiobraziliense.com.br\/cbradar\/wp-content\/uploads\/2025\/03\/Copenhagen_1743277521038.jpg","datePublished":"2025-03-31T12:30:00+00:00","author":{"@id":"https:\/\/www.correiobraziliense.com.br\/cbradar\/#\/schema\/person\/58422787644df994b53a19d3e56c1513"},"description":"Em Copenhagen, todos os novos pr\u00e9dios devem ter telhado verde por lei. Descubra como essa regra ajuda a tornar a cidade mais ecol\u00f3gica e eficiente!","breadcrumb":{"@id":"https:\/\/www.correiobraziliense.com.br\/cbradar\/conheca-a-cidade-onde-todas-as-casas-tem-telhado-verde-por-lei\/#breadcrumb"},"inLanguage":"pt-BR","potentialAction":[{"@type":"ReadAction","target":["https:\/\/www.correiobraziliense.com.br\/cbradar\/conheca-a-cidade-onde-todas-as-casas-tem-telhado-verde-por-lei\/"]}]},{"@type":"ImageObject","inLanguage":"pt-BR","@id":"https:\/\/www.correiobraziliense.com.br\/cbradar\/conheca-a-cidade-onde-todas-as-casas-tem-telhado-verde-por-lei\/#primaryimage","url":"https:\/\/www.correiobraziliense.com.br\/cbradar\/wp-content\/uploads\/2025\/03\/Copenhagen_1743277521038.jpg","contentUrl":"https:\/\/www.correiobraziliense.com.br\/cbradar\/wp-content\/uploads\/2025\/03\/Copenhagen_1743277521038.jpg","width":1280,"height":720,"caption":"Copenhagen. Cr\u00e9ditos: depositphotos.com \/ f11photo"},{"@type":"BreadcrumbList","@id":"https:\/\/www.correiobraziliense.com.br\/cbradar\/conheca-a-cidade-onde-todas-as-casas-tem-telhado-verde-por-lei\/#breadcrumb","itemListElement":[{"@type":"ListItem","position":1,"name":"In\u00edcio","item":"https:\/\/www.correiobraziliense.com.br\/cbradar\/"},{"@type":"ListItem","position":2,"name":"Conhe\u00e7a a cidade onde todas as casas t\u00eam telhado verde por lei"}]},{"@type":"WebSite","@id":"https:\/\/www.correiobraziliense.com.br\/cbradar\/#website","url":"https:\/\/www.correiobraziliense.com.br\/cbradar\/","name":"Correio Braziliense - Radar","description":"Acompanhe as \u00faltimas not\u00edcias e fique bem informado sobre tudo o que acontece no Brasil e no mundo.","potentialAction":[{"@type":"SearchAction","target":{"@type":"EntryPoint","urlTemplate":"https:\/\/www.correiobraziliense.com.br\/cbradar\/?s={search_term_string}"},"query-input":{"@type":"PropertyValueSpecification","valueRequired":true,"valueName":"search_term_string"}}],"inLanguage":"pt-BR"},{"@type":"Person","@id":"https:\/\/www.correiobraziliense.com.br\/cbradar\/#\/schema\/person\/58422787644df994b53a19d3e56c1513","name":"Larissa Carvalho","image":{"@type":"ImageObject","inLanguage":"pt-BR","@id":"https:\/\/www.correiobraziliense.com.br\/cbradar\/#\/schema\/person\/image\/","url":"https:\/\/secure.gravatar.com\/avatar\/fe4f91a0de32b52a838d0d612abdc1aa?s=96&d=mm&r=g","contentUrl":"https:\/\/secure.gravatar.com\/avatar\/fe4f91a0de32b52a838d0d612abdc1aa?s=96&d=mm&r=g","caption":"Larissa Carvalho"},"url":"https:\/\/www.correiobraziliense.com.br\/cbradar\/author\/larissamyth\/"}]}},"_links":{"self":[{"href":"https:\/\/www.correiobraziliense.com.br\/cbradar\/wp-json\/wp\/v2\/posts\/17208","targetHints":{"allow":["GET"]}}],"collection":[{"href":"https:\/\/www.correiobraziliense.com.br\/cbradar\/wp-json\/wp\/v2\/posts"}],"about":[{"href":"https:\/\/www.correiobraziliense.com.br\/cbradar\/wp-json\/wp\/v2\/types\/post"}],"author":[{"embeddable":true,"href":"https:\/\/www.correiobraziliense.com.br\/cbradar\/wp-json\/wp\/v2\/users\/3"}],"replies":[{"embeddable":true,"href":"https:\/\/www.correiobraziliense.com.br\/cbradar\/wp-json\/wp\/v2\/comments?post=17208"}],"version-history":[{"count":1,"href":"https:\/\/www.correiobraziliense.com.br\/cbradar\/wp-json\/wp\/v2\/posts\/17208\/revisions"}],"predecessor-version":[{"id":17211,"href":"https:\/\/www.correiobraziliense.com.br\/cbradar\/wp-json\/wp\/v2\/posts\/17208\/revisions\/17211"}],"wp:featuredmedia":[{"embeddable":true,"href":"https:\/\/www.correiobraziliense.com.br\/cbradar\/wp-json\/wp\/v2\/media\/17209"}],"wp:attachment":[{"href":"https:\/\/www.correiobraziliense.com.br\/cbradar\/wp-json\/wp\/v2\/media?parent=17208"}],"wp:term":[{"taxonomy":"category","embeddable":true,"href":"https:\/\/www.correiobraziliense.com.br\/cbradar\/wp-json\/wp\/v2\/categories?post=17208"},{"taxonomy":"post_tag","embeddable":true,"href":"https:\/\/www.correiobraziliense.com.br\/cbradar\/wp-json\/wp\/v2\/tags?post=17208"}],"curies":[{"name":"wp","href":"https:\/\/api.w.org\/{rel}","templated":true}]}}