{"id":17212,"date":"2025-03-31T15:50:00","date_gmt":"2025-03-31T18:50:00","guid":{"rendered":"https:\/\/www.correiobraziliense.com.br\/cbradar\/?p=17212"},"modified":"2025-03-30T14:34:15","modified_gmt":"2025-03-30T17:34:15","slug":"conheca-a-cidade-construida-inteira-dentro-de-um-antigo-aeroporto","status":"publish","type":"post","link":"https:\/\/www.correiobraziliense.com.br\/cbradar\/conheca-a-cidade-construida-inteira-dentro-de-um-antigo-aeroporto\/","title":{"rendered":"Conhe\u00e7a a cidade constru\u00edda inteira dentro de um antigo aeroporto"},"content":{"rendered":"\n<p>Em <strong>Berlim<\/strong>, capital da <strong>Alemanha<\/strong>, um antigo aeroporto militar se transformou em algo completamente inesperado: uma <strong>cidade viva dentro da pista de pouso<\/strong>. O <strong>Tempelhofer Feld<\/strong>, antes conhecido como <strong>Aeroporto de Tempelhof<\/strong>, foi convertido em um gigantesco <strong>espa\u00e7o urbano multifuncional<\/strong>, que abriga <strong>moradias, hortas, ciclovias, arte, cultura e lazer<\/strong>, tudo em meio \u00e0 estrutura original do aeroporto.<\/p>\n\n\n\n<p>\u00c9 um dos projetos urbanos mais inovadores e simb\u00f3licos do s\u00e9culo XXI \u2014 onde <strong>asfalto virou jardim e hangares viraram lares e espa\u00e7os comunit\u00e1rios<\/strong>.<\/p>\n\n\n\n<h2 class=\"wp-block-heading\"><strong>Como surgiu a cidade dentro do aeroporto?<\/strong><\/h2>\n\n\n\n<p>O Aeroporto de Tempelhof foi desativado em 2008 ap\u00f3s d\u00e9cadas de opera\u00e7\u00e3o. Ao inv\u00e9s de demolir ou privatizar a \u00e1rea, a cidade de Berlim decidiu ouvir seus cidad\u00e3os. Em 2014, um referendo popular <strong>impediu qualquer tipo de constru\u00e7\u00e3o privada no terreno<\/strong>, transformando-o em:<\/p>\n\n\n\n<ul class=\"wp-block-list\">\n<li><strong>Um parque urbano com mais de 300 hectares<\/strong><\/li>\n\n\n\n<li><strong>Espa\u00e7o para projetos comunit\u00e1rios e culturais<\/strong><\/li>\n\n\n\n<li><strong>\u00c1rea de moradia tempor\u00e1ria e social adaptada em hangares hist\u00f3ricos<\/strong><\/li>\n\n\n\n<li><strong>Campos abertos onde se pode andar de bicicleta, patins, velejar em skate e at\u00e9 voar pipa<\/strong><\/li>\n<\/ul>\n\n\n\n<figure class=\"wp-block-image size-large\"><img decoding=\"async\" width=\"1024\" height=\"576\" src=\"https:\/\/www.correiobraziliense.com.br\/cbradar\/wp-content\/uploads\/2025\/03\/Tempelhofer-Feld_1743277666662-1024x576.jpg\" alt=\"Conhe\u00e7a a cidade constru\u00edda inteira dentro de um antigo aeroporto\" class=\"wp-image-17214\" srcset=\"https:\/\/www.correiobraziliense.com.br\/cbradar\/wp-content\/uploads\/2025\/03\/Tempelhofer-Feld_1743277666662-1024x576.jpg 1024w, https:\/\/www.correiobraziliense.com.br\/cbradar\/wp-content\/uploads\/2025\/03\/Tempelhofer-Feld_1743277666662-300x169.jpg 300w, https:\/\/www.correiobraziliense.com.br\/cbradar\/wp-content\/uploads\/2025\/03\/Tempelhofer-Feld_1743277666662-768x432.jpg 768w, https:\/\/www.correiobraziliense.com.br\/cbradar\/wp-content\/uploads\/2025\/03\/Tempelhofer-Feld_1743277666662-750x422.jpg 750w, https:\/\/www.correiobraziliense.com.br\/cbradar\/wp-content\/uploads\/2025\/03\/Tempelhofer-Feld_1743277666662-1140x641.jpg 1140w, https:\/\/www.correiobraziliense.com.br\/cbradar\/wp-content\/uploads\/2025\/03\/Tempelhofer-Feld_1743277666662.jpg 1280w\" sizes=\"(max-width: 1024px) 100vw, 1024px\" \/><figcaption class=\"wp-element-caption\">Tempelhofer Feld. Cr\u00e9ditos: depositphotos.com \/ kasto<\/figcaption><\/figure>\n\n\n\n<h2 class=\"wp-block-heading\"><strong>O que existe hoje no Tempelhofer Feld?<\/strong><\/h2>\n\n\n\n<p>Atualmente, o local funciona como uma <strong>cidade aberta<\/strong>, com uso livre e criativo. H\u00e1:<\/p>\n\n\n\n<ul class=\"wp-block-list\">\n<li><strong>Hortas comunit\u00e1rias<\/strong> onde qualquer morador pode plantar<\/li>\n\n\n\n<li><strong>Eventos culturais<\/strong>, feiras, festivais de m\u00fasica e cinema ao ar livre<\/li>\n\n\n\n<li><strong>Espa\u00e7os de conviv\u00eancia e lazer para todas as idades<\/strong><\/li>\n\n\n\n<li><strong>Habita\u00e7\u00e3o emergencial<\/strong>, como o abrigo para refugiados constru\u00eddo em parte dos hangares<\/li>\n\n\n\n<li><strong>Pistas de pouso preservadas<\/strong>, onde pessoas caminham, andam de bike ou apenas relaxam<\/li>\n<\/ul>\n\n\n\n<p>Tudo isso \u00e9 gerido com foco em <strong>participa\u00e7\u00e3o cidad\u00e3, sustentabilidade e uso coletivo<\/strong>.<\/p>\n\n\n\n<h2 class=\"wp-block-heading\"><strong>Curiosidades sobre Tempelhofer Feld<\/strong><\/h2>\n\n\n\n<ul class=\"wp-block-list\">\n<li><strong>O aeroporto foi um dos primeiros do mundo com terminal em formato de arco semicircular.<\/strong><\/li>\n\n\n\n<li><strong>Durante a Guerra Fria, Tempelhof foi crucial no bloqueio de Berlim, sendo ponto de entrega a\u00e9rea de mantimentos.<\/strong><\/li>\n\n\n\n<li><strong>O parque \u00e9 maior que o Central Park de Nova York.<\/strong><\/li>\n\n\n\n<li><strong>O espa\u00e7o \u00e9 gratuito e aberto 24h por dia.<\/strong><\/li>\n\n\n\n<li><strong>\u00c9 considerado um s\u00edmbolo da resist\u00eancia urbana contra a especula\u00e7\u00e3o imobili\u00e1ria.<\/strong><\/li>\n<\/ul>\n\n\n\n<p>Tempelhofer Feld mostra que <strong>as cidades podem renascer de suas estruturas antigas<\/strong>, e que <strong>comunidade, criatividade e liberdade<\/strong> podem transformar at\u00e9 uma pista de pouso em um lugar onde se constr\u00f3i um novo jeito de viver.<\/p>\n","protected":false},"excerpt":{"rendered":"<p>Em Berlim, um antigo aeroporto virou uma cidade viva e coletiva. Conhe\u00e7a o Tempelhofer Feld, onde pistas viraram hortas, arte e moradia.<\/p>\n","protected":false},"author":3,"featured_media":17213,"comment_status":"open","ping_status":"open","sticky":false,"template":"","format":"standard","meta":{"_yoast_wpseo_focuskw":"cidade aeroporto","_yoast_wpseo_title":"%%title%%","_yoast_wpseo_metadesc":"Em Berlim, um antigo aeroporto virou uma cidade viva e coletiva. Conhe\u00e7a o Tempelhofer Feld, onde pistas viraram hortas, arte e moradia.","jnews-multi-image_gallery":[],"jnews_single_post":{"format":"standard"},"jnews_primary_category":[],"jnews_social_meta":[],"jnews_override_counter":[],"footnotes":""},"categories":[108],"tags":[109],"class_list":["post-17212","post","type-post","status-publish","format-standard","has-post-thumbnail","hentry","category-cidades","tag-cidades"],"yoast_head":"<!-- This site is optimized with the Yoast SEO plugin v24.6 - https:\/\/yoast.com\/wordpress\/plugins\/seo\/ -->\n<title>Conhe\u00e7a a cidade constru\u00edda inteira dentro de um antigo aeroporto<\/title>\n<meta name=\"description\" content=\"Em Berlim, um antigo aeroporto virou uma cidade viva e coletiva. Conhe\u00e7a o Tempelhofer Feld, onde pistas viraram hortas, arte e moradia.\" \/>\n<meta name=\"robots\" content=\"index, follow, max-snippet:-1, max-image-preview:large, max-video-preview:-1\" \/>\n<link rel=\"canonical\" href=\"https:\/\/www.correiobraziliense.com.br\/cbradar\/conheca-a-cidade-construida-inteira-dentro-de-um-antigo-aeroporto\/\" \/>\n<meta property=\"og:locale\" content=\"pt_BR\" \/>\n<meta property=\"og:type\" content=\"article\" \/>\n<meta property=\"og:title\" content=\"Conhe\u00e7a a cidade constru\u00edda inteira dentro de um antigo aeroporto\" \/>\n<meta property=\"og:description\" content=\"Em Berlim, um antigo aeroporto virou uma cidade viva e coletiva. Conhe\u00e7a o Tempelhofer Feld, onde pistas viraram hortas, arte e moradia.\" \/>\n<meta property=\"og:url\" content=\"https:\/\/www.correiobraziliense.com.br\/cbradar\/conheca-a-cidade-construida-inteira-dentro-de-um-antigo-aeroporto\/\" \/>\n<meta property=\"og:site_name\" content=\"Correio Braziliense - Radar\" \/>\n<meta property=\"article:published_time\" content=\"2025-03-31T18:50:00+00:00\" \/>\n<meta property=\"og:image\" content=\"https:\/\/www.correiobraziliense.com.br\/cbradar\/wp-content\/uploads\/2025\/03\/Tempelhofer-Feld_1743277641861.jpg\" \/>\n\t<meta property=\"og:image:width\" content=\"1280\" \/>\n\t<meta property=\"og:image:height\" content=\"720\" \/>\n\t<meta property=\"og:image:type\" content=\"image\/jpeg\" \/>\n<meta name=\"author\" content=\"Larissa Carvalho\" \/>\n<meta name=\"twitter:card\" content=\"summary_large_image\" \/>\n<meta name=\"twitter:label1\" content=\"Escrito por\" \/>\n\t<meta name=\"twitter:data1\" content=\"Larissa Carvalho\" \/>\n\t<meta name=\"twitter:label2\" content=\"Est. tempo de leitura\" \/>\n\t<meta name=\"twitter:data2\" content=\"3 minutos\" \/>\n<!-- \/ Yoast SEO plugin. -->","yoast_head_json":{"title":"Conhe\u00e7a a cidade constru\u00edda inteira dentro de um antigo aeroporto","description":"Em Berlim, um antigo aeroporto virou uma cidade viva e coletiva. Conhe\u00e7a o Tempelhofer Feld, onde pistas viraram hortas, arte e moradia.","robots":{"index":"index","follow":"follow","max-snippet":"max-snippet:-1","max-image-preview":"max-image-preview:large","max-video-preview":"max-video-preview:-1"},"canonical":"https:\/\/www.correiobraziliense.com.br\/cbradar\/conheca-a-cidade-construida-inteira-dentro-de-um-antigo-aeroporto\/","og_locale":"pt_BR","og_type":"article","og_title":"Conhe\u00e7a a cidade constru\u00edda inteira dentro de um antigo aeroporto","og_description":"Em Berlim, um antigo aeroporto virou uma cidade viva e coletiva. Conhe\u00e7a o Tempelhofer Feld, onde pistas viraram hortas, arte e moradia.","og_url":"https:\/\/www.correiobraziliense.com.br\/cbradar\/conheca-a-cidade-construida-inteira-dentro-de-um-antigo-aeroporto\/","og_site_name":"Correio Braziliense - Radar","article_published_time":"2025-03-31T18:50:00+00:00","og_image":[{"width":1280,"height":720,"url":"https:\/\/www.correiobraziliense.com.br\/cbradar\/wp-content\/uploads\/2025\/03\/Tempelhofer-Feld_1743277641861.jpg","type":"image\/jpeg"}],"author":"Larissa Carvalho","twitter_card":"summary_large_image","twitter_misc":{"Escrito por":"Larissa Carvalho","Est. tempo de leitura":"3 minutos"},"schema":{"@context":"https:\/\/schema.org","@graph":[{"@type":"WebPage","@id":"https:\/\/www.correiobraziliense.com.br\/cbradar\/conheca-a-cidade-construida-inteira-dentro-de-um-antigo-aeroporto\/","url":"https:\/\/www.correiobraziliense.com.br\/cbradar\/conheca-a-cidade-construida-inteira-dentro-de-um-antigo-aeroporto\/","name":"Conhe\u00e7a a cidade constru\u00edda inteira dentro de um antigo aeroporto","isPartOf":{"@id":"https:\/\/www.correiobraziliense.com.br\/cbradar\/#website"},"primaryImageOfPage":{"@id":"https:\/\/www.correiobraziliense.com.br\/cbradar\/conheca-a-cidade-construida-inteira-dentro-de-um-antigo-aeroporto\/#primaryimage"},"image":{"@id":"https:\/\/www.correiobraziliense.com.br\/cbradar\/conheca-a-cidade-construida-inteira-dentro-de-um-antigo-aeroporto\/#primaryimage"},"thumbnailUrl":"https:\/\/www.correiobraziliense.com.br\/cbradar\/wp-content\/uploads\/2025\/03\/Tempelhofer-Feld_1743277641861.jpg","datePublished":"2025-03-31T18:50:00+00:00","author":{"@id":"https:\/\/www.correiobraziliense.com.br\/cbradar\/#\/schema\/person\/58422787644df994b53a19d3e56c1513"},"description":"Em Berlim, um antigo aeroporto virou uma cidade viva e coletiva. Conhe\u00e7a o Tempelhofer Feld, onde pistas viraram hortas, arte e moradia.","breadcrumb":{"@id":"https:\/\/www.correiobraziliense.com.br\/cbradar\/conheca-a-cidade-construida-inteira-dentro-de-um-antigo-aeroporto\/#breadcrumb"},"inLanguage":"pt-BR","potentialAction":[{"@type":"ReadAction","target":["https:\/\/www.correiobraziliense.com.br\/cbradar\/conheca-a-cidade-construida-inteira-dentro-de-um-antigo-aeroporto\/"]}]},{"@type":"ImageObject","inLanguage":"pt-BR","@id":"https:\/\/www.correiobraziliense.com.br\/cbradar\/conheca-a-cidade-construida-inteira-dentro-de-um-antigo-aeroporto\/#primaryimage","url":"https:\/\/www.correiobraziliense.com.br\/cbradar\/wp-content\/uploads\/2025\/03\/Tempelhofer-Feld_1743277641861.jpg","contentUrl":"https:\/\/www.correiobraziliense.com.br\/cbradar\/wp-content\/uploads\/2025\/03\/Tempelhofer-Feld_1743277641861.jpg","width":1280,"height":720,"caption":"Tempelhofer Feld. Cr\u00e9ditos: depositphotos.com \/ bildradar"},{"@type":"BreadcrumbList","@id":"https:\/\/www.correiobraziliense.com.br\/cbradar\/conheca-a-cidade-construida-inteira-dentro-de-um-antigo-aeroporto\/#breadcrumb","itemListElement":[{"@type":"ListItem","position":1,"name":"In\u00edcio","item":"https:\/\/www.correiobraziliense.com.br\/cbradar\/"},{"@type":"ListItem","position":2,"name":"Conhe\u00e7a a cidade constru\u00edda inteira dentro de um antigo aeroporto"}]},{"@type":"WebSite","@id":"https:\/\/www.correiobraziliense.com.br\/cbradar\/#website","url":"https:\/\/www.correiobraziliense.com.br\/cbradar\/","name":"Correio Braziliense - Radar","description":"Acompanhe as \u00faltimas not\u00edcias e fique bem informado sobre tudo o que acontece no Brasil e no mundo.","potentialAction":[{"@type":"SearchAction","target":{"@type":"EntryPoint","urlTemplate":"https:\/\/www.correiobraziliense.com.br\/cbradar\/?s={search_term_string}"},"query-input":{"@type":"PropertyValueSpecification","valueRequired":true,"valueName":"search_term_string"}}],"inLanguage":"pt-BR"},{"@type":"Person","@id":"https:\/\/www.correiobraziliense.com.br\/cbradar\/#\/schema\/person\/58422787644df994b53a19d3e56c1513","name":"Larissa Carvalho","image":{"@type":"ImageObject","inLanguage":"pt-BR","@id":"https:\/\/www.correiobraziliense.com.br\/cbradar\/#\/schema\/person\/image\/","url":"https:\/\/secure.gravatar.com\/avatar\/fe4f91a0de32b52a838d0d612abdc1aa?s=96&d=mm&r=g","contentUrl":"https:\/\/secure.gravatar.com\/avatar\/fe4f91a0de32b52a838d0d612abdc1aa?s=96&d=mm&r=g","caption":"Larissa Carvalho"},"url":"https:\/\/www.correiobraziliense.com.br\/cbradar\/author\/larissamyth\/"}]}},"_links":{"self":[{"href":"https:\/\/www.correiobraziliense.com.br\/cbradar\/wp-json\/wp\/v2\/posts\/17212","targetHints":{"allow":["GET"]}}],"collection":[{"href":"https:\/\/www.correiobraziliense.com.br\/cbradar\/wp-json\/wp\/v2\/posts"}],"about":[{"href":"https:\/\/www.correiobraziliense.com.br\/cbradar\/wp-json\/wp\/v2\/types\/post"}],"author":[{"embeddable":true,"href":"https:\/\/www.correiobraziliense.com.br\/cbradar\/wp-json\/wp\/v2\/users\/3"}],"replies":[{"embeddable":true,"href":"https:\/\/www.correiobraziliense.com.br\/cbradar\/wp-json\/wp\/v2\/comments?post=17212"}],"version-history":[{"count":1,"href":"https:\/\/www.correiobraziliense.com.br\/cbradar\/wp-json\/wp\/v2\/posts\/17212\/revisions"}],"predecessor-version":[{"id":17215,"href":"https:\/\/www.correiobraziliense.com.br\/cbradar\/wp-json\/wp\/v2\/posts\/17212\/revisions\/17215"}],"wp:featuredmedia":[{"embeddable":true,"href":"https:\/\/www.correiobraziliense.com.br\/cbradar\/wp-json\/wp\/v2\/media\/17213"}],"wp:attachment":[{"href":"https:\/\/www.correiobraziliense.com.br\/cbradar\/wp-json\/wp\/v2\/media?parent=17212"}],"wp:term":[{"taxonomy":"category","embeddable":true,"href":"https:\/\/www.correiobraziliense.com.br\/cbradar\/wp-json\/wp\/v2\/categories?post=17212"},{"taxonomy":"post_tag","embeddable":true,"href":"https:\/\/www.correiobraziliense.com.br\/cbradar\/wp-json\/wp\/v2\/tags?post=17212"}],"curies":[{"name":"wp","href":"https:\/\/api.w.org\/{rel}","templated":true}]}}