{"id":172128,"date":"2026-01-14T07:25:00","date_gmt":"2026-01-14T10:25:00","guid":{"rendered":"https:\/\/www.correiobraziliense.com.br\/cbradar\/?p=172128"},"modified":"2026-01-12T16:44:40","modified_gmt":"2026-01-12T19:44:40","slug":"por-que-voce-nao-deve-lavar-o-rosto-com-agua-quente","status":"publish","type":"post","link":"https:\/\/www.correiobraziliense.com.br\/cbradar\/por-que-voce-nao-deve-lavar-o-rosto-com-agua-quente\/","title":{"rendered":"Por que voc\u00ea n\u00e3o deve lavar o rosto com \u00e1gua quente?"},"content":{"rendered":"\n<p>A sensa\u00e7\u00e3o de um banho quente \u00e9 relaxante, mas para a pele delicada do rosto, ela pode ser uma agress\u00e3o qu\u00edmica e f\u00edsica silenciosa. Dermatologistas s\u00e3o un\u00e2nimes em afirmar que a temperatura elevada da \u00e1gua \u00e9 um dos erros mais prejudiciais na rotina de cuidados di\u00e1rios. Ao lavar o rosto no chuveiro quente, voc\u00ea n\u00e3o est\u00e1 limpando melhor os poros; est\u00e1 dissolvendo a barreira de prote\u00e7\u00e3o natural, o que pode levar tanto ao ressecamento severo quanto ao aumento paradoxal da oleosidade.<\/p>\n\n\n\n<h2 class=\"wp-block-heading\">A destrui\u00e7\u00e3o da barreira lip\u00eddica natural<\/h2>\n\n\n\n<p>A pele humana possui um &#8220;manto hidrolip\u00eddico&#8221;, uma camada fina composta por \u00e1gua e gorduras (lip\u00eddios) que serve como escudo contra bact\u00e9rias e evita a evapora\u00e7\u00e3o da hidrata\u00e7\u00e3o interna. A \u00e1gua quente atua como um solvente agressivo sobre essa camada.<\/p>\n\n\n\n<p>Segundo a <strong><a href=\"https:\/\/www.aad.org\/public\/everyday-care\/skin-care-basics\/care\/face-washing-101\" target=\"_blank\" rel=\"noreferrer noopener\">American Academy of Dermatology (AAD)<\/a><\/strong>, temperaturas elevadas derretem e removem os \u00f3leos naturais de forma excessiva. Sem essa prote\u00e7\u00e3o, a pele fica exposta, \u00e1spera e suscet\u00edvel a irrita\u00e7\u00f5es e coceiras, perdendo o vi\u00e7o natural e envelhecendo precocemente.<\/p>\n\n\n\n<figure class=\"wp-block-image aligncenter size-large\"><img decoding=\"async\" width=\"1024\" height=\"576\" src=\"https:\/\/www.correiobraziliense.com.br\/cbradar\/wp-content\/uploads\/2026\/01\/imagem_2026-01-10_140721876-1024x576.png\" alt=\"Efeitos da \u00e1gua quente na pele do rosto, como ressecamento e irrita\u00e7\u00e3o cut\u00e2nea\n\" class=\"wp-image-172139\" srcset=\"https:\/\/www.correiobraziliense.com.br\/cbradar\/wp-content\/uploads\/2026\/01\/imagem_2026-01-10_140721876-1024x576.png 1024w, https:\/\/www.correiobraziliense.com.br\/cbradar\/wp-content\/uploads\/2026\/01\/imagem_2026-01-10_140721876-300x169.png 300w, https:\/\/www.correiobraziliense.com.br\/cbradar\/wp-content\/uploads\/2026\/01\/imagem_2026-01-10_140721876-768x432.png 768w, https:\/\/www.correiobraziliense.com.br\/cbradar\/wp-content\/uploads\/2026\/01\/imagem_2026-01-10_140721876-750x422.png 750w, https:\/\/www.correiobraziliense.com.br\/cbradar\/wp-content\/uploads\/2026\/01\/imagem_2026-01-10_140721876-1140x641.png 1140w, https:\/\/www.correiobraziliense.com.br\/cbradar\/wp-content\/uploads\/2026\/01\/imagem_2026-01-10_140721876.png 1280w\" sizes=\"(max-width: 1024px) 100vw, 1024px\" \/><figcaption class=\"wp-element-caption\">Efeitos da \u00e1gua quente na pele do rosto, como ressecamento e irrita\u00e7\u00e3o cut\u00e2nea\n<\/figcaption><\/figure>\n\n\n\n<h2 class=\"wp-block-heading\">Entenda o pol\u00eamico efeito rebote<\/h2>\n\n\n\n<p>Para quem tem pele oleosa, a \u00e1gua quente parece atraente inicialmente porque remove todo o sebo instantaneamente, deixando uma sensa\u00e7\u00e3o de &#8220;pele sequinha&#8221;. Por\u00e9m, isso \u00e9 uma armadilha biol\u00f3gica conhecida como efeito rebote.<\/p>\n\n\n\n<p>Ao retirar absolutamente todo o \u00f3leo, as gl\u00e2ndulas seb\u00e1ceas interpretam que a pele est\u00e1 desprotegida e em perigo. Como mecanismo de defesa, elas entram em superprodu\u00e7\u00e3o, fabricando muito mais \u00f3leo do que antes para compensar a perda s\u00fabita. O resultado \u00e9 uma pele que fica brilhante e gordurosa poucas horas ap\u00f3s a lavagem.<\/p>\n\n\n\n<h2 class=\"wp-block-heading\">\u00c1gua morna ou fria: qual a melhor escolha?<\/h2>\n\n\n\n<p>O equil\u00edbrio t\u00e9rmico \u00e9 fundamental para a sa\u00fade dos tecidos. A \u00e1gua morna \u00e9 considerada ideal para a fase de limpeza, pois ajuda a dissolver a sujeira e o excesso de oleosidade sem agredir a barreira lip\u00eddica.<\/p>\n\n\n\n<p>J\u00e1 a \u00e1gua fria \u00e9 excelente para a finaliza\u00e7\u00e3o do enx\u00e1gue. A temperatura baixa promove a vasoconstri\u00e7\u00e3o (contra\u00e7\u00e3o dos vasos sangu\u00edneos), o que ajuda a reduzir o incha\u00e7o matinal e a fechar temporariamente os poros, melhorando a textura visual da pele.<\/p>\n\n\n\n<p>No v\u00eddeo a seguir, a<strong><em> Dra. Luanna Portela<\/em><\/strong>, com mais de 28 mil seguidores, fala um pouco mais sobre lavar o rosto com \u00e1gua quente:<\/p>\n\n\n\n<blockquote class=\"tiktok-embed\" cite=\"https:\/\/www.tiktok.com\/@draluannacairesportela\/video\/7117321432614391045\" data-video-id=\"7117321432614391045\" style=\"max-width: 605px;min-width: 325px;\" > <section> <a target=\"_blank\" title=\"@draluannacairesportela\" href=\"https:\/\/www.tiktok.com\/@draluannacairesportela?refer=embed\">@draluannacairesportela<\/a> Posso lavar o rosto com \u00e1gua quente no banho? Ser\u00e1 que faz mal para a pele? <a title=\"skincare\" target=\"_blank\" href=\"https:\/\/www.tiktok.com\/tag\/skincare?refer=embed\">#skincare<\/a> <a title=\"dermatologia\" target=\"_blank\" href=\"https:\/\/www.tiktok.com\/tag\/dermatologia?refer=embed\">#dermatologia<\/a> <a title=\"draluannaportelaskincare\" target=\"_blank\" href=\"https:\/\/www.tiktok.com\/tag\/draluannaportelaskincare?refer=embed\">#draluannaportelaskincare<\/a> <a title=\"dicasdebeleza\" target=\"_blank\" href=\"https:\/\/www.tiktok.com\/tag\/dicasdebeleza?refer=embed\">#dicasdebeleza<\/a> <a title=\"cuidadoscomapele\" target=\"_blank\" href=\"https:\/\/www.tiktok.com\/tag\/cuidadoscomapele?refer=embed\">#cuidadoscomapele<\/a> <a title=\"saudeebemestar\" target=\"_blank\" href=\"https:\/\/www.tiktok.com\/tag\/saudeebemestar?refer=embed\">#saudeebemestar<\/a> <a target=\"_blank\" title=\"\u266c som original - Dra. Luanna Portela\" href=\"https:\/\/www.tiktok.com\/music\/som-original-7117321428583992069?refer=embed\">\u266c som original &#8211; Dra. Luanna Portela<\/a> <\/section> <\/blockquote> <script async src=\"https:\/\/www.tiktok.com\/embed.js\"><\/script>\n\n\n\n<h2 class=\"wp-block-heading\">Calor excessivo e a piora de inflama\u00e7\u00f5es<\/h2>\n\n\n\n<p>Se voc\u00ea sofre com condi\u00e7\u00f5es como ros\u00e1cea, dermatite ou acne, o calor \u00e9 um inimigo direto. A \u00e1gua quente dilata os vasos sangu\u00edneos, aumentando a vermelhid\u00e3o e a resposta inflamat\u00f3ria local.<\/p>\n\n\n\n<p>Para acalmar uma pele que j\u00e1 foi agredida pelo calor ou que apresenta vermelhid\u00e3o constante, o uso t\u00f3pico de compressas frias feitas com o <strong><a href=\"https:\/\/www.correiobraziliense.com.br\/cbradar\/a-planta-comum-que-ajuda-a-relaxar-dormir-melhor-e-aliviar-o-estomago\/\" target=\"_blank\" rel=\"noreferrer noopener\">Ch\u00e1 de Camomila<\/a><\/strong> pode ser uma estrat\u00e9gia eficaz para reduzir a irrita\u00e7\u00e3o e recuperar a calma da epiderme.<\/p>\n\n\n\n<h2 class=\"wp-block-heading\">A regra do pulso para medir a temperatura<\/h2>\n\n\n\n<p>Como saber se a \u00e1gua est\u00e1 quente demais sem precisar de um term\u00f4metro? Fa\u00e7a o teste do pulso. A pele da parte interna do pulso \u00e9 mais fina e sens\u00edvel, similar \u00e0 do rosto.<\/p>\n\n\n\n<p>Coloque o pulso sob a \u00e1gua; se sentir que est\u00e1 quente, est\u00e1 quente demais para o seu rosto. O ideal \u00e9 que a temperatura seja indiferente (morna) ou levemente fresca ao toque. Lembre-se que muitas vezes problemas persistentes de pele, como a acne adulta, podem n\u00e3o ser apenas culpa da \u00e1gua, mas um dos <strong><a href=\"https:\/\/www.correiobraziliense.com.br\/cbradar\/sintomas-de-que-seu-intestino-esta-inflamado-mesmo-sem-dor-abdominal\/\" target=\"_blank\" rel=\"noreferrer noopener\">sinais de que seu intestino est\u00e1 inflamado<\/a><\/strong>, exigindo um cuidado que vai al\u00e9m da limpeza externa.<\/p>\n","protected":false},"excerpt":{"rendered":"<p>A sensa\u00e7\u00e3o de um banho quente \u00e9 relaxante, mas para a pele delicada do rosto, ela pode ser uma agress\u00e3o qu\u00edmica e f\u00edsica silenciosa. Dermatologistas s\u00e3o un\u00e2nimes em afirmar que a temperatura elevada da \u00e1gua \u00e9 um dos erros mais prejudiciais na rotina de cuidados di\u00e1rios. Ao lavar o rosto no chuveiro quente, voc\u00ea n\u00e3o [&hellip;]<\/p>\n","protected":false},"author":11,"featured_media":173974,"comment_status":"open","ping_status":"open","sticky":false,"template":"","format":"standard","meta":{"_yoast_wpseo_focuskw":"Lavar o rosto","_yoast_wpseo_title":"","_yoast_wpseo_metadesc":"Lavar o rosto com \u00e1gua quente pode prejudicar a pele ao remover prote\u00e7\u00e3o natural aumentar ressecamento sensibilidade e oleosidade reativa","jnews-multi-image_gallery":[],"jnews_single_post":{"format":"standard"},"jnews_primary_category":[],"jnews_social_meta":[],"jnews_override_counter":[],"footnotes":""},"categories":[119],"tags":[13660,8645],"class_list":["post-172128","post","type-post","status-publish","format-standard","has-post-thumbnail","hentry","category-bem-estar","tag-agua-quente-2","tag-lavar-o-rosto"],"yoast_head":"<!-- This site is optimized with the Yoast SEO plugin v24.6 - https:\/\/yoast.com\/wordpress\/plugins\/seo\/ -->\n<title>Por que voc\u00ea n\u00e3o deve lavar o rosto com \u00e1gua quente? - Correio Braziliense - Radar<\/title>\n<meta name=\"description\" content=\"Lavar o rosto com \u00e1gua quente pode prejudicar a pele ao remover prote\u00e7\u00e3o natural aumentar ressecamento sensibilidade e oleosidade reativa\" \/>\n<meta name=\"robots\" content=\"index, follow, max-snippet:-1, max-image-preview:large, max-video-preview:-1\" \/>\n<link rel=\"canonical\" href=\"https:\/\/www.correiobraziliense.com.br\/cbradar\/por-que-voce-nao-deve-lavar-o-rosto-com-agua-quente\/\" \/>\n<meta property=\"og:locale\" content=\"pt_BR\" \/>\n<meta property=\"og:type\" content=\"article\" \/>\n<meta property=\"og:title\" content=\"Por que voc\u00ea n\u00e3o deve lavar o rosto com \u00e1gua quente? - Correio Braziliense - Radar\" \/>\n<meta property=\"og:description\" content=\"Lavar o rosto com \u00e1gua quente pode prejudicar a pele ao remover prote\u00e7\u00e3o natural aumentar ressecamento sensibilidade e oleosidade reativa\" \/>\n<meta property=\"og:url\" content=\"https:\/\/www.correiobraziliense.com.br\/cbradar\/por-que-voce-nao-deve-lavar-o-rosto-com-agua-quente\/\" \/>\n<meta property=\"og:site_name\" content=\"Correio Braziliense - Radar\" \/>\n<meta property=\"article:published_time\" content=\"2026-01-14T10:25:00+00:00\" \/>\n<meta property=\"og:image\" content=\"https:\/\/www.correiobraziliense.com.br\/cbradar\/wp-content\/uploads\/2026\/01\/freepik__imagem-realista-de-uma-pessoa-lavando-o-rosto-com-__78019.png\" \/>\n\t<meta property=\"og:image:width\" content=\"1280\" \/>\n\t<meta property=\"og:image:height\" content=\"720\" \/>\n\t<meta property=\"og:image:type\" content=\"image\/png\" \/>\n<meta name=\"author\" content=\"Paulo Custodio\" \/>\n<meta name=\"twitter:card\" content=\"summary_large_image\" \/>\n<meta name=\"twitter:label1\" content=\"Escrito por\" \/>\n\t<meta name=\"twitter:data1\" content=\"Paulo Custodio\" \/>\n\t<meta name=\"twitter:label2\" content=\"Est. tempo de leitura\" \/>\n\t<meta name=\"twitter:data2\" content=\"4 minutos\" \/>\n<!-- \/ Yoast SEO plugin. -->","yoast_head_json":{"title":"Por que voc\u00ea n\u00e3o deve lavar o rosto com \u00e1gua quente? - Correio Braziliense - Radar","description":"Lavar o rosto com \u00e1gua quente pode prejudicar a pele ao remover prote\u00e7\u00e3o natural aumentar ressecamento sensibilidade e oleosidade reativa","robots":{"index":"index","follow":"follow","max-snippet":"max-snippet:-1","max-image-preview":"max-image-preview:large","max-video-preview":"max-video-preview:-1"},"canonical":"https:\/\/www.correiobraziliense.com.br\/cbradar\/por-que-voce-nao-deve-lavar-o-rosto-com-agua-quente\/","og_locale":"pt_BR","og_type":"article","og_title":"Por que voc\u00ea n\u00e3o deve lavar o rosto com \u00e1gua quente? - Correio Braziliense - Radar","og_description":"Lavar o rosto com \u00e1gua quente pode prejudicar a pele ao remover prote\u00e7\u00e3o natural aumentar ressecamento sensibilidade e oleosidade reativa","og_url":"https:\/\/www.correiobraziliense.com.br\/cbradar\/por-que-voce-nao-deve-lavar-o-rosto-com-agua-quente\/","og_site_name":"Correio Braziliense - Radar","article_published_time":"2026-01-14T10:25:00+00:00","og_image":[{"width":1280,"height":720,"url":"https:\/\/www.correiobraziliense.com.br\/cbradar\/wp-content\/uploads\/2026\/01\/freepik__imagem-realista-de-uma-pessoa-lavando-o-rosto-com-__78019.png","type":"image\/png"}],"author":"Paulo Custodio","twitter_card":"summary_large_image","twitter_misc":{"Escrito por":"Paulo Custodio","Est. tempo de leitura":"4 minutos"},"schema":{"@context":"https:\/\/schema.org","@graph":[{"@type":"WebPage","@id":"https:\/\/www.correiobraziliense.com.br\/cbradar\/por-que-voce-nao-deve-lavar-o-rosto-com-agua-quente\/","url":"https:\/\/www.correiobraziliense.com.br\/cbradar\/por-que-voce-nao-deve-lavar-o-rosto-com-agua-quente\/","name":"Por que voc\u00ea n\u00e3o deve lavar o rosto com \u00e1gua quente? - Correio Braziliense - Radar","isPartOf":{"@id":"https:\/\/www.correiobraziliense.com.br\/cbradar\/#website"},"primaryImageOfPage":{"@id":"https:\/\/www.correiobraziliense.com.br\/cbradar\/por-que-voce-nao-deve-lavar-o-rosto-com-agua-quente\/#primaryimage"},"image":{"@id":"https:\/\/www.correiobraziliense.com.br\/cbradar\/por-que-voce-nao-deve-lavar-o-rosto-com-agua-quente\/#primaryimage"},"thumbnailUrl":"https:\/\/www.correiobraziliense.com.br\/cbradar\/wp-content\/uploads\/2026\/01\/freepik__imagem-realista-de-uma-pessoa-lavando-o-rosto-com-__78019.png","datePublished":"2026-01-14T10:25:00+00:00","author":{"@id":"https:\/\/www.correiobraziliense.com.br\/cbradar\/#\/schema\/person\/4cec7857301a9a1a2ef249893cd908d3"},"description":"Lavar o rosto com \u00e1gua quente pode prejudicar a pele ao remover prote\u00e7\u00e3o natural aumentar ressecamento sensibilidade e oleosidade reativa","breadcrumb":{"@id":"https:\/\/www.correiobraziliense.com.br\/cbradar\/por-que-voce-nao-deve-lavar-o-rosto-com-agua-quente\/#breadcrumb"},"inLanguage":"pt-BR","potentialAction":[{"@type":"ReadAction","target":["https:\/\/www.correiobraziliense.com.br\/cbradar\/por-que-voce-nao-deve-lavar-o-rosto-com-agua-quente\/"]}]},{"@type":"ImageObject","inLanguage":"pt-BR","@id":"https:\/\/www.correiobraziliense.com.br\/cbradar\/por-que-voce-nao-deve-lavar-o-rosto-com-agua-quente\/#primaryimage","url":"https:\/\/www.correiobraziliense.com.br\/cbradar\/wp-content\/uploads\/2026\/01\/freepik__imagem-realista-de-uma-pessoa-lavando-o-rosto-com-__78019.png","contentUrl":"https:\/\/www.correiobraziliense.com.br\/cbradar\/wp-content\/uploads\/2026\/01\/freepik__imagem-realista-de-uma-pessoa-lavando-o-rosto-com-__78019.png","width":1280,"height":720,"caption":"\u00c1gua quente remove a barreira protetora natural da pele do rosto"},{"@type":"BreadcrumbList","@id":"https:\/\/www.correiobraziliense.com.br\/cbradar\/por-que-voce-nao-deve-lavar-o-rosto-com-agua-quente\/#breadcrumb","itemListElement":[{"@type":"ListItem","position":1,"name":"In\u00edcio","item":"https:\/\/www.correiobraziliense.com.br\/cbradar\/"},{"@type":"ListItem","position":2,"name":"Por que voc\u00ea n\u00e3o deve lavar o rosto com \u00e1gua quente?"}]},{"@type":"WebSite","@id":"https:\/\/www.correiobraziliense.com.br\/cbradar\/#website","url":"https:\/\/www.correiobraziliense.com.br\/cbradar\/","name":"Correio Braziliense - Radar","description":"Acompanhe as \u00faltimas not\u00edcias e fique bem informado sobre tudo o que acontece no Brasil e no mundo.","potentialAction":[{"@type":"SearchAction","target":{"@type":"EntryPoint","urlTemplate":"https:\/\/www.correiobraziliense.com.br\/cbradar\/?s={search_term_string}"},"query-input":{"@type":"PropertyValueSpecification","valueRequired":true,"valueName":"search_term_string"}}],"inLanguage":"pt-BR"},{"@type":"Person","@id":"https:\/\/www.correiobraziliense.com.br\/cbradar\/#\/schema\/person\/4cec7857301a9a1a2ef249893cd908d3","name":"Paulo Custodio","image":{"@type":"ImageObject","inLanguage":"pt-BR","@id":"https:\/\/www.correiobraziliense.com.br\/cbradar\/#\/schema\/person\/image\/","url":"https:\/\/secure.gravatar.com\/avatar\/bcd67168d1534e8fcf4f45c726a87cea?s=96&d=mm&r=g","contentUrl":"https:\/\/secure.gravatar.com\/avatar\/bcd67168d1534e8fcf4f45c726a87cea?s=96&d=mm&r=g","caption":"Paulo Custodio"},"sameAs":["https:\/\/www.correiobraziliense.com.br\/cbradar"],"url":"https:\/\/www.correiobraziliense.com.br\/cbradar\/author\/paulomyth\/"}]}},"_links":{"self":[{"href":"https:\/\/www.correiobraziliense.com.br\/cbradar\/wp-json\/wp\/v2\/posts\/172128","targetHints":{"allow":["GET"]}}],"collection":[{"href":"https:\/\/www.correiobraziliense.com.br\/cbradar\/wp-json\/wp\/v2\/posts"}],"about":[{"href":"https:\/\/www.correiobraziliense.com.br\/cbradar\/wp-json\/wp\/v2\/types\/post"}],"author":[{"embeddable":true,"href":"https:\/\/www.correiobraziliense.com.br\/cbradar\/wp-json\/wp\/v2\/users\/11"}],"replies":[{"embeddable":true,"href":"https:\/\/www.correiobraziliense.com.br\/cbradar\/wp-json\/wp\/v2\/comments?post=172128"}],"version-history":[{"count":1,"href":"https:\/\/www.correiobraziliense.com.br\/cbradar\/wp-json\/wp\/v2\/posts\/172128\/revisions"}],"predecessor-version":[{"id":172140,"href":"https:\/\/www.correiobraziliense.com.br\/cbradar\/wp-json\/wp\/v2\/posts\/172128\/revisions\/172140"}],"wp:featuredmedia":[{"embeddable":true,"href":"https:\/\/www.correiobraziliense.com.br\/cbradar\/wp-json\/wp\/v2\/media\/173974"}],"wp:attachment":[{"href":"https:\/\/www.correiobraziliense.com.br\/cbradar\/wp-json\/wp\/v2\/media?parent=172128"}],"wp:term":[{"taxonomy":"category","embeddable":true,"href":"https:\/\/www.correiobraziliense.com.br\/cbradar\/wp-json\/wp\/v2\/categories?post=172128"},{"taxonomy":"post_tag","embeddable":true,"href":"https:\/\/www.correiobraziliense.com.br\/cbradar\/wp-json\/wp\/v2\/tags?post=172128"}],"curies":[{"name":"wp","href":"https:\/\/api.w.org\/{rel}","templated":true}]}}