{"id":17216,"date":"2025-03-31T17:50:00","date_gmt":"2025-03-31T20:50:00","guid":{"rendered":"https:\/\/www.correiobraziliense.com.br\/cbradar\/?p=17216"},"modified":"2025-03-30T14:33:22","modified_gmt":"2025-03-30T17:33:22","slug":"conheca-a-cidade-onde-nao-existem-buzinas-por-lei","status":"publish","type":"post","link":"https:\/\/www.correiobraziliense.com.br\/cbradar\/conheca-a-cidade-onde-nao-existem-buzinas-por-lei\/","title":{"rendered":"Conhe\u00e7a a cidade onde n\u00e3o existem buzinas por lei"},"content":{"rendered":"\n<p>Na silenciosa e organizada <strong>Oslo<\/strong>, capital da <strong>Noruega<\/strong>, o som das buzinas \u00e9 praticamente inexistente \u2014 e n\u00e3o por acaso. A cidade implementou uma das <strong>mais rigorosas pol\u00edticas de controle de ru\u00eddo urbano do mundo<\/strong>, e <strong>buzinar sem motivo real \u00e9 proibido por lei<\/strong>. Essa medida faz parte de uma <strong>iniciativa ampla de \u201cru\u00eddo zero\u201d<\/strong>, voltada para melhorar a qualidade de vida, o bem-estar mental e a conviv\u00eancia nas ruas.<\/p>\n\n\n\n<p>O resultado? Uma cidade mais calma, civilizada e onde o sil\u00eancio \u00e9 parte do planejamento urbano.<\/p>\n\n\n\n<h2 class=\"wp-block-heading\"><strong>Como funciona a proibi\u00e7\u00e3o de buzinas em Oslo?<\/strong><\/h2>\n\n\n\n<p>Na Noruega, a legisla\u00e7\u00e3o de tr\u00e2nsito permite o uso de buzina <strong>apenas em casos de emerg\u00eancia real<\/strong>, como:<\/p>\n\n\n\n<ul class=\"wp-block-list\">\n<li>Prevenir um acidente iminente<\/li>\n\n\n\n<li>Avisar pedestres ou ciclistas em situa\u00e7\u00f5es perigosas<\/li>\n<\/ul>\n\n\n\n<p>Em Oslo, essa regra \u00e9 levada a s\u00e9rio e \u00e9 parte de uma pol\u00edtica que tamb\u00e9m inclui:<\/p>\n\n\n\n<ul class=\"wp-block-list\">\n<li><strong>Multas para motoristas que buzinem sem necessidade<\/strong><\/li>\n\n\n\n<li><strong>Campanhas educativas sobre polui\u00e7\u00e3o sonora<\/strong><\/li>\n\n\n\n<li><strong>Monitoramento de ru\u00eddo urbano com sensores espalhados pela cidade<\/strong><\/li>\n\n\n\n<li><strong>Ado\u00e7\u00e3o de ve\u00edculos el\u00e9tricos e silenciosos em massa<\/strong><\/li>\n<\/ul>\n\n\n\n<p>A ideia \u00e9 transformar a cidade em um espa\u00e7o <strong>auditivamente saud\u00e1vel<\/strong>, combatendo os danos causados pela exposi\u00e7\u00e3o prolongada ao barulho urbano.<\/p>\n\n\n\n<figure class=\"wp-block-image size-large\"><img decoding=\"async\" width=\"1024\" height=\"576\" src=\"https:\/\/www.correiobraziliense.com.br\/cbradar\/wp-content\/uploads\/2025\/03\/Oslo_1743277827261-1024x576.jpg\" alt=\"Conhe\u00e7a a cidade onde n\u00e3o existem buzinas por lei\" class=\"wp-image-17218\" srcset=\"https:\/\/www.correiobraziliense.com.br\/cbradar\/wp-content\/uploads\/2025\/03\/Oslo_1743277827261-1024x576.jpg 1024w, https:\/\/www.correiobraziliense.com.br\/cbradar\/wp-content\/uploads\/2025\/03\/Oslo_1743277827261-300x169.jpg 300w, https:\/\/www.correiobraziliense.com.br\/cbradar\/wp-content\/uploads\/2025\/03\/Oslo_1743277827261-768x432.jpg 768w, https:\/\/www.correiobraziliense.com.br\/cbradar\/wp-content\/uploads\/2025\/03\/Oslo_1743277827261-750x422.jpg 750w, https:\/\/www.correiobraziliense.com.br\/cbradar\/wp-content\/uploads\/2025\/03\/Oslo_1743277827261-1140x641.jpg 1140w, https:\/\/www.correiobraziliense.com.br\/cbradar\/wp-content\/uploads\/2025\/03\/Oslo_1743277827261.jpg 1280w\" sizes=\"(max-width: 1024px) 100vw, 1024px\" \/><figcaption class=\"wp-element-caption\">Oslo. Cr\u00e9ditos: depositphotos.com \/ chensey7<\/figcaption><\/figure>\n\n\n\n<h2 class=\"wp-block-heading\"><strong>Por que Oslo adotou a pol\u00edtica de \u201cru\u00eddo zero\u201d?<\/strong><\/h2>\n\n\n\n<p>A decis\u00e3o tem base em estudos de sa\u00fade p\u00fablica que mostram que <strong>ru\u00eddos constantes aumentam o estresse, afetam o sono e a produtividade<\/strong>. Al\u00e9m disso:<\/p>\n\n\n\n<ul class=\"wp-block-list\">\n<li>Oslo quer se tornar uma refer\u00eancia em qualidade de vida urbana.<\/li>\n\n\n\n<li>O projeto faz parte do plano de mobilidade sustent\u00e1vel e cidades mais humanas.<\/li>\n\n\n\n<li>A aus\u00eancia de buzinas melhora a conviv\u00eancia entre pedestres, ciclistas e motoristas.<\/li>\n<\/ul>\n\n\n\n<h2 class=\"wp-block-heading\"><strong>Curiosidades sobre Oslo e seu sil\u00eancio urbano<\/strong><\/h2>\n\n\n\n<ul class=\"wp-block-list\">\n<li><strong>Oslo pretende ser uma cidade neutra em carbono at\u00e9 2030<\/strong>, e o controle de ru\u00eddo \u00e9 parte desse plano.<\/li>\n\n\n\n<li><strong>Ve\u00edculos de transporte p\u00fablico s\u00e3o, em sua maioria, el\u00e9tricos e silenciosos.<\/strong><\/li>\n\n\n\n<li><strong>Escolas e hospitais est\u00e3o em zonas com controle ac\u00fastico especial.<\/strong><\/li>\n\n\n\n<li><strong>Mesmo as obras urbanas usam equipamentos de baixo ru\u00eddo sempre que poss\u00edvel.<\/strong><\/li>\n\n\n\n<li><strong>O sil\u00eancio \u00e9 valorizado como bem comum e s\u00edmbolo de respeito coletivo.<\/strong><\/li>\n<\/ul>\n\n\n\n<p>Oslo mostra que uma cidade moderna n\u00e3o precisa ser barulhenta \u2014 e que <strong>reduzir o ru\u00eddo \u00e9 t\u00e3o importante quanto reduzir a polui\u00e7\u00e3o do ar<\/strong>, criando espa\u00e7os urbanos mais humanos, calmos e conscientes.<\/p>\n","protected":false},"excerpt":{"rendered":"<p>Em Oslo, buzinar sem emerg\u00eancia \u00e9 proibido por lei. Conhe\u00e7a a cidade norueguesa onde o sil\u00eancio \u00e9 parte do planejamento urbano.<\/p>\n","protected":false},"author":3,"featured_media":17217,"comment_status":"open","ping_status":"open","sticky":false,"template":"","format":"standard","meta":{"_yoast_wpseo_focuskw":"cidade buzinas","_yoast_wpseo_title":"%%title%%","_yoast_wpseo_metadesc":"Em Oslo, buzinar sem emerg\u00eancia \u00e9 proibido por lei. Conhe\u00e7a a cidade norueguesa onde o sil\u00eancio \u00e9 parte do planejamento urbano.","jnews-multi-image_gallery":[],"jnews_single_post":{"format":"standard"},"jnews_primary_category":[],"jnews_social_meta":[],"jnews_override_counter":[],"footnotes":""},"categories":[108],"tags":[109],"class_list":["post-17216","post","type-post","status-publish","format-standard","has-post-thumbnail","hentry","category-cidades","tag-cidades"],"yoast_head":"<!-- This site is optimized with the Yoast SEO plugin v24.6 - https:\/\/yoast.com\/wordpress\/plugins\/seo\/ -->\n<title>Conhe\u00e7a a cidade onde n\u00e3o existem buzinas por lei<\/title>\n<meta name=\"description\" content=\"Em Oslo, buzinar sem emerg\u00eancia \u00e9 proibido por lei. Conhe\u00e7a a cidade norueguesa onde o sil\u00eancio \u00e9 parte do planejamento urbano.\" \/>\n<meta name=\"robots\" content=\"index, follow, max-snippet:-1, max-image-preview:large, max-video-preview:-1\" \/>\n<link rel=\"canonical\" href=\"https:\/\/www.correiobraziliense.com.br\/cbradar\/conheca-a-cidade-onde-nao-existem-buzinas-por-lei\/\" \/>\n<meta property=\"og:locale\" content=\"pt_BR\" \/>\n<meta property=\"og:type\" content=\"article\" \/>\n<meta property=\"og:title\" content=\"Conhe\u00e7a a cidade onde n\u00e3o existem buzinas por lei\" \/>\n<meta property=\"og:description\" content=\"Em Oslo, buzinar sem emerg\u00eancia \u00e9 proibido por lei. Conhe\u00e7a a cidade norueguesa onde o sil\u00eancio \u00e9 parte do planejamento urbano.\" \/>\n<meta property=\"og:url\" content=\"https:\/\/www.correiobraziliense.com.br\/cbradar\/conheca-a-cidade-onde-nao-existem-buzinas-por-lei\/\" \/>\n<meta property=\"og:site_name\" content=\"Correio Braziliense - Radar\" \/>\n<meta property=\"article:published_time\" content=\"2025-03-31T20:50:00+00:00\" \/>\n<meta property=\"og:image\" content=\"https:\/\/www.correiobraziliense.com.br\/cbradar\/wp-content\/uploads\/2025\/03\/Oslo_1743277792358.jpg\" \/>\n\t<meta property=\"og:image:width\" content=\"1280\" \/>\n\t<meta property=\"og:image:height\" content=\"720\" \/>\n\t<meta property=\"og:image:type\" content=\"image\/jpeg\" \/>\n<meta name=\"author\" content=\"Larissa Carvalho\" \/>\n<meta name=\"twitter:card\" content=\"summary_large_image\" \/>\n<meta name=\"twitter:label1\" content=\"Escrito por\" \/>\n\t<meta name=\"twitter:data1\" content=\"Larissa Carvalho\" \/>\n\t<meta name=\"twitter:label2\" content=\"Est. tempo de leitura\" \/>\n\t<meta name=\"twitter:data2\" content=\"3 minutos\" \/>\n<!-- \/ Yoast SEO plugin. -->","yoast_head_json":{"title":"Conhe\u00e7a a cidade onde n\u00e3o existem buzinas por lei","description":"Em Oslo, buzinar sem emerg\u00eancia \u00e9 proibido por lei. Conhe\u00e7a a cidade norueguesa onde o sil\u00eancio \u00e9 parte do planejamento urbano.","robots":{"index":"index","follow":"follow","max-snippet":"max-snippet:-1","max-image-preview":"max-image-preview:large","max-video-preview":"max-video-preview:-1"},"canonical":"https:\/\/www.correiobraziliense.com.br\/cbradar\/conheca-a-cidade-onde-nao-existem-buzinas-por-lei\/","og_locale":"pt_BR","og_type":"article","og_title":"Conhe\u00e7a a cidade onde n\u00e3o existem buzinas por lei","og_description":"Em Oslo, buzinar sem emerg\u00eancia \u00e9 proibido por lei. Conhe\u00e7a a cidade norueguesa onde o sil\u00eancio \u00e9 parte do planejamento urbano.","og_url":"https:\/\/www.correiobraziliense.com.br\/cbradar\/conheca-a-cidade-onde-nao-existem-buzinas-por-lei\/","og_site_name":"Correio Braziliense - Radar","article_published_time":"2025-03-31T20:50:00+00:00","og_image":[{"width":1280,"height":720,"url":"https:\/\/www.correiobraziliense.com.br\/cbradar\/wp-content\/uploads\/2025\/03\/Oslo_1743277792358.jpg","type":"image\/jpeg"}],"author":"Larissa Carvalho","twitter_card":"summary_large_image","twitter_misc":{"Escrito por":"Larissa Carvalho","Est. tempo de leitura":"3 minutos"},"schema":{"@context":"https:\/\/schema.org","@graph":[{"@type":"WebPage","@id":"https:\/\/www.correiobraziliense.com.br\/cbradar\/conheca-a-cidade-onde-nao-existem-buzinas-por-lei\/","url":"https:\/\/www.correiobraziliense.com.br\/cbradar\/conheca-a-cidade-onde-nao-existem-buzinas-por-lei\/","name":"Conhe\u00e7a a cidade onde n\u00e3o existem buzinas por lei","isPartOf":{"@id":"https:\/\/www.correiobraziliense.com.br\/cbradar\/#website"},"primaryImageOfPage":{"@id":"https:\/\/www.correiobraziliense.com.br\/cbradar\/conheca-a-cidade-onde-nao-existem-buzinas-por-lei\/#primaryimage"},"image":{"@id":"https:\/\/www.correiobraziliense.com.br\/cbradar\/conheca-a-cidade-onde-nao-existem-buzinas-por-lei\/#primaryimage"},"thumbnailUrl":"https:\/\/www.correiobraziliense.com.br\/cbradar\/wp-content\/uploads\/2025\/03\/Oslo_1743277792358.jpg","datePublished":"2025-03-31T20:50:00+00:00","author":{"@id":"https:\/\/www.correiobraziliense.com.br\/cbradar\/#\/schema\/person\/58422787644df994b53a19d3e56c1513"},"description":"Em Oslo, buzinar sem emerg\u00eancia \u00e9 proibido por lei. Conhe\u00e7a a cidade norueguesa onde o sil\u00eancio \u00e9 parte do planejamento urbano.","breadcrumb":{"@id":"https:\/\/www.correiobraziliense.com.br\/cbradar\/conheca-a-cidade-onde-nao-existem-buzinas-por-lei\/#breadcrumb"},"inLanguage":"pt-BR","potentialAction":[{"@type":"ReadAction","target":["https:\/\/www.correiobraziliense.com.br\/cbradar\/conheca-a-cidade-onde-nao-existem-buzinas-por-lei\/"]}]},{"@type":"ImageObject","inLanguage":"pt-BR","@id":"https:\/\/www.correiobraziliense.com.br\/cbradar\/conheca-a-cidade-onde-nao-existem-buzinas-por-lei\/#primaryimage","url":"https:\/\/www.correiobraziliense.com.br\/cbradar\/wp-content\/uploads\/2025\/03\/Oslo_1743277792358.jpg","contentUrl":"https:\/\/www.correiobraziliense.com.br\/cbradar\/wp-content\/uploads\/2025\/03\/Oslo_1743277792358.jpg","width":1280,"height":720,"caption":"Oslo. Cr\u00e9ditos: depositphotos.com \/ IrynaObertunBO"},{"@type":"BreadcrumbList","@id":"https:\/\/www.correiobraziliense.com.br\/cbradar\/conheca-a-cidade-onde-nao-existem-buzinas-por-lei\/#breadcrumb","itemListElement":[{"@type":"ListItem","position":1,"name":"In\u00edcio","item":"https:\/\/www.correiobraziliense.com.br\/cbradar\/"},{"@type":"ListItem","position":2,"name":"Conhe\u00e7a a cidade onde n\u00e3o existem buzinas por lei"}]},{"@type":"WebSite","@id":"https:\/\/www.correiobraziliense.com.br\/cbradar\/#website","url":"https:\/\/www.correiobraziliense.com.br\/cbradar\/","name":"Correio Braziliense - Radar","description":"Acompanhe as \u00faltimas not\u00edcias e fique bem informado sobre tudo o que acontece no Brasil e no mundo.","potentialAction":[{"@type":"SearchAction","target":{"@type":"EntryPoint","urlTemplate":"https:\/\/www.correiobraziliense.com.br\/cbradar\/?s={search_term_string}"},"query-input":{"@type":"PropertyValueSpecification","valueRequired":true,"valueName":"search_term_string"}}],"inLanguage":"pt-BR"},{"@type":"Person","@id":"https:\/\/www.correiobraziliense.com.br\/cbradar\/#\/schema\/person\/58422787644df994b53a19d3e56c1513","name":"Larissa Carvalho","image":{"@type":"ImageObject","inLanguage":"pt-BR","@id":"https:\/\/www.correiobraziliense.com.br\/cbradar\/#\/schema\/person\/image\/","url":"https:\/\/secure.gravatar.com\/avatar\/fe4f91a0de32b52a838d0d612abdc1aa?s=96&d=mm&r=g","contentUrl":"https:\/\/secure.gravatar.com\/avatar\/fe4f91a0de32b52a838d0d612abdc1aa?s=96&d=mm&r=g","caption":"Larissa Carvalho"},"url":"https:\/\/www.correiobraziliense.com.br\/cbradar\/author\/larissamyth\/"}]}},"_links":{"self":[{"href":"https:\/\/www.correiobraziliense.com.br\/cbradar\/wp-json\/wp\/v2\/posts\/17216","targetHints":{"allow":["GET"]}}],"collection":[{"href":"https:\/\/www.correiobraziliense.com.br\/cbradar\/wp-json\/wp\/v2\/posts"}],"about":[{"href":"https:\/\/www.correiobraziliense.com.br\/cbradar\/wp-json\/wp\/v2\/types\/post"}],"author":[{"embeddable":true,"href":"https:\/\/www.correiobraziliense.com.br\/cbradar\/wp-json\/wp\/v2\/users\/3"}],"replies":[{"embeddable":true,"href":"https:\/\/www.correiobraziliense.com.br\/cbradar\/wp-json\/wp\/v2\/comments?post=17216"}],"version-history":[{"count":1,"href":"https:\/\/www.correiobraziliense.com.br\/cbradar\/wp-json\/wp\/v2\/posts\/17216\/revisions"}],"predecessor-version":[{"id":17219,"href":"https:\/\/www.correiobraziliense.com.br\/cbradar\/wp-json\/wp\/v2\/posts\/17216\/revisions\/17219"}],"wp:featuredmedia":[{"embeddable":true,"href":"https:\/\/www.correiobraziliense.com.br\/cbradar\/wp-json\/wp\/v2\/media\/17217"}],"wp:attachment":[{"href":"https:\/\/www.correiobraziliense.com.br\/cbradar\/wp-json\/wp\/v2\/media?parent=17216"}],"wp:term":[{"taxonomy":"category","embeddable":true,"href":"https:\/\/www.correiobraziliense.com.br\/cbradar\/wp-json\/wp\/v2\/categories?post=17216"},{"taxonomy":"post_tag","embeddable":true,"href":"https:\/\/www.correiobraziliense.com.br\/cbradar\/wp-json\/wp\/v2\/tags?post=17216"}],"curies":[{"name":"wp","href":"https:\/\/api.w.org\/{rel}","templated":true}]}}