{"id":172205,"date":"2026-01-13T15:45:00","date_gmt":"2026-01-13T18:45:00","guid":{"rendered":"https:\/\/www.correiobraziliense.com.br\/cbradar\/?p=172205"},"modified":"2026-01-12T09:40:31","modified_gmt":"2026-01-12T12:40:31","slug":"quanta-carne-vermelha-e-demais-para-sua-saude","status":"publish","type":"post","link":"https:\/\/www.correiobraziliense.com.br\/cbradar\/quanta-carne-vermelha-e-demais-para-sua-saude\/","title":{"rendered":"Quanta carne vermelha \u00e9 demais para sua sa\u00fade?"},"content":{"rendered":"\n<p>As novas diretrizes alimentares dos Estados Unidos para 2025-2030 recolocaram a discuss\u00e3o sobre <strong>carne vermelha<\/strong> no centro do debate nutricional. Ao mesmo tempo em que autoridades de sa\u00fade passaram a destacar <strong>prote\u00ednas de alta qualidade<\/strong>, como carnes, ovos e latic\u00ednios integrais, especialistas refor\u00e7am que a quantidade, o tipo de carne e o <strong>padr\u00e3o alimentar<\/strong> como um todo continuam sendo fatores determinantes para a sa\u00fade do cora\u00e7\u00e3o, do peso corporal, do metabolismo e at\u00e9 do risco de c\u00e2ncer colorretal.<\/p>\n\n\n\n<h2 class=\"wp-block-heading\">Quanto de carne vermelha \u00e9 considerado em excesso<\/h2>\n\n\n\n<p>A quest\u00e3o <strong>\u201cquanto de carne vermelha \u00e9 demais\u201d<\/strong> n\u00e3o tem uma resposta \u00fanica, mas diretrizes internacionais oferecem faixas de consumo mais seguras. De forma geral, sugere-se limitar a carne vermelha <strong>n\u00e3o processada<\/strong> a cerca de 300 g a 500 g por semana em por\u00e7\u00e3o cozida, o que equivale a duas ou tr\u00eas refei\u00e7\u00f5es contendo esse tipo de prote\u00edna.<\/p>\n\n\n\n<p>Acima desses valores, alguns estudos apontam maior associa\u00e7\u00e3o com <strong>problemas cardiovasculares, metab\u00f3licos e intestinais<\/strong>, especialmente em pessoas com risco elevado. O contexto da dieta \u2014 presen\u00e7a de fibras, atividade f\u00edsica e consumo de ultraprocessados \u2014 modifica bastante o impacto desse consumo no organismo.<\/p>\n\n\n\n<h2 class=\"wp-block-heading\">Carne vermelha faz mal para o cora\u00e7\u00e3o<\/h2>\n\n\n\n<p>A rela\u00e7\u00e3o entre <strong>carne vermelha e sa\u00fade cardiovascular<\/strong> depende do tipo de carne, do modo de preparo e da frequ\u00eancia de consumo. A gordura saturada continua sendo um ponto central, com recomenda\u00e7\u00e3o t\u00e9cnica em torno de at\u00e9 <strong>10% das calorias di\u00e1rias<\/strong> vindas desse tipo de gordura, e limites menores para quem j\u00e1 tem doen\u00e7a card\u00edaca ou colesterol alto.<\/p>\n\n\n\n<p>Al\u00e9m disso, pesquisas recentes mostram que compostos como <strong>TMAO<\/strong> (produzido a partir de nutrientes da carne por bact\u00e9rias intestinais) podem influenciar o risco cardiovascular. Esse efeito tende a ser mais relevante em dietas pobres em vegetais e fibras, que ajudam a modular a microbiota e o metabolismo dessas subst\u00e2ncias.<\/p>\n\n\n\n<p>Para aprofundarmos no tema, trouxemos o v\u00eddeo da nutricionista Simone Rissato (@nutri.simonerissato):<\/p>\n\n\n\n<blockquote class=\"tiktok-embed\" cite=\"https:\/\/www.tiktok.com\/@nutri.simonerissato\/video\/7578629413638507796\" data-video-id=\"7578629413638507796\" style=\"max-width: 605px;min-width: 325px;\" > <section> <a target=\"_blank\" title=\"@nutri.simonerissato\" href=\"https:\/\/www.tiktok.com\/@nutri.simonerissato?refer=embed\">@nutri.simonerissato<\/a> A OMS recomenda que o consumou de carne vermelha n\u00e3o ultrapasse 500 gramas por semana, para diminuir o risco de doen\u00e7as card\u00edacas, diabetes tipo 2 e alguns tipos de c\u00e2ncer, como o colorretal. <a title=\"intestino\" target=\"_blank\" href=\"https:\/\/www.tiktok.com\/tag\/intestino?refer=embed\">#intestino<\/a> <a title=\"equilibrio\" target=\"_blank\" href=\"https:\/\/www.tiktok.com\/tag\/equilibrio?refer=embed\">#equilibrio<\/a> <a title=\"dietacarnivora\" target=\"_blank\" href=\"https:\/\/www.tiktok.com\/tag\/dietacarnivora?refer=embed\">#dietacarnivora<\/a> <a title=\"alimentacaosaudavel\" target=\"_blank\" href=\"https:\/\/www.tiktok.com\/tag\/alimentacaosaudavel?refer=embed\">#alimentacaosaudavel<\/a> <a title=\"dicadanutri\" target=\"_blank\" href=\"https:\/\/www.tiktok.com\/tag\/dicadanutri?refer=embed\">#dicadanutri<\/a> <a target=\"_blank\" title=\"\u266c som original - nutri.simonerissato\" href=\"https:\/\/www.tiktok.com\/music\/som-original-7578629476934847249?refer=embed\">\u266c som original &#8211; nutri.simonerissato<\/a> <\/section> <\/blockquote> <script async src=\"https:\/\/www.tiktok.com\/embed.js\"><\/script>\n\n\n\n<h2 class=\"wp-block-heading\">Carne vermelha processada e in natura t\u00eam impactos diferentes<\/h2>\n\n\n\n<p>Estudos costumam diferenciar a carne <strong>processada<\/strong> \u2014 como salsichas, bacon, lingui\u00e7a e embutidos \u2014 da carne <strong>in natura<\/strong>, como bife fresco ou cortes magros. Os embutidos aparecem de forma consistente ligados a maior risco de doen\u00e7as do cora\u00e7\u00e3o, press\u00e3o alta, diabetes tipo 2 e c\u00e2ncer de intestino, devido ao excesso de s\u00f3dio, conservantes e nitritos.<\/p>\n\n\n\n<p>J\u00e1 a carne vermelha fresca, quando consumida em <strong>por\u00e7\u00f5es moderadas<\/strong> e acompanhada de vegetais, leguminosas e gr\u00e3os integrais, pode ser inclu\u00edda em um padr\u00e3o alimentar saud\u00e1vel. O problema surge quando a maior parte da energia vem de carnes gordas, frituras e poucos alimentos de origem vegetal, aumentando colesterol LDL, inflama\u00e7\u00e3o e ganho de peso.<\/p>\n\n\n\n<ul class=\"wp-block-list\">\n<li><strong>Maior risco:<\/strong> consumo frequente de carnes processadas, fritas ou muito gordas.<\/li>\n\n\n\n<li><strong>Risco moderado:<\/strong> excesso de carne vermelha n\u00e3o processada, sem equil\u00edbrio com fibras e vegetais.<\/li>\n\n\n\n<li><strong>Cen\u00e1rio mais favor\u00e1vel:<\/strong> pequenas por\u00e7\u00f5es de carne magra em refei\u00e7\u00f5es ricas em vegetais e gr\u00e3os integrais.<\/li>\n<\/ul>\n\n\n\n<h2 class=\"wp-block-heading\">Qual \u00e9 a diferen\u00e7a entre carne processada e carne in natura<\/h2>\n\n\n\n<p>Ao discutir <strong>\u201cquanto de carne vermelha \u00e9 demais\u201d<\/strong>, o tipo de produto faz grande diferen\u00e7a. A carne <strong>processada<\/strong> passa por defuma\u00e7\u00e3o, cura, adi\u00e7\u00e3o de nitritos, sal em excesso e outros conservantes, o que altera significativamente sua composi\u00e7\u00e3o original e seu impacto na sa\u00fade.<\/p>\n\n\n\n<ol class=\"wp-block-list\">\n<li><strong>Carne processada:<\/strong> salsicha, lingui\u00e7a, bacon, salame, presunto, hamb\u00farguer industrializado, nuggets.<\/li>\n\n\n\n<li><strong>Carne n\u00e3o processada:<\/strong> bife de alcatra, patinho mo\u00eddo fresco, fil\u00e9 mignon, carne de panela feita com cortes magros.<\/li>\n<\/ol>\n\n\n\n<p>Pesquisas refor\u00e7am que os <strong>embutidos<\/strong> est\u00e3o mais frequentemente ligados a efeitos negativos na sa\u00fade metab\u00f3lica e cardiovascular. Isso ocorre n\u00e3o s\u00f3 pela gordura saturada, mas tamb\u00e9m pelo alto teor de sal, pelo uso de conservantes e pelo fato de aparecerem, em geral, em refei\u00e7\u00f5es pobres em fibras e ricas em <strong>farinhas refinadas e ultraprocessados<\/strong>.<\/p>\n\n\n\n<figure class=\"wp-block-image size-large\"><img decoding=\"async\" width=\"1024\" height=\"576\" src=\"https:\/\/www.correiobraziliense.com.br\/cbradar\/wp-content\/uploads\/2026\/01\/\u2705-BANNER-MYTH-4-10-1024x576.png\" alt=\"Quanta carne vermelha \u00e9 demais para sua sa\u00fade?\" class=\"wp-image-172207\" srcset=\"https:\/\/www.correiobraziliense.com.br\/cbradar\/wp-content\/uploads\/2026\/01\/\u2705-BANNER-MYTH-4-10-1024x576.png 1024w, https:\/\/www.correiobraziliense.com.br\/cbradar\/wp-content\/uploads\/2026\/01\/\u2705-BANNER-MYTH-4-10-300x169.png 300w, https:\/\/www.correiobraziliense.com.br\/cbradar\/wp-content\/uploads\/2026\/01\/\u2705-BANNER-MYTH-4-10-768x432.png 768w, https:\/\/www.correiobraziliense.com.br\/cbradar\/wp-content\/uploads\/2026\/01\/\u2705-BANNER-MYTH-4-10-750x422.png 750w, https:\/\/www.correiobraziliense.com.br\/cbradar\/wp-content\/uploads\/2026\/01\/\u2705-BANNER-MYTH-4-10-1140x641.png 1140w, https:\/\/www.correiobraziliense.com.br\/cbradar\/wp-content\/uploads\/2026\/01\/\u2705-BANNER-MYTH-4-10.png 1280w\" sizes=\"(max-width: 1024px) 100vw, 1024px\" \/><figcaption class=\"wp-element-caption\">Diretrizes EUA limitam gordura saturada a 10% das calorias di\u00e1rias, priorizando carnes integrais e prote\u00ednas magras.<\/figcaption><\/figure>\n\n\n\n<h2 class=\"wp-block-heading\">Como equilibrar carne vermelha em uma alimenta\u00e7\u00e3o saud\u00e1vel<\/h2>\n\n\n\n<p>Em vez de apenas proibir ou liberar, profissionais de sa\u00fade recomendam olhar para o <strong>padr\u00e3o alimentar completo<\/strong>. A carne vermelha pode ocupar um espa\u00e7o menor no prato, enquanto leguminosas, vegetais e gorduras insaturadas assumem papel mais central, ajudando a proteger o cora\u00e7\u00e3o e o intestino.<\/p>\n\n\n\n<p>Dessa forma, \u00e9 poss\u00edvel aproveitar o teor de <strong>prote\u00edna, ferro e vitamina B12<\/strong> da carne, ao mesmo tempo em que se controla o impacto sobre colesterol, peso e inflama\u00e7\u00e3o. Estrat\u00e9gias como alternar tipos de prote\u00edna, controlar por\u00e7\u00f5es e variar prepara\u00e7\u00f5es ajudam a tornar o consumo de carne mais seguro a longo prazo.<\/p>\n\n\n\n<ul class=\"wp-block-list\">\n<li>Usar carne vermelha em <strong>por\u00e7\u00f5es menores<\/strong>, complementando com feij\u00e3o, lentilha, gr\u00e3o-de-bico ou tofu.<\/li>\n\n\n\n<li>Alternar refei\u00e7\u00f5es com carne bovina ou su\u00edna com fontes de prote\u00edna como <strong>peixe, frango, ovos e leguminosas<\/strong>.<\/li>\n\n\n\n<li>Preferir modos de preparo como grelhar, assar ou cozinhar, evitando frituras por imers\u00e3o e queimados excessivos.<\/li>\n\n\n\n<li>Dar prefer\u00eancia a <strong>cortes magros<\/strong>, retirando o excesso de gordura vis\u00edvel antes do preparo.<\/li>\n\n\n\n<li>Montar pratos com metade do espa\u00e7o ocupada por vegetais, um quarto por carboidratos integrais e um quarto por prote\u00edna.<\/li>\n<\/ul>\n\n\n\n<h2 class=\"wp-block-heading\">Como a individualidade influencia a quantidade de carne vermelha<\/h2>\n\n\n\n<p>Cardiologistas e nutricionistas destacam que a \u201c<strong>dose segura<\/strong>\u201d de carne vermelha n\u00e3o \u00e9 igual para todas as pessoas. Idade, sexo, n\u00edvel de atividade f\u00edsica, hist\u00f3rico familiar de infarto ou AVC, presen\u00e7a de diabetes, obesidade, altera\u00e7\u00f5es de colesterol e at\u00e9 condi\u00e7\u00f5es intestinais mudam a toler\u00e2ncia ao consumo de carne e de gordura saturada.<\/p>\n\n\n\n<p>Assim, a mesma por\u00e7\u00e3o semanal pode ser aceit\u00e1vel para algu\u00e9m com exames adequados e pr\u00e1tica regular de atividade f\u00edsica, mas exigir ajustes em quem tem <strong>LDL muito elevado ou s\u00edndrome metab\u00f3lica<\/strong>. Exames como perfil lip\u00eddico, glicemia, marcadores inflamat\u00f3rios e avalia\u00e7\u00e3o do estilo de vida ajudam a definir de forma mais precisa o papel da carne vermelha na rotina de cada indiv\u00edduo.<\/p>\n","protected":false},"excerpt":{"rendered":"<p>Nova pir\u00e2mide alimentar 2025 destaca prote\u00ednas de alta qualidade, gorduras saturadas e alimentos integrais; veja opini\u00f5es de especialistas.<\/p>\n","protected":false},"author":3,"featured_media":173833,"comment_status":"open","ping_status":"open","sticky":false,"template":"","format":"standard","meta":{"_yoast_wpseo_focuskw":"quantidade carne vermelha","_yoast_wpseo_title":"%%title%%","_yoast_wpseo_metadesc":"Nova pir\u00e2mide alimentar 2025 destaca prote\u00ednas de alta qualidade, gorduras saturadas e alimentos integrais; veja opini\u00f5es de especialistas.","jnews-multi-image_gallery":[],"jnews_single_post":{"format":"standard"},"jnews_primary_category":[],"jnews_social_meta":[],"jnews_override_counter":[],"footnotes":""},"categories":[112],"post_tag":[281,1423,11973,144,565],"class_list":["post-172205","post","type-post","status-publish","format-standard","has-post-thumbnail","hentry","category-curiosidades","tag-alimentacao","tag-alimentos","tag-carne-vermelha","tag-curiosidades","tag-saude"],"yoast_head":"<!-- This site is optimized with the Yoast SEO plugin v24.6 - https:\/\/yoast.com\/wordpress\/plugins\/seo\/ -->\n<title>Quanta carne vermelha \u00e9 demais para sua sa\u00fade?<\/title>\n<meta name=\"description\" content=\"Nova pir\u00e2mide alimentar 2025 destaca prote\u00ednas de alta qualidade, gorduras saturadas e alimentos integrais; veja opini\u00f5es de especialistas.\" \/>\n<meta name=\"robots\" content=\"index, follow, max-snippet:-1, max-image-preview:large, max-video-preview:-1\" \/>\n<link rel=\"canonical\" href=\"https:\/\/www.correiobraziliense.com.br\/cbradar\/quanta-carne-vermelha-e-demais-para-sua-saude\/\" \/>\n<meta property=\"og:locale\" content=\"pt_BR\" \/>\n<meta property=\"og:type\" content=\"article\" \/>\n<meta property=\"og:title\" content=\"Quanta carne vermelha \u00e9 demais para sua sa\u00fade?\" \/>\n<meta property=\"og:description\" content=\"Nova pir\u00e2mide alimentar 2025 destaca prote\u00ednas de alta qualidade, gorduras saturadas e alimentos integrais; veja opini\u00f5es de especialistas.\" \/>\n<meta property=\"og:url\" content=\"https:\/\/www.correiobraziliense.com.br\/cbradar\/quanta-carne-vermelha-e-demais-para-sua-saude\/\" \/>\n<meta property=\"og:site_name\" content=\"Correio Braziliense - Radar\" \/>\n<meta property=\"article:published_time\" content=\"2026-01-13T18:45:00+00:00\" \/>\n<meta property=\"og:image\" content=\"https:\/\/www.correiobraziliense.com.br\/cbradar\/wp-content\/uploads\/2026\/01\/freepik__imagem-realista-de-carne-vermelha-em-um-prato-em-c__63693.jpeg\" \/>\n\t<meta property=\"og:image:width\" content=\"1280\" \/>\n\t<meta property=\"og:image:height\" content=\"720\" \/>\n\t<meta property=\"og:image:type\" content=\"image\/jpeg\" \/>\n<meta name=\"author\" content=\"Larissa Carvalho\" \/>\n<meta name=\"twitter:card\" content=\"summary_large_image\" \/>\n<meta name=\"twitter:label1\" content=\"Escrito por\" \/>\n\t<meta name=\"twitter:data1\" content=\"Larissa Carvalho\" \/>\n\t<meta name=\"twitter:label2\" content=\"Est. tempo de leitura\" \/>\n\t<meta name=\"twitter:data2\" content=\"6 minutos\" \/>\n<!-- \/ Yoast SEO plugin. -->","yoast_head_json":{"title":"Quanta carne vermelha \u00e9 demais para sua sa\u00fade?","description":"Nova pir\u00e2mide alimentar 2025 destaca prote\u00ednas de alta qualidade, gorduras saturadas e alimentos integrais; veja opini\u00f5es de especialistas.","robots":{"index":"index","follow":"follow","max-snippet":"max-snippet:-1","max-image-preview":"max-image-preview:large","max-video-preview":"max-video-preview:-1"},"canonical":"https:\/\/www.correiobraziliense.com.br\/cbradar\/quanta-carne-vermelha-e-demais-para-sua-saude\/","og_locale":"pt_BR","og_type":"article","og_title":"Quanta carne vermelha \u00e9 demais para sua sa\u00fade?","og_description":"Nova pir\u00e2mide alimentar 2025 destaca prote\u00ednas de alta qualidade, gorduras saturadas e alimentos integrais; veja opini\u00f5es de especialistas.","og_url":"https:\/\/www.correiobraziliense.com.br\/cbradar\/quanta-carne-vermelha-e-demais-para-sua-saude\/","og_site_name":"Correio Braziliense - Radar","article_published_time":"2026-01-13T18:45:00+00:00","og_image":[{"width":1280,"height":720,"url":"https:\/\/www.correiobraziliense.com.br\/cbradar\/wp-content\/uploads\/2026\/01\/freepik__imagem-realista-de-carne-vermelha-em-um-prato-em-c__63693.jpeg","type":"image\/jpeg"}],"author":"Larissa Carvalho","twitter_card":"summary_large_image","twitter_misc":{"Escrito por":"Larissa Carvalho","Est. tempo de leitura":"6 minutos"},"schema":{"@context":"https:\/\/schema.org","@graph":[{"@type":"WebPage","@id":"https:\/\/www.correiobraziliense.com.br\/cbradar\/quanta-carne-vermelha-e-demais-para-sua-saude\/","url":"https:\/\/www.correiobraziliense.com.br\/cbradar\/quanta-carne-vermelha-e-demais-para-sua-saude\/","name":"Quanta carne vermelha \u00e9 demais para sua sa\u00fade?","isPartOf":{"@id":"https:\/\/www.correiobraziliense.com.br\/cbradar\/#website"},"primaryImageOfPage":{"@id":"https:\/\/www.correiobraziliense.com.br\/cbradar\/quanta-carne-vermelha-e-demais-para-sua-saude\/#primaryimage"},"image":{"@id":"https:\/\/www.correiobraziliense.com.br\/cbradar\/quanta-carne-vermelha-e-demais-para-sua-saude\/#primaryimage"},"thumbnailUrl":"https:\/\/www.correiobraziliense.com.br\/cbradar\/wp-content\/uploads\/2026\/01\/freepik__imagem-realista-de-carne-vermelha-em-um-prato-em-c__63693.jpeg","datePublished":"2026-01-13T18:45:00+00:00","author":{"@id":"https:\/\/www.correiobraziliense.com.br\/cbradar\/#\/schema\/person\/58422787644df994b53a19d3e56c1513"},"description":"Nova pir\u00e2mide alimentar 2025 destaca prote\u00ednas de alta qualidade, gorduras saturadas e alimentos integrais; veja opini\u00f5es de especialistas.","breadcrumb":{"@id":"https:\/\/www.correiobraziliense.com.br\/cbradar\/quanta-carne-vermelha-e-demais-para-sua-saude\/#breadcrumb"},"inLanguage":"pt-BR","potentialAction":[{"@type":"ReadAction","target":["https:\/\/www.correiobraziliense.com.br\/cbradar\/quanta-carne-vermelha-e-demais-para-sua-saude\/"]}]},{"@type":"ImageObject","inLanguage":"pt-BR","@id":"https:\/\/www.correiobraziliense.com.br\/cbradar\/quanta-carne-vermelha-e-demais-para-sua-saude\/#primaryimage","url":"https:\/\/www.correiobraziliense.com.br\/cbradar\/wp-content\/uploads\/2026\/01\/freepik__imagem-realista-de-carne-vermelha-em-um-prato-em-c__63693.jpeg","contentUrl":"https:\/\/www.correiobraziliense.com.br\/cbradar\/wp-content\/uploads\/2026\/01\/freepik__imagem-realista-de-carne-vermelha-em-um-prato-em-c__63693.jpeg","width":1280,"height":720,"caption":"A quantidade e o tipo de carne consumida influenciam diretamente a sa\u00fade do cora\u00e7\u00e3o e do metabolismo"},{"@type":"BreadcrumbList","@id":"https:\/\/www.correiobraziliense.com.br\/cbradar\/quanta-carne-vermelha-e-demais-para-sua-saude\/#breadcrumb","itemListElement":[{"@type":"ListItem","position":1,"name":"In\u00edcio","item":"https:\/\/www.correiobraziliense.com.br\/cbradar\/"},{"@type":"ListItem","position":2,"name":"Quanta carne vermelha \u00e9 demais para sua sa\u00fade?"}]},{"@type":"WebSite","@id":"https:\/\/www.correiobraziliense.com.br\/cbradar\/#website","url":"https:\/\/www.correiobraziliense.com.br\/cbradar\/","name":"Correio Braziliense - Radar","description":"Acompanhe as \u00faltimas not\u00edcias e fique bem informado sobre tudo o que acontece no Brasil e no mundo.","potentialAction":[{"@type":"SearchAction","target":{"@type":"EntryPoint","urlTemplate":"https:\/\/www.correiobraziliense.com.br\/cbradar\/?s={search_term_string}"},"query-input":{"@type":"PropertyValueSpecification","valueRequired":true,"valueName":"search_term_string"}}],"inLanguage":"pt-BR"},{"@type":"Person","@id":"https:\/\/www.correiobraziliense.com.br\/cbradar\/#\/schema\/person\/58422787644df994b53a19d3e56c1513","name":"Larissa Carvalho","image":{"@type":"ImageObject","inLanguage":"pt-BR","@id":"https:\/\/www.correiobraziliense.com.br\/cbradar\/#\/schema\/person\/image\/","url":"https:\/\/secure.gravatar.com\/avatar\/fe4f91a0de32b52a838d0d612abdc1aa?s=96&d=mm&r=g","contentUrl":"https:\/\/secure.gravatar.com\/avatar\/fe4f91a0de32b52a838d0d612abdc1aa?s=96&d=mm&r=g","caption":"Larissa Carvalho"},"url":"https:\/\/www.correiobraziliense.com.br\/cbradar\/author\/larissamyth\/"}]}},"_links":{"self":[{"href":"https:\/\/www.correiobraziliense.com.br\/cbradar\/wp-json\/wp\/v2\/posts\/172205","targetHints":{"allow":["GET"]}}],"collection":[{"href":"https:\/\/www.correiobraziliense.com.br\/cbradar\/wp-json\/wp\/v2\/posts"}],"about":[{"href":"https:\/\/www.correiobraziliense.com.br\/cbradar\/wp-json\/wp\/v2\/types\/post"}],"author":[{"embeddable":true,"href":"https:\/\/www.correiobraziliense.com.br\/cbradar\/wp-json\/wp\/v2\/users\/3"}],"replies":[{"embeddable":true,"href":"https:\/\/www.correiobraziliense.com.br\/cbradar\/wp-json\/wp\/v2\/comments?post=172205"}],"version-history":[{"count":2,"href":"https:\/\/www.correiobraziliense.com.br\/cbradar\/wp-json\/wp\/v2\/posts\/172205\/revisions"}],"predecessor-version":[{"id":172208,"href":"https:\/\/www.correiobraziliense.com.br\/cbradar\/wp-json\/wp\/v2\/posts\/172205\/revisions\/172208"}],"wp:featuredmedia":[{"embeddable":true,"href":"https:\/\/www.correiobraziliense.com.br\/cbradar\/wp-json\/wp\/v2\/media\/173833"}],"wp:attachment":[{"href":"https:\/\/www.correiobraziliense.com.br\/cbradar\/wp-json\/wp\/v2\/media?parent=172205"}],"wp:term":[{"taxonomy":"category","embeddable":true,"href":"https:\/\/www.correiobraziliense.com.br\/cbradar\/wp-json\/wp\/v2\/categories?post=172205"},{"taxonomy":"post_tag","embeddable":true,"href":"https:\/\/www.correiobraziliense.com.br\/cbradar\/wp-json\/wp\/v2\/post_tag?post=172205"}],"curies":[{"name":"wp","href":"https:\/\/api.w.org\/{rel}","templated":true}]}}