{"id":17233,"date":"2025-03-31T21:50:00","date_gmt":"2025-04-01T00:50:00","guid":{"rendered":"https:\/\/www.correiobraziliense.com.br\/cbradar\/?p=17233"},"modified":"2025-03-30T14:30:22","modified_gmt":"2025-03-30T17:30:22","slug":"conheca-a-cidade-onde-ninguem-pode-trancar-as-portas","status":"publish","type":"post","link":"https:\/\/www.correiobraziliense.com.br\/cbradar\/conheca-a-cidade-onde-ninguem-pode-trancar-as-portas\/","title":{"rendered":"Conhe\u00e7a a cidade onde ningu\u00e9m pode trancar as portas"},"content":{"rendered":"\n<p>Imagine viver em uma cidade onde <strong>\u00e9 proibido trancar a porta de casa<\/strong> \u2014 n\u00e3o por causa de gentileza ou confian\u00e7a, mas por <strong>seguran\u00e7a contra ursos polares<\/strong>. Isso acontece em <strong>Longyearbyen<\/strong>, um dos assentamentos mais ao norte do planeta, localizado no arquip\u00e9lago de <strong>Svalbard<\/strong>, pertencente \u00e0 <strong>Noruega<\/strong>.<\/p>\n\n\n\n<p>Em meio a paisagens geladas e natureza selvagem, Longyearbyen abriga cerca de <strong>2.500 habitantes<\/strong>&#8230; e uma popula\u00e7\u00e3o significativa de <strong>ursos polares que vivem nas redondezas<\/strong>.<\/p>\n\n\n\n<h2 class=\"wp-block-heading\"><strong>Por que n\u00e3o se trancam as portas em Longyearbyen?<\/strong><\/h2>\n\n\n\n<p>A cidade convive com o risco constante de <strong>encontros inesperados com ursos polares<\/strong>, que ocasionalmente se aproximam da \u00e1rea urbana em busca de comida. Por isso, <strong>\u00e9 costume \u2014 e em certos casos, exig\u00eancia informal \u2014 deixar as portas de casas, carros e estabelecimentos destrancadas<\/strong>, para que:<\/p>\n\n\n\n<ul class=\"wp-block-list\">\n<li><strong>Qualquer pessoa possa se abrigar rapidamente<\/strong> em caso de emerg\u00eancia<\/li>\n\n\n\n<li><strong>Haja rotas de fuga acess\u00edveis<\/strong> em pontos da cidade<\/li>\n\n\n\n<li>Visitantes ou moradores em situa\u00e7\u00e3o de risco <strong>n\u00e3o fiquem presos do lado de fora<\/strong><\/li>\n<\/ul>\n\n\n\n<p>Al\u00e9m disso, circular fora da zona urbana <strong>requer portar rifle obrigat\u00f3rio<\/strong> (com licen\u00e7a), e h\u00e1 alertas constantes sobre a presen\u00e7a de ursos na regi\u00e3o.<\/p>\n\n\n\n<figure class=\"wp-block-image size-large\"><img decoding=\"async\" width=\"1024\" height=\"576\" src=\"https:\/\/www.correiobraziliense.com.br\/cbradar\/wp-content\/uploads\/2025\/03\/Longyearbyen_1743279303748-1024x576.jpg\" alt=\"Conhe\u00e7a a cidade onde ningu\u00e9m pode trancar as portas\" class=\"wp-image-17235\" srcset=\"https:\/\/www.correiobraziliense.com.br\/cbradar\/wp-content\/uploads\/2025\/03\/Longyearbyen_1743279303748-1024x576.jpg 1024w, https:\/\/www.correiobraziliense.com.br\/cbradar\/wp-content\/uploads\/2025\/03\/Longyearbyen_1743279303748-300x169.jpg 300w, https:\/\/www.correiobraziliense.com.br\/cbradar\/wp-content\/uploads\/2025\/03\/Longyearbyen_1743279303748-768x432.jpg 768w, https:\/\/www.correiobraziliense.com.br\/cbradar\/wp-content\/uploads\/2025\/03\/Longyearbyen_1743279303748-750x422.jpg 750w, https:\/\/www.correiobraziliense.com.br\/cbradar\/wp-content\/uploads\/2025\/03\/Longyearbyen_1743279303748-1140x641.jpg 1140w, https:\/\/www.correiobraziliense.com.br\/cbradar\/wp-content\/uploads\/2025\/03\/Longyearbyen_1743279303748.jpg 1280w\" sizes=\"(max-width: 1024px) 100vw, 1024px\" \/><figcaption class=\"wp-element-caption\">Longyearbyen. Cr\u00e9ditos: depositphotos.com \/ adwo@hotmail.com<\/figcaption><\/figure>\n\n\n\n<h2 class=\"wp-block-heading\"><strong>Como a cidade lida com a presen\u00e7a dos ursos?<\/strong><\/h2>\n\n\n\n<ul class=\"wp-block-list\">\n<li><strong>Placas avisam sobre o perigo de sair desarmado da \u00e1rea urbana<\/strong><\/li>\n\n\n\n<li>H\u00e1 <strong>patrulhas e monitoramento constantes<\/strong> em \u00e9pocas de maior risco<\/li>\n\n\n\n<li>Crian\u00e7as aprendem desde cedo como agir em caso de avistamento<\/li>\n\n\n\n<li>O n\u00famero de encontros perigosos \u00e9 pequeno, mas levado extremamente a s\u00e9rio<\/li>\n<\/ul>\n\n\n\n<p>Essa din\u00e2mica criou uma <strong>cultura local de vigil\u00e2ncia, respeito \u00e0 natureza e solidariedade<\/strong> \u2014 onde o h\u00e1bito de n\u00e3o trancar a porta \u00e9 sin\u00f4nimo de prote\u00e7\u00e3o coletiva.<\/p>\n\n\n\n<h2 class=\"wp-block-heading\"><strong>Curiosidades sobre Longyearbyen e seus \u201cvisitantes\u201d selvagens<\/strong><\/h2>\n\n\n\n<ul class=\"wp-block-list\">\n<li><strong>\u00c9 uma das poucas cidades do mundo onde n\u00e3o \u00e9 permitido nascer nem morrer<\/strong> (por quest\u00f5es log\u00edsticas e clim\u00e1ticas)<\/li>\n\n\n\n<li><strong>O Sol n\u00e3o se p\u00f5e por quatro meses no ver\u00e3o e n\u00e3o nasce por outros quatro no inverno<\/strong><\/li>\n\n\n\n<li><strong>A cidade abriga o famoso \u201cCofre Global de Sementes\u201d, constru\u00eddo para resistir a cat\u00e1strofes<\/strong><\/li>\n\n\n\n<li><strong>A popula\u00e7\u00e3o de ursos polares no arquip\u00e9lago \u00e9 maior que a de humanos<\/strong><\/li>\n\n\n\n<li><strong>As casas s\u00e3o constru\u00eddas sobre palafitas para evitar que o permafrost derretido as afunde<\/strong><\/li>\n<\/ul>\n\n\n\n<p>Longyearbyen mostra que, em alguns lugares do mundo, <strong>manter a porta aberta pode ser um gesto de sobreviv\u00eancia<\/strong>, onde <strong>a confian\u00e7a no vizinho \u00e9 t\u00e3o vital quanto o respeito \u00e0 natureza selvagem<\/strong> que ronda a cidade.<\/p>\n","protected":false},"excerpt":{"rendered":"<p>Em Longyearbyen, Noruega, portas n\u00e3o podem ser trancadas \u2014 por seguran\u00e7a contra ursos polares. Conhe\u00e7a a cidade onde o risco vem da natureza.<\/p>\n","protected":false},"author":3,"featured_media":17234,"comment_status":"open","ping_status":"open","sticky":false,"template":"","format":"standard","meta":{"_yoast_wpseo_focuskw":"cidade trancar portas","_yoast_wpseo_title":"%%title%%","_yoast_wpseo_metadesc":"Em Longyearbyen, Noruega, portas n\u00e3o podem ser trancadas \u2014 por seguran\u00e7a contra ursos polares. Conhe\u00e7a a cidade onde o risco vem da natureza.","jnews-multi-image_gallery":[],"jnews_single_post":{"format":"standard"},"jnews_primary_category":[],"jnews_social_meta":[],"jnews_override_counter":[],"footnotes":""},"categories":[108],"tags":[109],"class_list":["post-17233","post","type-post","status-publish","format-standard","has-post-thumbnail","hentry","category-cidades","tag-cidades"],"yoast_head":"<!-- This site is optimized with the Yoast SEO plugin v24.6 - https:\/\/yoast.com\/wordpress\/plugins\/seo\/ -->\n<title>Conhe\u00e7a a cidade onde ningu\u00e9m pode trancar as portas<\/title>\n<meta name=\"description\" content=\"Em Longyearbyen, Noruega, portas n\u00e3o podem ser trancadas \u2014 por seguran\u00e7a contra ursos polares. Conhe\u00e7a a cidade onde o risco vem da natureza.\" \/>\n<meta name=\"robots\" content=\"index, follow, max-snippet:-1, max-image-preview:large, max-video-preview:-1\" \/>\n<link rel=\"canonical\" href=\"https:\/\/www.correiobraziliense.com.br\/cbradar\/conheca-a-cidade-onde-ninguem-pode-trancar-as-portas\/\" \/>\n<meta property=\"og:locale\" content=\"pt_BR\" \/>\n<meta property=\"og:type\" content=\"article\" \/>\n<meta property=\"og:title\" content=\"Conhe\u00e7a a cidade onde ningu\u00e9m pode trancar as portas\" \/>\n<meta property=\"og:description\" content=\"Em Longyearbyen, Noruega, portas n\u00e3o podem ser trancadas \u2014 por seguran\u00e7a contra ursos polares. Conhe\u00e7a a cidade onde o risco vem da natureza.\" \/>\n<meta property=\"og:url\" content=\"https:\/\/www.correiobraziliense.com.br\/cbradar\/conheca-a-cidade-onde-ninguem-pode-trancar-as-portas\/\" \/>\n<meta property=\"og:site_name\" content=\"Correio Braziliense - Radar\" \/>\n<meta property=\"article:published_time\" content=\"2025-04-01T00:50:00+00:00\" \/>\n<meta property=\"og:image\" content=\"https:\/\/www.correiobraziliense.com.br\/cbradar\/wp-content\/uploads\/2025\/03\/Longyearbyen_1743279271205.jpg\" \/>\n\t<meta property=\"og:image:width\" content=\"1280\" \/>\n\t<meta property=\"og:image:height\" content=\"720\" \/>\n\t<meta property=\"og:image:type\" content=\"image\/jpeg\" \/>\n<meta name=\"author\" content=\"Larissa Carvalho\" \/>\n<meta name=\"twitter:card\" content=\"summary_large_image\" \/>\n<meta name=\"twitter:label1\" content=\"Escrito por\" \/>\n\t<meta name=\"twitter:data1\" content=\"Larissa Carvalho\" \/>\n\t<meta name=\"twitter:label2\" content=\"Est. tempo de leitura\" \/>\n\t<meta name=\"twitter:data2\" content=\"3 minutos\" \/>\n<!-- \/ Yoast SEO plugin. -->","yoast_head_json":{"title":"Conhe\u00e7a a cidade onde ningu\u00e9m pode trancar as portas","description":"Em Longyearbyen, Noruega, portas n\u00e3o podem ser trancadas \u2014 por seguran\u00e7a contra ursos polares. Conhe\u00e7a a cidade onde o risco vem da natureza.","robots":{"index":"index","follow":"follow","max-snippet":"max-snippet:-1","max-image-preview":"max-image-preview:large","max-video-preview":"max-video-preview:-1"},"canonical":"https:\/\/www.correiobraziliense.com.br\/cbradar\/conheca-a-cidade-onde-ninguem-pode-trancar-as-portas\/","og_locale":"pt_BR","og_type":"article","og_title":"Conhe\u00e7a a cidade onde ningu\u00e9m pode trancar as portas","og_description":"Em Longyearbyen, Noruega, portas n\u00e3o podem ser trancadas \u2014 por seguran\u00e7a contra ursos polares. Conhe\u00e7a a cidade onde o risco vem da natureza.","og_url":"https:\/\/www.correiobraziliense.com.br\/cbradar\/conheca-a-cidade-onde-ninguem-pode-trancar-as-portas\/","og_site_name":"Correio Braziliense - Radar","article_published_time":"2025-04-01T00:50:00+00:00","og_image":[{"width":1280,"height":720,"url":"https:\/\/www.correiobraziliense.com.br\/cbradar\/wp-content\/uploads\/2025\/03\/Longyearbyen_1743279271205.jpg","type":"image\/jpeg"}],"author":"Larissa Carvalho","twitter_card":"summary_large_image","twitter_misc":{"Escrito por":"Larissa Carvalho","Est. tempo de leitura":"3 minutos"},"schema":{"@context":"https:\/\/schema.org","@graph":[{"@type":"WebPage","@id":"https:\/\/www.correiobraziliense.com.br\/cbradar\/conheca-a-cidade-onde-ninguem-pode-trancar-as-portas\/","url":"https:\/\/www.correiobraziliense.com.br\/cbradar\/conheca-a-cidade-onde-ninguem-pode-trancar-as-portas\/","name":"Conhe\u00e7a a cidade onde ningu\u00e9m pode trancar as portas","isPartOf":{"@id":"https:\/\/www.correiobraziliense.com.br\/cbradar\/#website"},"primaryImageOfPage":{"@id":"https:\/\/www.correiobraziliense.com.br\/cbradar\/conheca-a-cidade-onde-ninguem-pode-trancar-as-portas\/#primaryimage"},"image":{"@id":"https:\/\/www.correiobraziliense.com.br\/cbradar\/conheca-a-cidade-onde-ninguem-pode-trancar-as-portas\/#primaryimage"},"thumbnailUrl":"https:\/\/www.correiobraziliense.com.br\/cbradar\/wp-content\/uploads\/2025\/03\/Longyearbyen_1743279271205.jpg","datePublished":"2025-04-01T00:50:00+00:00","author":{"@id":"https:\/\/www.correiobraziliense.com.br\/cbradar\/#\/schema\/person\/58422787644df994b53a19d3e56c1513"},"description":"Em Longyearbyen, Noruega, portas n\u00e3o podem ser trancadas \u2014 por seguran\u00e7a contra ursos polares. Conhe\u00e7a a cidade onde o risco vem da natureza.","breadcrumb":{"@id":"https:\/\/www.correiobraziliense.com.br\/cbradar\/conheca-a-cidade-onde-ninguem-pode-trancar-as-portas\/#breadcrumb"},"inLanguage":"pt-BR","potentialAction":[{"@type":"ReadAction","target":["https:\/\/www.correiobraziliense.com.br\/cbradar\/conheca-a-cidade-onde-ninguem-pode-trancar-as-portas\/"]}]},{"@type":"ImageObject","inLanguage":"pt-BR","@id":"https:\/\/www.correiobraziliense.com.br\/cbradar\/conheca-a-cidade-onde-ninguem-pode-trancar-as-portas\/#primaryimage","url":"https:\/\/www.correiobraziliense.com.br\/cbradar\/wp-content\/uploads\/2025\/03\/Longyearbyen_1743279271205.jpg","contentUrl":"https:\/\/www.correiobraziliense.com.br\/cbradar\/wp-content\/uploads\/2025\/03\/Longyearbyen_1743279271205.jpg","width":1280,"height":720,"caption":"Longyearbyen. Cr\u00e9ditos: depositphotos.com \/ fthuerig"},{"@type":"BreadcrumbList","@id":"https:\/\/www.correiobraziliense.com.br\/cbradar\/conheca-a-cidade-onde-ninguem-pode-trancar-as-portas\/#breadcrumb","itemListElement":[{"@type":"ListItem","position":1,"name":"In\u00edcio","item":"https:\/\/www.correiobraziliense.com.br\/cbradar\/"},{"@type":"ListItem","position":2,"name":"Conhe\u00e7a a cidade onde ningu\u00e9m pode trancar as portas"}]},{"@type":"WebSite","@id":"https:\/\/www.correiobraziliense.com.br\/cbradar\/#website","url":"https:\/\/www.correiobraziliense.com.br\/cbradar\/","name":"Correio Braziliense - Radar","description":"Acompanhe as \u00faltimas not\u00edcias e fique bem informado sobre tudo o que acontece no Brasil e no mundo.","potentialAction":[{"@type":"SearchAction","target":{"@type":"EntryPoint","urlTemplate":"https:\/\/www.correiobraziliense.com.br\/cbradar\/?s={search_term_string}"},"query-input":{"@type":"PropertyValueSpecification","valueRequired":true,"valueName":"search_term_string"}}],"inLanguage":"pt-BR"},{"@type":"Person","@id":"https:\/\/www.correiobraziliense.com.br\/cbradar\/#\/schema\/person\/58422787644df994b53a19d3e56c1513","name":"Larissa Carvalho","image":{"@type":"ImageObject","inLanguage":"pt-BR","@id":"https:\/\/www.correiobraziliense.com.br\/cbradar\/#\/schema\/person\/image\/","url":"https:\/\/secure.gravatar.com\/avatar\/fe4f91a0de32b52a838d0d612abdc1aa?s=96&d=mm&r=g","contentUrl":"https:\/\/secure.gravatar.com\/avatar\/fe4f91a0de32b52a838d0d612abdc1aa?s=96&d=mm&r=g","caption":"Larissa Carvalho"},"url":"https:\/\/www.correiobraziliense.com.br\/cbradar\/author\/larissamyth\/"}]}},"_links":{"self":[{"href":"https:\/\/www.correiobraziliense.com.br\/cbradar\/wp-json\/wp\/v2\/posts\/17233","targetHints":{"allow":["GET"]}}],"collection":[{"href":"https:\/\/www.correiobraziliense.com.br\/cbradar\/wp-json\/wp\/v2\/posts"}],"about":[{"href":"https:\/\/www.correiobraziliense.com.br\/cbradar\/wp-json\/wp\/v2\/types\/post"}],"author":[{"embeddable":true,"href":"https:\/\/www.correiobraziliense.com.br\/cbradar\/wp-json\/wp\/v2\/users\/3"}],"replies":[{"embeddable":true,"href":"https:\/\/www.correiobraziliense.com.br\/cbradar\/wp-json\/wp\/v2\/comments?post=17233"}],"version-history":[{"count":1,"href":"https:\/\/www.correiobraziliense.com.br\/cbradar\/wp-json\/wp\/v2\/posts\/17233\/revisions"}],"predecessor-version":[{"id":17236,"href":"https:\/\/www.correiobraziliense.com.br\/cbradar\/wp-json\/wp\/v2\/posts\/17233\/revisions\/17236"}],"wp:featuredmedia":[{"embeddable":true,"href":"https:\/\/www.correiobraziliense.com.br\/cbradar\/wp-json\/wp\/v2\/media\/17234"}],"wp:attachment":[{"href":"https:\/\/www.correiobraziliense.com.br\/cbradar\/wp-json\/wp\/v2\/media?parent=17233"}],"wp:term":[{"taxonomy":"category","embeddable":true,"href":"https:\/\/www.correiobraziliense.com.br\/cbradar\/wp-json\/wp\/v2\/categories?post=17233"},{"taxonomy":"post_tag","embeddable":true,"href":"https:\/\/www.correiobraziliense.com.br\/cbradar\/wp-json\/wp\/v2\/tags?post=17233"}],"curies":[{"name":"wp","href":"https:\/\/api.w.org\/{rel}","templated":true}]}}