{"id":17237,"date":"2025-03-31T22:50:00","date_gmt":"2025-04-01T01:50:00","guid":{"rendered":"https:\/\/www.correiobraziliense.com.br\/cbradar\/?p=17237"},"modified":"2025-03-30T14:30:00","modified_gmt":"2025-03-30T17:30:00","slug":"conheca-a-cidade-onde-ha-mais-bicicletas-do-que-pessoas","status":"publish","type":"post","link":"https:\/\/www.correiobraziliense.com.br\/cbradar\/conheca-a-cidade-onde-ha-mais-bicicletas-do-que-pessoas\/","title":{"rendered":"Conhe\u00e7a a cidade onde h\u00e1 mais bicicletas do que pessoas"},"content":{"rendered":"\n<p>Na encantadora <strong>Utrecht<\/strong>, no cora\u00e7\u00e3o da <strong>Holanda<\/strong>, o som de buzinas \u00e9 substitu\u00eddo pelo tilintar das campainhas de bicicleta. Isso porque Utrecht \u00e9 a cidade onde <strong>h\u00e1 mais bicicletas do que habitantes<\/strong> \u2014 com cerca de <strong>360 mil pessoas e mais de 400 mil bicicletas registradas<\/strong>, a cidade respira pedaladas.<\/p>\n\n\n\n<p>Com uma infraestrutura invej\u00e1vel, Utrecht se transformou em um <strong>modelo mundial de mobilidade urbana sustent\u00e1vel<\/strong>, onde <strong>a bicicleta \u00e9 o principal meio de transporte<\/strong> \u2014 e parte da identidade local.<\/p>\n\n\n\n<h2 class=\"wp-block-heading\"><strong>Por que Utrecht tem mais bicicletas que pessoas?<\/strong><\/h2>\n\n\n\n<p>A cidade priorizou a bicicleta com uma pol\u00edtica urbana consistente e inovadora. Entre os fatores que explicam esse fen\u00f4meno:<\/p>\n\n\n\n<ul class=\"wp-block-list\">\n<li><strong>Rede de ciclovias com mais de 245 km<\/strong>, segura e bem sinalizada<\/li>\n\n\n\n<li><strong>Estacionamentos subterr\u00e2neos para mais de 12 mil bicicletas<\/strong>, como o da esta\u00e7\u00e3o central (o maior do mundo)<\/li>\n\n\n\n<li>Incentivos fiscais, aluguel p\u00fablico de bikes e integra\u00e7\u00e3o total com o transporte coletivo<\/li>\n\n\n\n<li><strong>Topografia plana e clima moderado<\/strong>, ideais para pedalar<\/li>\n<\/ul>\n\n\n\n<p>Al\u00e9m disso, a cultura holandesa valoriza <strong>simplicidade, sa\u00fade e sustentabilidade<\/strong>, tornando a bicicleta <strong>um s\u00edmbolo de estilo de vida<\/strong>.<\/p>\n\n\n\n<figure class=\"wp-block-image size-large\"><img decoding=\"async\" width=\"1024\" height=\"576\" src=\"https:\/\/www.correiobraziliense.com.br\/cbradar\/wp-content\/uploads\/2025\/03\/Utrecht_1743279431069-1024x576.jpg\" alt=\"Conhe\u00e7a a cidade onde h\u00e1 mais bicicletas do que pessoas\" class=\"wp-image-17239\" srcset=\"https:\/\/www.correiobraziliense.com.br\/cbradar\/wp-content\/uploads\/2025\/03\/Utrecht_1743279431069-1024x576.jpg 1024w, https:\/\/www.correiobraziliense.com.br\/cbradar\/wp-content\/uploads\/2025\/03\/Utrecht_1743279431069-300x169.jpg 300w, https:\/\/www.correiobraziliense.com.br\/cbradar\/wp-content\/uploads\/2025\/03\/Utrecht_1743279431069-768x432.jpg 768w, https:\/\/www.correiobraziliense.com.br\/cbradar\/wp-content\/uploads\/2025\/03\/Utrecht_1743279431069-750x422.jpg 750w, https:\/\/www.correiobraziliense.com.br\/cbradar\/wp-content\/uploads\/2025\/03\/Utrecht_1743279431069-1140x642.jpg 1140w, https:\/\/www.correiobraziliense.com.br\/cbradar\/wp-content\/uploads\/2025\/03\/Utrecht_1743279431069.jpg 1279w\" sizes=\"(max-width: 1024px) 100vw, 1024px\" \/><figcaption class=\"wp-element-caption\">Utrecht. Cr\u00e9ditos: depositphotos.com \/ cjd1884<\/figcaption><\/figure>\n\n\n\n<h2 class=\"wp-block-heading\"><strong>Como Utrecht incentiva ainda mais o uso da bicicleta?<\/strong><\/h2>\n\n\n\n<p>A cidade vai al\u00e9m da infraestrutura e oferece:<\/p>\n\n\n\n<ul class=\"wp-block-list\">\n<li><strong>Sem\u00e1foros inteligentes que priorizam ciclistas<\/strong><\/li>\n\n\n\n<li><strong>Ciclovias suspensas e t\u00faneis exclusivos<\/strong><\/li>\n\n\n\n<li><strong>Escolas que ensinam educa\u00e7\u00e3o ciclovi\u00e1ria desde cedo<\/strong><\/li>\n\n\n\n<li><strong>Aplicativos para localizar estacionamentos e rotas seguras<\/strong><\/li>\n\n\n\n<li>Campanhas frequentes de manuten\u00e7\u00e3o e uso consciente<\/li>\n<\/ul>\n\n\n\n<p>Utrecht quer se tornar a <strong>cidade mais cicl\u00e1vel do mundo at\u00e9 2030<\/strong>, reduzindo ainda mais o uso de carros.<\/p>\n\n\n\n<h2 class=\"wp-block-heading\"><strong>Curiosidades sobre Utrecht e suas bicicletas<\/strong><\/h2>\n\n\n\n<ul class=\"wp-block-list\">\n<li><strong>A cidade possui o maior estacionamento de bicicletas do planeta<\/strong>, com capacidade para 12.500 bikes.<\/li>\n\n\n\n<li><strong>H\u00e1 elevadores autom\u00e1ticos s\u00f3 para bicicletas<\/strong> em algumas \u00e1reas centrais.<\/li>\n\n\n\n<li><strong>Mais de 60% dos deslocamentos no centro s\u00e3o feitos sobre duas rodas.<\/strong><\/li>\n\n\n\n<li><strong>Existem bicicletas-carga el\u00e9tricas que servem como \u201ccarros de fam\u00edlia\u201d.<\/strong><\/li>\n\n\n\n<li><strong>Bicicletas abandonadas s\u00e3o recolhidas, reformadas e redistribu\u00eddas socialmente.<\/strong><\/li>\n<\/ul>\n\n\n\n<p>Utrecht mostra que <strong>uma cidade pode ser organizada, eficiente e moderna com pedais \u2014 n\u00e3o motores<\/strong>. E mais do que um meio de transporte, a bicicleta l\u00e1 \u00e9 <strong>um estilo de vida que inspira o mundo inteiro<\/strong>.<\/p>\n","protected":false},"excerpt":{"rendered":"<p>Em Utrecht, na Holanda, h\u00e1 mais bicicletas do que pessoas. Descubra como a cidade virou refer\u00eancia global em mobilidade urbana sustent\u00e1vel.<\/p>\n","protected":false},"author":3,"featured_media":17238,"comment_status":"open","ping_status":"open","sticky":false,"template":"","format":"standard","meta":{"_yoast_wpseo_focuskw":"cidade bicicletas pessoas","_yoast_wpseo_title":"%%title%%","_yoast_wpseo_metadesc":"Em Utrecht, na Holanda, h\u00e1 mais bicicletas do que pessoas. Descubra como a cidade virou refer\u00eancia global em mobilidade urbana sustent\u00e1vel.","jnews-multi-image_gallery":[],"jnews_single_post":{"format":"standard"},"jnews_primary_category":[],"jnews_social_meta":[],"jnews_override_counter":[],"footnotes":""},"categories":[108],"tags":[109],"class_list":["post-17237","post","type-post","status-publish","format-standard","has-post-thumbnail","hentry","category-cidades","tag-cidades"],"yoast_head":"<!-- This site is optimized with the Yoast SEO plugin v24.6 - https:\/\/yoast.com\/wordpress\/plugins\/seo\/ -->\n<title>Conhe\u00e7a a cidade onde h\u00e1 mais bicicletas do que pessoas<\/title>\n<meta name=\"description\" content=\"Em Utrecht, na Holanda, h\u00e1 mais bicicletas do que pessoas. Descubra como a cidade virou refer\u00eancia global em mobilidade urbana sustent\u00e1vel.\" \/>\n<meta name=\"robots\" content=\"index, follow, max-snippet:-1, max-image-preview:large, max-video-preview:-1\" \/>\n<link rel=\"canonical\" href=\"https:\/\/www.correiobraziliense.com.br\/cbradar\/conheca-a-cidade-onde-ha-mais-bicicletas-do-que-pessoas\/\" \/>\n<meta property=\"og:locale\" content=\"pt_BR\" \/>\n<meta property=\"og:type\" content=\"article\" \/>\n<meta property=\"og:title\" content=\"Conhe\u00e7a a cidade onde h\u00e1 mais bicicletas do que pessoas\" \/>\n<meta property=\"og:description\" content=\"Em Utrecht, na Holanda, h\u00e1 mais bicicletas do que pessoas. Descubra como a cidade virou refer\u00eancia global em mobilidade urbana sustent\u00e1vel.\" \/>\n<meta property=\"og:url\" content=\"https:\/\/www.correiobraziliense.com.br\/cbradar\/conheca-a-cidade-onde-ha-mais-bicicletas-do-que-pessoas\/\" \/>\n<meta property=\"og:site_name\" content=\"Correio Braziliense - Radar\" \/>\n<meta property=\"article:published_time\" content=\"2025-04-01T01:50:00+00:00\" \/>\n<meta property=\"og:image\" content=\"https:\/\/www.correiobraziliense.com.br\/cbradar\/wp-content\/uploads\/2025\/03\/Utrecht_1743279406337.jpg\" \/>\n\t<meta property=\"og:image:width\" content=\"1280\" \/>\n\t<meta property=\"og:image:height\" content=\"720\" \/>\n\t<meta property=\"og:image:type\" content=\"image\/jpeg\" \/>\n<meta name=\"author\" content=\"Larissa Carvalho\" \/>\n<meta name=\"twitter:card\" content=\"summary_large_image\" \/>\n<meta name=\"twitter:label1\" content=\"Escrito por\" \/>\n\t<meta name=\"twitter:data1\" content=\"Larissa Carvalho\" \/>\n\t<meta name=\"twitter:label2\" content=\"Est. tempo de leitura\" \/>\n\t<meta name=\"twitter:data2\" content=\"3 minutos\" \/>\n<!-- \/ Yoast SEO plugin. -->","yoast_head_json":{"title":"Conhe\u00e7a a cidade onde h\u00e1 mais bicicletas do que pessoas","description":"Em Utrecht, na Holanda, h\u00e1 mais bicicletas do que pessoas. Descubra como a cidade virou refer\u00eancia global em mobilidade urbana sustent\u00e1vel.","robots":{"index":"index","follow":"follow","max-snippet":"max-snippet:-1","max-image-preview":"max-image-preview:large","max-video-preview":"max-video-preview:-1"},"canonical":"https:\/\/www.correiobraziliense.com.br\/cbradar\/conheca-a-cidade-onde-ha-mais-bicicletas-do-que-pessoas\/","og_locale":"pt_BR","og_type":"article","og_title":"Conhe\u00e7a a cidade onde h\u00e1 mais bicicletas do que pessoas","og_description":"Em Utrecht, na Holanda, h\u00e1 mais bicicletas do que pessoas. Descubra como a cidade virou refer\u00eancia global em mobilidade urbana sustent\u00e1vel.","og_url":"https:\/\/www.correiobraziliense.com.br\/cbradar\/conheca-a-cidade-onde-ha-mais-bicicletas-do-que-pessoas\/","og_site_name":"Correio Braziliense - Radar","article_published_time":"2025-04-01T01:50:00+00:00","og_image":[{"width":1280,"height":720,"url":"https:\/\/www.correiobraziliense.com.br\/cbradar\/wp-content\/uploads\/2025\/03\/Utrecht_1743279406337.jpg","type":"image\/jpeg"}],"author":"Larissa Carvalho","twitter_card":"summary_large_image","twitter_misc":{"Escrito por":"Larissa Carvalho","Est. tempo de leitura":"3 minutos"},"schema":{"@context":"https:\/\/schema.org","@graph":[{"@type":"WebPage","@id":"https:\/\/www.correiobraziliense.com.br\/cbradar\/conheca-a-cidade-onde-ha-mais-bicicletas-do-que-pessoas\/","url":"https:\/\/www.correiobraziliense.com.br\/cbradar\/conheca-a-cidade-onde-ha-mais-bicicletas-do-que-pessoas\/","name":"Conhe\u00e7a a cidade onde h\u00e1 mais bicicletas do que pessoas","isPartOf":{"@id":"https:\/\/www.correiobraziliense.com.br\/cbradar\/#website"},"primaryImageOfPage":{"@id":"https:\/\/www.correiobraziliense.com.br\/cbradar\/conheca-a-cidade-onde-ha-mais-bicicletas-do-que-pessoas\/#primaryimage"},"image":{"@id":"https:\/\/www.correiobraziliense.com.br\/cbradar\/conheca-a-cidade-onde-ha-mais-bicicletas-do-que-pessoas\/#primaryimage"},"thumbnailUrl":"https:\/\/www.correiobraziliense.com.br\/cbradar\/wp-content\/uploads\/2025\/03\/Utrecht_1743279406337.jpg","datePublished":"2025-04-01T01:50:00+00:00","author":{"@id":"https:\/\/www.correiobraziliense.com.br\/cbradar\/#\/schema\/person\/58422787644df994b53a19d3e56c1513"},"description":"Em Utrecht, na Holanda, h\u00e1 mais bicicletas do que pessoas. Descubra como a cidade virou refer\u00eancia global em mobilidade urbana sustent\u00e1vel.","breadcrumb":{"@id":"https:\/\/www.correiobraziliense.com.br\/cbradar\/conheca-a-cidade-onde-ha-mais-bicicletas-do-que-pessoas\/#breadcrumb"},"inLanguage":"pt-BR","potentialAction":[{"@type":"ReadAction","target":["https:\/\/www.correiobraziliense.com.br\/cbradar\/conheca-a-cidade-onde-ha-mais-bicicletas-do-que-pessoas\/"]}]},{"@type":"ImageObject","inLanguage":"pt-BR","@id":"https:\/\/www.correiobraziliense.com.br\/cbradar\/conheca-a-cidade-onde-ha-mais-bicicletas-do-que-pessoas\/#primaryimage","url":"https:\/\/www.correiobraziliense.com.br\/cbradar\/wp-content\/uploads\/2025\/03\/Utrecht_1743279406337.jpg","contentUrl":"https:\/\/www.correiobraziliense.com.br\/cbradar\/wp-content\/uploads\/2025\/03\/Utrecht_1743279406337.jpg","width":1280,"height":720,"caption":"Utrecht. Cr\u00e9ditos: depositphotos.com \/ mlehmann"},{"@type":"BreadcrumbList","@id":"https:\/\/www.correiobraziliense.com.br\/cbradar\/conheca-a-cidade-onde-ha-mais-bicicletas-do-que-pessoas\/#breadcrumb","itemListElement":[{"@type":"ListItem","position":1,"name":"In\u00edcio","item":"https:\/\/www.correiobraziliense.com.br\/cbradar\/"},{"@type":"ListItem","position":2,"name":"Conhe\u00e7a a cidade onde h\u00e1 mais bicicletas do que pessoas"}]},{"@type":"WebSite","@id":"https:\/\/www.correiobraziliense.com.br\/cbradar\/#website","url":"https:\/\/www.correiobraziliense.com.br\/cbradar\/","name":"Correio Braziliense - Radar","description":"Acompanhe as \u00faltimas not\u00edcias e fique bem informado sobre tudo o que acontece no Brasil e no mundo.","potentialAction":[{"@type":"SearchAction","target":{"@type":"EntryPoint","urlTemplate":"https:\/\/www.correiobraziliense.com.br\/cbradar\/?s={search_term_string}"},"query-input":{"@type":"PropertyValueSpecification","valueRequired":true,"valueName":"search_term_string"}}],"inLanguage":"pt-BR"},{"@type":"Person","@id":"https:\/\/www.correiobraziliense.com.br\/cbradar\/#\/schema\/person\/58422787644df994b53a19d3e56c1513","name":"Larissa Carvalho","image":{"@type":"ImageObject","inLanguage":"pt-BR","@id":"https:\/\/www.correiobraziliense.com.br\/cbradar\/#\/schema\/person\/image\/","url":"https:\/\/secure.gravatar.com\/avatar\/fe4f91a0de32b52a838d0d612abdc1aa?s=96&d=mm&r=g","contentUrl":"https:\/\/secure.gravatar.com\/avatar\/fe4f91a0de32b52a838d0d612abdc1aa?s=96&d=mm&r=g","caption":"Larissa Carvalho"},"url":"https:\/\/www.correiobraziliense.com.br\/cbradar\/author\/larissamyth\/"}]}},"_links":{"self":[{"href":"https:\/\/www.correiobraziliense.com.br\/cbradar\/wp-json\/wp\/v2\/posts\/17237","targetHints":{"allow":["GET"]}}],"collection":[{"href":"https:\/\/www.correiobraziliense.com.br\/cbradar\/wp-json\/wp\/v2\/posts"}],"about":[{"href":"https:\/\/www.correiobraziliense.com.br\/cbradar\/wp-json\/wp\/v2\/types\/post"}],"author":[{"embeddable":true,"href":"https:\/\/www.correiobraziliense.com.br\/cbradar\/wp-json\/wp\/v2\/users\/3"}],"replies":[{"embeddable":true,"href":"https:\/\/www.correiobraziliense.com.br\/cbradar\/wp-json\/wp\/v2\/comments?post=17237"}],"version-history":[{"count":1,"href":"https:\/\/www.correiobraziliense.com.br\/cbradar\/wp-json\/wp\/v2\/posts\/17237\/revisions"}],"predecessor-version":[{"id":17240,"href":"https:\/\/www.correiobraziliense.com.br\/cbradar\/wp-json\/wp\/v2\/posts\/17237\/revisions\/17240"}],"wp:featuredmedia":[{"embeddable":true,"href":"https:\/\/www.correiobraziliense.com.br\/cbradar\/wp-json\/wp\/v2\/media\/17238"}],"wp:attachment":[{"href":"https:\/\/www.correiobraziliense.com.br\/cbradar\/wp-json\/wp\/v2\/media?parent=17237"}],"wp:term":[{"taxonomy":"category","embeddable":true,"href":"https:\/\/www.correiobraziliense.com.br\/cbradar\/wp-json\/wp\/v2\/categories?post=17237"},{"taxonomy":"post_tag","embeddable":true,"href":"https:\/\/www.correiobraziliense.com.br\/cbradar\/wp-json\/wp\/v2\/tags?post=17237"}],"curies":[{"name":"wp","href":"https:\/\/api.w.org\/{rel}","templated":true}]}}