{"id":17248,"date":"2025-03-31T08:50:00","date_gmt":"2025-03-31T11:50:00","guid":{"rendered":"https:\/\/www.correiobraziliense.com.br\/cbradar\/?p=17248"},"modified":"2025-03-30T14:37:41","modified_gmt":"2025-03-30T17:37:41","slug":"o-fax-ainda-existe-entenda-por-onde-anda-a-tecnologia","status":"publish","type":"post","link":"https:\/\/www.correiobraziliense.com.br\/cbradar\/o-fax-ainda-existe-entenda-por-onde-anda-a-tecnologia\/","title":{"rendered":"O fax ainda existe? Entenda por onde anda a tecnologia"},"content":{"rendered":"\n<p>Em um mundo onde a tecnologia avan\u00e7a rapidamente, a comunica\u00e7\u00e3o de documentos evoluiu significativamente. O que antes era feito por meio de aparelhos de fax, hoje \u00e9 frequentemente substitu\u00eddo por m\u00e9todos digitais como e-mails e armazenamento em nuvem. No entanto, o fax, uma tecnologia que j\u00e1 foi essencial, ainda encontra seu espa\u00e7o em nichos espec\u00edficos.<\/p>\n\n\n\n<p>O aparelho de fax, um dispositivo que combina caracter\u00edsticas de telefone, scanner e impressora, foi uma inova\u00e7\u00e3o crucial para a comunica\u00e7\u00e3o de documentos em papel. Embora muitos o considerem obsoleto, ele ainda possui uma base fiel de usu\u00e1rios que valorizam sua simplicidade e seguran\u00e7a.<\/p>\n\n\n\n<h2 class=\"wp-block-heading\"><strong>Como funcionava o fax e sua import\u00e2ncia hist\u00f3rica<\/strong><\/h2>\n\n\n\n<p>O fax, abrevia\u00e7\u00e3o de facsimile, \u00e9 um sistema que permite a transmiss\u00e3o de c\u00f3pias de documentos via linha telef\u00f4nica. A tecnologia, que remonta a 1843, foi inicialmente desenvolvida por Alexander Bain. Seu sistema usava sinais telegr\u00e1ficos para transmitir imagens, uma inova\u00e7\u00e3o para a \u00e9poca.<\/p>\n\n\n\n<p>Ao longo dos anos, o fax evoluiu e se tornou uma ferramenta essencial para empresas e governos. Na d\u00e9cada de 1980, ele se popularizou amplamente, especialmente ap\u00f3s a Xerox introduzir tecnologias que melhoraram sua efici\u00eancia. O fax permitiu a r\u00e1pida troca de documentos, tornando-se indispens\u00e1vel em ambientes corporativos.<\/p>\n\n\n\n<figure class=\"wp-block-image size-large\"><img decoding=\"async\" width=\"1024\" height=\"576\" src=\"https:\/\/www.correiobraziliense.com.br\/cbradar\/wp-content\/uploads\/2025\/03\/fax_1743281513371-1024x576.jpg\" alt=\"O fax ainda existe? Entenda por onde anda a tecnologia\" class=\"wp-image-17250\" srcset=\"https:\/\/www.correiobraziliense.com.br\/cbradar\/wp-content\/uploads\/2025\/03\/fax_1743281513371-1024x576.jpg 1024w, https:\/\/www.correiobraziliense.com.br\/cbradar\/wp-content\/uploads\/2025\/03\/fax_1743281513371-300x169.jpg 300w, https:\/\/www.correiobraziliense.com.br\/cbradar\/wp-content\/uploads\/2025\/03\/fax_1743281513371-768x432.jpg 768w, https:\/\/www.correiobraziliense.com.br\/cbradar\/wp-content\/uploads\/2025\/03\/fax_1743281513371-750x422.jpg 750w, https:\/\/www.correiobraziliense.com.br\/cbradar\/wp-content\/uploads\/2025\/03\/fax_1743281513371-1140x641.jpg 1140w, https:\/\/www.correiobraziliense.com.br\/cbradar\/wp-content\/uploads\/2025\/03\/fax_1743281513371.jpg 1280w\" sizes=\"(max-width: 1024px) 100vw, 1024px\" \/><figcaption class=\"wp-element-caption\">Fax. Cr\u00e9ditos: depositphotos.com \/ piyaphunjun.gmail.com<\/figcaption><\/figure>\n\n\n\n<h2 class=\"wp-block-heading\"><strong>Por que o fax ainda \u00e9 utilizado?<\/strong><\/h2>\n\n\n\n<p>Apesar do avan\u00e7o das tecnologias digitais, o fax ainda \u00e9 utilizado em alguns setores. Mas por que isso acontece? Em primeiro lugar, o fax \u00e9 considerado mais seguro do que muitos m\u00e9todos digitais. A transmiss\u00e3o via linha telef\u00f4nica \u00e9 menos suscet\u00edvel a ataques cibern\u00e9ticos, o que \u00e9 crucial para setores que lidam com informa\u00e7\u00f5es sens\u00edveis.<\/p>\n\n\n\n<p>Al\u00e9m disso, a simplicidade do fax \u00e9 um atrativo para muitos usu\u00e1rios. Profissionais da sa\u00fade, advocacia e do setor imobili\u00e1rio ainda preferem o fax para certos processos devido \u00e0 sua confiabilidade e facilidade de uso. Em pa\u00edses como o Jap\u00e3o, o fax continua sendo uma ferramenta comum at\u00e9 mesmo em departamentos governamentais.<\/p>\n\n\n\n<h2 class=\"wp-block-heading\"><strong>O fax na era digital: adapta\u00e7\u00e3o e sobreviv\u00eancia<\/strong><\/h2>\n\n\n\n<p>Com o avan\u00e7o da tecnologia, o fax tamb\u00e9m se adaptou. Hoje, muitos aparelhos de fax modernos funcionam como impressoras multifuncionais, permitindo o envio de documentos pela internet. Servi\u00e7os como o eFax possibilitam o envio de documentos de um smartphone para um aparelho de fax, integrando o antigo ao novo.<\/p>\n\n\n\n<p>Essa capacidade de adapta\u00e7\u00e3o demonstra que, embora o fax esteja se tornando cada vez mais raro, ele ainda possui um papel a desempenhar. Sua sobreviv\u00eancia \u00e9 um testemunho de sua utilidade e da confian\u00e7a que ainda inspira em seus usu\u00e1rios.<\/p>\n\n\n\n<h2 class=\"wp-block-heading\"><strong>O futuro do fax: um nicho resiliente<\/strong><\/h2>\n\n\n\n<p>Embora o fax n\u00e3o seja mais a escolha principal para a maioria das comunica\u00e7\u00f5es, ele ainda ocupa um nicho resiliente. Sua capacidade de oferecer seguran\u00e7a e simplicidade continua a ser valorizada em um mundo digital cada vez mais complexo. Assim, enquanto a tecnologia avan\u00e7a, o fax permanece como um lembrete de que algumas solu\u00e7\u00f5es antigas ainda t\u00eam seu lugar.<\/p>\n","protected":false},"excerpt":{"rendered":"<p>Explora\u00e7\u00e3o da evolu\u00e7\u00e3o do fax e sua surpreendente persist\u00eancia em um mundo digital, incluindo sua hist\u00f3ria, import\u00e2ncia atual e futuro incerto.<\/p>\n","protected":false},"author":3,"featured_media":17249,"comment_status":"open","ping_status":"open","sticky":false,"template":"","format":"standard","meta":{"_yoast_wpseo_focuskw":"fax","_yoast_wpseo_title":"%%title%%","_yoast_wpseo_metadesc":"Explora\u00e7\u00e3o da evolu\u00e7\u00e3o do fax e sua surpreendente persist\u00eancia em um mundo digital, incluindo sua hist\u00f3ria, import\u00e2ncia atual e futuro incerto.","jnews-multi-image_gallery":[],"jnews_single_post":{"format":"standard"},"jnews_primary_category":[],"jnews_social_meta":[],"jnews_override_counter":[],"footnotes":""},"categories":[112],"post_tag":[2633],"class_list":["post-17248","post","type-post","status-publish","format-standard","has-post-thumbnail","hentry","category-curiosidades","tag-fax"],"yoast_head":"<!-- This site is optimized with the Yoast SEO plugin v24.6 - https:\/\/yoast.com\/wordpress\/plugins\/seo\/ -->\n<title>O fax ainda existe? Entenda por onde anda a tecnologia<\/title>\n<meta name=\"description\" content=\"Explora\u00e7\u00e3o da evolu\u00e7\u00e3o do fax e sua surpreendente persist\u00eancia em um mundo digital, incluindo sua hist\u00f3ria, import\u00e2ncia atual e futuro incerto.\" \/>\n<meta name=\"robots\" content=\"index, follow, max-snippet:-1, max-image-preview:large, max-video-preview:-1\" \/>\n<link rel=\"canonical\" href=\"https:\/\/www.correiobraziliense.com.br\/cbradar\/o-fax-ainda-existe-entenda-por-onde-anda-a-tecnologia\/\" \/>\n<meta property=\"og:locale\" content=\"pt_BR\" \/>\n<meta property=\"og:type\" content=\"article\" \/>\n<meta property=\"og:title\" content=\"O fax ainda existe? Entenda por onde anda a tecnologia\" \/>\n<meta property=\"og:description\" content=\"Explora\u00e7\u00e3o da evolu\u00e7\u00e3o do fax e sua surpreendente persist\u00eancia em um mundo digital, incluindo sua hist\u00f3ria, import\u00e2ncia atual e futuro incerto.\" \/>\n<meta property=\"og:url\" content=\"https:\/\/www.correiobraziliense.com.br\/cbradar\/o-fax-ainda-existe-entenda-por-onde-anda-a-tecnologia\/\" \/>\n<meta property=\"og:site_name\" content=\"Correio Braziliense - Radar\" \/>\n<meta property=\"article:published_time\" content=\"2025-03-31T11:50:00+00:00\" \/>\n<meta property=\"og:image\" content=\"https:\/\/www.correiobraziliense.com.br\/cbradar\/wp-content\/uploads\/2025\/03\/fax_1743281481778.jpg\" \/>\n\t<meta property=\"og:image:width\" content=\"1280\" \/>\n\t<meta property=\"og:image:height\" content=\"720\" \/>\n\t<meta property=\"og:image:type\" content=\"image\/jpeg\" \/>\n<meta name=\"author\" content=\"Larissa Carvalho\" \/>\n<meta name=\"twitter:card\" content=\"summary_large_image\" \/>\n<meta name=\"twitter:label1\" content=\"Escrito por\" \/>\n\t<meta name=\"twitter:data1\" content=\"Larissa Carvalho\" \/>\n\t<meta name=\"twitter:label2\" content=\"Est. tempo de leitura\" \/>\n\t<meta name=\"twitter:data2\" content=\"4 minutos\" \/>\n<!-- \/ Yoast SEO plugin. -->","yoast_head_json":{"title":"O fax ainda existe? Entenda por onde anda a tecnologia","description":"Explora\u00e7\u00e3o da evolu\u00e7\u00e3o do fax e sua surpreendente persist\u00eancia em um mundo digital, incluindo sua hist\u00f3ria, import\u00e2ncia atual e futuro incerto.","robots":{"index":"index","follow":"follow","max-snippet":"max-snippet:-1","max-image-preview":"max-image-preview:large","max-video-preview":"max-video-preview:-1"},"canonical":"https:\/\/www.correiobraziliense.com.br\/cbradar\/o-fax-ainda-existe-entenda-por-onde-anda-a-tecnologia\/","og_locale":"pt_BR","og_type":"article","og_title":"O fax ainda existe? Entenda por onde anda a tecnologia","og_description":"Explora\u00e7\u00e3o da evolu\u00e7\u00e3o do fax e sua surpreendente persist\u00eancia em um mundo digital, incluindo sua hist\u00f3ria, import\u00e2ncia atual e futuro incerto.","og_url":"https:\/\/www.correiobraziliense.com.br\/cbradar\/o-fax-ainda-existe-entenda-por-onde-anda-a-tecnologia\/","og_site_name":"Correio Braziliense - Radar","article_published_time":"2025-03-31T11:50:00+00:00","og_image":[{"width":1280,"height":720,"url":"https:\/\/www.correiobraziliense.com.br\/cbradar\/wp-content\/uploads\/2025\/03\/fax_1743281481778.jpg","type":"image\/jpeg"}],"author":"Larissa Carvalho","twitter_card":"summary_large_image","twitter_misc":{"Escrito por":"Larissa Carvalho","Est. tempo de leitura":"4 minutos"},"schema":{"@context":"https:\/\/schema.org","@graph":[{"@type":"WebPage","@id":"https:\/\/www.correiobraziliense.com.br\/cbradar\/o-fax-ainda-existe-entenda-por-onde-anda-a-tecnologia\/","url":"https:\/\/www.correiobraziliense.com.br\/cbradar\/o-fax-ainda-existe-entenda-por-onde-anda-a-tecnologia\/","name":"O fax ainda existe? Entenda por onde anda a tecnologia","isPartOf":{"@id":"https:\/\/www.correiobraziliense.com.br\/cbradar\/#website"},"primaryImageOfPage":{"@id":"https:\/\/www.correiobraziliense.com.br\/cbradar\/o-fax-ainda-existe-entenda-por-onde-anda-a-tecnologia\/#primaryimage"},"image":{"@id":"https:\/\/www.correiobraziliense.com.br\/cbradar\/o-fax-ainda-existe-entenda-por-onde-anda-a-tecnologia\/#primaryimage"},"thumbnailUrl":"https:\/\/www.correiobraziliense.com.br\/cbradar\/wp-content\/uploads\/2025\/03\/fax_1743281481778.jpg","datePublished":"2025-03-31T11:50:00+00:00","author":{"@id":"https:\/\/www.correiobraziliense.com.br\/cbradar\/#\/schema\/person\/58422787644df994b53a19d3e56c1513"},"description":"Explora\u00e7\u00e3o da evolu\u00e7\u00e3o do fax e sua surpreendente persist\u00eancia em um mundo digital, incluindo sua hist\u00f3ria, import\u00e2ncia atual e futuro incerto.","breadcrumb":{"@id":"https:\/\/www.correiobraziliense.com.br\/cbradar\/o-fax-ainda-existe-entenda-por-onde-anda-a-tecnologia\/#breadcrumb"},"inLanguage":"pt-BR","potentialAction":[{"@type":"ReadAction","target":["https:\/\/www.correiobraziliense.com.br\/cbradar\/o-fax-ainda-existe-entenda-por-onde-anda-a-tecnologia\/"]}]},{"@type":"ImageObject","inLanguage":"pt-BR","@id":"https:\/\/www.correiobraziliense.com.br\/cbradar\/o-fax-ainda-existe-entenda-por-onde-anda-a-tecnologia\/#primaryimage","url":"https:\/\/www.correiobraziliense.com.br\/cbradar\/wp-content\/uploads\/2025\/03\/fax_1743281481778.jpg","contentUrl":"https:\/\/www.correiobraziliense.com.br\/cbradar\/wp-content\/uploads\/2025\/03\/fax_1743281481778.jpg","width":1280,"height":720,"caption":"Fax. Cr\u00e9ditos: depositphotos.com \/ Nomadsoul1"},{"@type":"BreadcrumbList","@id":"https:\/\/www.correiobraziliense.com.br\/cbradar\/o-fax-ainda-existe-entenda-por-onde-anda-a-tecnologia\/#breadcrumb","itemListElement":[{"@type":"ListItem","position":1,"name":"In\u00edcio","item":"https:\/\/www.correiobraziliense.com.br\/cbradar\/"},{"@type":"ListItem","position":2,"name":"O fax ainda existe? Entenda por onde anda a tecnologia"}]},{"@type":"WebSite","@id":"https:\/\/www.correiobraziliense.com.br\/cbradar\/#website","url":"https:\/\/www.correiobraziliense.com.br\/cbradar\/","name":"Correio Braziliense - Radar","description":"Acompanhe as \u00faltimas not\u00edcias e fique bem informado sobre tudo o que acontece no Brasil e no mundo.","potentialAction":[{"@type":"SearchAction","target":{"@type":"EntryPoint","urlTemplate":"https:\/\/www.correiobraziliense.com.br\/cbradar\/?s={search_term_string}"},"query-input":{"@type":"PropertyValueSpecification","valueRequired":true,"valueName":"search_term_string"}}],"inLanguage":"pt-BR"},{"@type":"Person","@id":"https:\/\/www.correiobraziliense.com.br\/cbradar\/#\/schema\/person\/58422787644df994b53a19d3e56c1513","name":"Larissa Carvalho","image":{"@type":"ImageObject","inLanguage":"pt-BR","@id":"https:\/\/www.correiobraziliense.com.br\/cbradar\/#\/schema\/person\/image\/","url":"https:\/\/secure.gravatar.com\/avatar\/fe4f91a0de32b52a838d0d612abdc1aa?s=96&d=mm&r=g","contentUrl":"https:\/\/secure.gravatar.com\/avatar\/fe4f91a0de32b52a838d0d612abdc1aa?s=96&d=mm&r=g","caption":"Larissa Carvalho"},"url":"https:\/\/www.correiobraziliense.com.br\/cbradar\/author\/larissamyth\/"}]}},"_links":{"self":[{"href":"https:\/\/www.correiobraziliense.com.br\/cbradar\/wp-json\/wp\/v2\/posts\/17248","targetHints":{"allow":["GET"]}}],"collection":[{"href":"https:\/\/www.correiobraziliense.com.br\/cbradar\/wp-json\/wp\/v2\/posts"}],"about":[{"href":"https:\/\/www.correiobraziliense.com.br\/cbradar\/wp-json\/wp\/v2\/types\/post"}],"author":[{"embeddable":true,"href":"https:\/\/www.correiobraziliense.com.br\/cbradar\/wp-json\/wp\/v2\/users\/3"}],"replies":[{"embeddable":true,"href":"https:\/\/www.correiobraziliense.com.br\/cbradar\/wp-json\/wp\/v2\/comments?post=17248"}],"version-history":[{"count":1,"href":"https:\/\/www.correiobraziliense.com.br\/cbradar\/wp-json\/wp\/v2\/posts\/17248\/revisions"}],"predecessor-version":[{"id":17251,"href":"https:\/\/www.correiobraziliense.com.br\/cbradar\/wp-json\/wp\/v2\/posts\/17248\/revisions\/17251"}],"wp:featuredmedia":[{"embeddable":true,"href":"https:\/\/www.correiobraziliense.com.br\/cbradar\/wp-json\/wp\/v2\/media\/17249"}],"wp:attachment":[{"href":"https:\/\/www.correiobraziliense.com.br\/cbradar\/wp-json\/wp\/v2\/media?parent=17248"}],"wp:term":[{"taxonomy":"category","embeddable":true,"href":"https:\/\/www.correiobraziliense.com.br\/cbradar\/wp-json\/wp\/v2\/categories?post=17248"},{"taxonomy":"post_tag","embeddable":true,"href":"https:\/\/www.correiobraziliense.com.br\/cbradar\/wp-json\/wp\/v2\/post_tag?post=17248"}],"curies":[{"name":"wp","href":"https:\/\/api.w.org\/{rel}","templated":true}]}}