{"id":17252,"date":"2025-03-31T12:50:00","date_gmt":"2025-03-31T15:50:00","guid":{"rendered":"https:\/\/www.correiobraziliense.com.br\/cbradar\/?p=17252"},"modified":"2025-03-30T14:35:17","modified_gmt":"2025-03-30T17:35:17","slug":"japao-apresenta-primeira-bateria-recarregavel-do-mundo","status":"publish","type":"post","link":"https:\/\/www.correiobraziliense.com.br\/cbradar\/japao-apresenta-primeira-bateria-recarregavel-do-mundo\/","title":{"rendered":"Jap\u00e3o apresenta primeira bateria recarreg\u00e1vel do mundo"},"content":{"rendered":"\n<p>Pesquisadores japoneses alcan\u00e7aram um marco significativo no campo das energias renov\u00e1veis com o desenvolvimento da primeira bateria recarreg\u00e1vel de ur\u00e2nio do mundo. Este avan\u00e7o, revelado recentemente, utiliza ur\u00e2nio empobrecido, um subproduto da energia nuclear, para criar uma fonte de energia sustent\u00e1vel e inovadora. Este projeto \u00e9 liderado pela <strong>Ag\u00eancia de Energia At\u00f4mica do Jap\u00e3o (JAEA)<\/strong> e representa uma nova abordagem para o uso de materiais nucleares.<\/p>\n\n\n\n<p>Tradicionalmente, as baterias dependem de materiais como l\u00edtio e chumbo para gerar eletricidade. No entanto, a equipe da JAEA optou por explorar as propriedades qu\u00edmicas do ur\u00e2nio. O prot\u00f3tipo desenvolvido possui dimens\u00f5es compactas, com 10 cm de largura e 5 cm de altura, e \u00e9 capaz de gerar uma voltagem de 1,3 V, compar\u00e1vel \u00e0 de baterias alcalinas convencionais.<\/p>\n\n\n\n<h2 class=\"wp-block-heading\"><strong>Como funciona a bateria de ur\u00e2nio?<\/strong><\/h2>\n\n\n\n<p>A bateria de ur\u00e2nio utiliza um eletr\u00f3lito de ur\u00e2nio no eletrodo negativo e um eletr\u00f3lito de ferro no eletrodo positivo. Este design inovador permite que a bateria seja carregada e descarregada m\u00faltiplas vezes sem perda significativa de desempenho. Durante os testes, a bateria foi carregada e descarregada 10 vezes, mantendo sua efici\u00eancia, o que demonstra seu potencial para aplica\u00e7\u00f5es pr\u00e1ticas.<\/p>\n\n\n\n<p>O uso de ur\u00e2nio empobrecido, um material frequentemente considerado lixo nuclear, \u00e9 uma solu\u00e7\u00e3o engenhosa para reaproveitar recursos que, de outra forma, seriam descartados. O ur\u00e2nio empobrecido \u00e9 menos radioativo que o ur\u00e2nio natural e \u00e9 um subproduto do processo de enriquecimento usado na gera\u00e7\u00e3o de energia nuclear.<\/p>\n\n\n\n<figure class=\"wp-block-image size-large\"><img decoding=\"async\" width=\"1024\" height=\"576\" src=\"https:\/\/www.correiobraziliense.com.br\/cbradar\/wp-content\/uploads\/2025\/03\/uranio_1743283153568-1024x576.jpg\" alt=\"Jap\u00e3o apresenta primeira bateria recarreg\u00e1vel do mundo\" class=\"wp-image-17258\" srcset=\"https:\/\/www.correiobraziliense.com.br\/cbradar\/wp-content\/uploads\/2025\/03\/uranio_1743283153568-1024x576.jpg 1024w, https:\/\/www.correiobraziliense.com.br\/cbradar\/wp-content\/uploads\/2025\/03\/uranio_1743283153568-300x169.jpg 300w, https:\/\/www.correiobraziliense.com.br\/cbradar\/wp-content\/uploads\/2025\/03\/uranio_1743283153568-768x432.jpg 768w, https:\/\/www.correiobraziliense.com.br\/cbradar\/wp-content\/uploads\/2025\/03\/uranio_1743283153568-750x422.jpg 750w, https:\/\/www.correiobraziliense.com.br\/cbradar\/wp-content\/uploads\/2025\/03\/uranio_1743283153568-1140x641.jpg 1140w, https:\/\/www.correiobraziliense.com.br\/cbradar\/wp-content\/uploads\/2025\/03\/uranio_1743283153568.jpg 1280w\" sizes=\"(max-width: 1024px) 100vw, 1024px\" \/><figcaption class=\"wp-element-caption\">Ur\u00e2nio. Cr\u00e9ditos: depositphotos.com \/ robertohunger<\/figcaption><\/figure>\n\n\n\n<h2 class=\"wp-block-heading\"><strong>Quais s\u00e3o as possibilidades de uso para esta tecnologia?<\/strong><\/h2>\n\n\n\n<p>As baterias recarreg\u00e1veis de ur\u00e2nio empobrecido t\u00eam o potencial de transformar a maneira como a energia \u00e9 armazenada e utilizada. Uma das aplica\u00e7\u00f5es poss\u00edveis \u00e9 no controle de produ\u00e7\u00e3o de energia em redes que utilizam fontes renov\u00e1veis, contribuindo para uma sociedade mais sustent\u00e1vel e descarbonizada. Al\u00e9m disso, estas baterias podem ser utilizadas em ambientes com radia\u00e7\u00e3o controlada, como instala\u00e7\u00f5es de usinas nucleares.<\/p>\n\n\n\n<p>Os cientistas da JAEA est\u00e3o explorando o desenvolvimento de c\u00e9lulas de fluxo redox para aumentar a capacidade de armazenamento e a efici\u00eancia energ\u00e9tica dessas baterias. Esta tecnologia pode abrir caminho para novas formas de armazenar e distribuir energia de maneira mais eficiente.<\/p>\n\n\n\n<h2 class=\"wp-block-heading\"><strong>Desafios e considera\u00e7\u00f5es futuras<\/strong><\/h2>\n\n\n\n<p>Embora promissora, a implementa\u00e7\u00e3o pr\u00e1tica das baterias de ur\u00e2nio enfrenta desafios significativos. A seguran\u00e7a \u00e9 uma preocupa\u00e7\u00e3o primordial, especialmente devido aos riscos associados ao manuseio de materiais radioativos. Portanto, \u00e9 prov\u00e1vel que o uso dessas baterias seja restrito a locais onde a radia\u00e7\u00e3o possa ser controlada adequadamente.<\/p>\n\n\n\n<p>Al\u00e9m disso, a aceita\u00e7\u00e3o p\u00fablica e a regulamenta\u00e7\u00e3o governamental desempenhar\u00e3o pap\u00e9is cruciais na viabilidade comercial desta tecnologia. \u00c0 medida que os pesquisadores continuam a aperfei\u00e7oar o design e a funcionalidade das baterias de ur\u00e2nio, o potencial para uma nova era de armazenamento de energia sustent\u00e1vel permanece promissor.<\/p>\n\n\n\n<h2 class=\"wp-block-heading\"><strong>O futuro das baterias recarreg\u00e1veis<\/strong><\/h2>\n\n\n\n<p>O desenvolvimento da primeira bateria recarreg\u00e1vel de ur\u00e2nio representa um avan\u00e7o significativo na busca por solu\u00e7\u00f5es energ\u00e9ticas sustent\u00e1veis. Ao transformar lixo nuclear em uma fonte de energia \u00fatil, esta inova\u00e7\u00e3o n\u00e3o apenas aborda quest\u00f5es de res\u00edduos nucleares, mas tamb\u00e9m oferece uma nova perspectiva para o armazenamento de energia. \u00c0 medida que a pesquisa avan\u00e7a, o mundo pode estar \u00e0 beira de uma revolu\u00e7\u00e3o na forma como a energia \u00e9 armazenada e utilizada.<\/p>\n","protected":false},"excerpt":{"rendered":"<p>Pesquisadores japoneses criam a primeira bateria recarreg\u00e1vel de ur\u00e2nio, abrindo caminho para solu\u00e7\u00f5es energ\u00e9ticas sustent\u00e1veis.<\/p>\n","protected":false},"author":3,"featured_media":17257,"comment_status":"open","ping_status":"open","sticky":false,"template":"","format":"standard","meta":{"_yoast_wpseo_focuskw":"bateria recarreg\u00e1vel","_yoast_wpseo_title":"%%title%%","_yoast_wpseo_metadesc":"Pesquisadores japoneses criam a primeira bateria recarreg\u00e1vel de ur\u00e2nio, abrindo caminho para solu\u00e7\u00f5es energ\u00e9ticas sustent\u00e1veis.","jnews-multi-image_gallery":[],"jnews_single_post":{"format":"standard"},"jnews_primary_category":[],"jnews_social_meta":[],"jnews_override_counter":[],"footnotes":""},"categories":[112],"tags":[2547,1217],"class_list":["post-17252","post","type-post","status-publish","format-standard","has-post-thumbnail","hentry","category-curiosidades","tag-bateria-recarregavel","tag-japao"],"yoast_head":"<!-- This site is optimized with the Yoast SEO plugin v24.6 - https:\/\/yoast.com\/wordpress\/plugins\/seo\/ -->\n<title>Jap\u00e3o apresenta primeira bateria recarreg\u00e1vel do mundo<\/title>\n<meta name=\"description\" content=\"Pesquisadores japoneses criam a primeira bateria recarreg\u00e1vel de ur\u00e2nio, abrindo caminho para solu\u00e7\u00f5es energ\u00e9ticas sustent\u00e1veis.\" \/>\n<meta name=\"robots\" content=\"index, follow, max-snippet:-1, max-image-preview:large, max-video-preview:-1\" \/>\n<link rel=\"canonical\" href=\"https:\/\/www.correiobraziliense.com.br\/cbradar\/japao-apresenta-primeira-bateria-recarregavel-do-mundo\/\" \/>\n<meta property=\"og:locale\" content=\"pt_BR\" \/>\n<meta property=\"og:type\" content=\"article\" \/>\n<meta property=\"og:title\" content=\"Jap\u00e3o apresenta primeira bateria recarreg\u00e1vel do mundo\" \/>\n<meta property=\"og:description\" content=\"Pesquisadores japoneses criam a primeira bateria recarreg\u00e1vel de ur\u00e2nio, abrindo caminho para solu\u00e7\u00f5es energ\u00e9ticas sustent\u00e1veis.\" \/>\n<meta property=\"og:url\" content=\"https:\/\/www.correiobraziliense.com.br\/cbradar\/japao-apresenta-primeira-bateria-recarregavel-do-mundo\/\" \/>\n<meta property=\"og:site_name\" content=\"Correio Braziliense - Radar\" \/>\n<meta property=\"article:published_time\" content=\"2025-03-31T15:50:00+00:00\" \/>\n<meta property=\"og:image\" content=\"https:\/\/www.correiobraziliense.com.br\/cbradar\/wp-content\/uploads\/2025\/03\/uranio_1743283101546.jpg\" \/>\n\t<meta property=\"og:image:width\" content=\"1280\" \/>\n\t<meta property=\"og:image:height\" content=\"720\" \/>\n\t<meta property=\"og:image:type\" content=\"image\/jpeg\" \/>\n<meta name=\"author\" content=\"Larissa Carvalho\" \/>\n<meta name=\"twitter:card\" content=\"summary_large_image\" \/>\n<meta name=\"twitter:label1\" content=\"Escrito por\" \/>\n\t<meta name=\"twitter:data1\" content=\"Larissa Carvalho\" \/>\n\t<meta name=\"twitter:label2\" content=\"Est. tempo de leitura\" \/>\n\t<meta name=\"twitter:data2\" content=\"4 minutos\" \/>\n<!-- \/ Yoast SEO plugin. -->","yoast_head_json":{"title":"Jap\u00e3o apresenta primeira bateria recarreg\u00e1vel do mundo","description":"Pesquisadores japoneses criam a primeira bateria recarreg\u00e1vel de ur\u00e2nio, abrindo caminho para solu\u00e7\u00f5es energ\u00e9ticas sustent\u00e1veis.","robots":{"index":"index","follow":"follow","max-snippet":"max-snippet:-1","max-image-preview":"max-image-preview:large","max-video-preview":"max-video-preview:-1"},"canonical":"https:\/\/www.correiobraziliense.com.br\/cbradar\/japao-apresenta-primeira-bateria-recarregavel-do-mundo\/","og_locale":"pt_BR","og_type":"article","og_title":"Jap\u00e3o apresenta primeira bateria recarreg\u00e1vel do mundo","og_description":"Pesquisadores japoneses criam a primeira bateria recarreg\u00e1vel de ur\u00e2nio, abrindo caminho para solu\u00e7\u00f5es energ\u00e9ticas sustent\u00e1veis.","og_url":"https:\/\/www.correiobraziliense.com.br\/cbradar\/japao-apresenta-primeira-bateria-recarregavel-do-mundo\/","og_site_name":"Correio Braziliense - Radar","article_published_time":"2025-03-31T15:50:00+00:00","og_image":[{"width":1280,"height":720,"url":"https:\/\/www.correiobraziliense.com.br\/cbradar\/wp-content\/uploads\/2025\/03\/uranio_1743283101546.jpg","type":"image\/jpeg"}],"author":"Larissa Carvalho","twitter_card":"summary_large_image","twitter_misc":{"Escrito por":"Larissa Carvalho","Est. tempo de leitura":"4 minutos"},"schema":{"@context":"https:\/\/schema.org","@graph":[{"@type":"WebPage","@id":"https:\/\/www.correiobraziliense.com.br\/cbradar\/japao-apresenta-primeira-bateria-recarregavel-do-mundo\/","url":"https:\/\/www.correiobraziliense.com.br\/cbradar\/japao-apresenta-primeira-bateria-recarregavel-do-mundo\/","name":"Jap\u00e3o apresenta primeira bateria recarreg\u00e1vel do mundo","isPartOf":{"@id":"https:\/\/www.correiobraziliense.com.br\/cbradar\/#website"},"primaryImageOfPage":{"@id":"https:\/\/www.correiobraziliense.com.br\/cbradar\/japao-apresenta-primeira-bateria-recarregavel-do-mundo\/#primaryimage"},"image":{"@id":"https:\/\/www.correiobraziliense.com.br\/cbradar\/japao-apresenta-primeira-bateria-recarregavel-do-mundo\/#primaryimage"},"thumbnailUrl":"https:\/\/www.correiobraziliense.com.br\/cbradar\/wp-content\/uploads\/2025\/03\/uranio_1743283101546.jpg","datePublished":"2025-03-31T15:50:00+00:00","author":{"@id":"https:\/\/www.correiobraziliense.com.br\/cbradar\/#\/schema\/person\/58422787644df994b53a19d3e56c1513"},"description":"Pesquisadores japoneses criam a primeira bateria recarreg\u00e1vel de ur\u00e2nio, abrindo caminho para solu\u00e7\u00f5es energ\u00e9ticas sustent\u00e1veis.","breadcrumb":{"@id":"https:\/\/www.correiobraziliense.com.br\/cbradar\/japao-apresenta-primeira-bateria-recarregavel-do-mundo\/#breadcrumb"},"inLanguage":"pt-BR","potentialAction":[{"@type":"ReadAction","target":["https:\/\/www.correiobraziliense.com.br\/cbradar\/japao-apresenta-primeira-bateria-recarregavel-do-mundo\/"]}]},{"@type":"ImageObject","inLanguage":"pt-BR","@id":"https:\/\/www.correiobraziliense.com.br\/cbradar\/japao-apresenta-primeira-bateria-recarregavel-do-mundo\/#primaryimage","url":"https:\/\/www.correiobraziliense.com.br\/cbradar\/wp-content\/uploads\/2025\/03\/uranio_1743283101546.jpg","contentUrl":"https:\/\/www.correiobraziliense.com.br\/cbradar\/wp-content\/uploads\/2025\/03\/uranio_1743283101546.jpg","width":1280,"height":720,"caption":"ur\u00e2nio. Cr\u00e9ditos: depositphotos.com \/ vladvitek"},{"@type":"BreadcrumbList","@id":"https:\/\/www.correiobraziliense.com.br\/cbradar\/japao-apresenta-primeira-bateria-recarregavel-do-mundo\/#breadcrumb","itemListElement":[{"@type":"ListItem","position":1,"name":"In\u00edcio","item":"https:\/\/www.correiobraziliense.com.br\/cbradar\/"},{"@type":"ListItem","position":2,"name":"Jap\u00e3o apresenta primeira bateria recarreg\u00e1vel do mundo"}]},{"@type":"WebSite","@id":"https:\/\/www.correiobraziliense.com.br\/cbradar\/#website","url":"https:\/\/www.correiobraziliense.com.br\/cbradar\/","name":"Correio Braziliense - Radar","description":"Acompanhe as \u00faltimas not\u00edcias e fique bem informado sobre tudo o que acontece no Brasil e no mundo.","potentialAction":[{"@type":"SearchAction","target":{"@type":"EntryPoint","urlTemplate":"https:\/\/www.correiobraziliense.com.br\/cbradar\/?s={search_term_string}"},"query-input":{"@type":"PropertyValueSpecification","valueRequired":true,"valueName":"search_term_string"}}],"inLanguage":"pt-BR"},{"@type":"Person","@id":"https:\/\/www.correiobraziliense.com.br\/cbradar\/#\/schema\/person\/58422787644df994b53a19d3e56c1513","name":"Larissa Carvalho","image":{"@type":"ImageObject","inLanguage":"pt-BR","@id":"https:\/\/www.correiobraziliense.com.br\/cbradar\/#\/schema\/person\/image\/","url":"https:\/\/secure.gravatar.com\/avatar\/fe4f91a0de32b52a838d0d612abdc1aa?s=96&d=mm&r=g","contentUrl":"https:\/\/secure.gravatar.com\/avatar\/fe4f91a0de32b52a838d0d612abdc1aa?s=96&d=mm&r=g","caption":"Larissa Carvalho"},"url":"https:\/\/www.correiobraziliense.com.br\/cbradar\/author\/larissamyth\/"}]}},"_links":{"self":[{"href":"https:\/\/www.correiobraziliense.com.br\/cbradar\/wp-json\/wp\/v2\/posts\/17252","targetHints":{"allow":["GET"]}}],"collection":[{"href":"https:\/\/www.correiobraziliense.com.br\/cbradar\/wp-json\/wp\/v2\/posts"}],"about":[{"href":"https:\/\/www.correiobraziliense.com.br\/cbradar\/wp-json\/wp\/v2\/types\/post"}],"author":[{"embeddable":true,"href":"https:\/\/www.correiobraziliense.com.br\/cbradar\/wp-json\/wp\/v2\/users\/3"}],"replies":[{"embeddable":true,"href":"https:\/\/www.correiobraziliense.com.br\/cbradar\/wp-json\/wp\/v2\/comments?post=17252"}],"version-history":[{"count":1,"href":"https:\/\/www.correiobraziliense.com.br\/cbradar\/wp-json\/wp\/v2\/posts\/17252\/revisions"}],"predecessor-version":[{"id":17259,"href":"https:\/\/www.correiobraziliense.com.br\/cbradar\/wp-json\/wp\/v2\/posts\/17252\/revisions\/17259"}],"wp:featuredmedia":[{"embeddable":true,"href":"https:\/\/www.correiobraziliense.com.br\/cbradar\/wp-json\/wp\/v2\/media\/17257"}],"wp:attachment":[{"href":"https:\/\/www.correiobraziliense.com.br\/cbradar\/wp-json\/wp\/v2\/media?parent=17252"}],"wp:term":[{"taxonomy":"category","embeddable":true,"href":"https:\/\/www.correiobraziliense.com.br\/cbradar\/wp-json\/wp\/v2\/categories?post=17252"},{"taxonomy":"post_tag","embeddable":true,"href":"https:\/\/www.correiobraziliense.com.br\/cbradar\/wp-json\/wp\/v2\/tags?post=17252"}],"curies":[{"name":"wp","href":"https:\/\/api.w.org\/{rel}","templated":true}]}}