{"id":172675,"date":"2026-01-16T10:15:00","date_gmt":"2026-01-16T13:15:00","guid":{"rendered":"https:\/\/www.correiobraziliense.com.br\/cbradar\/?p=172675"},"modified":"2026-01-14T17:17:09","modified_gmt":"2026-01-14T20:17:09","slug":"o-segredo-nos-moveis-para-dar-sensacao-de-amplitude-em-salas-apertadas","status":"publish","type":"post","link":"https:\/\/www.correiobraziliense.com.br\/cbradar\/o-segredo-nos-moveis-para-dar-sensacao-de-amplitude-em-salas-apertadas\/","title":{"rendered":"O segredo nos m\u00f3veis para dar sensa\u00e7\u00e3o de amplitude em salas apertadas"},"content":{"rendered":"\n<p>Optar por m\u00f3veis com p\u00e9s vis\u00edveis \u00e9 um truque de design infal\u00edvel para fazer salas pequenas parecerem instantaneamente maiores e mais arejadas. Essa estrat\u00e9gia libera o campo de vis\u00e3o do piso, criando uma ilus\u00e3o de \u00f3tica de continuidade que &#8220;engana&#8221; o c\u00e9rebro sobre a metragem real do c\u00f4modo.<\/p>\n\n\n\n<h2 class=\"wp-block-heading\">Por que enxergar o ch\u00e3o aumenta a percep\u00e7\u00e3o de espa\u00e7o?<\/h2>\n\n\n\n<p>O c\u00e9rebro humano avalia o tamanho de um ambiente baseando-se na \u00e1rea de piso que consegue enxergar. Quando usamos m\u00f3veis que encostam diretamente no ch\u00e3o, como sof\u00e1s de base fechada ou estantes maci\u00e7as, bloqueamos essa vis\u00e3o e &#8220;cortamos&#8221; a metragem \u00fatil, fazendo a sala parecer truncada e cheia.<\/p>\n\n\n\n<p>Ao elevar a mob\u00edlia sobre p\u00e9s, permitimos que o olhar percorra o piso por baixo das pe\u00e7as, estendendo-se at\u00e9 as paredes ou rodap\u00e9s do fundo. Essa continuidade visual sugere que o espa\u00e7o se estende al\u00e9m dos m\u00f3veis, criando uma sensa\u00e7\u00e3o de fluidez e &#8220;respiro&#8221; que \u00e9 fundamental para evitar a claustrofobia em apartamentos compactos.<\/p>\n\n\n\n<figure class=\"wp-block-image aligncenter size-large\"><img decoding=\"async\" width=\"1024\" height=\"576\" src=\"https:\/\/www.correiobraziliense.com.br\/cbradar\/wp-content\/uploads\/2026\/01\/imagem_2026-01-11_151720971-1024x576.png\" alt=\"Escolha de m\u00f3veis proporcionais, leves e elevados que ampliam visualmente salas pequenas\n\" class=\"wp-image-172685\" srcset=\"https:\/\/www.correiobraziliense.com.br\/cbradar\/wp-content\/uploads\/2026\/01\/imagem_2026-01-11_151720971-1024x576.png 1024w, https:\/\/www.correiobraziliense.com.br\/cbradar\/wp-content\/uploads\/2026\/01\/imagem_2026-01-11_151720971-300x169.png 300w, https:\/\/www.correiobraziliense.com.br\/cbradar\/wp-content\/uploads\/2026\/01\/imagem_2026-01-11_151720971-768x432.png 768w, https:\/\/www.correiobraziliense.com.br\/cbradar\/wp-content\/uploads\/2026\/01\/imagem_2026-01-11_151720971-750x422.png 750w, https:\/\/www.correiobraziliense.com.br\/cbradar\/wp-content\/uploads\/2026\/01\/imagem_2026-01-11_151720971-1140x641.png 1140w, https:\/\/www.correiobraziliense.com.br\/cbradar\/wp-content\/uploads\/2026\/01\/imagem_2026-01-11_151720971.png 1280w\" sizes=\"(max-width: 1024px) 100vw, 1024px\" \/><figcaption class=\"wp-element-caption\">Escolha de m\u00f3veis proporcionais, leves e elevados que ampliam visualmente salas pequenas\n<\/figcaption><\/figure>\n\n\n\n<h2 class=\"wp-block-heading\">Qual \u00e9 o impacto da &#8220;sensa\u00e7\u00e3o de flutua\u00e7\u00e3o&#8221; na leveza do ambiente?<\/h2>\n\n\n\n<p>M\u00f3veis elevados criam uma sensa\u00e7\u00e3o de leveza estrutural, como se estivessem flutuando no espa\u00e7o em vez de estarem ancorados pesadamente. Esse efeito reduz o &#8220;peso visual&#8221; da decora\u00e7\u00e3o, impedindo que o ambiente pare\u00e7a sobrecarregado ou entulhado, mesmo que esteja cheio de itens essenciais.<\/p>\n\n\n\n<p>Al\u00e9m da est\u00e9tica, essa flutua\u00e7\u00e3o facilita a passagem da luz natural e artificial por baixo das pe\u00e7as, eliminando sombras pesadas que costumam se formar na base de m\u00f3veis box. A luz circulando livremente contribui para a clareza geral e refor\u00e7a a percep\u00e7\u00e3o de um ambiente limpo, organizado e vasto.<\/p>\n\n\n\n<p>Leia tamb\u00e9m: <a href=\"https:\/\/www.correiobraziliense.com.br\/cbradar\/como-usar-prendedores-de-saco-de-pao-para-identificar-cabos-e-fios-atras-da-tv\/\" target=\"_blank\" rel=\"noreferrer noopener\">Como usar prendedores de saco de p\u00e3o para identificar cabos e fios atr\u00e1s da TV<\/a><\/p>\n\n\n\n<h2 class=\"wp-block-heading\">Quais pe\u00e7as devem priorizar esse design?<\/h2>\n\n\n\n<p>Para maximizar o efeito de amplitude, as maiores pe\u00e7as de mobili\u00e1rio da sala s\u00e3o as que mais se beneficiam dos p\u00e9s aparentes. Como elas ocupam a maior \u00e1rea quadrada, levant\u00e1-las do ch\u00e3o tem o impacto mais significativo na recupera\u00e7\u00e3o visual do espa\u00e7o.<\/p>\n\n\n\n<p>Foque em substituir ou escolher modelos com p\u00e9s nestes itens principais:<\/p>\n\n\n\n<ul class=\"wp-block-list\">\n<li><strong>Sof\u00e1s:<\/strong> Prefira modelos com p\u00e9s palito ou estruturas met\u00e1licas finas em vez de bases fechadas de tecido.<\/li>\n\n\n\n<li><strong>Poltronas:<\/strong> Evite modelos que v\u00e3o at\u00e9 o ch\u00e3o; cadeiras com pernas vazadas s\u00e3o ideais.<\/li>\n\n\n\n<li><strong>Racks e Aparadores:<\/strong> M\u00f3veis de TV suspensos ou com p\u00e9s altos alongam a parede.<\/li>\n\n\n\n<li><strong>Mesas de Centro:<\/strong> Devem ter pernas finas ou tampo de vidro para n\u00e3o bloquear a vista do tapete ou piso.<\/li>\n\n\n\n<li><strong>Camas (em quartos):<\/strong> Camas com p\u00e9s s\u00e3o visualmente mais leves que camas box ba\u00fa fechadas at\u00e9 o ch\u00e3o.<\/li>\n<\/ul>\n\n\n\n<figure class=\"wp-block-image aligncenter size-large\"><img decoding=\"async\" width=\"1024\" height=\"576\" src=\"https:\/\/www.correiobraziliense.com.br\/cbradar\/wp-content\/uploads\/2026\/01\/imagem_2026-01-11_151905748-1024x576.png\" alt=\"Escolha de m\u00f3veis proporcionais, leves e elevados que ampliam visualmente salas pequenas\n\" class=\"wp-image-172687\" srcset=\"https:\/\/www.correiobraziliense.com.br\/cbradar\/wp-content\/uploads\/2026\/01\/imagem_2026-01-11_151905748-1024x576.png 1024w, https:\/\/www.correiobraziliense.com.br\/cbradar\/wp-content\/uploads\/2026\/01\/imagem_2026-01-11_151905748-300x169.png 300w, https:\/\/www.correiobraziliense.com.br\/cbradar\/wp-content\/uploads\/2026\/01\/imagem_2026-01-11_151905748-768x432.png 768w, https:\/\/www.correiobraziliense.com.br\/cbradar\/wp-content\/uploads\/2026\/01\/imagem_2026-01-11_151905748-750x422.png 750w, https:\/\/www.correiobraziliense.com.br\/cbradar\/wp-content\/uploads\/2026\/01\/imagem_2026-01-11_151905748-1140x641.png 1140w, https:\/\/www.correiobraziliense.com.br\/cbradar\/wp-content\/uploads\/2026\/01\/imagem_2026-01-11_151905748.png 1280w\" sizes=\"(max-width: 1024px) 100vw, 1024px\" \/><figcaption class=\"wp-element-caption\">Escolha de m\u00f3veis proporcionais, leves e elevados que ampliam visualmente salas pequenas\n<\/figcaption><\/figure>\n\n\n\n<h2 class=\"wp-block-heading\">O estilo e a altura dos p\u00e9s influenciam no resultado?<\/h2>\n\n\n\n<p>Sim, a espessura e a altura dos p\u00e9s determinam a efic\u00e1cia da ilus\u00e3o de \u00f3tica. P\u00e9s muito baixos ou muito grossos podem n\u00e3o deixar um v\u00e3o suficiente para o c\u00e9rebro registrar o piso abaixo, anulando o efeito de amplitude desejado.<\/p>\n\n\n\n<p>O ideal \u00e9 buscar p\u00e9s que tenham pelo menos 15 a 20 cent\u00edmetros de altura, garantindo uma faixa vis\u00edvel de ch\u00e3o ou tapete clara. P\u00e9s c\u00f4nicos (estilo retr\u00f4\/mid-century) ou estruturas de metal finas s\u00e3o excelentes escolhas, pois oferecem suporte robusto ocupando o m\u00ednimo de espa\u00e7o visual poss\u00edvel.<\/p>\n\n\n\n<h2 class=\"wp-block-heading\">\u00c9 necess\u00e1rio aplicar essa regra em todos os m\u00f3veis?<\/h2>\n\n\n\n<p>Embora a t\u00e9cnica seja poderosa, aplic\u00e1-la em 100% da mob\u00edlia pode criar um visual de &#8220;floresta de pernas&#8221;, que pode parecer ca\u00f3tico ou inst\u00e1vel. O segredo do design profissional est\u00e1 no equil\u00edbrio entre pe\u00e7as aterradas e pe\u00e7as flutuantes.<\/p>\n\n\n\n<p>Em uma sala pequena, tente manter a propor\u00e7\u00e3o de 70\/30: a maioria dos m\u00f3veis deve ter p\u00e9s vis\u00edveis para garantir a amplitude, mas voc\u00ea pode ancorar o espa\u00e7o com uma pe\u00e7a s\u00f3lida (como uma mesa lateral fechada ou um pufe) para trazer solidez e variedade visual \u00e0 composi\u00e7\u00e3o sem sacrificar a sensa\u00e7\u00e3o de espa\u00e7o.<\/p>\n","protected":false},"excerpt":{"rendered":"<p>Optar por m\u00f3veis com p\u00e9s vis\u00edveis \u00e9 um truque de design infal\u00edvel para fazer salas pequenas parecerem instantaneamente maiores e mais arejadas. Essa estrat\u00e9gia libera o campo de vis\u00e3o do piso, criando uma ilus\u00e3o de \u00f3tica de continuidade que &#8220;engana&#8221; o c\u00e9rebro sobre a metragem real do c\u00f4modo. Por que enxergar o ch\u00e3o aumenta a [&hellip;]<\/p>\n","protected":false},"author":11,"featured_media":175419,"comment_status":"open","ping_status":"open","sticky":false,"template":"","format":"standard","meta":{"_yoast_wpseo_focuskw":"m\u00f3veis com p\u00e9s vis\u00edveis","_yoast_wpseo_title":"","_yoast_wpseo_metadesc":"Escolha de m\u00f3veis certos cria leveza visual, melhora circula\u00e7\u00e3o e amplia a percep\u00e7\u00e3o de espa\u00e7o mesmo em salas compactas","jnews-multi-image_gallery":[],"jnews_single_post":{"format":"standard"},"jnews_primary_category":[],"jnews_social_meta":[],"jnews_override_counter":[],"footnotes":""},"categories":[143],"post_tag":[13708,7492,13707],"class_list":["post-172675","post","type-post","status-publish","format-standard","has-post-thumbnail","hentry","category-casa-e-decoracao","tag-amplitude","tag-moveis","tag-salas"],"yoast_head":"<!-- This site is optimized with the Yoast SEO plugin v24.6 - https:\/\/yoast.com\/wordpress\/plugins\/seo\/ -->\n<title>O segredo nos m\u00f3veis para dar sensa\u00e7\u00e3o de amplitude em salas apertadas - Correio Braziliense - Radar<\/title>\n<meta name=\"description\" content=\"Escolha de m\u00f3veis certos cria leveza visual, melhora circula\u00e7\u00e3o e amplia a percep\u00e7\u00e3o de espa\u00e7o mesmo em salas compactas\" \/>\n<meta name=\"robots\" content=\"index, follow, max-snippet:-1, max-image-preview:large, max-video-preview:-1\" \/>\n<link rel=\"canonical\" href=\"https:\/\/www.correiobraziliense.com.br\/cbradar\/o-segredo-nos-moveis-para-dar-sensacao-de-amplitude-em-salas-apertadas\/\" \/>\n<meta property=\"og:locale\" content=\"pt_BR\" \/>\n<meta property=\"og:type\" content=\"article\" \/>\n<meta property=\"og:title\" content=\"O segredo nos m\u00f3veis para dar sensa\u00e7\u00e3o de amplitude em salas apertadas - Correio Braziliense - Radar\" \/>\n<meta property=\"og:description\" content=\"Escolha de m\u00f3veis certos cria leveza visual, melhora circula\u00e7\u00e3o e amplia a percep\u00e7\u00e3o de espa\u00e7o mesmo em salas compactas\" \/>\n<meta property=\"og:url\" content=\"https:\/\/www.correiobraziliense.com.br\/cbradar\/o-segredo-nos-moveis-para-dar-sensacao-de-amplitude-em-salas-apertadas\/\" \/>\n<meta property=\"og:site_name\" content=\"Correio Braziliense - Radar\" \/>\n<meta property=\"article:published_time\" content=\"2026-01-16T13:15:00+00:00\" \/>\n<meta property=\"og:image\" content=\"https:\/\/www.correiobraziliense.com.br\/cbradar\/wp-content\/uploads\/2026\/01\/freepik__imagem-realista-de-um-ambiente-que-todos-os-mveis-__43861.png\" \/>\n\t<meta property=\"og:image:width\" content=\"1280\" \/>\n\t<meta property=\"og:image:height\" content=\"720\" \/>\n\t<meta property=\"og:image:type\" content=\"image\/png\" \/>\n<meta name=\"author\" content=\"Paulo Custodio\" \/>\n<meta name=\"twitter:card\" content=\"summary_large_image\" \/>\n<meta name=\"twitter:label1\" content=\"Escrito por\" \/>\n\t<meta name=\"twitter:data1\" content=\"Paulo Custodio\" \/>\n\t<meta name=\"twitter:label2\" content=\"Est. tempo de leitura\" \/>\n\t<meta name=\"twitter:data2\" content=\"5 minutos\" \/>\n<!-- \/ Yoast SEO plugin. -->","yoast_head_json":{"title":"O segredo nos m\u00f3veis para dar sensa\u00e7\u00e3o de amplitude em salas apertadas - Correio Braziliense - Radar","description":"Escolha de m\u00f3veis certos cria leveza visual, melhora circula\u00e7\u00e3o e amplia a percep\u00e7\u00e3o de espa\u00e7o mesmo em salas compactas","robots":{"index":"index","follow":"follow","max-snippet":"max-snippet:-1","max-image-preview":"max-image-preview:large","max-video-preview":"max-video-preview:-1"},"canonical":"https:\/\/www.correiobraziliense.com.br\/cbradar\/o-segredo-nos-moveis-para-dar-sensacao-de-amplitude-em-salas-apertadas\/","og_locale":"pt_BR","og_type":"article","og_title":"O segredo nos m\u00f3veis para dar sensa\u00e7\u00e3o de amplitude em salas apertadas - Correio Braziliense - Radar","og_description":"Escolha de m\u00f3veis certos cria leveza visual, melhora circula\u00e7\u00e3o e amplia a percep\u00e7\u00e3o de espa\u00e7o mesmo em salas compactas","og_url":"https:\/\/www.correiobraziliense.com.br\/cbradar\/o-segredo-nos-moveis-para-dar-sensacao-de-amplitude-em-salas-apertadas\/","og_site_name":"Correio Braziliense - Radar","article_published_time":"2026-01-16T13:15:00+00:00","og_image":[{"width":1280,"height":720,"url":"https:\/\/www.correiobraziliense.com.br\/cbradar\/wp-content\/uploads\/2026\/01\/freepik__imagem-realista-de-um-ambiente-que-todos-os-mveis-__43861.png","type":"image\/png"}],"author":"Paulo Custodio","twitter_card":"summary_large_image","twitter_misc":{"Escrito por":"Paulo Custodio","Est. tempo de leitura":"5 minutos"},"schema":{"@context":"https:\/\/schema.org","@graph":[{"@type":"WebPage","@id":"https:\/\/www.correiobraziliense.com.br\/cbradar\/o-segredo-nos-moveis-para-dar-sensacao-de-amplitude-em-salas-apertadas\/","url":"https:\/\/www.correiobraziliense.com.br\/cbradar\/o-segredo-nos-moveis-para-dar-sensacao-de-amplitude-em-salas-apertadas\/","name":"O segredo nos m\u00f3veis para dar sensa\u00e7\u00e3o de amplitude em salas apertadas - Correio Braziliense - Radar","isPartOf":{"@id":"https:\/\/www.correiobraziliense.com.br\/cbradar\/#website"},"primaryImageOfPage":{"@id":"https:\/\/www.correiobraziliense.com.br\/cbradar\/o-segredo-nos-moveis-para-dar-sensacao-de-amplitude-em-salas-apertadas\/#primaryimage"},"image":{"@id":"https:\/\/www.correiobraziliense.com.br\/cbradar\/o-segredo-nos-moveis-para-dar-sensacao-de-amplitude-em-salas-apertadas\/#primaryimage"},"thumbnailUrl":"https:\/\/www.correiobraziliense.com.br\/cbradar\/wp-content\/uploads\/2026\/01\/freepik__imagem-realista-de-um-ambiente-que-todos-os-mveis-__43861.png","datePublished":"2026-01-16T13:15:00+00:00","author":{"@id":"https:\/\/www.correiobraziliense.com.br\/cbradar\/#\/schema\/person\/4cec7857301a9a1a2ef249893cd908d3"},"description":"Escolha de m\u00f3veis certos cria leveza visual, melhora circula\u00e7\u00e3o e amplia a percep\u00e7\u00e3o de espa\u00e7o mesmo em salas compactas","breadcrumb":{"@id":"https:\/\/www.correiobraziliense.com.br\/cbradar\/o-segredo-nos-moveis-para-dar-sensacao-de-amplitude-em-salas-apertadas\/#breadcrumb"},"inLanguage":"pt-BR","potentialAction":[{"@type":"ReadAction","target":["https:\/\/www.correiobraziliense.com.br\/cbradar\/o-segredo-nos-moveis-para-dar-sensacao-de-amplitude-em-salas-apertadas\/"]}]},{"@type":"ImageObject","inLanguage":"pt-BR","@id":"https:\/\/www.correiobraziliense.com.br\/cbradar\/o-segredo-nos-moveis-para-dar-sensacao-de-amplitude-em-salas-apertadas\/#primaryimage","url":"https:\/\/www.correiobraziliense.com.br\/cbradar\/wp-content\/uploads\/2026\/01\/freepik__imagem-realista-de-um-ambiente-que-todos-os-mveis-__43861.png","contentUrl":"https:\/\/www.correiobraziliense.com.br\/cbradar\/wp-content\/uploads\/2026\/01\/freepik__imagem-realista-de-um-ambiente-que-todos-os-mveis-__43861.png","width":1280,"height":720,"caption":"M\u00f3veis com p\u00e9s aparentes deixam o piso mais vis\u00edvel e ampliam a sensa\u00e7\u00e3o de espa\u00e7o"},{"@type":"BreadcrumbList","@id":"https:\/\/www.correiobraziliense.com.br\/cbradar\/o-segredo-nos-moveis-para-dar-sensacao-de-amplitude-em-salas-apertadas\/#breadcrumb","itemListElement":[{"@type":"ListItem","position":1,"name":"In\u00edcio","item":"https:\/\/www.correiobraziliense.com.br\/cbradar\/"},{"@type":"ListItem","position":2,"name":"O segredo nos m\u00f3veis para dar sensa\u00e7\u00e3o de amplitude em salas apertadas"}]},{"@type":"WebSite","@id":"https:\/\/www.correiobraziliense.com.br\/cbradar\/#website","url":"https:\/\/www.correiobraziliense.com.br\/cbradar\/","name":"Correio Braziliense - Radar","description":"Acompanhe as \u00faltimas not\u00edcias e fique bem informado sobre tudo o que acontece no Brasil e no mundo.","potentialAction":[{"@type":"SearchAction","target":{"@type":"EntryPoint","urlTemplate":"https:\/\/www.correiobraziliense.com.br\/cbradar\/?s={search_term_string}"},"query-input":{"@type":"PropertyValueSpecification","valueRequired":true,"valueName":"search_term_string"}}],"inLanguage":"pt-BR"},{"@type":"Person","@id":"https:\/\/www.correiobraziliense.com.br\/cbradar\/#\/schema\/person\/4cec7857301a9a1a2ef249893cd908d3","name":"Paulo Custodio","image":{"@type":"ImageObject","inLanguage":"pt-BR","@id":"https:\/\/www.correiobraziliense.com.br\/cbradar\/#\/schema\/person\/image\/","url":"https:\/\/secure.gravatar.com\/avatar\/bcd67168d1534e8fcf4f45c726a87cea?s=96&d=mm&r=g","contentUrl":"https:\/\/secure.gravatar.com\/avatar\/bcd67168d1534e8fcf4f45c726a87cea?s=96&d=mm&r=g","caption":"Paulo Custodio"},"sameAs":["https:\/\/www.correiobraziliense.com.br\/cbradar"],"url":"https:\/\/www.correiobraziliense.com.br\/cbradar\/author\/paulomyth\/"}]}},"_links":{"self":[{"href":"https:\/\/www.correiobraziliense.com.br\/cbradar\/wp-json\/wp\/v2\/posts\/172675","targetHints":{"allow":["GET"]}}],"collection":[{"href":"https:\/\/www.correiobraziliense.com.br\/cbradar\/wp-json\/wp\/v2\/posts"}],"about":[{"href":"https:\/\/www.correiobraziliense.com.br\/cbradar\/wp-json\/wp\/v2\/types\/post"}],"author":[{"embeddable":true,"href":"https:\/\/www.correiobraziliense.com.br\/cbradar\/wp-json\/wp\/v2\/users\/11"}],"replies":[{"embeddable":true,"href":"https:\/\/www.correiobraziliense.com.br\/cbradar\/wp-json\/wp\/v2\/comments?post=172675"}],"version-history":[{"count":1,"href":"https:\/\/www.correiobraziliense.com.br\/cbradar\/wp-json\/wp\/v2\/posts\/172675\/revisions"}],"predecessor-version":[{"id":172688,"href":"https:\/\/www.correiobraziliense.com.br\/cbradar\/wp-json\/wp\/v2\/posts\/172675\/revisions\/172688"}],"wp:featuredmedia":[{"embeddable":true,"href":"https:\/\/www.correiobraziliense.com.br\/cbradar\/wp-json\/wp\/v2\/media\/175419"}],"wp:attachment":[{"href":"https:\/\/www.correiobraziliense.com.br\/cbradar\/wp-json\/wp\/v2\/media?parent=172675"}],"wp:term":[{"taxonomy":"category","embeddable":true,"href":"https:\/\/www.correiobraziliense.com.br\/cbradar\/wp-json\/wp\/v2\/categories?post=172675"},{"taxonomy":"post_tag","embeddable":true,"href":"https:\/\/www.correiobraziliense.com.br\/cbradar\/wp-json\/wp\/v2\/post_tag?post=172675"}],"curies":[{"name":"wp","href":"https:\/\/api.w.org\/{rel}","templated":true}]}}