{"id":172678,"date":"2026-01-12T08:25:00","date_gmt":"2026-01-12T11:25:00","guid":{"rendered":"https:\/\/www.correiobraziliense.com.br\/cbradar\/?p=172678"},"modified":"2026-01-11T16:01:45","modified_gmt":"2026-01-11T19:01:45","slug":"a-vila-encantadora-a-1-300-metros-de-altitude-com-1-500-moradores-que-se-esconde-nas-montanhas-de-minas-gerais-e-atrai-visitantes-com-seu-sossego-e-ar-puro","status":"publish","type":"post","link":"https:\/\/www.correiobraziliense.com.br\/cbradar\/a-vila-encantadora-a-1-300-metros-de-altitude-com-1-500-moradores-que-se-esconde-nas-montanhas-de-minas-gerais-e-atrai-visitantes-com-seu-sossego-e-ar-puro\/","title":{"rendered":"A vila encantadora a 1.300 metros de altitude com 1.500 moradores que se esconde nas montanhas de Minas Gerais e atra\u00ed visitantes com seu sossego e ar puro"},"content":{"rendered":"\n<p>A atmosfera buc\u00f3lica de <strong>Lavras Novas<\/strong>, pequena vila a <strong>1.300 metros de altitude<\/strong> e encantadora com cerca de 1.500 habitantes em <strong>Ouro Preto, Minas Gerais<\/strong>, conquista visitantes logo na chegada. O ar puro da montanha se mistura ao cheiro de lenha queimada das lareiras, enquanto pousadas sofisticadas e experi\u00eancias de ecoturismo transformam a vila em um ref\u00fagio perfeito para casais e aventureiros em busca de sossego e contato com a natureza.<\/p>\n\n\n\n<h2 class=\"wp-block-heading\">O desenvolvimento local impulsiona o turismo de experi\u00eancia<\/h2>\n\n\n\n<p>A qualidade da infraestrutura tur\u00edstica reflete o compromisso da regi\u00e3o com o bem-estar de moradores e visitantes, garantindo servi\u00e7os eficientes e hospitalidade de ponta. Inserido em um munic\u00edpio com<a href=\"https:\/\/cidades.ibge.gov.br\/brasil\/mg\/lavras\/panorama\" target=\"_blank\" rel=\"noreferrer noopener\"> <strong>Instituto Brasileiro de Geografia e Estat\u00edstica (IBGE) <\/strong><\/a><strong>IDH 0,741<\/strong>, o distrito se beneficia de \u00edndices de desenvolvimento que asseguram seguran\u00e7a, acesso facilitado e preserva\u00e7\u00e3o do patrim\u00f4nio hist\u00f3rico e natural.<\/p>\n\n\n\n<p>Essa organiza\u00e7\u00e3o permite que o turista desfrute das belezas da <strong>Serra do Espinha\u00e7o<\/strong> com tranquilidade, sabendo que encontrar\u00e1 apoio e estrutura adequados. A valoriza\u00e7\u00e3o da cultura local e a manuten\u00e7\u00e3o das estradas de acesso s\u00e3o reflexos diretos desse ambiente socioecon\u00f4mico favor\u00e1vel.<\/p>\n\n\n<div class=\"wp-block-image\">\n<figure class=\"aligncenter size-large\"><img decoding=\"async\" width=\"1024\" height=\"576\" src=\"https:\/\/www.correiobraziliense.com.br\/cbradar\/wp-content\/uploads\/2025\/12\/G-2025-12-01T133041.351-1024x576.png\" alt=\"A vila encantadora a 1.300 metros de altitude com 1.500 moradores que se esconde nas montanhas de Minas Gerais e atra\u00ed visitantes com seu sossego e ar puro\" class=\"wp-image-148167\" srcset=\"https:\/\/www.correiobraziliense.com.br\/cbradar\/wp-content\/uploads\/2025\/12\/G-2025-12-01T133041.351-1024x576.png 1024w, https:\/\/www.correiobraziliense.com.br\/cbradar\/wp-content\/uploads\/2025\/12\/G-2025-12-01T133041.351-300x169.png 300w, https:\/\/www.correiobraziliense.com.br\/cbradar\/wp-content\/uploads\/2025\/12\/G-2025-12-01T133041.351-768x432.png 768w, https:\/\/www.correiobraziliense.com.br\/cbradar\/wp-content\/uploads\/2025\/12\/G-2025-12-01T133041.351-750x422.png 750w, https:\/\/www.correiobraziliense.com.br\/cbradar\/wp-content\/uploads\/2025\/12\/G-2025-12-01T133041.351-1140x641.png 1140w, https:\/\/www.correiobraziliense.com.br\/cbradar\/wp-content\/uploads\/2025\/12\/G-2025-12-01T133041.351.png 1280w\" sizes=\"(max-width: 1024px) 100vw, 1024px\" \/><figcaption class=\"wp-element-caption\">Curta pousadas charmosas, bares com m\u00fasica ao vivo e trilhas surpreendentes em Lavras Novas, perfeita para descanso e divers\u00e3o. \/\/ Cr\u00e9ditos: YouTube Boa Sorte Viajante \u2014 Matheus Boa Sorte.<\/figcaption><\/figure><\/div>\n\n\n<h2 class=\"wp-block-heading\">Qual \u00e9 o perfil clim\u00e1tico da regi\u00e3o?<\/h2>\n\n\n\n<p><strong>O clima \u00e9 classificado como tropical de altitude, apresentando ver\u00f5es amenos com chuvas passageiras e invernos secos com frio intenso durante a noite.<\/strong> A altitude elevada garante que, mesmo no ver\u00e3o, as noites sejam frescas, exigindo sempre um agasalho leve na mala do viajante.<\/p>\n\n\n\n<p>Os meses entre maio e agosto representam a alta temporada de inverno, quando os term\u00f4metros podem marcar temperaturas abaixo de dez graus, criando o clima perfeito para lareiras e vinhos. A neblina \u00e9 uma constante po\u00e9tica na paisagem, muitas vezes cobrindo o vilarejo e criando uma sensa\u00e7\u00e3o de isolamento do resto do mundo.<\/p>\n\n\n\n<p>A tabela a seguir apresenta a din\u00e2mica meteorol\u00f3gica esperada ao longo das esta\u00e7\u00f5es conforme dados consolidados pelo <strong><a href=\"https:\/\/www.climatempo.com.br\/previsao-do-tempo\/cidade\/3121\/lavrasnovas-mg\" target=\"_blank\" rel=\"noreferrer noopener\">Climatempo<\/a><\/strong>.<\/p>\n\n\n\n<figure class=\"wp-block-table\"><table class=\"has-fixed-layout\"><tbody><tr><td>Esta\u00e7\u00e3o\/Meses<\/td><td>Temperatura<\/td><td>O que esperar<\/td><\/tr><tr><td>Ver\u00e3o (Dez-Mar)<\/td><td>18\u00b0C a 26\u00b0C<\/td><td>Dias verdes, cachoeiras cheias e pancadas de chuva<\/td><\/tr><tr><td>Outono (Abr-Jun)<\/td><td>12\u00b0C a 23\u00b0C<\/td><td>C\u00e9u azul profundo, noites frias e pouca chuva<\/td><\/tr><tr><td>Inverno (Jul-Set)<\/td><td>8\u00b0C a 20\u00b0C<\/td><td>Frio serrano, ar seco e visibilidade perfeita nos mirantes<\/td><\/tr><tr><td>Primavera (Out-Nov)<\/td><td>15\u00b0C a 25\u00b0C<\/td><td>Flora\u00e7\u00e3o do campo rupestre e retorno gradual do calor<\/td><\/tr><\/tbody><\/table><\/figure>\n\n\n\n<h2 class=\"wp-block-heading\">Por que as cachoeiras da regi\u00e3o s\u00e3o paradas obrigat\u00f3rias?<\/h2>\n\n\n\n<p>O relevo acidentado esconde quedas d&#8217;\u00e1gua espetaculares, sendo a <strong>Cachoeira dos Namorados<\/strong> a mais acess\u00edvel e popular, ideal para quem busca um banho refrescante sem grandes esfor\u00e7os f\u00edsicos. J\u00e1 a <strong>Cachoeira dos Prazeres<\/strong> exige um pouco mais de disposi\u00e7\u00e3o para a caminhada, mas recompensa com po\u00e7os profundos e \u00e1guas cristalinas cercadas por mata nativa.<\/p>\n\n\n\n<p>Para os mais radicais, a <strong>Cachoeira do Rapel<\/strong> oferece o cen\u00e1rio perfeito para a pr\u00e1tica de esportes verticais, com uma vista vertiginosa do vale. A diversidade h\u00eddrica da regi\u00e3o permite que, em um \u00fanico final de semana, o viajante experimente desde piscinas naturais tranquilas at\u00e9 aventuras cheias de adrenalina.<\/p>\n\n\n\n<p>Conhe\u00e7a um ref\u00fagio buc\u00f3lico em Minas Gerais que une paisagens interioranas e muita hist\u00f3ria a mais de <strong>1.300 metros de altitude.<\/strong> O v\u00eddeo \u00e9 do canal <strong>Boa Sorte Viajante &#8211; Matheus Boa Sorte<\/strong>, que conta com mais de <strong>830 mil inscritos<\/strong>, e detalha a vida pacata de <strong>Lavras Novas<\/strong>, distrito de Ouro Preto, apresentando o projeto social &#8220;Doninhas&#8221; e a beleza da arquitetura colonial:<\/p>\n\n\n\n<figure class=\"wp-block-embed is-type-video is-provider-youtube wp-block-embed-youtube wp-embed-aspect-16-9 wp-has-aspect-ratio\"><div class=\"wp-block-embed__wrapper\">\n<div class=\"jeg_video_container jeg_video_content\"><iframe loading=\"lazy\" title=\"LAVRAS NOVAS\/MG: Conhe\u00e7a a vida pacata neste para\u00edso de Minas Gerais\" width=\"500\" height=\"281\" src=\"https:\/\/www.youtube.com\/embed\/S-74W7axPb0?start=43&#038;feature=oembed\" frameborder=\"0\" allow=\"accelerometer; autoplay; clipboard-write; encrypted-media; gyroscope; picture-in-picture; web-share\" referrerpolicy=\"strict-origin-when-cross-origin\" allowfullscreen><\/iframe><\/div>\n<\/div><\/figure>\n\n\n\n<h2 class=\"wp-block-heading\">O que visitar na terra das cachoeiras e mirantes?<\/h2>\n\n\n\n<p>O turismo local \u00e9 movido pela busca da <strong>Represa do Cust\u00f3dio<\/strong>, um espelho d&#8217;\u00e1gua cercado por pinheiros que oferece um cen\u00e1rio quase europeu para piqueniques e banhos refrescantes. A visita \u00e0 <strong>Cachoeira dos Namorados<\/strong> \u00e9 indispens\u00e1vel pela facilidade de acesso e pela beleza de suas quedas, sendo o ponto de encontro preferido dos visitantes.<\/p>\n\n\n\n<p>Al\u00e9m das \u00e1guas, a <strong>Serra do Trov\u00e3o<\/strong> oferece a vista panor\u00e2mica mais espetacular da regi\u00e3o, permitindo observar as cidades vizinhas de <strong>Ouro Branco<\/strong> e <strong>Mariana<\/strong> em dias claros. O entardecer na vila completa a jornada sensorial, quando as luzes amarelas das pousadas se acendem e o cheiro de fondue e vinho domina o ar frio da noite.<\/p>\n\n\n\n<p>Abaixo, listamos os pontos de elite que definem a identidade visual e a oferta tur\u00edstica deste ref\u00fagio mineiro.<\/p>\n\n\n\n<ul class=\"wp-block-list\">\n<li><strong>Serra do Trov\u00e3o<\/strong>: Mirante natural no topo da montanha, acess\u00edvel por trilha ou ve\u00edculo 4&#215;4, ideal para ver o p\u00f4r do sol.<\/li>\n\n\n\n<li><strong>Represa do Cust\u00f3dio<\/strong>: \u00c1rea de lazer tranquila, perfeita para nadar, praticar stand up paddle ou apenas relaxar nas margens.<\/li>\n\n\n\n<li><strong>Igreja de Nossa Senhora dos Prazeres<\/strong>: Templo do s\u00e9culo 18 que guarda a f\u00e9 e a simplicidade da arquitetura religiosa mineira.<\/li>\n\n\n\n<li><strong>Cachoeira 3 Pingos<\/strong>: Queda d&#8217;\u00e1gua de pequeno porte, mas com po\u00e7os revigorantes, muito procurada para banhos r\u00e1pidos.<\/li>\n\n\n\n<li><strong>Rua Principal<\/strong>: O cora\u00e7\u00e3o gastron\u00f4mico do distrito, repleto de bares com m\u00fasica ao vivo e restaurantes de alta qualidade.<\/li>\n<\/ul>\n\n\n<div class=\"wp-block-image\">\n<figure class=\"aligncenter size-large\"><img decoding=\"async\" width=\"1024\" height=\"576\" src=\"https:\/\/www.correiobraziliense.com.br\/cbradar\/wp-content\/uploads\/2025\/12\/G-100-1024x576.png\" alt=\"A vila encantadora a 1.300 metros de altitude com 1.500 moradores que se esconde nas montanhas de Minas Gerais e atra\u00ed visitantes com seu sossego e ar puro\" class=\"wp-image-148172\" srcset=\"https:\/\/www.correiobraziliense.com.br\/cbradar\/wp-content\/uploads\/2025\/12\/G-100-1024x576.png 1024w, https:\/\/www.correiobraziliense.com.br\/cbradar\/wp-content\/uploads\/2025\/12\/G-100-300x169.png 300w, https:\/\/www.correiobraziliense.com.br\/cbradar\/wp-content\/uploads\/2025\/12\/G-100-768x432.png 768w, https:\/\/www.correiobraziliense.com.br\/cbradar\/wp-content\/uploads\/2025\/12\/G-100-750x422.png 750w, https:\/\/www.correiobraziliense.com.br\/cbradar\/wp-content\/uploads\/2025\/12\/G-100-1140x641.png 1140w, https:\/\/www.correiobraziliense.com.br\/cbradar\/wp-content\/uploads\/2025\/12\/G-100.png 1280w\" sizes=\"(max-width: 1024px) 100vw, 1024px\" \/><figcaption class=\"wp-element-caption\">Lavras Novas \u00e9 um distrito hist\u00f3rico pr\u00f3ximo a Ouro Preto, em Minas Gerais, conhecido por suas cachoeiras e trilhas. \/\/ Cr\u00e9ditos: Wikimedia Commons<\/figcaption><\/figure><\/div>\n\n\n<h2 class=\"wp-block-heading\">O charme das pousadas define a estadia rom\u00e2ntica<\/h2>\n\n\n\n<p><strong>A hospedagem em Lavras Novas \u00e9 uma atra\u00e7\u00e3o \u00e0 parte, com chal\u00e9s equipados com hidromassagem e vistas panor\u00e2micas para o mar de morros<\/strong>. A arquitetura das pousadas respeita o estilo colonial, mas investe pesado em conforto t\u00e9rmico e privacidade, focando em casais em lua de mel ou escapadas rom\u00e2nticas.<\/p>\n\n\n\n<p><strong><strong>Leia tamb\u00e9m: <a href=\"https:\/\/www.correiobraziliense.com.br\/cbradar\/uma-ilha-brasileira-com-praia-secreta-abriga-um-forte-militar-desativado-que-conquista-visitantes-com-historia-e-aguas-cristalinas\/#google_vignette\" target=\"_blank\" rel=\"noreferrer noopener\">Uma ilha brasileira com praia secreta abriga um forte militar desativado que conquista visitantes com hist\u00f3ria e \u00e1guas cristalinas.<\/a><\/strong><\/strong><\/p>\n\n\n<div class=\"wp-block-image\">\n<figure class=\"aligncenter size-large\"><img decoding=\"async\" width=\"1024\" height=\"576\" src=\"https:\/\/www.correiobraziliense.com.br\/cbradar\/wp-content\/uploads\/2025\/12\/G-2025-12-01T133516.477-1024x576.png\" alt=\"A vila encantadora a 1.300 metros de altitude com 1.500 moradores que se esconde nas montanhas de Minas Gerais e atra\u00ed visitantes com seu sossego e ar puro\" class=\"wp-image-148170\" srcset=\"https:\/\/www.correiobraziliense.com.br\/cbradar\/wp-content\/uploads\/2025\/12\/G-2025-12-01T133516.477-1024x576.png 1024w, https:\/\/www.correiobraziliense.com.br\/cbradar\/wp-content\/uploads\/2025\/12\/G-2025-12-01T133516.477-300x169.png 300w, https:\/\/www.correiobraziliense.com.br\/cbradar\/wp-content\/uploads\/2025\/12\/G-2025-12-01T133516.477-768x432.png 768w, https:\/\/www.correiobraziliense.com.br\/cbradar\/wp-content\/uploads\/2025\/12\/G-2025-12-01T133516.477-750x422.png 750w, https:\/\/www.correiobraziliense.com.br\/cbradar\/wp-content\/uploads\/2025\/12\/G-2025-12-01T133516.477-1140x641.png 1140w, https:\/\/www.correiobraziliense.com.br\/cbradar\/wp-content\/uploads\/2025\/12\/G-2025-12-01T133516.477.png 1280w\" sizes=\"(max-width: 1024px) 100vw, 1024px\" \/><figcaption class=\"wp-element-caption\">Descubra o charme de Lavras Novas, uma vila acolhedora cercada por montanhas, natureza e tradi\u00e7\u00f5es mineiras. \/\/ Cr\u00e9ditos: YouTube Drone Tour 4k (@DroneTour4K)<\/figcaption><\/figure><\/div>\n\n\n<h2 class=\"wp-block-heading\">Lavras Novas une aventura e aconchego em Ouro Preto<\/h2>\n\n\n\n<p><strong>Lavras Novas encanta ao combinar aventura em meio \u00e0 natureza, clima acolhedor e cultura local preservada<\/strong>, oferecendo uma experi\u00eancia aut\u00eantica na Serra de Ouro Preto.<\/p>\n\n\n\n<ul class=\"wp-block-list\">\n<li><strong>Natureza Acess\u00edvel<\/strong>: Cachoeiras e mirantes est\u00e3o ao alcance tanto de aventureiros quanto de fam\u00edlias.<\/li>\n\n\n\n<li><strong>Clima Rom\u00e2ntico<\/strong>: A neblina e o frio da serra criam o ambiente perfeito para jantares e lareira.<\/li>\n\n\n\n<li><strong>Cultura Viva<\/strong>: O distrito preserva a simplicidade mineira com uma infraestrutura tur\u00edstica de alta qualidade.<\/li>\n<\/ul>\n\n\n\n<p>N\u00e3o espere mais para transformar sua rotina: venha sentir o ar puro das montanhas e viver a excel\u00eancia de Lavras Novas!<\/p>\n","protected":false},"excerpt":{"rendered":"<p>A atmosfera buc\u00f3lica de Lavras Novas, pequena vila a 1.300 metros de altitude e encantadora com cerca de 1.500 habitantes em Ouro Preto, Minas Gerais, conquista visitantes logo na chegada. O ar puro da montanha se mistura ao cheiro de lenha queimada das lareiras, enquanto pousadas sofisticadas e experi\u00eancias de ecoturismo transformam a vila em [&hellip;]<\/p>\n","protected":false},"author":8,"featured_media":148171,"comment_status":"open","ping_status":"open","sticky":false,"template":"","format":"standard","meta":{"_yoast_wpseo_focuskw":"vila em minas gerais","_yoast_wpseo_title":"","_yoast_wpseo_metadesc":"Nas montanhas de Minas Gerais, uma vila pequena surpreende pela altitude elevada e por um estilo de vida calmo.","jnews-multi-image_gallery":[],"jnews_single_post":{"format":"standard"},"jnews_primary_category":[],"jnews_social_meta":[],"jnews_override_counter":[],"footnotes":""},"categories":[108,111],"post_tag":[12188,388],"class_list":["post-172678","post","type-post","status-publish","format-standard","has-post-thumbnail","hentry","category-cidades","category-turismo","tag-lavras-novas","tag-minas-gerais"],"yoast_head":"<!-- This site is optimized with the Yoast SEO plugin v24.6 - https:\/\/yoast.com\/wordpress\/plugins\/seo\/ -->\n<title>A vila encantadora a 1.300 metros de altitude com 1.500 moradores que se esconde nas montanhas de Minas Gerais e atra\u00ed visitantes com seu sossego e ar puro - Correio Braziliense - Radar<\/title>\n<meta name=\"description\" content=\"Nas montanhas de Minas Gerais, uma vila pequena surpreende pela altitude elevada e por um estilo de vida calmo.\" \/>\n<meta name=\"robots\" content=\"index, follow, max-snippet:-1, max-image-preview:large, max-video-preview:-1\" \/>\n<link rel=\"canonical\" href=\"https:\/\/www.correiobraziliense.com.br\/cbradar\/a-vila-encantadora-a-1-300-metros-de-altitude-com-1-500-moradores-que-se-esconde-nas-montanhas-de-minas-gerais-e-atrai-visitantes-com-seu-sossego-e-ar-puro\/\" \/>\n<meta property=\"og:locale\" content=\"pt_BR\" \/>\n<meta property=\"og:type\" content=\"article\" \/>\n<meta property=\"og:title\" content=\"A vila encantadora a 1.300 metros de altitude com 1.500 moradores que se esconde nas montanhas de Minas Gerais e atra\u00ed visitantes com seu sossego e ar puro - Correio Braziliense - Radar\" \/>\n<meta property=\"og:description\" content=\"Nas montanhas de Minas Gerais, uma vila pequena surpreende pela altitude elevada e por um estilo de vida calmo.\" \/>\n<meta property=\"og:url\" content=\"https:\/\/www.correiobraziliense.com.br\/cbradar\/a-vila-encantadora-a-1-300-metros-de-altitude-com-1-500-moradores-que-se-esconde-nas-montanhas-de-minas-gerais-e-atrai-visitantes-com-seu-sossego-e-ar-puro\/\" \/>\n<meta property=\"og:site_name\" content=\"Correio Braziliense - Radar\" \/>\n<meta property=\"article:published_time\" content=\"2026-01-12T11:25:00+00:00\" \/>\n<meta property=\"og:image\" content=\"https:\/\/www.correiobraziliense.com.br\/cbradar\/wp-content\/uploads\/2025\/12\/G-2025-12-01T133313.146.png\" \/>\n\t<meta property=\"og:image:width\" content=\"1280\" \/>\n\t<meta property=\"og:image:height\" content=\"720\" \/>\n\t<meta property=\"og:image:type\" content=\"image\/png\" \/>\n<meta name=\"author\" content=\"Maura Pereira\" \/>\n<meta name=\"twitter:card\" content=\"summary_large_image\" \/>\n<meta name=\"twitter:label1\" content=\"Escrito por\" \/>\n\t<meta name=\"twitter:data1\" content=\"Maura Pereira\" \/>\n\t<meta name=\"twitter:label2\" content=\"Est. tempo de leitura\" \/>\n\t<meta name=\"twitter:data2\" content=\"7 minutos\" \/>\n<!-- \/ Yoast SEO plugin. -->","yoast_head_json":{"title":"A vila encantadora a 1.300 metros de altitude com 1.500 moradores que se esconde nas montanhas de Minas Gerais e atra\u00ed visitantes com seu sossego e ar puro - Correio Braziliense - Radar","description":"Nas montanhas de Minas Gerais, uma vila pequena surpreende pela altitude elevada e por um estilo de vida calmo.","robots":{"index":"index","follow":"follow","max-snippet":"max-snippet:-1","max-image-preview":"max-image-preview:large","max-video-preview":"max-video-preview:-1"},"canonical":"https:\/\/www.correiobraziliense.com.br\/cbradar\/a-vila-encantadora-a-1-300-metros-de-altitude-com-1-500-moradores-que-se-esconde-nas-montanhas-de-minas-gerais-e-atrai-visitantes-com-seu-sossego-e-ar-puro\/","og_locale":"pt_BR","og_type":"article","og_title":"A vila encantadora a 1.300 metros de altitude com 1.500 moradores que se esconde nas montanhas de Minas Gerais e atra\u00ed visitantes com seu sossego e ar puro - Correio Braziliense - Radar","og_description":"Nas montanhas de Minas Gerais, uma vila pequena surpreende pela altitude elevada e por um estilo de vida calmo.","og_url":"https:\/\/www.correiobraziliense.com.br\/cbradar\/a-vila-encantadora-a-1-300-metros-de-altitude-com-1-500-moradores-que-se-esconde-nas-montanhas-de-minas-gerais-e-atrai-visitantes-com-seu-sossego-e-ar-puro\/","og_site_name":"Correio Braziliense - Radar","article_published_time":"2026-01-12T11:25:00+00:00","og_image":[{"width":1280,"height":720,"url":"https:\/\/www.correiobraziliense.com.br\/cbradar\/wp-content\/uploads\/2025\/12\/G-2025-12-01T133313.146.png","type":"image\/png"}],"author":"Maura Pereira","twitter_card":"summary_large_image","twitter_misc":{"Escrito por":"Maura Pereira","Est. tempo de leitura":"7 minutos"},"schema":{"@context":"https:\/\/schema.org","@graph":[{"@type":"WebPage","@id":"https:\/\/www.correiobraziliense.com.br\/cbradar\/a-vila-encantadora-a-1-300-metros-de-altitude-com-1-500-moradores-que-se-esconde-nas-montanhas-de-minas-gerais-e-atrai-visitantes-com-seu-sossego-e-ar-puro\/","url":"https:\/\/www.correiobraziliense.com.br\/cbradar\/a-vila-encantadora-a-1-300-metros-de-altitude-com-1-500-moradores-que-se-esconde-nas-montanhas-de-minas-gerais-e-atrai-visitantes-com-seu-sossego-e-ar-puro\/","name":"A vila encantadora a 1.300 metros de altitude com 1.500 moradores que se esconde nas montanhas de Minas Gerais e atra\u00ed visitantes com seu sossego e ar puro - Correio Braziliense - Radar","isPartOf":{"@id":"https:\/\/www.correiobraziliense.com.br\/cbradar\/#website"},"primaryImageOfPage":{"@id":"https:\/\/www.correiobraziliense.com.br\/cbradar\/a-vila-encantadora-a-1-300-metros-de-altitude-com-1-500-moradores-que-se-esconde-nas-montanhas-de-minas-gerais-e-atrai-visitantes-com-seu-sossego-e-ar-puro\/#primaryimage"},"image":{"@id":"https:\/\/www.correiobraziliense.com.br\/cbradar\/a-vila-encantadora-a-1-300-metros-de-altitude-com-1-500-moradores-que-se-esconde-nas-montanhas-de-minas-gerais-e-atrai-visitantes-com-seu-sossego-e-ar-puro\/#primaryimage"},"thumbnailUrl":"https:\/\/www.correiobraziliense.com.br\/cbradar\/wp-content\/uploads\/2025\/12\/G-2025-12-01T133313.146.png","datePublished":"2026-01-12T11:25:00+00:00","author":{"@id":"https:\/\/www.correiobraziliense.com.br\/cbradar\/#\/schema\/person\/4053c651a9bfc785afc6f4cbc9032fd3"},"description":"Nas montanhas de Minas Gerais, uma vila pequena surpreende pela altitude elevada e por um estilo de vida calmo.","breadcrumb":{"@id":"https:\/\/www.correiobraziliense.com.br\/cbradar\/a-vila-encantadora-a-1-300-metros-de-altitude-com-1-500-moradores-que-se-esconde-nas-montanhas-de-minas-gerais-e-atrai-visitantes-com-seu-sossego-e-ar-puro\/#breadcrumb"},"inLanguage":"pt-BR","potentialAction":[{"@type":"ReadAction","target":["https:\/\/www.correiobraziliense.com.br\/cbradar\/a-vila-encantadora-a-1-300-metros-de-altitude-com-1-500-moradores-que-se-esconde-nas-montanhas-de-minas-gerais-e-atrai-visitantes-com-seu-sossego-e-ar-puro\/"]}]},{"@type":"ImageObject","inLanguage":"pt-BR","@id":"https:\/\/www.correiobraziliense.com.br\/cbradar\/a-vila-encantadora-a-1-300-metros-de-altitude-com-1-500-moradores-que-se-esconde-nas-montanhas-de-minas-gerais-e-atrai-visitantes-com-seu-sossego-e-ar-puro\/#primaryimage","url":"https:\/\/www.correiobraziliense.com.br\/cbradar\/wp-content\/uploads\/2025\/12\/G-2025-12-01T133313.146.png","contentUrl":"https:\/\/www.correiobraziliense.com.br\/cbradar\/wp-content\/uploads\/2025\/12\/G-2025-12-01T133313.146.png","width":1280,"height":720,"caption":"Lavras Novas encanta com seu casario colonial, trilhas, cachoeiras e ambiente tranquilo para quem busca natureza e cultura. \/\/ Cr\u00e9ditos: YouTube Drone Tour 4k (@DroneTour4K)"},{"@type":"BreadcrumbList","@id":"https:\/\/www.correiobraziliense.com.br\/cbradar\/a-vila-encantadora-a-1-300-metros-de-altitude-com-1-500-moradores-que-se-esconde-nas-montanhas-de-minas-gerais-e-atrai-visitantes-com-seu-sossego-e-ar-puro\/#breadcrumb","itemListElement":[{"@type":"ListItem","position":1,"name":"In\u00edcio","item":"https:\/\/www.correiobraziliense.com.br\/cbradar\/"},{"@type":"ListItem","position":2,"name":"A vila encantadora a 1.300 metros de altitude com 1.500 moradores que se esconde nas montanhas de Minas Gerais e atra\u00ed visitantes com seu sossego e ar puro"}]},{"@type":"WebSite","@id":"https:\/\/www.correiobraziliense.com.br\/cbradar\/#website","url":"https:\/\/www.correiobraziliense.com.br\/cbradar\/","name":"Correio Braziliense - Radar","description":"Acompanhe as \u00faltimas not\u00edcias e fique bem informado sobre tudo o que acontece no Brasil e no mundo.","potentialAction":[{"@type":"SearchAction","target":{"@type":"EntryPoint","urlTemplate":"https:\/\/www.correiobraziliense.com.br\/cbradar\/?s={search_term_string}"},"query-input":{"@type":"PropertyValueSpecification","valueRequired":true,"valueName":"search_term_string"}}],"inLanguage":"pt-BR"},{"@type":"Person","@id":"https:\/\/www.correiobraziliense.com.br\/cbradar\/#\/schema\/person\/4053c651a9bfc785afc6f4cbc9032fd3","name":"Maura Pereira","image":{"@type":"ImageObject","inLanguage":"pt-BR","@id":"https:\/\/www.correiobraziliense.com.br\/cbradar\/#\/schema\/person\/image\/","url":"https:\/\/secure.gravatar.com\/avatar\/3effd6bdadfa447f15089c7f7144eaa6?s=96&d=mm&r=g","contentUrl":"https:\/\/secure.gravatar.com\/avatar\/3effd6bdadfa447f15089c7f7144eaa6?s=96&d=mm&r=g","caption":"Maura Pereira"},"sameAs":["https:\/\/www.correiobraziliense.com.br\/"],"url":"https:\/\/www.correiobraziliense.com.br\/cbradar\/author\/mauramyth\/"}]}},"_links":{"self":[{"href":"https:\/\/www.correiobraziliense.com.br\/cbradar\/wp-json\/wp\/v2\/posts\/172678","targetHints":{"allow":["GET"]}}],"collection":[{"href":"https:\/\/www.correiobraziliense.com.br\/cbradar\/wp-json\/wp\/v2\/posts"}],"about":[{"href":"https:\/\/www.correiobraziliense.com.br\/cbradar\/wp-json\/wp\/v2\/types\/post"}],"author":[{"embeddable":true,"href":"https:\/\/www.correiobraziliense.com.br\/cbradar\/wp-json\/wp\/v2\/users\/8"}],"replies":[{"embeddable":true,"href":"https:\/\/www.correiobraziliense.com.br\/cbradar\/wp-json\/wp\/v2\/comments?post=172678"}],"version-history":[{"count":12,"href":"https:\/\/www.correiobraziliense.com.br\/cbradar\/wp-json\/wp\/v2\/posts\/172678\/revisions"}],"predecessor-version":[{"id":172780,"href":"https:\/\/www.correiobraziliense.com.br\/cbradar\/wp-json\/wp\/v2\/posts\/172678\/revisions\/172780"}],"wp:featuredmedia":[{"embeddable":true,"href":"https:\/\/www.correiobraziliense.com.br\/cbradar\/wp-json\/wp\/v2\/media\/148171"}],"wp:attachment":[{"href":"https:\/\/www.correiobraziliense.com.br\/cbradar\/wp-json\/wp\/v2\/media?parent=172678"}],"wp:term":[{"taxonomy":"category","embeddable":true,"href":"https:\/\/www.correiobraziliense.com.br\/cbradar\/wp-json\/wp\/v2\/categories?post=172678"},{"taxonomy":"post_tag","embeddable":true,"href":"https:\/\/www.correiobraziliense.com.br\/cbradar\/wp-json\/wp\/v2\/post_tag?post=172678"}],"curies":[{"name":"wp","href":"https:\/\/api.w.org\/{rel}","templated":true}]}}