{"id":173044,"date":"2026-01-12T13:15:00","date_gmt":"2026-01-12T16:15:00","guid":{"rendered":"https:\/\/www.correiobraziliense.com.br\/cbradar\/?p=173044"},"modified":"2026-01-11T20:39:58","modified_gmt":"2026-01-11T23:39:58","slug":"como-emagrecer-rapido-sem-perder-massa-muscular","status":"publish","type":"post","link":"https:\/\/www.correiobraziliense.com.br\/cbradar\/como-emagrecer-rapido-sem-perder-massa-muscular\/","title":{"rendered":"Como emagrecer r\u00e1pido sem perder massa muscular"},"content":{"rendered":"\n<p>Em busca de um corpo mais saud\u00e1vel e equilibrado, muitas pessoas procuram por dietas r\u00e1pidas que proporcionem perda de peso de forma eficaz. Contudo, manter uma alimenta\u00e7\u00e3o equilibrada \u00e9 fundamental para alcan\u00e7ar resultados duradouros. Focar na ingest\u00e3o de\u00a0<strong>Prote\u00ednas Magras<\/strong>, como frango e peixe, pode ser uma estrat\u00e9gia eficiente, pois elas auxiliam na\u00a0<em>redu\u00e7\u00e3o do apetite<\/em>\u00a0e na\u00a0<strong>manuten\u00e7\u00e3o muscular<\/strong>. Assim, ainda que a perda de peso seja r\u00e1pida, o corpo n\u00e3o perde massa magra.<\/p>\n\n\n\n<p>Al\u00e9m das prote\u00ednas, a inclus\u00e3o de&nbsp;<strong>gorduras saud\u00e1veis<\/strong>, presentes em alimentos como nozes e azeite extra virgem, \u00e9 essencial. Essas gorduras n\u00e3o somente promovem saciedade como tamb\u00e9m aceleram o metabolismo. Contudo, \u00e9 importante lembrar que, apesar de saud\u00e1veis, esses alimentos ainda s\u00e3o cal\u00f3ricos; logo, devem ser consumidos com modera\u00e7\u00e3o. \u00c9 recomend\u00e1vel que o consumo dessas gorduras n\u00e3o ultrapasse 20% do valor cal\u00f3rico total di\u00e1rio.<\/p>\n\n\n\n<h2 class=\"wp-block-heading\">Como as frutas e vegetais influenciam na dieta?<\/h2>\n\n\n\n<p>Frutas e vegetais frescos s\u00e3o aliados poderosos na perda de peso. Frutas como morango e pera, por exemplo, s\u00e3o ricas em&nbsp;<strong>fibras e \u00e1gua<\/strong>, proporcionando saciedade com poucas calorias. Os vegetais, como alface e couve-flor, tamb\u00e9m desempenham um papel importante, pois ajudam a manter o apetite sob controle e s\u00e3o fontes naturais de vitaminas. A inclus\u00e3o desses alimentos numa dieta di\u00e1ria \u00e9 recomendada em torno de 40% do total cal\u00f3rico, favorecendo um emagrecimento saud\u00e1vel.<\/p>\n\n\n<div class=\"wp-block-image\">\n<figure class=\"aligncenter size-large\"><img decoding=\"async\" width=\"1024\" height=\"576\" src=\"https:\/\/www.correiobraziliense.com.br\/cbradar\/wp-content\/uploads\/2025\/06\/fibras-alimentares_1748967356241-1024x576.jpg\" alt=\"\" class=\"wp-image-47536\" srcset=\"https:\/\/www.correiobraziliense.com.br\/cbradar\/wp-content\/uploads\/2025\/06\/fibras-alimentares_1748967356241-1024x576.jpg 1024w, https:\/\/www.correiobraziliense.com.br\/cbradar\/wp-content\/uploads\/2025\/06\/fibras-alimentares_1748967356241-300x169.jpg 300w, https:\/\/www.correiobraziliense.com.br\/cbradar\/wp-content\/uploads\/2025\/06\/fibras-alimentares_1748967356241-768x432.jpg 768w, https:\/\/www.correiobraziliense.com.br\/cbradar\/wp-content\/uploads\/2025\/06\/fibras-alimentares_1748967356241-750x422.jpg 750w, https:\/\/www.correiobraziliense.com.br\/cbradar\/wp-content\/uploads\/2025\/06\/fibras-alimentares_1748967356241-1140x641.jpg 1140w, https:\/\/www.correiobraziliense.com.br\/cbradar\/wp-content\/uploads\/2025\/06\/fibras-alimentares_1748967356241.jpg 1280w\" sizes=\"(max-width: 1024px) 100vw, 1024px\" \/><figcaption class=\"wp-element-caption\">Fibras &#8211; Cr\u00e9ditos: depositphotos.com \/ VadimVasenin<\/figcaption><\/figure><\/div>\n\n\n<h2 class=\"wp-block-heading\">Quais cereais s\u00e3o recomendados para uma dieta eficaz?<\/h2>\n\n\n\n<p>Os cereais integrais, como arroz e p\u00e3o integral, destacam-se em uma dieta de emagrecimento por serem ricos em fibras. Essas fibras contribuem para a redu\u00e7\u00e3o da absor\u00e7\u00e3o de gordura, al\u00e9m de promoverem a saciedade. Consumir cereais integrais em refei\u00e7\u00f5es como almo\u00e7o e lanches da tarde pode ajudar significativamente no controle do apetite. No entanto, \u00e9 importante que seu consumo seja moderado e que n\u00e3o ultrapasse 40% do valor cal\u00f3rico di\u00e1rio.<\/p>\n\n\n\n<h2 class=\"wp-block-heading\">Devo incluir alimentos termog\u00eanicos na minha dieta?<\/h2>\n\n\n\n<p>Alimentos termog\u00eanicos como canela e ch\u00e1 verde aceleram o metabolismo e podem ser grandes aliados na perda de peso. Eles cont\u00eam subst\u00e2ncias como cafe\u00edna e capsaicina que estimulam a&nbsp;<strong>queima de gordura<\/strong>. Integrar esses alimentos de forma equilibrada \u00e0 dieta di\u00e1ria pode auxiliar na redu\u00e7\u00e3o de peso de forma r\u00e1pida e eficaz.<\/p>\n\n\n\n<p>A escolha dos alimentos certos, juntamente com h\u00e1bitos saud\u00e1veis, pode fazer uma enorme diferen\u00e7a em qualquer jornada de emagrecimento. Evitar alimentos processados e ricos em a\u00e7\u00facares adicionados, e adotar pr\u00e1ticas como beber bastante \u00e1gua e praticar exerc\u00edcios f\u00edsicos regularmente, complementam uma dieta equilibrada. A chave est\u00e1 no equil\u00edbrio e na manuten\u00e7\u00e3o de h\u00e1bitos alimentares que promovam <a href=\"https:\/\/www.correiobraziliense.com.br\/cbradar\/o-habito-comum-que-esta-antecipando-casos-de-avc\/\" target=\"_blank\" rel=\"noreferrer noopener\">sa\u00fade <\/a>e bem-estar duradouros.<\/p>\n\n\n<a href=\"https:\/\/www.instagram.com\/dra.annaluisabf\/\" target=\"_blank\" rel=\"noopener\" style=\"text-decoration: none; color: inherit;\">\n    <span style=\"display: inline-block; border: 1px solid #ccc; border-radius: 10px; padding: 15px; max-width: 550px; font-family: sans-serif; box-shadow: 0 2px 5px rgba(0,0,0,0.1); width: 100%;\">\n\n      <!-- T\u00edtulo -->\n      <span style=\"display: block; margin: 0 0 15px 0; font-weight: bold; color: #2c3e50; text-align: center;\">\n        Entre em contato:\n      <\/span>\n\n      <!-- Linha do perfil -->\n      <span style=\"display: flex; align-items: center; gap: 15px;\">\n        <img decoding=\"async\"\n          src=\"https:\/\/www.correiobraziliense.com.br\/cbradar\/wp-content\/uploads\/2025\/08\/dra_anna_luisa.jpeg\"\n          alt=\"Foto da Dra. Anna Lu\u00edsa\"\n          style=\"border-radius: 50%; width: 80px; height: 80px; object-fit: cover;\"\n        \/>\n        <span style=\"display: flex; flex-direction: column;\">\n          <span style=\"font-size: 18px; font-weight: 700; color: #2c3e50;\">Dra. Anna Lu\u00edsa Barbosa Fernandes<\/span>\n          <span style=\"color: #555;\">CRM-GO 33.271<\/span>\n        <\/span>\n      <\/span>\n\n      <!-- Redes -->\n      <span style=\"display: flex; align-items: center; gap: 10px; margin-top: 12px;\">\n        <img decoding=\"async\" src=\"https:\/\/cdn-icons-png.flaticon.com\/24\/1384\/1384063.png\" alt=\"Instagram\" width=\"24\" height=\"24\" \/>\n        <span style=\"text-decoration: underline; color: #2c3e50;\">@dra.annaluisabf<\/span>\n      <\/span>\n\n    <\/span>\n  <\/a>","protected":false},"excerpt":{"rendered":"<p>Em busca de um corpo mais saud\u00e1vel e equilibrado, muitas pessoas procuram por dietas r\u00e1pidas que proporcionem perda de peso de forma eficaz. Contudo, manter uma alimenta\u00e7\u00e3o equilibrada \u00e9 fundamental para alcan\u00e7ar resultados duradouros. Focar na ingest\u00e3o de\u00a0Prote\u00ednas Magras, como frango e peixe, pode ser uma estrat\u00e9gia eficiente, pois elas auxiliam na\u00a0redu\u00e7\u00e3o do apetite\u00a0e na\u00a0manuten\u00e7\u00e3o [&hellip;]<\/p>\n","protected":false},"author":14,"featured_media":57940,"comment_status":"open","ping_status":"open","sticky":false,"template":"","format":"standard","meta":{"_yoast_wpseo_focuskw":"Prote\u00ednas Magras","_yoast_wpseo_title":"","_yoast_wpseo_metadesc":"Prote\u00ednas, fibras e gorduras boas ajudam a emagrecer sem perder massa muscular. Veja como montar uma dieta equilibrada.","jnews-multi-image_gallery":[],"jnews_single_post":{"format":"standard"},"jnews_primary_category":[],"jnews_social_meta":[],"jnews_override_counter":[],"footnotes":""},"categories":[4404],"tags":[281,120,1318],"class_list":["post-173044","post","type-post","status-publish","format-standard","has-post-thumbnail","hentry","category-saude","tag-alimentacao","tag-bem-estar","tag-saude-2"],"yoast_head":"<!-- This site is optimized with the Yoast SEO plugin v24.6 - https:\/\/yoast.com\/wordpress\/plugins\/seo\/ -->\n<title>Como emagrecer r\u00e1pido sem perder massa muscular - Correio Braziliense - Radar<\/title>\n<meta name=\"description\" content=\"Prote\u00ednas, fibras e gorduras boas ajudam a emagrecer sem perder massa muscular. Veja como montar uma dieta equilibrada.\" \/>\n<meta name=\"robots\" content=\"index, follow, max-snippet:-1, max-image-preview:large, max-video-preview:-1\" \/>\n<link rel=\"canonical\" href=\"https:\/\/www.correiobraziliense.com.br\/cbradar\/como-emagrecer-rapido-sem-perder-massa-muscular\/\" \/>\n<meta property=\"og:locale\" content=\"pt_BR\" \/>\n<meta property=\"og:type\" content=\"article\" \/>\n<meta property=\"og:title\" content=\"Como emagrecer r\u00e1pido sem perder massa muscular - Correio Braziliense - Radar\" \/>\n<meta property=\"og:description\" content=\"Prote\u00ednas, fibras e gorduras boas ajudam a emagrecer sem perder massa muscular. Veja como montar uma dieta equilibrada.\" \/>\n<meta property=\"og:url\" content=\"https:\/\/www.correiobraziliense.com.br\/cbradar\/como-emagrecer-rapido-sem-perder-massa-muscular\/\" \/>\n<meta property=\"og:site_name\" content=\"Correio Braziliense - Radar\" \/>\n<meta property=\"article:published_time\" content=\"2026-01-12T16:15:00+00:00\" \/>\n<meta property=\"og:image\" content=\"https:\/\/www.correiobraziliense.com.br\/cbradar\/wp-content\/uploads\/2025\/06\/Proteinas-_1750680880498.jpg\" \/>\n\t<meta property=\"og:image:width\" content=\"1280\" \/>\n\t<meta property=\"og:image:height\" content=\"720\" \/>\n\t<meta property=\"og:image:type\" content=\"image\/jpeg\" \/>\n<meta name=\"author\" content=\"guilherme_saude\" \/>\n<meta name=\"twitter:card\" content=\"summary_large_image\" \/>\n<meta name=\"twitter:label1\" content=\"Escrito por\" \/>\n\t<meta name=\"twitter:data1\" content=\"guilherme_saude\" \/>\n\t<meta name=\"twitter:label2\" content=\"Est. tempo de leitura\" \/>\n\t<meta name=\"twitter:data2\" content=\"4 minutos\" \/>\n<!-- \/ Yoast SEO plugin. -->","yoast_head_json":{"title":"Como emagrecer r\u00e1pido sem perder massa muscular - Correio Braziliense - Radar","description":"Prote\u00ednas, fibras e gorduras boas ajudam a emagrecer sem perder massa muscular. Veja como montar uma dieta equilibrada.","robots":{"index":"index","follow":"follow","max-snippet":"max-snippet:-1","max-image-preview":"max-image-preview:large","max-video-preview":"max-video-preview:-1"},"canonical":"https:\/\/www.correiobraziliense.com.br\/cbradar\/como-emagrecer-rapido-sem-perder-massa-muscular\/","og_locale":"pt_BR","og_type":"article","og_title":"Como emagrecer r\u00e1pido sem perder massa muscular - Correio Braziliense - Radar","og_description":"Prote\u00ednas, fibras e gorduras boas ajudam a emagrecer sem perder massa muscular. Veja como montar uma dieta equilibrada.","og_url":"https:\/\/www.correiobraziliense.com.br\/cbradar\/como-emagrecer-rapido-sem-perder-massa-muscular\/","og_site_name":"Correio Braziliense - Radar","article_published_time":"2026-01-12T16:15:00+00:00","og_image":[{"width":1280,"height":720,"url":"https:\/\/www.correiobraziliense.com.br\/cbradar\/wp-content\/uploads\/2025\/06\/Proteinas-_1750680880498.jpg","type":"image\/jpeg"}],"author":"guilherme_saude","twitter_card":"summary_large_image","twitter_misc":{"Escrito por":"guilherme_saude","Est. tempo de leitura":"4 minutos"},"schema":{"@context":"https:\/\/schema.org","@graph":[{"@type":"WebPage","@id":"https:\/\/www.correiobraziliense.com.br\/cbradar\/como-emagrecer-rapido-sem-perder-massa-muscular\/","url":"https:\/\/www.correiobraziliense.com.br\/cbradar\/como-emagrecer-rapido-sem-perder-massa-muscular\/","name":"Como emagrecer r\u00e1pido sem perder massa muscular - Correio Braziliense - Radar","isPartOf":{"@id":"https:\/\/www.correiobraziliense.com.br\/cbradar\/#website"},"primaryImageOfPage":{"@id":"https:\/\/www.correiobraziliense.com.br\/cbradar\/como-emagrecer-rapido-sem-perder-massa-muscular\/#primaryimage"},"image":{"@id":"https:\/\/www.correiobraziliense.com.br\/cbradar\/como-emagrecer-rapido-sem-perder-massa-muscular\/#primaryimage"},"thumbnailUrl":"https:\/\/www.correiobraziliense.com.br\/cbradar\/wp-content\/uploads\/2025\/06\/Proteinas-_1750680880498.jpg","datePublished":"2026-01-12T16:15:00+00:00","author":{"@id":"https:\/\/www.correiobraziliense.com.br\/cbradar\/#\/schema\/person\/5aa4bf3c8fa699c267933611de12978b"},"description":"Prote\u00ednas, fibras e gorduras boas ajudam a emagrecer sem perder massa muscular. Veja como montar uma dieta equilibrada.","breadcrumb":{"@id":"https:\/\/www.correiobraziliense.com.br\/cbradar\/como-emagrecer-rapido-sem-perder-massa-muscular\/#breadcrumb"},"inLanguage":"pt-BR","potentialAction":[{"@type":"ReadAction","target":["https:\/\/www.correiobraziliense.com.br\/cbradar\/como-emagrecer-rapido-sem-perder-massa-muscular\/"]}]},{"@type":"ImageObject","inLanguage":"pt-BR","@id":"https:\/\/www.correiobraziliense.com.br\/cbradar\/como-emagrecer-rapido-sem-perder-massa-muscular\/#primaryimage","url":"https:\/\/www.correiobraziliense.com.br\/cbradar\/wp-content\/uploads\/2025\/06\/Proteinas-_1750680880498.jpg","contentUrl":"https:\/\/www.correiobraziliense.com.br\/cbradar\/wp-content\/uploads\/2025\/06\/Proteinas-_1750680880498.jpg","width":1280,"height":720,"caption":"Prote\u00ednas - Cr\u00e9ditos: depositphotos.com \/ robynmac"},{"@type":"BreadcrumbList","@id":"https:\/\/www.correiobraziliense.com.br\/cbradar\/como-emagrecer-rapido-sem-perder-massa-muscular\/#breadcrumb","itemListElement":[{"@type":"ListItem","position":1,"name":"In\u00edcio","item":"https:\/\/www.correiobraziliense.com.br\/cbradar\/"},{"@type":"ListItem","position":2,"name":"Como emagrecer r\u00e1pido sem perder massa muscular"}]},{"@type":"WebSite","@id":"https:\/\/www.correiobraziliense.com.br\/cbradar\/#website","url":"https:\/\/www.correiobraziliense.com.br\/cbradar\/","name":"Correio Braziliense - Radar","description":"Acompanhe as \u00faltimas not\u00edcias e fique bem informado sobre tudo o que acontece no Brasil e no mundo.","potentialAction":[{"@type":"SearchAction","target":{"@type":"EntryPoint","urlTemplate":"https:\/\/www.correiobraziliense.com.br\/cbradar\/?s={search_term_string}"},"query-input":{"@type":"PropertyValueSpecification","valueRequired":true,"valueName":"search_term_string"}}],"inLanguage":"pt-BR"},{"@type":"Person","@id":"https:\/\/www.correiobraziliense.com.br\/cbradar\/#\/schema\/person\/5aa4bf3c8fa699c267933611de12978b","name":"guilherme_saude","image":{"@type":"ImageObject","inLanguage":"pt-BR","@id":"https:\/\/www.correiobraziliense.com.br\/cbradar\/#\/schema\/person\/image\/","url":"https:\/\/secure.gravatar.com\/avatar\/df9adfb835d344bc0af109d41756253f?s=96&d=mm&r=g","contentUrl":"https:\/\/secure.gravatar.com\/avatar\/df9adfb835d344bc0af109d41756253f?s=96&d=mm&r=g","caption":"guilherme_saude"},"url":"https:\/\/www.correiobraziliense.com.br\/cbradar\/author\/guilherme_saude\/"}]}},"_links":{"self":[{"href":"https:\/\/www.correiobraziliense.com.br\/cbradar\/wp-json\/wp\/v2\/posts\/173044","targetHints":{"allow":["GET"]}}],"collection":[{"href":"https:\/\/www.correiobraziliense.com.br\/cbradar\/wp-json\/wp\/v2\/posts"}],"about":[{"href":"https:\/\/www.correiobraziliense.com.br\/cbradar\/wp-json\/wp\/v2\/types\/post"}],"author":[{"embeddable":true,"href":"https:\/\/www.correiobraziliense.com.br\/cbradar\/wp-json\/wp\/v2\/users\/14"}],"replies":[{"embeddable":true,"href":"https:\/\/www.correiobraziliense.com.br\/cbradar\/wp-json\/wp\/v2\/comments?post=173044"}],"version-history":[{"count":1,"href":"https:\/\/www.correiobraziliense.com.br\/cbradar\/wp-json\/wp\/v2\/posts\/173044\/revisions"}],"predecessor-version":[{"id":173048,"href":"https:\/\/www.correiobraziliense.com.br\/cbradar\/wp-json\/wp\/v2\/posts\/173044\/revisions\/173048"}],"wp:featuredmedia":[{"embeddable":true,"href":"https:\/\/www.correiobraziliense.com.br\/cbradar\/wp-json\/wp\/v2\/media\/57940"}],"wp:attachment":[{"href":"https:\/\/www.correiobraziliense.com.br\/cbradar\/wp-json\/wp\/v2\/media?parent=173044"}],"wp:term":[{"taxonomy":"category","embeddable":true,"href":"https:\/\/www.correiobraziliense.com.br\/cbradar\/wp-json\/wp\/v2\/categories?post=173044"},{"taxonomy":"post_tag","embeddable":true,"href":"https:\/\/www.correiobraziliense.com.br\/cbradar\/wp-json\/wp\/v2\/tags?post=173044"}],"curies":[{"name":"wp","href":"https:\/\/api.w.org\/{rel}","templated":true}]}}