{"id":17312,"date":"2025-03-31T15:55:00","date_gmt":"2025-03-31T18:55:00","guid":{"rendered":"https:\/\/www.correiobraziliense.com.br\/cbradar\/?p=17312"},"modified":"2025-03-31T08:34:45","modified_gmt":"2025-03-31T11:34:45","slug":"brasileiro-pode-ter-encontrado-o-maior-reservatorio-de-petroleo-da-terra","status":"publish","type":"post","link":"https:\/\/www.correiobraziliense.com.br\/cbradar\/brasileiro-pode-ter-encontrado-o-maior-reservatorio-de-petroleo-da-terra\/","title":{"rendered":"Brasileiro pode ter encontrado o maior reservat\u00f3rio de petr\u00f3leo da Terra"},"content":{"rendered":"\n<p>Recentemente, a comunidade internacional voltou seus olhos para a Coreia do Sul ap\u00f3s o an\u00fancio de uma poss\u00edvel descoberta de uma das maiores reservas de petr\u00f3leo e g\u00e1s do mundo. A revela\u00e7\u00e3o foi feita pelo Presidente sul-coreano, Yoon Suk Yeol, destacando a import\u00e2ncia econ\u00f4mica e energ\u00e9tica desse achado. Estima-se que a reserva possa conter at\u00e9 14 bilh\u00f5es de barris de petr\u00f3leo, o que poderia suprir o consumo nacional por quatro anos.<\/p>\n\n\n\n<p>Al\u00e9m do petr\u00f3leo, a reserva tamb\u00e9m promete uma quantidade significativa de g\u00e1s natural, suficiente para atender a demanda sul-coreana por at\u00e9 29 anos. Essa descoberta, se confirmada, pode transformar a Coreia do Sul, que atualmente depende de importa\u00e7\u00f5es para atender suas necessidades energ\u00e9ticas. No entanto, o entusiasmo \u00e9 temperado por desafios e incertezas inerentes \u00e0 explora\u00e7\u00e3o de recursos naturais.<\/p>\n\n\n\n<figure class=\"wp-block-gallery has-nested-images columns-default is-cropped wp-block-gallery-1 is-layout-flex wp-block-gallery-is-layout-flex\">\n<figure class=\"wp-block-image size-large\"><img decoding=\"async\" width=\"1024\" height=\"576\" data-id=\"17316\" src=\"https:\/\/www.correiobraziliense.com.br\/cbradar\/wp-content\/uploads\/2025\/03\/petroleo_1743420336988-1024x576.jpg\" alt=\"Petroleo Cr\u00e9ditos: depositphotos.com \/ DeminPan\" class=\"wp-image-17316\" srcset=\"https:\/\/www.correiobraziliense.com.br\/cbradar\/wp-content\/uploads\/2025\/03\/petroleo_1743420336988-1024x576.jpg 1024w, https:\/\/www.correiobraziliense.com.br\/cbradar\/wp-content\/uploads\/2025\/03\/petroleo_1743420336988-300x169.jpg 300w, https:\/\/www.correiobraziliense.com.br\/cbradar\/wp-content\/uploads\/2025\/03\/petroleo_1743420336988-768x432.jpg 768w, https:\/\/www.correiobraziliense.com.br\/cbradar\/wp-content\/uploads\/2025\/03\/petroleo_1743420336988-750x422.jpg 750w, https:\/\/www.correiobraziliense.com.br\/cbradar\/wp-content\/uploads\/2025\/03\/petroleo_1743420336988-1140x641.jpg 1140w, https:\/\/www.correiobraziliense.com.br\/cbradar\/wp-content\/uploads\/2025\/03\/petroleo_1743420336988.jpg 1280w\" sizes=\"(max-width: 1024px) 100vw, 1024px\" \/><figcaption class=\"wp-element-caption\">Petroleo Cr\u00e9ditos: depositphotos.com \/ DeminPan<\/figcaption><\/figure>\n<\/figure>\n\n\n\n<h2 class=\"wp-block-heading\">Quais s\u00e3o os riscos associados \u00e0 explora\u00e7\u00e3o da nova reserva?<\/h2>\n\n\n\n<p>Apesar do potencial promissor, o ge\u00f3logo brasileiro Vitor Abreu, envolvido na descoberta, alertou sobre os riscos significativos associados \u00e0 explora\u00e7\u00e3o da reserva. Durante uma coletiva de imprensa, ele destacou que h\u00e1 um risco de 80% de n\u00e3o se conseguir produzir combust\u00edvel a partir da reserva. A explora\u00e7\u00e3o de petr\u00f3leo \u00e9 uma atividade complexa e arriscada, que pode n\u00e3o resultar nos benef\u00edcios esperados.<\/p>\n\n\n\n<p>Al\u00e9m dos riscos t\u00e9cnicos, h\u00e1 preocupa\u00e7\u00f5es financeiras e pol\u00edticas. A m\u00eddia local e alguns pol\u00edticos da oposi\u00e7\u00e3o expressaram receios sobre os altos custos do projeto, que podem impactar os contribuintes. O hist\u00f3rico de fracassos na regi\u00e3o, como a retirada da empresa Woodside Energy ap\u00f3s anos de tentativas sem sucesso, adiciona uma camada de ceticismo ao otimismo inicial.<\/p>\n\n\n\n<h2 class=\"wp-block-heading\">Impactos econ\u00f4micos e ambientais da explora\u00e7\u00e3o de petr\u00f3leo na Coreia do Sul<\/h2>\n\n\n\n<p>Se a explora\u00e7\u00e3o for bem-sucedida, a Coreia do Sul poder\u00e1 experimentar uma transforma\u00e7\u00e3o econ\u00f4mica significativa. A redu\u00e7\u00e3o da depend\u00eancia de importa\u00e7\u00f5es de petr\u00f3leo e g\u00e1s pode fortalecer a economia nacional e proporcionar maior seguran\u00e7a energ\u00e9tica. No entanto, os impactos n\u00e3o s\u00e3o apenas econ\u00f4micos.<\/p>\n\n\n\n<p>A explora\u00e7\u00e3o de petr\u00f3leo e g\u00e1s levanta quest\u00f5es ambientais importantes. Em um contexto global de crescente compromisso com a neutralidade de carbono, a explora\u00e7\u00e3o de combust\u00edveis f\u00f3sseis pode enfrentar resist\u00eancia de grupos ambientalistas e da comunidade internacional. O equil\u00edbrio entre desenvolvimento econ\u00f4mico e sustentabilidade ambiental ser\u00e1 crucial para o futuro do projeto.<\/p>\n\n\n\n<h2 class=\"wp-block-heading\">O que o futuro reserva para a explora\u00e7\u00e3o de petr\u00f3leo na Coreia do Sul?<\/h2>\n\n\n\n<p>O futuro da explora\u00e7\u00e3o de petr\u00f3leo na Coreia do Sul ainda \u00e9 incerto. Os resultados da explora\u00e7\u00e3o s\u00f3 poder\u00e3o ser avaliados ap\u00f3s 2025, quando a fase de explora\u00e7\u00e3o come\u00e7ar\u00e1. At\u00e9 l\u00e1, o pa\u00eds dever\u00e1 navegar entre o potencial econ\u00f4mico da reserva e os desafios t\u00e9cnicos, financeiros e ambientais que ela apresenta.<\/p>\n\n\n\n<p>Enquanto alguns veem a descoberta como uma oportunidade transformadora, outros permanecem c\u00e9ticos quanto \u00e0 sua viabilidade a longo prazo. A Coreia do Sul ter\u00e1 que pesar cuidadosamente os benef\u00edcios econ\u00f4micos contra os riscos e impactos ambientais, em um cen\u00e1rio global cada vez mais voltado para fontes de energia renov\u00e1veis.<\/p>\n","protected":false},"excerpt":{"rendered":"<p>Recentemente, a comunidade internacional voltou seus olhos para a Coreia do Sul ap\u00f3s o an\u00fancio de uma poss\u00edvel descoberta de uma das maiores reservas de petr\u00f3leo e g\u00e1s do mundo.<\/p>\n","protected":false},"author":4,"featured_media":17317,"comment_status":"open","ping_status":"open","sticky":false,"template":"","format":"standard","meta":{"_yoast_wpseo_focuskw":"petr\u00f3leo","_yoast_wpseo_title":"","_yoast_wpseo_metadesc":"Recentemente, a comunidade internacional voltou seus olhos para a Coreia do Sul ap\u00f3s o an\u00fancio de uma poss\u00edvel descoberta de uma das maiores reservas de petr\u00f3leo e g\u00e1s do mundo.","jnews-multi-image_gallery":[],"jnews_single_post":{"format":"standard"},"jnews_primary_category":[],"jnews_social_meta":[],"jnews_override_counter":[],"footnotes":""},"categories":[140,115],"post_tag":[1457,129,2640,1456,2641],"class_list":["post-17312","post","type-post","status-publish","format-standard","has-post-thumbnail","hentry","category-entretenimento","category-tecnologia","tag-coreia-do-sul","tag-economia","tag-gas-natural","tag-petroleo","tag-recursos-naturais"],"yoast_head":"<!-- This site is optimized with the Yoast SEO plugin v24.6 - https:\/\/yoast.com\/wordpress\/plugins\/seo\/ -->\n<title>Brasileiro pode ter encontrado o maior reservat\u00f3rio de petr\u00f3leo da Terra - Correio Braziliense - Radar<\/title>\n<meta name=\"description\" content=\"Recentemente, a comunidade internacional voltou seus olhos para a Coreia do Sul ap\u00f3s o an\u00fancio de uma poss\u00edvel descoberta de uma das maiores reservas de petr\u00f3leo e g\u00e1s do mundo.\" \/>\n<meta name=\"robots\" content=\"index, follow, max-snippet:-1, max-image-preview:large, max-video-preview:-1\" \/>\n<link rel=\"canonical\" href=\"https:\/\/www.correiobraziliense.com.br\/cbradar\/brasileiro-pode-ter-encontrado-o-maior-reservatorio-de-petroleo-da-terra\/\" \/>\n<meta property=\"og:locale\" content=\"pt_BR\" \/>\n<meta property=\"og:type\" content=\"article\" \/>\n<meta property=\"og:title\" content=\"Brasileiro pode ter encontrado o maior reservat\u00f3rio de petr\u00f3leo da Terra - Correio Braziliense - Radar\" \/>\n<meta property=\"og:description\" content=\"Recentemente, a comunidade internacional voltou seus olhos para a Coreia do Sul ap\u00f3s o an\u00fancio de uma poss\u00edvel descoberta de uma das maiores reservas de petr\u00f3leo e g\u00e1s do mundo.\" \/>\n<meta property=\"og:url\" content=\"https:\/\/www.correiobraziliense.com.br\/cbradar\/brasileiro-pode-ter-encontrado-o-maior-reservatorio-de-petroleo-da-terra\/\" \/>\n<meta property=\"og:site_name\" content=\"Correio Braziliense - Radar\" \/>\n<meta property=\"article:published_time\" content=\"2025-03-31T18:55:00+00:00\" \/>\n<meta property=\"og:image\" content=\"https:\/\/www.correiobraziliense.com.br\/cbradar\/wp-content\/uploads\/2025\/03\/petroleo_1743420311493.jpg\" \/>\n\t<meta property=\"og:image:width\" content=\"1280\" \/>\n\t<meta property=\"og:image:height\" content=\"720\" \/>\n\t<meta property=\"og:image:type\" content=\"image\/jpeg\" \/>\n<meta name=\"author\" content=\"Guilherme Cremaschi\" \/>\n<meta name=\"twitter:card\" content=\"summary_large_image\" \/>\n<meta name=\"twitter:label1\" content=\"Escrito por\" \/>\n\t<meta name=\"twitter:data1\" content=\"Guilherme Cremaschi\" \/>\n\t<meta name=\"twitter:label2\" content=\"Est. tempo de leitura\" \/>\n\t<meta name=\"twitter:data2\" content=\"4 minutos\" \/>\n<!-- \/ Yoast SEO plugin. -->","yoast_head_json":{"title":"Brasileiro pode ter encontrado o maior reservat\u00f3rio de petr\u00f3leo da Terra - Correio Braziliense - Radar","description":"Recentemente, a comunidade internacional voltou seus olhos para a Coreia do Sul ap\u00f3s o an\u00fancio de uma poss\u00edvel descoberta de uma das maiores reservas de petr\u00f3leo e g\u00e1s do mundo.","robots":{"index":"index","follow":"follow","max-snippet":"max-snippet:-1","max-image-preview":"max-image-preview:large","max-video-preview":"max-video-preview:-1"},"canonical":"https:\/\/www.correiobraziliense.com.br\/cbradar\/brasileiro-pode-ter-encontrado-o-maior-reservatorio-de-petroleo-da-terra\/","og_locale":"pt_BR","og_type":"article","og_title":"Brasileiro pode ter encontrado o maior reservat\u00f3rio de petr\u00f3leo da Terra - Correio Braziliense - Radar","og_description":"Recentemente, a comunidade internacional voltou seus olhos para a Coreia do Sul ap\u00f3s o an\u00fancio de uma poss\u00edvel descoberta de uma das maiores reservas de petr\u00f3leo e g\u00e1s do mundo.","og_url":"https:\/\/www.correiobraziliense.com.br\/cbradar\/brasileiro-pode-ter-encontrado-o-maior-reservatorio-de-petroleo-da-terra\/","og_site_name":"Correio Braziliense - Radar","article_published_time":"2025-03-31T18:55:00+00:00","og_image":[{"width":1280,"height":720,"url":"https:\/\/www.correiobraziliense.com.br\/cbradar\/wp-content\/uploads\/2025\/03\/petroleo_1743420311493.jpg","type":"image\/jpeg"}],"author":"Guilherme Cremaschi","twitter_card":"summary_large_image","twitter_misc":{"Escrito por":"Guilherme Cremaschi","Est. tempo de leitura":"4 minutos"},"schema":{"@context":"https:\/\/schema.org","@graph":[{"@type":"WebPage","@id":"https:\/\/www.correiobraziliense.com.br\/cbradar\/brasileiro-pode-ter-encontrado-o-maior-reservatorio-de-petroleo-da-terra\/","url":"https:\/\/www.correiobraziliense.com.br\/cbradar\/brasileiro-pode-ter-encontrado-o-maior-reservatorio-de-petroleo-da-terra\/","name":"Brasileiro pode ter encontrado o maior reservat\u00f3rio de petr\u00f3leo da Terra - Correio Braziliense - Radar","isPartOf":{"@id":"https:\/\/www.correiobraziliense.com.br\/cbradar\/#website"},"primaryImageOfPage":{"@id":"https:\/\/www.correiobraziliense.com.br\/cbradar\/brasileiro-pode-ter-encontrado-o-maior-reservatorio-de-petroleo-da-terra\/#primaryimage"},"image":{"@id":"https:\/\/www.correiobraziliense.com.br\/cbradar\/brasileiro-pode-ter-encontrado-o-maior-reservatorio-de-petroleo-da-terra\/#primaryimage"},"thumbnailUrl":"https:\/\/www.correiobraziliense.com.br\/cbradar\/wp-content\/uploads\/2025\/03\/petroleo_1743420311493.jpg","datePublished":"2025-03-31T18:55:00+00:00","author":{"@id":"https:\/\/www.correiobraziliense.com.br\/cbradar\/#\/schema\/person\/4760856b25506e84ce34d5de2b0d95f1"},"description":"Recentemente, a comunidade internacional voltou seus olhos para a Coreia do Sul ap\u00f3s o an\u00fancio de uma poss\u00edvel descoberta de uma das maiores reservas de petr\u00f3leo e g\u00e1s do mundo.","breadcrumb":{"@id":"https:\/\/www.correiobraziliense.com.br\/cbradar\/brasileiro-pode-ter-encontrado-o-maior-reservatorio-de-petroleo-da-terra\/#breadcrumb"},"inLanguage":"pt-BR","potentialAction":[{"@type":"ReadAction","target":["https:\/\/www.correiobraziliense.com.br\/cbradar\/brasileiro-pode-ter-encontrado-o-maior-reservatorio-de-petroleo-da-terra\/"]}]},{"@type":"ImageObject","inLanguage":"pt-BR","@id":"https:\/\/www.correiobraziliense.com.br\/cbradar\/brasileiro-pode-ter-encontrado-o-maior-reservatorio-de-petroleo-da-terra\/#primaryimage","url":"https:\/\/www.correiobraziliense.com.br\/cbradar\/wp-content\/uploads\/2025\/03\/petroleo_1743420311493.jpg","contentUrl":"https:\/\/www.correiobraziliense.com.br\/cbradar\/wp-content\/uploads\/2025\/03\/petroleo_1743420311493.jpg","width":1280,"height":720,"caption":"Brasileiro pode ter encontrado o maior reservat\u00f3rio de petr\u00f3leo da Terra Cr\u00e9ditos: depositphotos.com \/ carloscastilla"},{"@type":"BreadcrumbList","@id":"https:\/\/www.correiobraziliense.com.br\/cbradar\/brasileiro-pode-ter-encontrado-o-maior-reservatorio-de-petroleo-da-terra\/#breadcrumb","itemListElement":[{"@type":"ListItem","position":1,"name":"In\u00edcio","item":"https:\/\/www.correiobraziliense.com.br\/cbradar\/"},{"@type":"ListItem","position":2,"name":"Brasileiro pode ter encontrado o maior reservat\u00f3rio de petr\u00f3leo da Terra"}]},{"@type":"WebSite","@id":"https:\/\/www.correiobraziliense.com.br\/cbradar\/#website","url":"https:\/\/www.correiobraziliense.com.br\/cbradar\/","name":"Correio Braziliense - Radar","description":"Acompanhe as \u00faltimas not\u00edcias e fique bem informado sobre tudo o que acontece no Brasil e no mundo.","potentialAction":[{"@type":"SearchAction","target":{"@type":"EntryPoint","urlTemplate":"https:\/\/www.correiobraziliense.com.br\/cbradar\/?s={search_term_string}"},"query-input":{"@type":"PropertyValueSpecification","valueRequired":true,"valueName":"search_term_string"}}],"inLanguage":"pt-BR"},{"@type":"Person","@id":"https:\/\/www.correiobraziliense.com.br\/cbradar\/#\/schema\/person\/4760856b25506e84ce34d5de2b0d95f1","name":"Guilherme Cremaschi","image":{"@type":"ImageObject","inLanguage":"pt-BR","@id":"https:\/\/www.correiobraziliense.com.br\/cbradar\/#\/schema\/person\/image\/","url":"https:\/\/secure.gravatar.com\/avatar\/6a059d20d980bdeb1d1d6b0fa2b4633c?s=96&d=mm&r=g","contentUrl":"https:\/\/secure.gravatar.com\/avatar\/6a059d20d980bdeb1d1d6b0fa2b4633c?s=96&d=mm&r=g","caption":"Guilherme Cremaschi"},"sameAs":["https:\/\/www.correiobraziliense.com.br\/"],"url":"https:\/\/www.correiobraziliense.com.br\/cbradar\/author\/guilhermemyth\/"}]}},"_links":{"self":[{"href":"https:\/\/www.correiobraziliense.com.br\/cbradar\/wp-json\/wp\/v2\/posts\/17312","targetHints":{"allow":["GET"]}}],"collection":[{"href":"https:\/\/www.correiobraziliense.com.br\/cbradar\/wp-json\/wp\/v2\/posts"}],"about":[{"href":"https:\/\/www.correiobraziliense.com.br\/cbradar\/wp-json\/wp\/v2\/types\/post"}],"author":[{"embeddable":true,"href":"https:\/\/www.correiobraziliense.com.br\/cbradar\/wp-json\/wp\/v2\/users\/4"}],"replies":[{"embeddable":true,"href":"https:\/\/www.correiobraziliense.com.br\/cbradar\/wp-json\/wp\/v2\/comments?post=17312"}],"version-history":[{"count":4,"href":"https:\/\/www.correiobraziliense.com.br\/cbradar\/wp-json\/wp\/v2\/posts\/17312\/revisions"}],"predecessor-version":[{"id":17319,"href":"https:\/\/www.correiobraziliense.com.br\/cbradar\/wp-json\/wp\/v2\/posts\/17312\/revisions\/17319"}],"wp:featuredmedia":[{"embeddable":true,"href":"https:\/\/www.correiobraziliense.com.br\/cbradar\/wp-json\/wp\/v2\/media\/17317"}],"wp:attachment":[{"href":"https:\/\/www.correiobraziliense.com.br\/cbradar\/wp-json\/wp\/v2\/media?parent=17312"}],"wp:term":[{"taxonomy":"category","embeddable":true,"href":"https:\/\/www.correiobraziliense.com.br\/cbradar\/wp-json\/wp\/v2\/categories?post=17312"},{"taxonomy":"post_tag","embeddable":true,"href":"https:\/\/www.correiobraziliense.com.br\/cbradar\/wp-json\/wp\/v2\/post_tag?post=17312"}],"curies":[{"name":"wp","href":"https:\/\/api.w.org\/{rel}","templated":true}]}}