{"id":173204,"date":"2026-01-12T09:55:00","date_gmt":"2026-01-12T12:55:00","guid":{"rendered":"https:\/\/www.correiobraziliense.com.br\/cbradar\/?p=173204"},"modified":"2026-01-11T23:33:24","modified_gmt":"2026-01-12T02:33:24","slug":"o-ouro-liquido-de-que-todos-falam-ganha-atencao-na-web-por-auxiliar-na-saude-do-intestino-e-tambem-na-disposicao","status":"publish","type":"post","link":"https:\/\/www.correiobraziliense.com.br\/cbradar\/o-ouro-liquido-de-que-todos-falam-ganha-atencao-na-web-por-auxiliar-na-saude-do-intestino-e-tambem-na-disposicao\/","title":{"rendered":"O &#8216;ouro l\u00edquido&#8217; de que todos falam ganha aten\u00e7\u00e3o na web por auxiliar na sa\u00fade do intestino e tamb\u00e9m na disposi\u00e7\u00e3o"},"content":{"rendered":"\n<p><strong>O kombucha se consolidou como uma das bebidas naturais mais comentadas da atualidade, ganhando espa\u00e7o em mercados, cafeterias e rotinas de bem-estar. <\/strong>Com sabor levemente \u00e1cido, g\u00e1s natural e origem milenar, a bebida fermentada \u00e0 base de ch\u00e1 vem sendo associada ao equil\u00edbrio digestivo e \u00e0 sa\u00fade intestinal, tornando-se uma alternativa funcional \u00e0s bebidas industrializadas.<\/p>\n\n\n\n<h2 class=\"wp-block-heading\">Por que o kombucha se tornou t\u00e3o popular?<\/h2>\n\n\n\n<p><strong>O kombucha se tornou popular por unir fermenta\u00e7\u00e3o natural, sabor refrescante e a presen\u00e7a de compostos associados ao equil\u00edbrio intestinal.<\/strong> O crescimento do interesse por alimentos fermentados e h\u00e1bitos mais naturais impulsionou a bebida, que passou a ser vista como parte de uma rotina voltada ao bem-estar, <strong><a href=\"https:\/\/pmc.ncbi.nlm.nih.gov\/articles\/PMC12103323\/\" target=\"_blank\" rel=\"noreferrer noopener\">segundo o estudo da PubMed Central.<\/a><\/strong><\/p>\n\n\n\n<p>Al\u00e9m disso, o kombucha ganhou for\u00e7a por seu apelo artesanal e pela variedade de sabores poss\u00edveis, que v\u00e3o de frutas a especiarias. Essa versatilidade, somada \u00e0 percep\u00e7\u00e3o de leveza ap\u00f3s o consumo, ajudou a consolidar a bebida como tend\u00eancia entre pessoas que buscam alternativas ao refrigerante e a bebidas a\u00e7ucaradas.<\/p>\n\n\n<div class=\"wp-block-image\">\n<figure class=\"aligncenter size-large\"><img decoding=\"async\" width=\"1024\" height=\"576\" src=\"https:\/\/www.correiobraziliense.com.br\/cbradar\/wp-content\/uploads\/2025\/12\/kombucha-_1765188861197-1024x576.jpg\" alt=\"O 'ouro l\u00edquido' de que todo mundo fala e como ele mant\u00e9m a microbiota equilibrada e melhora a digest\u00e3o\" class=\"wp-image-152364\" srcset=\"https:\/\/www.correiobraziliense.com.br\/cbradar\/wp-content\/uploads\/2025\/12\/kombucha-_1765188861197-1024x576.jpg 1024w, https:\/\/www.correiobraziliense.com.br\/cbradar\/wp-content\/uploads\/2025\/12\/kombucha-_1765188861197-300x169.jpg 300w, https:\/\/www.correiobraziliense.com.br\/cbradar\/wp-content\/uploads\/2025\/12\/kombucha-_1765188861197-768x432.jpg 768w, https:\/\/www.correiobraziliense.com.br\/cbradar\/wp-content\/uploads\/2025\/12\/kombucha-_1765188861197-750x422.jpg 750w, https:\/\/www.correiobraziliense.com.br\/cbradar\/wp-content\/uploads\/2025\/12\/kombucha-_1765188861197-1140x641.jpg 1140w, https:\/\/www.correiobraziliense.com.br\/cbradar\/wp-content\/uploads\/2025\/12\/kombucha-_1765188861197.jpg 1280w\" sizes=\"(max-width: 1024px) 100vw, 1024px\" \/><figcaption class=\"wp-element-caption\">Desperte mais sa\u00fade e vitalidade com kombucha, a bebida natural que transforma seu bem-estar dia a dia. \/\/ Cr\u00e9ditos: depositphotos.com \/ AntonMatyukha<\/figcaption><\/figure><\/div>\n\n\n<p><strong>Leia tamb\u00e9m: <a href=\"https:\/\/www.correiobraziliense.com.br\/cbradar\/uma-ilha-brasileira-com-praia-secreta-abriga-um-forte-militar-desativado-que-conquista-visitantes-com-historia-e-aguas-cristalinas\/\" target=\"_blank\" rel=\"noreferrer noopener\">Uma ilha brasileira com praia secreta abriga um forte militar desativado que conquista visitantes com hist\u00f3ria e \u00e1guas cristalinas.<\/a><\/strong><\/p>\n\n\n\n<h2 class=\"wp-block-heading\">Como o kombucha age no organismo?<\/h2>\n\n\n\n<p><strong>O kombucha age no organismo por meio dos compostos formados na fermenta\u00e7\u00e3o, como \u00e1cidos org\u00e2nicos e micro-organismos ben\u00e9ficos, que ajudam a equilibrar a microbiota intestinal e favorecem a digest\u00e3o.<\/strong> Esse efeito pode contribuir para melhor absor\u00e7\u00e3o de nutrientes, regula\u00e7\u00e3o do tr\u00e2nsito intestinal e redu\u00e7\u00e3o de desconfortos como estufamento.<\/p>\n\n\n\n<p>De forma geral, seus benef\u00edcios est\u00e3o ligados ao equil\u00edbrio interno promovido pela fermenta\u00e7\u00e3o natural. Quando consumido com modera\u00e7\u00e3o, o kombucha pode apoiar o bem-estar e a sa\u00fade digestiva.<\/p>\n\n\n\n<p>Entre os principais benef\u00edcios associados \u00e0 bebida, destacam-se:<\/p>\n\n\n\n<ul class=\"wp-block-list\">\n<li>Apoio ao sistema imunol\u00f3gico por meio da sa\u00fade intestinal<\/li>\n\n\n\n<li>A\u00e7\u00e3o antioxidante que auxilia no combate aos radicais livres<\/li>\n\n\n\n<li>Sensa\u00e7\u00e3o de energia leve devido a vitaminas naturalmente presentes<\/li>\n<\/ul>\n\n\n\n<p><strong>Entenda por que a kombucha \u00e9 uma aliada da longevidade. <\/strong>O v\u00eddeo \u00e9 do canal <strong>Pensando ao Contr\u00e1rio,<\/strong> que conta com mais de <strong>1,7 milh\u00e3o de inscritos,<\/strong> e detalha os benef\u00edcios probi\u00f3ticos e antioxidantes da bebida, al\u00e9m de orienta\u00e7\u00f5es sobre consumo seguro e contraindica\u00e7\u00f5es:<\/p>\n\n\n\n<figure class=\"wp-block-embed aligncenter is-type-video is-provider-youtube wp-block-embed-youtube wp-embed-aspect-16-9 wp-has-aspect-ratio\"><div class=\"wp-block-embed__wrapper\">\n<div class=\"jeg_video_container jeg_video_content\"><iframe loading=\"lazy\" title=\"Por que VOC\u00ca deve tomar KOMBUCHA | 5 SUPER Benef\u00edcios para sua sa\u00fade\" width=\"500\" height=\"281\" src=\"https:\/\/www.youtube.com\/embed\/DGmjBxFYsZY?feature=oembed\" frameborder=\"0\" allow=\"accelerometer; autoplay; clipboard-write; encrypted-media; gyroscope; picture-in-picture; web-share\" referrerpolicy=\"strict-origin-when-cross-origin\" allowfullscreen><\/iframe><\/div>\n<\/div><\/figure>\n\n\n\n<h2 class=\"wp-block-heading\">O kombucha realmente ajuda na digest\u00e3o?<\/h2>\n\n\n\n<p><strong>Para muitas pessoas, o kombucha ajuda na digest\u00e3o ao favorecer o equil\u00edbrio da flora intestinal.<\/strong> A presen\u00e7a de micro-organismos oriundos da fermenta\u00e7\u00e3o pode contribuir para um funcionamento intestinal mais regular e confort\u00e1vel.<\/p>\n\n\n\n<p>Antes de listar os efeitos percebidos, \u00e9 importante destacar que os benef\u00edcios variam conforme o consumo e a individualidade de cada organismo. Entre os relatos mais comuns est\u00e3o:<\/p>\n\n\n\n<ul class=\"wp-block-list\">\n<li>Redu\u00e7\u00e3o da sensa\u00e7\u00e3o de estufamento ap\u00f3s refei\u00e7\u00f5es<\/li>\n\n\n\n<li>Melhora da regularidade intestinal<\/li>\n\n\n\n<li>Sensa\u00e7\u00e3o de digest\u00e3o mais leve<\/li>\n<\/ul>\n\n\n\n<p>Esses efeitos explicam por que o kombucha costuma ser consumido junto ou ap\u00f3s refei\u00e7\u00f5es leves.<\/p>\n\n\n<div class=\"wp-block-image\">\n<figure class=\"aligncenter size-large\"><img decoding=\"async\" width=\"1024\" height=\"576\" src=\"https:\/\/www.correiobraziliense.com.br\/cbradar\/wp-content\/uploads\/2025\/12\/kombucha-_1765188778712-1024x576.jpg\" alt=\"O 'ouro l\u00edquido' de que todo mundo fala e como ele mant\u00e9m a microbiota equilibrada e melhora a digest\u00e3o\" class=\"wp-image-152360\" srcset=\"https:\/\/www.correiobraziliense.com.br\/cbradar\/wp-content\/uploads\/2025\/12\/kombucha-_1765188778712-1024x576.jpg 1024w, https:\/\/www.correiobraziliense.com.br\/cbradar\/wp-content\/uploads\/2025\/12\/kombucha-_1765188778712-300x169.jpg 300w, https:\/\/www.correiobraziliense.com.br\/cbradar\/wp-content\/uploads\/2025\/12\/kombucha-_1765188778712-768x432.jpg 768w, https:\/\/www.correiobraziliense.com.br\/cbradar\/wp-content\/uploads\/2025\/12\/kombucha-_1765188778712-750x422.jpg 750w, https:\/\/www.correiobraziliense.com.br\/cbradar\/wp-content\/uploads\/2025\/12\/kombucha-_1765188778712-1140x641.jpg 1140w, https:\/\/www.correiobraziliense.com.br\/cbradar\/wp-content\/uploads\/2025\/12\/kombucha-_1765188778712.jpg 1280w\" sizes=\"(max-width: 1024px) 100vw, 1024px\" \/><figcaption class=\"wp-element-caption\">Kombucha \u00e9 uma bebida fermentada cheia de probi\u00f3ticos que ajuda a melhorar a digest\u00e3o e o sistema imunol\u00f3gico. \/\/ Cr\u00e9ditos: depositphotos.com \/ AntonMatyukha<\/figcaption><\/figure><\/div>\n\n\n<h2 class=\"wp-block-heading\">O que diferencia o kombucha de outras bebidas fermentadas?<\/h2>\n\n\n\n<p><strong>O kombucha se diferencia por combinar probi\u00f3ticos, \u00e1cidos org\u00e2nicos e antioxidantes em uma \u00fanica bebida leve e refrescante.<\/strong> Enquanto outros fermentados t\u00eam textura ou sabor mais intensos, o kombucha oferece uma experi\u00eancia mais suave e f\u00e1cil de incorporar ao dia a dia.<\/p>\n\n\n\n<p>Sua base de ch\u00e1 permite in\u00fameras varia\u00e7\u00f5es, ampliando seu apelo. Para entender melhor esse diferencial, veja a tabela abaixo:<\/p>\n\n\n\n<figure class=\"wp-block-table\"><table class=\"has-fixed-layout\"><thead><tr><th>Caracter\u00edstica<\/th><th>Kombucha<\/th><th>Outros fermentados<\/th><\/tr><\/thead><tbody><tr><td>Base<\/td><td>Ch\u00e1 ado\u00e7ado<\/td><td>Leite, gr\u00e3os ou vegetais<\/td><\/tr><tr><td>Textura<\/td><td>L\u00edquida e leve<\/td><td>Espessa ou s\u00f3lida<\/td><\/tr><tr><td>Sabor<\/td><td>\u00c1cido suave e refrescante<\/td><td>Mais intenso<\/td><\/tr><tr><td>Versatilidade de sabores<\/td><td>Alta<\/td><td>Moderada<\/td><\/tr><\/tbody><\/table><\/figure>\n\n\n\n<p>Essa combina\u00e7\u00e3o faz do kombucha uma porta de entrada para quem deseja conhecer alimentos fermentados.<\/p>\n\n\n<div class=\"wp-block-image\">\n<figure class=\"aligncenter size-large\"><img decoding=\"async\" width=\"1024\" height=\"576\" src=\"https:\/\/www.correiobraziliense.com.br\/cbradar\/wp-content\/uploads\/2025\/12\/kombucha-_1765188940447-1024x576.jpg\" alt=\"O 'ouro l\u00edquido' de que todos falam ganha aten\u00e7\u00e3o na web por auxiliar na sa\u00fade do intestino e tamb\u00e9m na disposi\u00e7\u00e3o\" class=\"wp-image-152367\" srcset=\"https:\/\/www.correiobraziliense.com.br\/cbradar\/wp-content\/uploads\/2025\/12\/kombucha-_1765188940447-1024x576.jpg 1024w, https:\/\/www.correiobraziliense.com.br\/cbradar\/wp-content\/uploads\/2025\/12\/kombucha-_1765188940447-300x169.jpg 300w, https:\/\/www.correiobraziliense.com.br\/cbradar\/wp-content\/uploads\/2025\/12\/kombucha-_1765188940447-768x432.jpg 768w, https:\/\/www.correiobraziliense.com.br\/cbradar\/wp-content\/uploads\/2025\/12\/kombucha-_1765188940447-750x422.jpg 750w, https:\/\/www.correiobraziliense.com.br\/cbradar\/wp-content\/uploads\/2025\/12\/kombucha-_1765188940447-1140x641.jpg 1140w, https:\/\/www.correiobraziliense.com.br\/cbradar\/wp-content\/uploads\/2025\/12\/kombucha-_1765188940447.jpg 1280w\" sizes=\"(max-width: 1024px) 100vw, 1024px\" \/><figcaption class=\"wp-element-caption\">Kombucha cont\u00e9m \u00e1cidos org\u00e2nicos, antioxidantes e cepas bacterianas ben\u00e9ficas que apoiam a flora intestinal. \/\/ Cr\u00e9ditos: depositphotos.com \/ AntonMatyukha<\/figcaption><\/figure><\/div>\n\n\n<h2 class=\"wp-block-heading\">Vale a pena incluir o kombucha na rotina?<\/h2>\n\n\n\n<p><strong>Vale a pena incluir o kombucha na rotina quando o objetivo \u00e9 apoiar a digest\u00e3o e substituir bebidas industrializadas.<\/strong> Al\u00e9m do potencial funcional, seu sabor diferenciado e sua origem artesanal tornam o consumo mais consciente e prazeroso.<\/p>\n\n\n\n<p>Inserir o kombucha no cotidiano \u00e9 um gesto simples que pode contribuir para sensa\u00e7\u00e3o de equil\u00edbrio, leveza e bem-estar. Como qualquer alimento fermentado, o ideal \u00e9 consumi-lo com modera\u00e7\u00e3o, respeitando as respostas do pr\u00f3prio corpo.<\/p>\n","protected":false},"excerpt":{"rendered":"<p>O kombucha se consolidou como uma das bebidas naturais mais comentadas da atualidade, ganhando espa\u00e7o em mercados, cafeterias e rotinas de bem-estar. Com sabor levemente \u00e1cido, g\u00e1s natural e origem milenar, a bebida fermentada \u00e0 base de ch\u00e1 vem sendo associada ao equil\u00edbrio digestivo e \u00e0 sa\u00fade intestinal, tornando-se uma alternativa funcional \u00e0s bebidas industrializadas. [&hellip;]<\/p>\n","protected":false},"author":8,"featured_media":152375,"comment_status":"open","ping_status":"open","sticky":false,"template":"","format":"standard","meta":{"_yoast_wpseo_focuskw":"alimento para intestino","_yoast_wpseo_title":"","_yoast_wpseo_metadesc":"Chamado de ouro l\u00edquido, esse ingrediente vem despertando interesse por sua rela\u00e7\u00e3o com digest\u00e3o e disposi\u00e7\u00e3o.","jnews-multi-image_gallery":[],"jnews_single_post":{"format":"standard"},"jnews_primary_category":[],"jnews_social_meta":[],"jnews_override_counter":[],"footnotes":""},"categories":[112],"tags":[1423,12070,1318],"class_list":["post-173204","post","type-post","status-publish","format-standard","has-post-thumbnail","hentry","category-curiosidades","tag-alimentos","tag-kombucha","tag-saude-2"],"yoast_head":"<!-- This site is optimized with the Yoast SEO plugin v24.6 - https:\/\/yoast.com\/wordpress\/plugins\/seo\/ -->\n<title>O &#039;ouro l\u00edquido&#039; de que todos falam ganha aten\u00e7\u00e3o na web por auxiliar na sa\u00fade do intestino e tamb\u00e9m na disposi\u00e7\u00e3o - Correio Braziliense - Radar<\/title>\n<meta name=\"description\" content=\"Chamado de ouro l\u00edquido, esse ingrediente vem despertando interesse por sua rela\u00e7\u00e3o com digest\u00e3o e disposi\u00e7\u00e3o.\" \/>\n<meta name=\"robots\" content=\"index, follow, max-snippet:-1, max-image-preview:large, max-video-preview:-1\" \/>\n<link rel=\"canonical\" href=\"https:\/\/www.correiobraziliense.com.br\/cbradar\/o-ouro-liquido-de-que-todos-falam-ganha-atencao-na-web-por-auxiliar-na-saude-do-intestino-e-tambem-na-disposicao\/\" \/>\n<meta property=\"og:locale\" content=\"pt_BR\" \/>\n<meta property=\"og:type\" content=\"article\" \/>\n<meta property=\"og:title\" content=\"O &#039;ouro l\u00edquido&#039; de que todos falam ganha aten\u00e7\u00e3o na web por auxiliar na sa\u00fade do intestino e tamb\u00e9m na disposi\u00e7\u00e3o - Correio Braziliense - Radar\" \/>\n<meta property=\"og:description\" content=\"Chamado de ouro l\u00edquido, esse ingrediente vem despertando interesse por sua rela\u00e7\u00e3o com digest\u00e3o e disposi\u00e7\u00e3o.\" \/>\n<meta property=\"og:url\" content=\"https:\/\/www.correiobraziliense.com.br\/cbradar\/o-ouro-liquido-de-que-todos-falam-ganha-atencao-na-web-por-auxiliar-na-saude-do-intestino-e-tambem-na-disposicao\/\" \/>\n<meta property=\"og:site_name\" content=\"Correio Braziliense - Radar\" \/>\n<meta property=\"article:published_time\" content=\"2026-01-12T12:55:00+00:00\" \/>\n<meta property=\"og:image\" content=\"https:\/\/www.correiobraziliense.com.br\/cbradar\/wp-content\/uploads\/2025\/12\/kombucha-_1765189581016.jpg\" \/>\n\t<meta property=\"og:image:width\" content=\"1280\" \/>\n\t<meta property=\"og:image:height\" content=\"720\" \/>\n\t<meta property=\"og:image:type\" content=\"image\/jpeg\" \/>\n<meta name=\"author\" content=\"Maura Pereira\" \/>\n<meta name=\"twitter:card\" content=\"summary_large_image\" \/>\n<meta name=\"twitter:label1\" content=\"Escrito por\" \/>\n\t<meta name=\"twitter:data1\" content=\"Maura Pereira\" \/>\n\t<meta name=\"twitter:label2\" content=\"Est. tempo de leitura\" \/>\n\t<meta name=\"twitter:data2\" content=\"5 minutos\" \/>\n<!-- \/ Yoast SEO plugin. -->","yoast_head_json":{"title":"O 'ouro l\u00edquido' de que todos falam ganha aten\u00e7\u00e3o na web por auxiliar na sa\u00fade do intestino e tamb\u00e9m na disposi\u00e7\u00e3o - Correio Braziliense - Radar","description":"Chamado de ouro l\u00edquido, esse ingrediente vem despertando interesse por sua rela\u00e7\u00e3o com digest\u00e3o e disposi\u00e7\u00e3o.","robots":{"index":"index","follow":"follow","max-snippet":"max-snippet:-1","max-image-preview":"max-image-preview:large","max-video-preview":"max-video-preview:-1"},"canonical":"https:\/\/www.correiobraziliense.com.br\/cbradar\/o-ouro-liquido-de-que-todos-falam-ganha-atencao-na-web-por-auxiliar-na-saude-do-intestino-e-tambem-na-disposicao\/","og_locale":"pt_BR","og_type":"article","og_title":"O 'ouro l\u00edquido' de que todos falam ganha aten\u00e7\u00e3o na web por auxiliar na sa\u00fade do intestino e tamb\u00e9m na disposi\u00e7\u00e3o - Correio Braziliense - Radar","og_description":"Chamado de ouro l\u00edquido, esse ingrediente vem despertando interesse por sua rela\u00e7\u00e3o com digest\u00e3o e disposi\u00e7\u00e3o.","og_url":"https:\/\/www.correiobraziliense.com.br\/cbradar\/o-ouro-liquido-de-que-todos-falam-ganha-atencao-na-web-por-auxiliar-na-saude-do-intestino-e-tambem-na-disposicao\/","og_site_name":"Correio Braziliense - Radar","article_published_time":"2026-01-12T12:55:00+00:00","og_image":[{"width":1280,"height":720,"url":"https:\/\/www.correiobraziliense.com.br\/cbradar\/wp-content\/uploads\/2025\/12\/kombucha-_1765189581016.jpg","type":"image\/jpeg"}],"author":"Maura Pereira","twitter_card":"summary_large_image","twitter_misc":{"Escrito por":"Maura Pereira","Est. tempo de leitura":"5 minutos"},"schema":{"@context":"https:\/\/schema.org","@graph":[{"@type":"WebPage","@id":"https:\/\/www.correiobraziliense.com.br\/cbradar\/o-ouro-liquido-de-que-todos-falam-ganha-atencao-na-web-por-auxiliar-na-saude-do-intestino-e-tambem-na-disposicao\/","url":"https:\/\/www.correiobraziliense.com.br\/cbradar\/o-ouro-liquido-de-que-todos-falam-ganha-atencao-na-web-por-auxiliar-na-saude-do-intestino-e-tambem-na-disposicao\/","name":"O 'ouro l\u00edquido' de que todos falam ganha aten\u00e7\u00e3o na web por auxiliar na sa\u00fade do intestino e tamb\u00e9m na disposi\u00e7\u00e3o - Correio Braziliense - Radar","isPartOf":{"@id":"https:\/\/www.correiobraziliense.com.br\/cbradar\/#website"},"primaryImageOfPage":{"@id":"https:\/\/www.correiobraziliense.com.br\/cbradar\/o-ouro-liquido-de-que-todos-falam-ganha-atencao-na-web-por-auxiliar-na-saude-do-intestino-e-tambem-na-disposicao\/#primaryimage"},"image":{"@id":"https:\/\/www.correiobraziliense.com.br\/cbradar\/o-ouro-liquido-de-que-todos-falam-ganha-atencao-na-web-por-auxiliar-na-saude-do-intestino-e-tambem-na-disposicao\/#primaryimage"},"thumbnailUrl":"https:\/\/www.correiobraziliense.com.br\/cbradar\/wp-content\/uploads\/2025\/12\/kombucha-_1765189581016.jpg","datePublished":"2026-01-12T12:55:00+00:00","author":{"@id":"https:\/\/www.correiobraziliense.com.br\/cbradar\/#\/schema\/person\/4053c651a9bfc785afc6f4cbc9032fd3"},"description":"Chamado de ouro l\u00edquido, esse ingrediente vem despertando interesse por sua rela\u00e7\u00e3o com digest\u00e3o e disposi\u00e7\u00e3o.","breadcrumb":{"@id":"https:\/\/www.correiobraziliense.com.br\/cbradar\/o-ouro-liquido-de-que-todos-falam-ganha-atencao-na-web-por-auxiliar-na-saude-do-intestino-e-tambem-na-disposicao\/#breadcrumb"},"inLanguage":"pt-BR","potentialAction":[{"@type":"ReadAction","target":["https:\/\/www.correiobraziliense.com.br\/cbradar\/o-ouro-liquido-de-que-todos-falam-ganha-atencao-na-web-por-auxiliar-na-saude-do-intestino-e-tambem-na-disposicao\/"]}]},{"@type":"ImageObject","inLanguage":"pt-BR","@id":"https:\/\/www.correiobraziliense.com.br\/cbradar\/o-ouro-liquido-de-que-todos-falam-ganha-atencao-na-web-por-auxiliar-na-saude-do-intestino-e-tambem-na-disposicao\/#primaryimage","url":"https:\/\/www.correiobraziliense.com.br\/cbradar\/wp-content\/uploads\/2025\/12\/kombucha-_1765189581016.jpg","contentUrl":"https:\/\/www.correiobraziliense.com.br\/cbradar\/wp-content\/uploads\/2025\/12\/kombucha-_1765189581016.jpg","width":1280,"height":720,"caption":"Kombucha, bebida fermentada de ch\u00e1, rica em probi\u00f3ticos que equilibram a flora intestinal e promovem sa\u00fade digestiva natural. \/\/ Cr\u00e9ditos: depositphotos.com \/ Artfully79"},{"@type":"BreadcrumbList","@id":"https:\/\/www.correiobraziliense.com.br\/cbradar\/o-ouro-liquido-de-que-todos-falam-ganha-atencao-na-web-por-auxiliar-na-saude-do-intestino-e-tambem-na-disposicao\/#breadcrumb","itemListElement":[{"@type":"ListItem","position":1,"name":"In\u00edcio","item":"https:\/\/www.correiobraziliense.com.br\/cbradar\/"},{"@type":"ListItem","position":2,"name":"O &#8216;ouro l\u00edquido&#8217; de que todos falam ganha aten\u00e7\u00e3o na web por auxiliar na sa\u00fade do intestino e tamb\u00e9m na disposi\u00e7\u00e3o"}]},{"@type":"WebSite","@id":"https:\/\/www.correiobraziliense.com.br\/cbradar\/#website","url":"https:\/\/www.correiobraziliense.com.br\/cbradar\/","name":"Correio Braziliense - Radar","description":"Acompanhe as \u00faltimas not\u00edcias e fique bem informado sobre tudo o que acontece no Brasil e no mundo.","potentialAction":[{"@type":"SearchAction","target":{"@type":"EntryPoint","urlTemplate":"https:\/\/www.correiobraziliense.com.br\/cbradar\/?s={search_term_string}"},"query-input":{"@type":"PropertyValueSpecification","valueRequired":true,"valueName":"search_term_string"}}],"inLanguage":"pt-BR"},{"@type":"Person","@id":"https:\/\/www.correiobraziliense.com.br\/cbradar\/#\/schema\/person\/4053c651a9bfc785afc6f4cbc9032fd3","name":"Maura Pereira","image":{"@type":"ImageObject","inLanguage":"pt-BR","@id":"https:\/\/www.correiobraziliense.com.br\/cbradar\/#\/schema\/person\/image\/","url":"https:\/\/secure.gravatar.com\/avatar\/3effd6bdadfa447f15089c7f7144eaa6?s=96&d=mm&r=g","contentUrl":"https:\/\/secure.gravatar.com\/avatar\/3effd6bdadfa447f15089c7f7144eaa6?s=96&d=mm&r=g","caption":"Maura Pereira"},"sameAs":["https:\/\/www.correiobraziliense.com.br\/"],"url":"https:\/\/www.correiobraziliense.com.br\/cbradar\/author\/mauramyth\/"}]}},"_links":{"self":[{"href":"https:\/\/www.correiobraziliense.com.br\/cbradar\/wp-json\/wp\/v2\/posts\/173204","targetHints":{"allow":["GET"]}}],"collection":[{"href":"https:\/\/www.correiobraziliense.com.br\/cbradar\/wp-json\/wp\/v2\/posts"}],"about":[{"href":"https:\/\/www.correiobraziliense.com.br\/cbradar\/wp-json\/wp\/v2\/types\/post"}],"author":[{"embeddable":true,"href":"https:\/\/www.correiobraziliense.com.br\/cbradar\/wp-json\/wp\/v2\/users\/8"}],"replies":[{"embeddable":true,"href":"https:\/\/www.correiobraziliense.com.br\/cbradar\/wp-json\/wp\/v2\/comments?post=173204"}],"version-history":[{"count":29,"href":"https:\/\/www.correiobraziliense.com.br\/cbradar\/wp-json\/wp\/v2\/posts\/173204\/revisions"}],"predecessor-version":[{"id":173258,"href":"https:\/\/www.correiobraziliense.com.br\/cbradar\/wp-json\/wp\/v2\/posts\/173204\/revisions\/173258"}],"wp:featuredmedia":[{"embeddable":true,"href":"https:\/\/www.correiobraziliense.com.br\/cbradar\/wp-json\/wp\/v2\/media\/152375"}],"wp:attachment":[{"href":"https:\/\/www.correiobraziliense.com.br\/cbradar\/wp-json\/wp\/v2\/media?parent=173204"}],"wp:term":[{"taxonomy":"category","embeddable":true,"href":"https:\/\/www.correiobraziliense.com.br\/cbradar\/wp-json\/wp\/v2\/categories?post=173204"},{"taxonomy":"post_tag","embeddable":true,"href":"https:\/\/www.correiobraziliense.com.br\/cbradar\/wp-json\/wp\/v2\/tags?post=173204"}],"curies":[{"name":"wp","href":"https:\/\/api.w.org\/{rel}","templated":true}]}}