{"id":173510,"date":"2026-01-12T17:05:00","date_gmt":"2026-01-12T20:05:00","guid":{"rendered":"https:\/\/www.correiobraziliense.com.br\/cbradar\/?p=173510"},"modified":"2026-01-12T07:00:56","modified_gmt":"2026-01-12T10:00:56","slug":"o-que-significa-esquecer-o-que-ia-dizer-no-meio-de-uma-conversa","status":"publish","type":"post","link":"https:\/\/www.correiobraziliense.com.br\/cbradar\/o-que-significa-esquecer-o-que-ia-dizer-no-meio-de-uma-conversa\/","title":{"rendered":"O que significa esquecer o que ia dizer no meio de uma conversa?"},"content":{"rendered":"\n<p><strong>Esquecer o que ia dizer no meio de uma frase ou conversa \u00e9 mais comum do que parece e, na maioria das vezes, n\u00e3o tem rela\u00e7\u00e3o com falta de intelig\u00eancia ou problemas graves de mem\u00f3ria. <\/strong>Esse \u201cbranco\u201d moment\u00e2neo costuma estar ligado \u00e0 forma como o c\u00e9rebro processa informa\u00e7\u00f5es, emo\u00e7\u00f5es e est\u00edmulos ao mesmo tempo. Entender por que isso acontece ajuda a reduzir a ansiedade e a interpretar melhor os sinais do pr\u00f3prio corpo e da mente.<\/p>\n\n\n\n<h2 class=\"wp-block-heading\">O que acontece no c\u00e9rebro quando esquecemos o que \u00edamos dizer?<\/h2>\n\n\n\n<p><strong>Esquecer o que ia dizer ocorre quando a mem\u00f3ria de trabalho \u00e9 interrompida ou sobrecarregada.<\/strong> A mem\u00f3ria de trabalho \u00e9 respons\u00e1vel por manter informa\u00e7\u00f5es tempor\u00e1rias ativas enquanto falamos, pensamos e organizamos ideias, segundo pesquisas do<strong> <a href=\"https:\/\/pmc.ncbi.nlm.nih.gov\/articles\/PMC4870472\/\" target=\"_blank\" rel=\"noreferrer noopener\">PubMed Central<\/a>.<\/strong><\/p>\n\n\n\n<p>Quando algo interfere nesse processo \u2014 como uma distra\u00e7\u00e3o, um pensamento paralelo ou uma emo\u00e7\u00e3o s\u00fabita \u2014 o c\u00e9rebro perde momentaneamente o \u201cfio\u201d da conversa. Isso n\u00e3o significa falha permanente, mas uma interrup\u00e7\u00e3o no fluxo cognitivo.<\/p>\n\n\n<div class=\"wp-block-image\">\n<figure class=\"aligncenter size-large\"><img decoding=\"async\" width=\"1024\" height=\"585\" src=\"https:\/\/www.correiobraziliense.com.br\/cbradar\/wp-content\/uploads\/2025\/11\/Esquecendo-o-Nome-das-Pessoas-1024x585.png\" alt=\"O que significa esquecer o que ia dizer no meio de uma conversa?\" class=\"wp-image-129884\" srcset=\"https:\/\/www.correiobraziliense.com.br\/cbradar\/wp-content\/uploads\/2025\/11\/Esquecendo-o-Nome-das-Pessoas-1024x585.png 1024w, https:\/\/www.correiobraziliense.com.br\/cbradar\/wp-content\/uploads\/2025\/11\/Esquecendo-o-Nome-das-Pessoas-300x171.png 300w, https:\/\/www.correiobraziliense.com.br\/cbradar\/wp-content\/uploads\/2025\/11\/Esquecendo-o-Nome-das-Pessoas-768x439.png 768w, https:\/\/www.correiobraziliense.com.br\/cbradar\/wp-content\/uploads\/2025\/11\/Esquecendo-o-Nome-das-Pessoas-750x429.png 750w, https:\/\/www.correiobraziliense.com.br\/cbradar\/wp-content\/uploads\/2025\/11\/Esquecendo-o-Nome-das-Pessoas-1140x651.png 1140w, https:\/\/www.correiobraziliense.com.br\/cbradar\/wp-content\/uploads\/2025\/11\/Esquecendo-o-Nome-das-Pessoas.png 1344w\" sizes=\"(max-width: 1024px) 100vw, 1024px\" \/><figcaption class=\"wp-element-caption\"> Esquecer nomes \u00e9 comum; ocorre por falta de associa\u00e7\u00e3o sem\u00e2ntica clara dos nomes no c\u00e9rebro.<\/figcaption><\/figure><\/div>\n\n\n<h2 class=\"wp-block-heading\">Ansiedade e nervosismo influenciam esse tipo de esquecimento?<\/h2>\n\n\n\n<p><strong>Sim, ansiedade e nervosismo s\u00e3o causas muito comuns desse esquecimento repentino.<\/strong> Em situa\u00e7\u00f5es sociais, o c\u00e9rebro pode ficar dividido entre falar, se autoavaliar e antecipar a rea\u00e7\u00e3o do outro, o que sobrecarrega a aten\u00e7\u00e3o.<\/p>\n\n\n\n<p>Antes de aprofundar outros fatores, observe sinais frequentes associados a esse quadro:<\/p>\n\n\n\n<ul class=\"wp-block-list\">\n<li>Pensar demais antes de falar<\/li>\n\n\n\n<li>Medo de errar ou ser julgado<\/li>\n\n\n\n<li>Sensa\u00e7\u00e3o de press\u00e3o para responder r\u00e1pido<\/li>\n<\/ul>\n\n\n\n<p>Esses estados mentais desviam recursos cognitivos da fala, favorecendo o \u201cbranco\u201d no meio da frase.<\/p>\n\n\n\n<p><strong>Entenda por que as palavras fogem da mem\u00f3ria justamente no momento de falar.<\/strong> O v\u00eddeo \u00e9 do canal <strong>Regenerati &#8211; Dr. Willian Rezende, <\/strong>que conta com mais de<strong> 350 mil inscritos,<\/strong> e detalha as causas do esquecimento de termos, desde o esgotamento mental at\u00e9 condi\u00e7\u00f5es neurol\u00f3gicas como a afasia:<\/p>\n\n\n\n<figure class=\"wp-block-embed aligncenter is-type-video is-provider-youtube wp-block-embed-youtube wp-embed-aspect-16-9 wp-has-aspect-ratio\"><div class=\"wp-block-embed__wrapper\">\n<div class=\"jeg_video_container jeg_video_content\"><iframe loading=\"lazy\" title=\"Esquecer Palavras na Hora de Falar - Afasia\" width=\"500\" height=\"281\" src=\"https:\/\/www.youtube.com\/embed\/E7Y_yfyXGiA?feature=oembed\" frameborder=\"0\" allow=\"accelerometer; autoplay; clipboard-write; encrypted-media; gyroscope; picture-in-picture; web-share\" referrerpolicy=\"strict-origin-when-cross-origin\" allowfullscreen><\/iframe><\/div>\n<\/div><\/figure>\n\n\n\n<h2 class=\"wp-block-heading\">Distra\u00e7\u00e3o e excesso de est\u00edmulos t\u00eam rela\u00e7\u00e3o?<\/h2>\n\n\n\n<p><strong>Sim, distra\u00e7\u00e3o e excesso de est\u00edmulos afetam diretamente a capacidade de manter uma ideia ativa.<\/strong> Ambientes barulhentos, conversas paralelas, notifica\u00e7\u00f5es ou at\u00e9 pensamentos internos competem pela aten\u00e7\u00e3o do c\u00e9rebro.<\/p>\n\n\n\n<p>Quando a aten\u00e7\u00e3o se desloca por segundos, a informa\u00e7\u00e3o que estava prestes a ser dita pode simplesmente \u201ccair\u201d da mem\u00f3ria de trabalho. Esse efeito \u00e9 ainda mais comum em rotinas aceleradas e com m\u00faltiplas demandas simult\u00e2neas.<\/p>\n\n\n\n<p><strong>Leia tamb\u00e9m: <a href=\"https:\/\/www.correiobraziliense.com.br\/cbradar\/o-que-pode-significar-quando-um-pombo-pousa-na-sua-janela\/#google_vignette\" target=\"_blank\" rel=\"noreferrer noopener\">O que pode significar quando um pombo pousa na sua janela?<\/a><\/strong><\/p>\n\n\n\n<h2 class=\"wp-block-heading\">Esse esquecimento tem rela\u00e7\u00e3o com mem\u00f3ria ou idade?<\/h2>\n\n\n\n<p><strong>Na maioria dos casos, esse tipo de esquecimento n\u00e3o indica problema de mem\u00f3ria nem est\u00e1 diretamente ligado \u00e0 idade.<\/strong> Pessoas jovens e saud\u00e1veis tamb\u00e9m passam por isso com frequ\u00eancia, especialmente em per\u00edodos de estresse, cansa\u00e7o ou priva\u00e7\u00e3o de sono.<\/p>\n\n\n\n<p>Veja a tabela abaixo com fatores comuns e suas rela\u00e7\u00f5es:<\/p>\n\n\n\n<figure class=\"wp-block-table\"><table class=\"has-fixed-layout\"><thead><tr><th>Situa\u00e7\u00e3o associada<\/th><th>Efeito na conversa<\/th><\/tr><\/thead><tbody><tr><td>Estresse mental<\/td><td>Interrup\u00e7\u00e3o do racioc\u00ednio<\/td><\/tr><tr><td>Cansa\u00e7o ou sono ruim<\/td><td>Dificuldade de manter ideias<\/td><\/tr><tr><td>Multitarefa constante<\/td><td>Perda do foco na fala<\/td><\/tr><tr><td>Ansiedade social<\/td><td>\u201cBranco\u201d no meio da frase<\/td><\/tr><\/tbody><\/table><\/figure>\n\n\n\n<p>Somente quando o esquecimento \u00e9 frequente, progressivo e acompanhado de outros sintomas \u00e9 que merece investiga\u00e7\u00e3o mais aprofundada.<\/p>\n\n\n<div class=\"wp-block-image\">\n<figure class=\"aligncenter size-large\"><img decoding=\"async\" width=\"1024\" height=\"576\" src=\"https:\/\/www.correiobraziliense.com.br\/cbradar\/wp-content\/uploads\/2025\/04\/esquecer_1744588525499-1024x576.jpg\" alt=\"O que significa esquecer o que ia dizer no meio de uma conversa?\" class=\"wp-image-23088\" srcset=\"https:\/\/www.correiobraziliense.com.br\/cbradar\/wp-content\/uploads\/2025\/04\/esquecer_1744588525499-1024x576.jpg 1024w, https:\/\/www.correiobraziliense.com.br\/cbradar\/wp-content\/uploads\/2025\/04\/esquecer_1744588525499-300x169.jpg 300w, https:\/\/www.correiobraziliense.com.br\/cbradar\/wp-content\/uploads\/2025\/04\/esquecer_1744588525499-768x432.jpg 768w, https:\/\/www.correiobraziliense.com.br\/cbradar\/wp-content\/uploads\/2025\/04\/esquecer_1744588525499-750x422.jpg 750w, https:\/\/www.correiobraziliense.com.br\/cbradar\/wp-content\/uploads\/2025\/04\/esquecer_1744588525499-1140x641.jpg 1140w, https:\/\/www.correiobraziliense.com.br\/cbradar\/wp-content\/uploads\/2025\/04\/esquecer_1744588525499.jpg 1280w\" sizes=\"(max-width: 1024px) 100vw, 1024px\" \/><figcaption class=\"wp-element-caption\">Esquecer nomes \u00e9 normal quando acontece ocasionalmente e est\u00e1 relacionado a distra\u00e7\u00e3o, excesso de tarefas ou estresse moment\u00e2neo. \/\/ Cr\u00e9ditos: depositphotos.com \/ Krakenimages.com<\/figcaption><\/figure><\/div>\n\n\n<h2 class=\"wp-block-heading\">O que ajuda a evitar esquecer o que ia dizer?<\/h2>\n\n\n\n<p><strong>Algumas atitudes simples ajudam a manter o racioc\u00ednio durante a conversa.<\/strong> Reduzir a pressa ao falar, respirar antes de responder e aceitar pequenas pausas s\u00e3o estrat\u00e9gias eficazes.<\/p>\n\n\n\n<p>Outras pr\u00e1ticas \u00fateis incluem:<\/p>\n\n\n\n<ul class=\"wp-block-list\">\n<li>Falar em um ritmo mais lento<\/li>\n\n\n\n<li>Manter foco no tema, n\u00e3o na rea\u00e7\u00e3o do outro<\/li>\n\n\n\n<li>Dormir bem e reduzir sobrecarga mental<\/li>\n<\/ul>\n\n\n\n<p>Esquecer o que ia dizer no meio da conversa \u00e9, na maioria das vezes, apenas um sinal de que o c\u00e9rebro est\u00e1 lidando com muitos est\u00edmulos ao mesmo tempo. Em vez de motivo para vergonha, esse \u201cbranco\u201d \u00e9 um convite para desacelerar, organizar o pensamento e se comunicar com mais presen\u00e7a.<\/p>\n","protected":false},"excerpt":{"rendered":"<p>Esquecer o que ia dizer no meio de uma frase ou conversa \u00e9 mais comum do que parece e, na maioria das vezes, n\u00e3o tem rela\u00e7\u00e3o com falta de intelig\u00eancia ou problemas graves de mem\u00f3ria. Esse \u201cbranco\u201d moment\u00e2neo costuma estar ligado \u00e0 forma como o c\u00e9rebro processa informa\u00e7\u00f5es, emo\u00e7\u00f5es e est\u00edmulos ao mesmo tempo. Entender [&hellip;]<\/p>\n","protected":false},"author":8,"featured_media":173552,"comment_status":"open","ping_status":"open","sticky":false,"template":"","format":"standard","meta":{"_yoast_wpseo_focuskw":"esquecer o que ia dizer","_yoast_wpseo_title":"","_yoast_wpseo_metadesc":"Esquecer o que ia dizer no meio da conversa \u00e9 mais comum do que parece e tem rela\u00e7\u00e3o direta com aten\u00e7\u00e3o e mem\u00f3ria.","jnews-multi-image_gallery":[],"jnews_single_post":{"format":"standard"},"jnews_primary_category":[],"jnews_social_meta":[],"jnews_override_counter":[],"footnotes":""},"categories":[112],"tags":[10781,3273,404],"class_list":["post-173510","post","type-post","status-publish","format-standard","has-post-thumbnail","hentry","category-curiosidades","tag-conversar","tag-esquecer","tag-psicologia"],"yoast_head":"<!-- This site is optimized with the Yoast SEO plugin v24.6 - https:\/\/yoast.com\/wordpress\/plugins\/seo\/ -->\n<title>O que significa esquecer o que ia dizer no meio de uma conversa? - Correio Braziliense - Radar<\/title>\n<meta name=\"description\" content=\"Esquecer o que ia dizer no meio da conversa \u00e9 mais comum do que parece e tem rela\u00e7\u00e3o direta com aten\u00e7\u00e3o e mem\u00f3ria.\" \/>\n<meta name=\"robots\" content=\"index, follow, max-snippet:-1, max-image-preview:large, max-video-preview:-1\" \/>\n<link rel=\"canonical\" href=\"https:\/\/www.correiobraziliense.com.br\/cbradar\/o-que-significa-esquecer-o-que-ia-dizer-no-meio-de-uma-conversa\/\" \/>\n<meta property=\"og:locale\" content=\"pt_BR\" \/>\n<meta property=\"og:type\" content=\"article\" \/>\n<meta property=\"og:title\" content=\"O que significa esquecer o que ia dizer no meio de uma conversa? - Correio Braziliense - Radar\" \/>\n<meta property=\"og:description\" content=\"Esquecer o que ia dizer no meio da conversa \u00e9 mais comum do que parece e tem rela\u00e7\u00e3o direta com aten\u00e7\u00e3o e mem\u00f3ria.\" \/>\n<meta property=\"og:url\" content=\"https:\/\/www.correiobraziliense.com.br\/cbradar\/o-que-significa-esquecer-o-que-ia-dizer-no-meio-de-uma-conversa\/\" \/>\n<meta property=\"og:site_name\" content=\"Correio Braziliense - Radar\" \/>\n<meta property=\"article:published_time\" content=\"2026-01-12T20:05:00+00:00\" \/>\n<meta property=\"og:image\" content=\"https:\/\/www.correiobraziliense.com.br\/cbradar\/wp-content\/uploads\/2026\/01\/aaa-76.png\" \/>\n\t<meta property=\"og:image:width\" content=\"1280\" \/>\n\t<meta property=\"og:image:height\" content=\"720\" \/>\n\t<meta property=\"og:image:type\" content=\"image\/png\" \/>\n<meta name=\"author\" content=\"Maura Pereira\" \/>\n<meta name=\"twitter:card\" content=\"summary_large_image\" \/>\n<meta name=\"twitter:label1\" content=\"Escrito por\" \/>\n\t<meta name=\"twitter:data1\" content=\"Maura Pereira\" \/>\n\t<meta name=\"twitter:label2\" content=\"Est. tempo de leitura\" \/>\n\t<meta name=\"twitter:data2\" content=\"5 minutos\" \/>\n<!-- \/ Yoast SEO plugin. -->","yoast_head_json":{"title":"O que significa esquecer o que ia dizer no meio de uma conversa? - Correio Braziliense - Radar","description":"Esquecer o que ia dizer no meio da conversa \u00e9 mais comum do que parece e tem rela\u00e7\u00e3o direta com aten\u00e7\u00e3o e mem\u00f3ria.","robots":{"index":"index","follow":"follow","max-snippet":"max-snippet:-1","max-image-preview":"max-image-preview:large","max-video-preview":"max-video-preview:-1"},"canonical":"https:\/\/www.correiobraziliense.com.br\/cbradar\/o-que-significa-esquecer-o-que-ia-dizer-no-meio-de-uma-conversa\/","og_locale":"pt_BR","og_type":"article","og_title":"O que significa esquecer o que ia dizer no meio de uma conversa? - Correio Braziliense - Radar","og_description":"Esquecer o que ia dizer no meio da conversa \u00e9 mais comum do que parece e tem rela\u00e7\u00e3o direta com aten\u00e7\u00e3o e mem\u00f3ria.","og_url":"https:\/\/www.correiobraziliense.com.br\/cbradar\/o-que-significa-esquecer-o-que-ia-dizer-no-meio-de-uma-conversa\/","og_site_name":"Correio Braziliense - Radar","article_published_time":"2026-01-12T20:05:00+00:00","og_image":[{"width":1280,"height":720,"url":"https:\/\/www.correiobraziliense.com.br\/cbradar\/wp-content\/uploads\/2026\/01\/aaa-76.png","type":"image\/png"}],"author":"Maura Pereira","twitter_card":"summary_large_image","twitter_misc":{"Escrito por":"Maura Pereira","Est. tempo de leitura":"5 minutos"},"schema":{"@context":"https:\/\/schema.org","@graph":[{"@type":"WebPage","@id":"https:\/\/www.correiobraziliense.com.br\/cbradar\/o-que-significa-esquecer-o-que-ia-dizer-no-meio-de-uma-conversa\/","url":"https:\/\/www.correiobraziliense.com.br\/cbradar\/o-que-significa-esquecer-o-que-ia-dizer-no-meio-de-uma-conversa\/","name":"O que significa esquecer o que ia dizer no meio de uma conversa? - Correio Braziliense - Radar","isPartOf":{"@id":"https:\/\/www.correiobraziliense.com.br\/cbradar\/#website"},"primaryImageOfPage":{"@id":"https:\/\/www.correiobraziliense.com.br\/cbradar\/o-que-significa-esquecer-o-que-ia-dizer-no-meio-de-uma-conversa\/#primaryimage"},"image":{"@id":"https:\/\/www.correiobraziliense.com.br\/cbradar\/o-que-significa-esquecer-o-que-ia-dizer-no-meio-de-uma-conversa\/#primaryimage"},"thumbnailUrl":"https:\/\/www.correiobraziliense.com.br\/cbradar\/wp-content\/uploads\/2026\/01\/aaa-76.png","datePublished":"2026-01-12T20:05:00+00:00","author":{"@id":"https:\/\/www.correiobraziliense.com.br\/cbradar\/#\/schema\/person\/4053c651a9bfc785afc6f4cbc9032fd3"},"description":"Esquecer o que ia dizer no meio da conversa \u00e9 mais comum do que parece e tem rela\u00e7\u00e3o direta com aten\u00e7\u00e3o e mem\u00f3ria.","breadcrumb":{"@id":"https:\/\/www.correiobraziliense.com.br\/cbradar\/o-que-significa-esquecer-o-que-ia-dizer-no-meio-de-uma-conversa\/#breadcrumb"},"inLanguage":"pt-BR","potentialAction":[{"@type":"ReadAction","target":["https:\/\/www.correiobraziliense.com.br\/cbradar\/o-que-significa-esquecer-o-que-ia-dizer-no-meio-de-uma-conversa\/"]}]},{"@type":"ImageObject","inLanguage":"pt-BR","@id":"https:\/\/www.correiobraziliense.com.br\/cbradar\/o-que-significa-esquecer-o-que-ia-dizer-no-meio-de-uma-conversa\/#primaryimage","url":"https:\/\/www.correiobraziliense.com.br\/cbradar\/wp-content\/uploads\/2026\/01\/aaa-76.png","contentUrl":"https:\/\/www.correiobraziliense.com.br\/cbradar\/wp-content\/uploads\/2026\/01\/aaa-76.png","width":1280,"height":720,"caption":"Pessoas jovens e saud\u00e1veis tamb\u00e9m passam por isso com frequ\u00eancia, especialmente em per\u00edodos de estresse, cansa\u00e7o ou priva\u00e7\u00e3o de sono."},{"@type":"BreadcrumbList","@id":"https:\/\/www.correiobraziliense.com.br\/cbradar\/o-que-significa-esquecer-o-que-ia-dizer-no-meio-de-uma-conversa\/#breadcrumb","itemListElement":[{"@type":"ListItem","position":1,"name":"In\u00edcio","item":"https:\/\/www.correiobraziliense.com.br\/cbradar\/"},{"@type":"ListItem","position":2,"name":"O que significa esquecer o que ia dizer no meio de uma conversa?"}]},{"@type":"WebSite","@id":"https:\/\/www.correiobraziliense.com.br\/cbradar\/#website","url":"https:\/\/www.correiobraziliense.com.br\/cbradar\/","name":"Correio Braziliense - Radar","description":"Acompanhe as \u00faltimas not\u00edcias e fique bem informado sobre tudo o que acontece no Brasil e no mundo.","potentialAction":[{"@type":"SearchAction","target":{"@type":"EntryPoint","urlTemplate":"https:\/\/www.correiobraziliense.com.br\/cbradar\/?s={search_term_string}"},"query-input":{"@type":"PropertyValueSpecification","valueRequired":true,"valueName":"search_term_string"}}],"inLanguage":"pt-BR"},{"@type":"Person","@id":"https:\/\/www.correiobraziliense.com.br\/cbradar\/#\/schema\/person\/4053c651a9bfc785afc6f4cbc9032fd3","name":"Maura Pereira","image":{"@type":"ImageObject","inLanguage":"pt-BR","@id":"https:\/\/www.correiobraziliense.com.br\/cbradar\/#\/schema\/person\/image\/","url":"https:\/\/secure.gravatar.com\/avatar\/3effd6bdadfa447f15089c7f7144eaa6?s=96&d=mm&r=g","contentUrl":"https:\/\/secure.gravatar.com\/avatar\/3effd6bdadfa447f15089c7f7144eaa6?s=96&d=mm&r=g","caption":"Maura Pereira"},"sameAs":["https:\/\/www.correiobraziliense.com.br\/"],"url":"https:\/\/www.correiobraziliense.com.br\/cbradar\/author\/mauramyth\/"}]}},"_links":{"self":[{"href":"https:\/\/www.correiobraziliense.com.br\/cbradar\/wp-json\/wp\/v2\/posts\/173510","targetHints":{"allow":["GET"]}}],"collection":[{"href":"https:\/\/www.correiobraziliense.com.br\/cbradar\/wp-json\/wp\/v2\/posts"}],"about":[{"href":"https:\/\/www.correiobraziliense.com.br\/cbradar\/wp-json\/wp\/v2\/types\/post"}],"author":[{"embeddable":true,"href":"https:\/\/www.correiobraziliense.com.br\/cbradar\/wp-json\/wp\/v2\/users\/8"}],"replies":[{"embeddable":true,"href":"https:\/\/www.correiobraziliense.com.br\/cbradar\/wp-json\/wp\/v2\/comments?post=173510"}],"version-history":[{"count":12,"href":"https:\/\/www.correiobraziliense.com.br\/cbradar\/wp-json\/wp\/v2\/posts\/173510\/revisions"}],"predecessor-version":[{"id":173559,"href":"https:\/\/www.correiobraziliense.com.br\/cbradar\/wp-json\/wp\/v2\/posts\/173510\/revisions\/173559"}],"wp:featuredmedia":[{"embeddable":true,"href":"https:\/\/www.correiobraziliense.com.br\/cbradar\/wp-json\/wp\/v2\/media\/173552"}],"wp:attachment":[{"href":"https:\/\/www.correiobraziliense.com.br\/cbradar\/wp-json\/wp\/v2\/media?parent=173510"}],"wp:term":[{"taxonomy":"category","embeddable":true,"href":"https:\/\/www.correiobraziliense.com.br\/cbradar\/wp-json\/wp\/v2\/categories?post=173510"},{"taxonomy":"post_tag","embeddable":true,"href":"https:\/\/www.correiobraziliense.com.br\/cbradar\/wp-json\/wp\/v2\/tags?post=173510"}],"curies":[{"name":"wp","href":"https:\/\/api.w.org\/{rel}","templated":true}]}}