{"id":17369,"date":"2025-04-01T20:30:00","date_gmt":"2025-04-01T23:30:00","guid":{"rendered":"https:\/\/www.correiobraziliense.com.br\/cbradar\/?p=17369"},"modified":"2025-03-31T20:11:57","modified_gmt":"2025-03-31T23:11:57","slug":"aprenda-a-plantar-feijao-verde-e-tenha-colheitas-em-casa","status":"publish","type":"post","link":"https:\/\/www.correiobraziliense.com.br\/cbradar\/aprenda-a-plantar-feijao-verde-e-tenha-colheitas-em-casa\/","title":{"rendered":"Aprenda a plantar feij\u00e3o-verde e tenha colheitas em casa"},"content":{"rendered":"\n<p>O <strong>feij\u00e3o-verde<\/strong>, tamb\u00e9m conhecido como <strong>vagem<\/strong>, \u00e9 uma planta vers\u00e1til e f\u00e1cil de cultivar, adaptando-se a diversos ambientes. Para garantir um cultivo bem-sucedido, \u00e9 essencial seguir algumas orienta\u00e7\u00f5es espec\u00edficas. Este artigo aborda os passos necess\u00e1rios para plantar e cuidar do feij\u00e3o-verde no jardim de casa.<\/p>\n\n\n\n<p>O cultivo do feij\u00e3o-verde requer aten\u00e7\u00e3o a fatores como clima, solo e cuidados espec\u00edficos. Este tipo de planta prospera em climas quentes e temperados, tornando o <strong>Brasil <\/strong>um local ideal para seu cultivo. Al\u00e9m disso, a escolha do local no jardim deve considerar a exposi\u00e7\u00e3o solar, pois o feij\u00e3o-verde necessita de bastante luz para crescer adequadamente.<\/p>\n\n\n\n<h2 class=\"wp-block-heading\"><strong>Quais s\u00e3o os requisitos para cultivar feij\u00e3o-verde?<\/strong><\/h2>\n\n\n\n<p>Para cultivar feij\u00e3o-verde com sucesso, \u00e9 importante garantir que o solo seja adequado. O feij\u00e3o-verde prefere solos arejados, leves e ricos em h\u00famus. Antes do plantio, \u00e9 crucial remover ervas daninhas que possam competir por nutrientes e espa\u00e7o. A temperatura do solo deve estar acima de 10\u00b0C para promover o crescimento saud\u00e1vel das plantas.<\/p>\n\n\n\n<p>Al\u00e9m disso, o feij\u00e3o-verde n\u00e3o deve ser transplantado. As sementes devem ser plantadas diretamente no solo a uma profundidade de 2,5 cm. A rega deve ser feita imediatamente ap\u00f3s o plantio e mantida regularmente at\u00e9 a germina\u00e7\u00e3o das sementes.<\/p>\n\n\n\n<figure class=\"wp-block-image size-large\"><img decoding=\"async\" width=\"1024\" height=\"576\" src=\"https:\/\/www.correiobraziliense.com.br\/cbradar\/wp-content\/uploads\/2025\/03\/feijao-verde_1743426649996-1024x576.jpg\" alt=\"Aprenda a plantar feij\u00e3o-verde e tenha colheitas em casa\" class=\"wp-image-17373\" srcset=\"https:\/\/www.correiobraziliense.com.br\/cbradar\/wp-content\/uploads\/2025\/03\/feijao-verde_1743426649996-1024x576.jpg 1024w, https:\/\/www.correiobraziliense.com.br\/cbradar\/wp-content\/uploads\/2025\/03\/feijao-verde_1743426649996-300x169.jpg 300w, https:\/\/www.correiobraziliense.com.br\/cbradar\/wp-content\/uploads\/2025\/03\/feijao-verde_1743426649996-768x432.jpg 768w, https:\/\/www.correiobraziliense.com.br\/cbradar\/wp-content\/uploads\/2025\/03\/feijao-verde_1743426649996-750x422.jpg 750w, https:\/\/www.correiobraziliense.com.br\/cbradar\/wp-content\/uploads\/2025\/03\/feijao-verde_1743426649996-1140x641.jpg 1140w, https:\/\/www.correiobraziliense.com.br\/cbradar\/wp-content\/uploads\/2025\/03\/feijao-verde_1743426649996.jpg 1280w\" sizes=\"(max-width: 1024px) 100vw, 1024px\" \/><figcaption class=\"wp-element-caption\">Feij\u00e3o-Verde\nCr\u00e9ditos: depositphotos.com \/ neillangan<\/figcaption><\/figure>\n\n\n\n<h2 class=\"wp-block-heading\"><strong>Como realizar o plantio do feij\u00e3o-verde?<\/strong><\/h2>\n\n\n\n<p>O plantio do feij\u00e3o-verde varia conforme o tipo de planta. Para o feij\u00e3o-verde rasteiro, as sementes devem ser plantadas em linhas ou sulcos com espa\u00e7amento de 40 a 50 cm. J\u00e1 o feij\u00e3o-verde trepador requer tutores ou malhas para suporte, devido \u00e0 sua natureza de crescimento vertical.<\/p>\n\n\n\n<p>Durante o cultivo, \u00e9 importante monitorar a umidade do solo. O feij\u00e3o-verde n\u00e3o tolera solos secos, mas tamb\u00e9m n\u00e3o deve ser regado em excesso, especialmente durante a flora\u00e7\u00e3o, para evitar a queda das flores e o apodrecimento das ra\u00edzes.<\/p>\n\n\n\n<h2 class=\"wp-block-heading\"><strong>Quais cuidados s\u00e3o necess\u00e1rios para o feij\u00e3o-verde?<\/strong><\/h2>\n\n\n\n<p>O cuidado com o feij\u00e3o-verde envolve aten\u00e7\u00e3o \u00e0 rega, nutrientes e controle de pragas. A planta necessita de um solo que mantenha a umidade sem encharcar. Al\u00e9m disso, como leguminosa, o feij\u00e3o-verde fixa nitrog\u00eanio no solo, portanto, fertilizantes com alto teor de nitrog\u00eanio devem ser evitados. Um fertilizante 10-20-10 \u00e9 recomendado durante o crescimento.<\/p>\n\n\n\n<p>Pragas como pulg\u00f5es, \u00e1caros e lagartas podem atacar o feij\u00e3o-verde, assim como doen\u00e7as f\u00fangicas em condi\u00e7\u00f5es de umidade. O uso cuidadoso de inseticidas pode ajudar a proteger as plantas desses problemas.<\/p>\n\n\n\n<h2 class=\"wp-block-heading\"><strong>Como e quando colher feij\u00f5es-verdes?<\/strong><\/h2>\n\n\n\n<p>A colheita do feij\u00e3o-verde \u00e9 cont\u00ednua e incentiva a produ\u00e7\u00e3o de mais feij\u00f5es. A colheita pode come\u00e7ar assim que os primeiros feij\u00f5es se formarem. Os jardineiros geralmente colhem os feij\u00f5es quando ainda s\u00e3o jovens e macios, evitando que fiquem duros e fibrosos.<\/p>\n\n\n\n<p>O feij\u00e3o-verde \u00e9 uma excelente fonte de prote\u00ednas e fibras, pertencendo \u00e0 fam\u00edlia das leguminosas. Al\u00e9m da variedade verde, existem tipos roxos, vermelhos, amarelos e raiados. A colheita \u00e9 feita antes que as sementes estejam totalmente desenvolvidas, garantindo um sabor suave e textura macia.<\/p>\n","protected":false},"excerpt":{"rendered":"<p>Aprenda a cultivar feij\u00e3o-verde no seu jardim. Este guia fornece dicas sobre solo, clima, plantio e cuidados para um cultivo bem-sucedido.<\/p>\n","protected":false},"author":3,"featured_media":17370,"comment_status":"open","ping_status":"open","sticky":false,"template":"","format":"standard","meta":{"_yoast_wpseo_focuskw":"plantar feij\u00f5es-verdes","_yoast_wpseo_title":"%%title%%","_yoast_wpseo_metadesc":"Aprenda a cultivar feij\u00e3o-verde no seu jardim. Este guia fornece dicas sobre solo, clima, plantio e cuidados para um cultivo bem-sucedido.","jnews-multi-image_gallery":[],"jnews_single_post":{"format":"standard"},"jnews_primary_category":[],"jnews_social_meta":[],"jnews_override_counter":[],"footnotes":""},"categories":[136],"post_tag":[137,2680],"class_list":["post-17369","post","type-post","status-publish","format-standard","has-post-thumbnail","hentry","category-jardinagem","tag-como-plantar","tag-feijao-verde"],"yoast_head":"<!-- This site is optimized with the Yoast SEO plugin v24.6 - https:\/\/yoast.com\/wordpress\/plugins\/seo\/ -->\n<title>Aprenda a plantar feij\u00e3o-verde e tenha colheitas em casa<\/title>\n<meta name=\"description\" content=\"Aprenda a cultivar feij\u00e3o-verde no seu jardim. Este guia fornece dicas sobre solo, clima, plantio e cuidados para um cultivo bem-sucedido.\" \/>\n<meta name=\"robots\" content=\"index, follow, max-snippet:-1, max-image-preview:large, max-video-preview:-1\" \/>\n<link rel=\"canonical\" href=\"https:\/\/www.correiobraziliense.com.br\/cbradar\/aprenda-a-plantar-feijao-verde-e-tenha-colheitas-em-casa\/\" \/>\n<meta property=\"og:locale\" content=\"pt_BR\" \/>\n<meta property=\"og:type\" content=\"article\" \/>\n<meta property=\"og:title\" content=\"Aprenda a plantar feij\u00e3o-verde e tenha colheitas em casa\" \/>\n<meta property=\"og:description\" content=\"Aprenda a cultivar feij\u00e3o-verde no seu jardim. Este guia fornece dicas sobre solo, clima, plantio e cuidados para um cultivo bem-sucedido.\" \/>\n<meta property=\"og:url\" content=\"https:\/\/www.correiobraziliense.com.br\/cbradar\/aprenda-a-plantar-feijao-verde-e-tenha-colheitas-em-casa\/\" \/>\n<meta property=\"og:site_name\" content=\"Correio Braziliense - Radar\" \/>\n<meta property=\"article:published_time\" content=\"2025-04-01T23:30:00+00:00\" \/>\n<meta property=\"og:image\" content=\"https:\/\/www.correiobraziliense.com.br\/cbradar\/wp-content\/uploads\/2025\/03\/feijao-verde_1743426538315.jpg\" \/>\n\t<meta property=\"og:image:width\" content=\"1280\" \/>\n\t<meta property=\"og:image:height\" content=\"720\" \/>\n\t<meta property=\"og:image:type\" content=\"image\/jpeg\" \/>\n<meta name=\"author\" content=\"Larissa Carvalho\" \/>\n<meta name=\"twitter:card\" content=\"summary_large_image\" \/>\n<meta name=\"twitter:label1\" content=\"Escrito por\" \/>\n\t<meta name=\"twitter:data1\" content=\"Larissa Carvalho\" \/>\n\t<meta name=\"twitter:label2\" content=\"Est. tempo de leitura\" \/>\n\t<meta name=\"twitter:data2\" content=\"4 minutos\" \/>\n<!-- \/ Yoast SEO plugin. -->","yoast_head_json":{"title":"Aprenda a plantar feij\u00e3o-verde e tenha colheitas em casa","description":"Aprenda a cultivar feij\u00e3o-verde no seu jardim. Este guia fornece dicas sobre solo, clima, plantio e cuidados para um cultivo bem-sucedido.","robots":{"index":"index","follow":"follow","max-snippet":"max-snippet:-1","max-image-preview":"max-image-preview:large","max-video-preview":"max-video-preview:-1"},"canonical":"https:\/\/www.correiobraziliense.com.br\/cbradar\/aprenda-a-plantar-feijao-verde-e-tenha-colheitas-em-casa\/","og_locale":"pt_BR","og_type":"article","og_title":"Aprenda a plantar feij\u00e3o-verde e tenha colheitas em casa","og_description":"Aprenda a cultivar feij\u00e3o-verde no seu jardim. Este guia fornece dicas sobre solo, clima, plantio e cuidados para um cultivo bem-sucedido.","og_url":"https:\/\/www.correiobraziliense.com.br\/cbradar\/aprenda-a-plantar-feijao-verde-e-tenha-colheitas-em-casa\/","og_site_name":"Correio Braziliense - Radar","article_published_time":"2025-04-01T23:30:00+00:00","og_image":[{"width":1280,"height":720,"url":"https:\/\/www.correiobraziliense.com.br\/cbradar\/wp-content\/uploads\/2025\/03\/feijao-verde_1743426538315.jpg","type":"image\/jpeg"}],"author":"Larissa Carvalho","twitter_card":"summary_large_image","twitter_misc":{"Escrito por":"Larissa Carvalho","Est. tempo de leitura":"4 minutos"},"schema":{"@context":"https:\/\/schema.org","@graph":[{"@type":"WebPage","@id":"https:\/\/www.correiobraziliense.com.br\/cbradar\/aprenda-a-plantar-feijao-verde-e-tenha-colheitas-em-casa\/","url":"https:\/\/www.correiobraziliense.com.br\/cbradar\/aprenda-a-plantar-feijao-verde-e-tenha-colheitas-em-casa\/","name":"Aprenda a plantar feij\u00e3o-verde e tenha colheitas em casa","isPartOf":{"@id":"https:\/\/www.correiobraziliense.com.br\/cbradar\/#website"},"primaryImageOfPage":{"@id":"https:\/\/www.correiobraziliense.com.br\/cbradar\/aprenda-a-plantar-feijao-verde-e-tenha-colheitas-em-casa\/#primaryimage"},"image":{"@id":"https:\/\/www.correiobraziliense.com.br\/cbradar\/aprenda-a-plantar-feijao-verde-e-tenha-colheitas-em-casa\/#primaryimage"},"thumbnailUrl":"https:\/\/www.correiobraziliense.com.br\/cbradar\/wp-content\/uploads\/2025\/03\/feijao-verde_1743426538315.jpg","datePublished":"2025-04-01T23:30:00+00:00","author":{"@id":"https:\/\/www.correiobraziliense.com.br\/cbradar\/#\/schema\/person\/58422787644df994b53a19d3e56c1513"},"description":"Aprenda a cultivar feij\u00e3o-verde no seu jardim. Este guia fornece dicas sobre solo, clima, plantio e cuidados para um cultivo bem-sucedido.","breadcrumb":{"@id":"https:\/\/www.correiobraziliense.com.br\/cbradar\/aprenda-a-plantar-feijao-verde-e-tenha-colheitas-em-casa\/#breadcrumb"},"inLanguage":"pt-BR","potentialAction":[{"@type":"ReadAction","target":["https:\/\/www.correiobraziliense.com.br\/cbradar\/aprenda-a-plantar-feijao-verde-e-tenha-colheitas-em-casa\/"]}]},{"@type":"ImageObject","inLanguage":"pt-BR","@id":"https:\/\/www.correiobraziliense.com.br\/cbradar\/aprenda-a-plantar-feijao-verde-e-tenha-colheitas-em-casa\/#primaryimage","url":"https:\/\/www.correiobraziliense.com.br\/cbradar\/wp-content\/uploads\/2025\/03\/feijao-verde_1743426538315.jpg","contentUrl":"https:\/\/www.correiobraziliense.com.br\/cbradar\/wp-content\/uploads\/2025\/03\/feijao-verde_1743426538315.jpg","width":1280,"height":720,"caption":"Feij\u00e3o-Verde, tamb\u00e9m conhecido como vagem Cr\u00e9ditos: depositphotos.com \/ digitalr"},{"@type":"BreadcrumbList","@id":"https:\/\/www.correiobraziliense.com.br\/cbradar\/aprenda-a-plantar-feijao-verde-e-tenha-colheitas-em-casa\/#breadcrumb","itemListElement":[{"@type":"ListItem","position":1,"name":"In\u00edcio","item":"https:\/\/www.correiobraziliense.com.br\/cbradar\/"},{"@type":"ListItem","position":2,"name":"Aprenda a plantar feij\u00e3o-verde e tenha colheitas em casa"}]},{"@type":"WebSite","@id":"https:\/\/www.correiobraziliense.com.br\/cbradar\/#website","url":"https:\/\/www.correiobraziliense.com.br\/cbradar\/","name":"Correio Braziliense - Radar","description":"Acompanhe as \u00faltimas not\u00edcias e fique bem informado sobre tudo o que acontece no Brasil e no mundo.","potentialAction":[{"@type":"SearchAction","target":{"@type":"EntryPoint","urlTemplate":"https:\/\/www.correiobraziliense.com.br\/cbradar\/?s={search_term_string}"},"query-input":{"@type":"PropertyValueSpecification","valueRequired":true,"valueName":"search_term_string"}}],"inLanguage":"pt-BR"},{"@type":"Person","@id":"https:\/\/www.correiobraziliense.com.br\/cbradar\/#\/schema\/person\/58422787644df994b53a19d3e56c1513","name":"Larissa Carvalho","image":{"@type":"ImageObject","inLanguage":"pt-BR","@id":"https:\/\/www.correiobraziliense.com.br\/cbradar\/#\/schema\/person\/image\/","url":"https:\/\/secure.gravatar.com\/avatar\/fe4f91a0de32b52a838d0d612abdc1aa?s=96&d=mm&r=g","contentUrl":"https:\/\/secure.gravatar.com\/avatar\/fe4f91a0de32b52a838d0d612abdc1aa?s=96&d=mm&r=g","caption":"Larissa Carvalho"},"url":"https:\/\/www.correiobraziliense.com.br\/cbradar\/author\/larissamyth\/"}]}},"_links":{"self":[{"href":"https:\/\/www.correiobraziliense.com.br\/cbradar\/wp-json\/wp\/v2\/posts\/17369","targetHints":{"allow":["GET"]}}],"collection":[{"href":"https:\/\/www.correiobraziliense.com.br\/cbradar\/wp-json\/wp\/v2\/posts"}],"about":[{"href":"https:\/\/www.correiobraziliense.com.br\/cbradar\/wp-json\/wp\/v2\/types\/post"}],"author":[{"embeddable":true,"href":"https:\/\/www.correiobraziliense.com.br\/cbradar\/wp-json\/wp\/v2\/users\/3"}],"replies":[{"embeddable":true,"href":"https:\/\/www.correiobraziliense.com.br\/cbradar\/wp-json\/wp\/v2\/comments?post=17369"}],"version-history":[{"count":2,"href":"https:\/\/www.correiobraziliense.com.br\/cbradar\/wp-json\/wp\/v2\/posts\/17369\/revisions"}],"predecessor-version":[{"id":17490,"href":"https:\/\/www.correiobraziliense.com.br\/cbradar\/wp-json\/wp\/v2\/posts\/17369\/revisions\/17490"}],"wp:featuredmedia":[{"embeddable":true,"href":"https:\/\/www.correiobraziliense.com.br\/cbradar\/wp-json\/wp\/v2\/media\/17370"}],"wp:attachment":[{"href":"https:\/\/www.correiobraziliense.com.br\/cbradar\/wp-json\/wp\/v2\/media?parent=17369"}],"wp:term":[{"taxonomy":"category","embeddable":true,"href":"https:\/\/www.correiobraziliense.com.br\/cbradar\/wp-json\/wp\/v2\/categories?post=17369"},{"taxonomy":"post_tag","embeddable":true,"href":"https:\/\/www.correiobraziliense.com.br\/cbradar\/wp-json\/wp\/v2\/post_tag?post=17369"}],"curies":[{"name":"wp","href":"https:\/\/api.w.org\/{rel}","templated":true}]}}