{"id":173690,"date":"2026-01-12T16:15:00","date_gmt":"2026-01-12T19:15:00","guid":{"rendered":"https:\/\/www.correiobraziliense.com.br\/cbradar\/?p=173690"},"modified":"2026-01-12T08:44:48","modified_gmt":"2026-01-12T11:44:48","slug":"esse-e-o-horario-proibido-para-beber-cafe-e-se-voce-ignora-entao-e-por-isso-que-voce-tem-ansiedade","status":"publish","type":"post","link":"https:\/\/www.correiobraziliense.com.br\/cbradar\/esse-e-o-horario-proibido-para-beber-cafe-e-se-voce-ignora-entao-e-por-isso-que-voce-tem-ansiedade\/","title":{"rendered":"Esse \u00e9 o hor\u00e1rio proibido para beber caf\u00e9 e se voc\u00ea ignora, ent\u00e3o \u00e9 por isso que voc\u00ea tem ansiedade"},"content":{"rendered":"\n<p><strong>Para muita gente, o caf\u00e9 \u00e9 parte autom\u00e1tica da rotina.<\/strong> No entanto, o hor\u00e1rio em que ele \u00e9 consumido pode influenciar diretamente o humor, o n\u00edvel de tens\u00e3o e at\u00e9 a qualidade do sono. O que poucos percebem \u00e9 que tomar caf\u00e9 em um per\u00edodo espec\u00edfico do dia pode intensificar sintomas de ansiedade, mesmo em pessoas que n\u00e3o se consideram ansiosas.<\/p>\n\n\n\n<h2 class=\"wp-block-heading\">Qual \u00e9 o hor\u00e1rio em que o caf\u00e9 mais aumenta a ansiedade?<\/h2>\n\n\n\n<p><strong>O caf\u00e9 tende a aumentar mais a ansiedade quando \u00e9 consumido no fim da tarde ou \u00e0 noite.<\/strong> Nesse per\u00edodo, o organismo come\u00e7a naturalmente a reduzir o ritmo para se preparar para o descanso, e a cafe\u00edna age no sentido oposto, mantendo o sistema nervoso em estado de alerta, conforme o artigo \u201c<strong><a href=\"https:\/\/pmc.ncbi.nlm.nih.gov\/articles\/PMC3805807\/\" target=\"_blank\" rel=\"noreferrer noopener\">Caffeine Effects on Sleep Taken 0, 3, or 6 Hours before Going to Bed<\/a><\/strong>\u201d, publicados na <strong>PubMed Central.<\/strong><\/p>\n\n\n\n<p>Mesmo quem dorme horas depois pode ser afetado. A cafe\u00edna tem meia-vida longa no organismo, o que significa que seus efeitos estimulantes permanecem ativos por v\u00e1rias horas, aumentando inquieta\u00e7\u00e3o, acelera\u00e7\u00e3o dos pensamentos e dificuldade de relaxar.<\/p>\n\n\n<div class=\"wp-block-image\">\n<figure class=\"aligncenter size-large\"><img decoding=\"async\" width=\"1024\" height=\"576\" src=\"https:\/\/www.correiobraziliense.com.br\/cbradar\/wp-content\/uploads\/2025\/11\/cafe_1763286323429-1024x576.jpg\" alt=\"Esse \u00e9 o hor\u00e1rio proibido para beber caf\u00e9 e se voc\u00ea ignora, ent\u00e3o \u00e9 por isso que voc\u00ea tem ansiedade\" class=\"wp-image-138576\" srcset=\"https:\/\/www.correiobraziliense.com.br\/cbradar\/wp-content\/uploads\/2025\/11\/cafe_1763286323429-1024x576.jpg 1024w, https:\/\/www.correiobraziliense.com.br\/cbradar\/wp-content\/uploads\/2025\/11\/cafe_1763286323429-300x169.jpg 300w, https:\/\/www.correiobraziliense.com.br\/cbradar\/wp-content\/uploads\/2025\/11\/cafe_1763286323429-768x432.jpg 768w, https:\/\/www.correiobraziliense.com.br\/cbradar\/wp-content\/uploads\/2025\/11\/cafe_1763286323429-750x422.jpg 750w, https:\/\/www.correiobraziliense.com.br\/cbradar\/wp-content\/uploads\/2025\/11\/cafe_1763286323429-1140x641.jpg 1140w, https:\/\/www.correiobraziliense.com.br\/cbradar\/wp-content\/uploads\/2025\/11\/cafe_1763286323429.jpg 1280w\" sizes=\"(max-width: 1024px) 100vw, 1024px\" \/><figcaption class=\"wp-element-caption\">Novas pesquisas refor\u00e7am os efeitos positivos do caf\u00e9 na preven\u00e7\u00e3o de doen\u00e7as. \/\/ Cr\u00e9ditos: depositphotos.com \/ rfphoto<\/figcaption><\/figure><\/div>\n\n\n<h2 class=\"wp-block-heading\">Por que a cafe\u00edna afeta tanto o sistema nervoso?<\/h2>\n\n\n\n<p><strong>A cafe\u00edna estimula diretamente o sistema nervoso central, aumentando a libera\u00e7\u00e3o de subst\u00e2ncias ligadas ao estado de alerta.<\/strong> Ela bloqueia a adenosina, um neurotransmissor respons\u00e1vel pela sensa\u00e7\u00e3o de cansa\u00e7o e relaxamento, fazendo o c\u00e9rebro \u201cacordar\u201d artificialmente.<\/p>\n\n\n\n<p>Antes de entender os impactos emocionais, \u00e9 importante observar o que a cafe\u00edna provoca no corpo:<\/p>\n\n\n\n<ul class=\"wp-block-list\">\n<li>Aumento da frequ\u00eancia card\u00edaca<\/li>\n\n\n\n<li>Maior excita\u00e7\u00e3o mental e f\u00edsica<\/li>\n\n\n\n<li>Redu\u00e7\u00e3o da sensa\u00e7\u00e3o de cansa\u00e7o<\/li>\n<\/ul>\n\n\n\n<p>Em hor\u00e1rios inadequados, esses efeitos favorecem tens\u00e3o, irritabilidade e ansiedade.<\/p>\n\n\n\n<p><strong>Desvende como o consumo di\u00e1rio de cafe\u00edna impacta seu organismo a curto e longo prazo. <\/strong>O v\u00eddeo \u00e9 do canal <strong>Angela Xavier<\/strong>, que conta com mais de<strong> 1,2 milh\u00e3o de inscritos<\/strong>, e detalha como essa subst\u00e2ncia engana o c\u00e9rebro para mascarar o cansa\u00e7o, al\u00e9m de seus efeitos no est\u00f4mago, tireoide e absor\u00e7\u00e3o de nutrientes essenciais:<\/p>\n\n\n\n<figure class=\"wp-block-embed aligncenter is-type-video is-provider-youtube wp-block-embed-youtube wp-embed-aspect-16-9 wp-has-aspect-ratio\"><div class=\"wp-block-embed__wrapper\">\n<div class=\"jeg_video_container jeg_video_content\"><iframe loading=\"lazy\" title=\"Efeitos Loucos da CAFE\u00cdNA no c\u00e9rebro e no corpo\" width=\"500\" height=\"281\" src=\"https:\/\/www.youtube.com\/embed\/NvM5FXPjxGI?feature=oembed\" frameborder=\"0\" allow=\"accelerometer; autoplay; clipboard-write; encrypted-media; gyroscope; picture-in-picture; web-share\" referrerpolicy=\"strict-origin-when-cross-origin\" allowfullscreen><\/iframe><\/div>\n<\/div><\/figure>\n\n\n\n<h2 class=\"wp-block-heading\">Pessoas ansiosas sentem mais os efeitos do caf\u00e9?<\/h2>\n\n\n\n<p><strong>Sim, pessoas com tend\u00eancia \u00e0 ansiedade s\u00e3o mais sens\u00edveis aos efeitos da cafe\u00edna.<\/strong> Nelas, pequenas quantidades j\u00e1 podem causar tremores, taquicardia, pensamentos acelerados e sensa\u00e7\u00e3o de perda de controle.<\/p>\n\n\n\n<p>Al\u00e9m disso, o caf\u00e9 pode amplificar sintomas que j\u00e1 estavam presentes de forma leve, tornando o desconforto mais percept\u00edvel no fim do dia. Por isso, nem sempre o problema \u00e9 a quantidade de caf\u00e9, mas o momento em que ele \u00e9 ingerido.<\/p>\n\n\n\n<h2 class=\"wp-block-heading\">O caf\u00e9 pode prejudicar o sono mesmo horas antes de dormir?<\/h2>\n\n\n\n<p><strong>Sim, o caf\u00e9 pode prejudicar o sono mesmo quando consumido at\u00e9 seis horas antes de deitar.<\/strong> O c\u00e9rebro pode at\u00e9 \u201capagar\u201d, mas a qualidade do sono tende a ser mais superficial e fragmentada.<\/p>\n\n\n\n<p>Veja como isso se reflete no dia seguinte:<\/p>\n\n\n\n<ul class=\"wp-block-list\">\n<li>Sono menos reparador<\/li>\n\n\n\n<li>Maior irritabilidade<\/li>\n\n\n\n<li>Sensa\u00e7\u00e3o de ansiedade logo ao acordar<\/li>\n<\/ul>\n\n\n\n<p>Esse ciclo cria um efeito acumulativo: mais cansa\u00e7o leva a mais caf\u00e9, que gera mais ansiedade e piora o descanso.<\/p>\n\n\n\n<p><strong>Leia tamb\u00e9m: <a href=\"https:\/\/www.correiobraziliense.com.br\/cbradar\/planta-calmante-que-reduz-a-tensao-e-voce-pode-plantar-em-casa-com-facilidade\/\" target=\"_blank\" rel=\"noreferrer noopener\">Planta calmante que reduz a tens\u00e3o e voc\u00ea pode plantar em casa com facilidade.<\/a><\/strong><\/p>\n\n\n\n<h2 class=\"wp-block-heading\">Qual \u00e9 o melhor hor\u00e1rio para tomar caf\u00e9 sem aumentar a ansiedade?<\/h2>\n\n\n\n<p><strong>O melhor hor\u00e1rio para tomar caf\u00e9 \u00e9 pela manh\u00e3 ou at\u00e9 o in\u00edcio da tarde.<\/strong> Nesse per\u00edodo, o organismo j\u00e1 est\u00e1 naturalmente mais desperto, e a cafe\u00edna tende a atuar como apoio, n\u00e3o como excesso.<\/p>\n\n\n\n<p>Para quem sente ansiedade com facilidade, o ideal \u00e9 evitar caf\u00e9 ap\u00f3s o meio da tarde e observar as rea\u00e7\u00f5es do pr\u00f3prio corpo. Reduzir ou ajustar o hor\u00e1rio n\u00e3o significa abrir m\u00e3o do caf\u00e9, mas consumi-lo de forma mais inteligente e alinhada ao funcionamento natural do organismo.<\/p>\n","protected":false},"excerpt":{"rendered":"<p>Para muita gente, o caf\u00e9 \u00e9 parte autom\u00e1tica da rotina. No entanto, o hor\u00e1rio em que ele \u00e9 consumido pode influenciar diretamente o humor, o n\u00edvel de tens\u00e3o e at\u00e9 a qualidade do sono. O que poucos percebem \u00e9 que tomar caf\u00e9 em um per\u00edodo espec\u00edfico do dia pode intensificar sintomas de ansiedade, mesmo em [&hellip;]<\/p>\n","protected":false},"author":8,"featured_media":173707,"comment_status":"open","ping_status":"open","sticky":false,"template":"","format":"standard","meta":{"_yoast_wpseo_focuskw":"beber caf\u00e9","_yoast_wpseo_title":"","_yoast_wpseo_metadesc":"Se voc\u00ea costuma beber caf\u00e9 nesse hor\u00e1rio todos os dias, talvez o problema n\u00e3o seja a quantidade, mas o momento escolhido.","jnews-multi-image_gallery":[],"jnews_single_post":{"format":"standard"},"jnews_primary_category":[],"jnews_social_meta":[],"jnews_override_counter":[],"footnotes":""},"categories":[112],"post_tag":[812,13745,1545],"class_list":["post-173690","post","type-post","status-publish","format-standard","has-post-thumbnail","hentry","category-curiosidades","tag-ansiedade","tag-beber-cafe","tag-horario"],"yoast_head":"<!-- This site is optimized with the Yoast SEO plugin v24.6 - https:\/\/yoast.com\/wordpress\/plugins\/seo\/ -->\n<title>Esse \u00e9 o hor\u00e1rio proibido para beber caf\u00e9 e se voc\u00ea ignora, ent\u00e3o \u00e9 por isso que voc\u00ea tem ansiedade - Correio Braziliense - Radar<\/title>\n<meta name=\"description\" content=\"Se voc\u00ea costuma beber caf\u00e9 nesse hor\u00e1rio todos os dias, talvez o problema n\u00e3o seja a quantidade, mas o momento escolhido.\" \/>\n<meta name=\"robots\" content=\"index, follow, max-snippet:-1, max-image-preview:large, max-video-preview:-1\" \/>\n<link rel=\"canonical\" href=\"https:\/\/www.correiobraziliense.com.br\/cbradar\/esse-e-o-horario-proibido-para-beber-cafe-e-se-voce-ignora-entao-e-por-isso-que-voce-tem-ansiedade\/\" \/>\n<meta property=\"og:locale\" content=\"pt_BR\" \/>\n<meta property=\"og:type\" content=\"article\" \/>\n<meta property=\"og:title\" content=\"Esse \u00e9 o hor\u00e1rio proibido para beber caf\u00e9 e se voc\u00ea ignora, ent\u00e3o \u00e9 por isso que voc\u00ea tem ansiedade - Correio Braziliense - Radar\" \/>\n<meta property=\"og:description\" content=\"Se voc\u00ea costuma beber caf\u00e9 nesse hor\u00e1rio todos os dias, talvez o problema n\u00e3o seja a quantidade, mas o momento escolhido.\" \/>\n<meta property=\"og:url\" content=\"https:\/\/www.correiobraziliense.com.br\/cbradar\/esse-e-o-horario-proibido-para-beber-cafe-e-se-voce-ignora-entao-e-por-isso-que-voce-tem-ansiedade\/\" \/>\n<meta property=\"og:site_name\" content=\"Correio Braziliense - Radar\" \/>\n<meta property=\"article:published_time\" content=\"2026-01-12T19:15:00+00:00\" \/>\n<meta property=\"og:image\" content=\"https:\/\/www.correiobraziliense.com.br\/cbradar\/wp-content\/uploads\/2026\/01\/aaa-87.png\" \/>\n\t<meta property=\"og:image:width\" content=\"1280\" \/>\n\t<meta property=\"og:image:height\" content=\"720\" \/>\n\t<meta property=\"og:image:type\" content=\"image\/png\" \/>\n<meta name=\"author\" content=\"Maura Pereira\" \/>\n<meta name=\"twitter:card\" content=\"summary_large_image\" \/>\n<meta name=\"twitter:label1\" content=\"Escrito por\" \/>\n\t<meta name=\"twitter:data1\" content=\"Maura Pereira\" \/>\n\t<meta name=\"twitter:label2\" content=\"Est. tempo de leitura\" \/>\n\t<meta name=\"twitter:data2\" content=\"4 minutos\" \/>\n<!-- \/ Yoast SEO plugin. -->","yoast_head_json":{"title":"Esse \u00e9 o hor\u00e1rio proibido para beber caf\u00e9 e se voc\u00ea ignora, ent\u00e3o \u00e9 por isso que voc\u00ea tem ansiedade - Correio Braziliense - Radar","description":"Se voc\u00ea costuma beber caf\u00e9 nesse hor\u00e1rio todos os dias, talvez o problema n\u00e3o seja a quantidade, mas o momento escolhido.","robots":{"index":"index","follow":"follow","max-snippet":"max-snippet:-1","max-image-preview":"max-image-preview:large","max-video-preview":"max-video-preview:-1"},"canonical":"https:\/\/www.correiobraziliense.com.br\/cbradar\/esse-e-o-horario-proibido-para-beber-cafe-e-se-voce-ignora-entao-e-por-isso-que-voce-tem-ansiedade\/","og_locale":"pt_BR","og_type":"article","og_title":"Esse \u00e9 o hor\u00e1rio proibido para beber caf\u00e9 e se voc\u00ea ignora, ent\u00e3o \u00e9 por isso que voc\u00ea tem ansiedade - Correio Braziliense - Radar","og_description":"Se voc\u00ea costuma beber caf\u00e9 nesse hor\u00e1rio todos os dias, talvez o problema n\u00e3o seja a quantidade, mas o momento escolhido.","og_url":"https:\/\/www.correiobraziliense.com.br\/cbradar\/esse-e-o-horario-proibido-para-beber-cafe-e-se-voce-ignora-entao-e-por-isso-que-voce-tem-ansiedade\/","og_site_name":"Correio Braziliense - Radar","article_published_time":"2026-01-12T19:15:00+00:00","og_image":[{"width":1280,"height":720,"url":"https:\/\/www.correiobraziliense.com.br\/cbradar\/wp-content\/uploads\/2026\/01\/aaa-87.png","type":"image\/png"}],"author":"Maura Pereira","twitter_card":"summary_large_image","twitter_misc":{"Escrito por":"Maura Pereira","Est. tempo de leitura":"4 minutos"},"schema":{"@context":"https:\/\/schema.org","@graph":[{"@type":"WebPage","@id":"https:\/\/www.correiobraziliense.com.br\/cbradar\/esse-e-o-horario-proibido-para-beber-cafe-e-se-voce-ignora-entao-e-por-isso-que-voce-tem-ansiedade\/","url":"https:\/\/www.correiobraziliense.com.br\/cbradar\/esse-e-o-horario-proibido-para-beber-cafe-e-se-voce-ignora-entao-e-por-isso-que-voce-tem-ansiedade\/","name":"Esse \u00e9 o hor\u00e1rio proibido para beber caf\u00e9 e se voc\u00ea ignora, ent\u00e3o \u00e9 por isso que voc\u00ea tem ansiedade - Correio Braziliense - Radar","isPartOf":{"@id":"https:\/\/www.correiobraziliense.com.br\/cbradar\/#website"},"primaryImageOfPage":{"@id":"https:\/\/www.correiobraziliense.com.br\/cbradar\/esse-e-o-horario-proibido-para-beber-cafe-e-se-voce-ignora-entao-e-por-isso-que-voce-tem-ansiedade\/#primaryimage"},"image":{"@id":"https:\/\/www.correiobraziliense.com.br\/cbradar\/esse-e-o-horario-proibido-para-beber-cafe-e-se-voce-ignora-entao-e-por-isso-que-voce-tem-ansiedade\/#primaryimage"},"thumbnailUrl":"https:\/\/www.correiobraziliense.com.br\/cbradar\/wp-content\/uploads\/2026\/01\/aaa-87.png","datePublished":"2026-01-12T19:15:00+00:00","author":{"@id":"https:\/\/www.correiobraziliense.com.br\/cbradar\/#\/schema\/person\/4053c651a9bfc785afc6f4cbc9032fd3"},"description":"Se voc\u00ea costuma beber caf\u00e9 nesse hor\u00e1rio todos os dias, talvez o problema n\u00e3o seja a quantidade, mas o momento escolhido.","breadcrumb":{"@id":"https:\/\/www.correiobraziliense.com.br\/cbradar\/esse-e-o-horario-proibido-para-beber-cafe-e-se-voce-ignora-entao-e-por-isso-que-voce-tem-ansiedade\/#breadcrumb"},"inLanguage":"pt-BR","potentialAction":[{"@type":"ReadAction","target":["https:\/\/www.correiobraziliense.com.br\/cbradar\/esse-e-o-horario-proibido-para-beber-cafe-e-se-voce-ignora-entao-e-por-isso-que-voce-tem-ansiedade\/"]}]},{"@type":"ImageObject","inLanguage":"pt-BR","@id":"https:\/\/www.correiobraziliense.com.br\/cbradar\/esse-e-o-horario-proibido-para-beber-cafe-e-se-voce-ignora-entao-e-por-isso-que-voce-tem-ansiedade\/#primaryimage","url":"https:\/\/www.correiobraziliense.com.br\/cbradar\/wp-content\/uploads\/2026\/01\/aaa-87.png","contentUrl":"https:\/\/www.correiobraziliense.com.br\/cbradar\/wp-content\/uploads\/2026\/01\/aaa-87.png","width":1280,"height":720,"caption":"Nesse per\u00edodo, o organismo j\u00e1 est\u00e1 naturalmente mais desperto, e a cafe\u00edna tende a atuar como apoio, n\u00e3o como excesso."},{"@type":"BreadcrumbList","@id":"https:\/\/www.correiobraziliense.com.br\/cbradar\/esse-e-o-horario-proibido-para-beber-cafe-e-se-voce-ignora-entao-e-por-isso-que-voce-tem-ansiedade\/#breadcrumb","itemListElement":[{"@type":"ListItem","position":1,"name":"In\u00edcio","item":"https:\/\/www.correiobraziliense.com.br\/cbradar\/"},{"@type":"ListItem","position":2,"name":"Esse \u00e9 o hor\u00e1rio proibido para beber caf\u00e9 e se voc\u00ea ignora, ent\u00e3o \u00e9 por isso que voc\u00ea tem ansiedade"}]},{"@type":"WebSite","@id":"https:\/\/www.correiobraziliense.com.br\/cbradar\/#website","url":"https:\/\/www.correiobraziliense.com.br\/cbradar\/","name":"Correio Braziliense - Radar","description":"Acompanhe as \u00faltimas not\u00edcias e fique bem informado sobre tudo o que acontece no Brasil e no mundo.","potentialAction":[{"@type":"SearchAction","target":{"@type":"EntryPoint","urlTemplate":"https:\/\/www.correiobraziliense.com.br\/cbradar\/?s={search_term_string}"},"query-input":{"@type":"PropertyValueSpecification","valueRequired":true,"valueName":"search_term_string"}}],"inLanguage":"pt-BR"},{"@type":"Person","@id":"https:\/\/www.correiobraziliense.com.br\/cbradar\/#\/schema\/person\/4053c651a9bfc785afc6f4cbc9032fd3","name":"Maura Pereira","image":{"@type":"ImageObject","inLanguage":"pt-BR","@id":"https:\/\/www.correiobraziliense.com.br\/cbradar\/#\/schema\/person\/image\/","url":"https:\/\/secure.gravatar.com\/avatar\/3effd6bdadfa447f15089c7f7144eaa6?s=96&d=mm&r=g","contentUrl":"https:\/\/secure.gravatar.com\/avatar\/3effd6bdadfa447f15089c7f7144eaa6?s=96&d=mm&r=g","caption":"Maura Pereira"},"sameAs":["https:\/\/www.correiobraziliense.com.br\/"],"url":"https:\/\/www.correiobraziliense.com.br\/cbradar\/author\/mauramyth\/"}]}},"_links":{"self":[{"href":"https:\/\/www.correiobraziliense.com.br\/cbradar\/wp-json\/wp\/v2\/posts\/173690","targetHints":{"allow":["GET"]}}],"collection":[{"href":"https:\/\/www.correiobraziliense.com.br\/cbradar\/wp-json\/wp\/v2\/posts"}],"about":[{"href":"https:\/\/www.correiobraziliense.com.br\/cbradar\/wp-json\/wp\/v2\/types\/post"}],"author":[{"embeddable":true,"href":"https:\/\/www.correiobraziliense.com.br\/cbradar\/wp-json\/wp\/v2\/users\/8"}],"replies":[{"embeddable":true,"href":"https:\/\/www.correiobraziliense.com.br\/cbradar\/wp-json\/wp\/v2\/comments?post=173690"}],"version-history":[{"count":12,"href":"https:\/\/www.correiobraziliense.com.br\/cbradar\/wp-json\/wp\/v2\/posts\/173690\/revisions"}],"predecessor-version":[{"id":173706,"href":"https:\/\/www.correiobraziliense.com.br\/cbradar\/wp-json\/wp\/v2\/posts\/173690\/revisions\/173706"}],"wp:featuredmedia":[{"embeddable":true,"href":"https:\/\/www.correiobraziliense.com.br\/cbradar\/wp-json\/wp\/v2\/media\/173707"}],"wp:attachment":[{"href":"https:\/\/www.correiobraziliense.com.br\/cbradar\/wp-json\/wp\/v2\/media?parent=173690"}],"wp:term":[{"taxonomy":"category","embeddable":true,"href":"https:\/\/www.correiobraziliense.com.br\/cbradar\/wp-json\/wp\/v2\/categories?post=173690"},{"taxonomy":"post_tag","embeddable":true,"href":"https:\/\/www.correiobraziliense.com.br\/cbradar\/wp-json\/wp\/v2\/post_tag?post=173690"}],"curies":[{"name":"wp","href":"https:\/\/api.w.org\/{rel}","templated":true}]}}