{"id":173722,"date":"2026-01-12T21:25:00","date_gmt":"2026-01-13T00:25:00","guid":{"rendered":"https:\/\/www.correiobraziliense.com.br\/cbradar\/?p=173722"},"modified":"2026-01-12T09:19:19","modified_gmt":"2026-01-12T12:19:19","slug":"o-que-acontece-com-o-corpo-humano-quando-voce-fica-ansioso","status":"publish","type":"post","link":"https:\/\/www.correiobraziliense.com.br\/cbradar\/o-que-acontece-com-o-corpo-humano-quando-voce-fica-ansioso\/","title":{"rendered":"O que acontece com o corpo humano quando voc\u00ea fica ansioso?"},"content":{"rendered":"\n<p><strong>A ansiedade n\u00e3o afeta apenas os pensamentos.<\/strong> Quando ela surge, o corpo inteiro reage como se estivesse diante de uma amea\u00e7a real, mesmo que n\u00e3o exista perigo imediato. Essa resposta autom\u00e1tica envolve c\u00e9rebro, horm\u00f4nios, m\u00fasculos, cora\u00e7\u00e3o e sistema digestivo, explicando por que a ansiedade provoca sintomas f\u00edsicos t\u00e3o intensos e, muitas vezes, confusos.<\/p>\n\n\n\n<h2 class=\"wp-block-heading\">O que o c\u00e9rebro faz quando a ansiedade aparece?<\/h2>\n\n\n\n<p><strong>Quando a ansiedade surge, o c\u00e9rebro ativa o modo de alerta e prioriza a sobreviv\u00eancia.<\/strong> A am\u00edgdala cerebral interpreta a situa\u00e7\u00e3o como amea\u00e7adora e envia sinais para liberar horm\u00f4nios do estresse, como adrenalina e cortisol, segundo o artigo \u201c<strong><a href=\"https:\/\/pmc.ncbi.nlm.nih.gov\/articles\/PMC2882379\/\" target=\"_blank\" rel=\"noreferrer noopener\">Amygdala Activity, Fear, and Anxiety: Modulation by Stress<\/a><\/strong>\u201d publicado no <strong>NIH<\/strong>.<\/p>\n\n\n\n<p>Esse processo reduz a atua\u00e7\u00e3o das \u00e1reas respons\u00e1veis pelo racioc\u00ednio l\u00f3gico e aumenta a vigil\u00e2ncia. Por isso, pensamentos ficam acelerados, a aten\u00e7\u00e3o se fixa em poss\u00edveis riscos e a capacidade de tomar decis\u00f5es com calma diminui temporariamente.<\/p>\n\n\n<div class=\"wp-block-image\">\n<figure class=\"aligncenter size-large\"><img decoding=\"async\" width=\"1024\" height=\"576\" src=\"https:\/\/www.correiobraziliense.com.br\/cbradar\/wp-content\/uploads\/2025\/06\/Ansiedade_1750645705683-1024x576.jpg\" alt=\"Poucos sabem que a ansiedade muda como voc\u00ea enxerga o mundo\" class=\"wp-image-57783\" srcset=\"https:\/\/www.correiobraziliense.com.br\/cbradar\/wp-content\/uploads\/2025\/06\/Ansiedade_1750645705683-1024x576.jpg 1024w, https:\/\/www.correiobraziliense.com.br\/cbradar\/wp-content\/uploads\/2025\/06\/Ansiedade_1750645705683-300x169.jpg 300w, https:\/\/www.correiobraziliense.com.br\/cbradar\/wp-content\/uploads\/2025\/06\/Ansiedade_1750645705683-768x432.jpg 768w, https:\/\/www.correiobraziliense.com.br\/cbradar\/wp-content\/uploads\/2025\/06\/Ansiedade_1750645705683-750x422.jpg 750w, https:\/\/www.correiobraziliense.com.br\/cbradar\/wp-content\/uploads\/2025\/06\/Ansiedade_1750645705683-1140x641.jpg 1140w, https:\/\/www.correiobraziliense.com.br\/cbradar\/wp-content\/uploads\/2025\/06\/Ansiedade_1750645705683.jpg 1280w\" sizes=\"(max-width: 1024px) 100vw, 1024px\" \/><figcaption class=\"wp-element-caption\">Ansiedade \u00e9 uma resposta natural do corpo a situa\u00e7\u00f5es de medo, preocupa\u00e7\u00e3o ou estresse. \/\/ Cr\u00e9ditos: depositphotos.com \/ AndrewLozovyi<\/figcaption><\/figure><\/div>\n\n\n<h2 class=\"wp-block-heading\">Como a ansiedade afeta o cora\u00e7\u00e3o e a respira\u00e7\u00e3o?<\/h2>\n\n\n\n<p><strong>A ansiedade acelera o cora\u00e7\u00e3o e torna a respira\u00e7\u00e3o mais curta e r\u00e1pida.<\/strong> Esses efeitos preparam o corpo para reagir, mas quando ocorrem sem necessidade real, geram desconforto f\u00edsico intenso.<\/p>\n\n\n\n<p>Antes de aprofundar, observe sinais comuns nessa fase:<\/p>\n\n\n\n<ul class=\"wp-block-list\">\n<li>Palpita\u00e7\u00f5es ou batimentos acelerados<\/li>\n\n\n\n<li>Sensa\u00e7\u00e3o de falta de ar ou aperto no peito<\/li>\n\n\n\n<li>Respira\u00e7\u00e3o superficial<\/li>\n<\/ul>\n\n\n\n<p>Essas rea\u00e7\u00f5es s\u00e3o comuns e fazem parte da resposta autom\u00e1tica do corpo ao estresse.<\/p>\n\n\n\n<h2 class=\"wp-block-heading\">O que acontece com os m\u00fasculos durante a ansiedade?<\/h2>\n\n\n\n<p><strong>Durante a ansiedade, os m\u00fasculos entram em estado de tens\u00e3o constante.<\/strong> O corpo se prepara para agir, mesmo que nenhuma a\u00e7\u00e3o seja necess\u00e1ria, mantendo regi\u00f5es como pesco\u00e7o, ombros, mand\u00edbula e costas contra\u00eddas.<\/p>\n\n\n\n<p>Essa tens\u00e3o prolongada pode causar dores musculares, rigidez, dor de cabe\u00e7a e sensa\u00e7\u00e3o de peso no corpo. Muitas pessoas n\u00e3o percebem que est\u00e3o tensas at\u00e9 sentirem fadiga ou desconforto persistente.<\/p>\n\n\n\n<h2 class=\"wp-block-heading\">Ansiedade afeta o est\u00f4mago e o intestino?<\/h2>\n\n\n\n<p><strong>Sim, a ansiedade afeta diretamente o sistema digestivo.<\/strong> O corpo reduz fun\u00e7\u00f5es consideradas \u201cn\u00e3o essenciais\u201d naquele momento, como a digest\u00e3o, para focar na resposta ao estresse.<\/p>\n\n\n\n<p>Veja como isso costuma se manifestar:<\/p>\n\n\n\n<figure class=\"wp-block-table\"><table class=\"has-fixed-layout\"><thead><tr><th>Sistema afetado<\/th><th>Rea\u00e7\u00e3o comum durante a ansiedade<\/th><\/tr><\/thead><tbody><tr><td>Est\u00f4mago<\/td><td>N\u00e1usea ou queima\u00e7\u00e3o<\/td><\/tr><tr><td>Intestino<\/td><td>Diarreia ou pris\u00e3o de ventre<\/td><\/tr><tr><td>Apetite<\/td><td>Falta ou aumento exagerado<\/td><\/tr><\/tbody><\/table><\/figure>\n\n\n\n<p>Essa liga\u00e7\u00e3o explica por que o intestino \u00e9 frequentemente chamado de \u201csegundo c\u00e9rebro\u201d.<\/p>\n\n\n\n<p><strong>Leia tamb\u00e9m: <a href=\"https:\/\/www.correiobraziliense.com.br\/cbradar\/planta-calmante-que-reduz-a-tensao-e-voce-pode-plantar-em-casa-com-facilidade\/\" target=\"_blank\" rel=\"noreferrer noopener\">Planta calmante que reduz a tens\u00e3o e voc\u00ea pode plantar em casa com facilidade.<\/a><\/strong><\/p>\n\n\n<div class=\"wp-block-image\">\n<figure class=\"aligncenter size-large\"><img decoding=\"async\" width=\"1024\" height=\"576\" src=\"https:\/\/www.correiobraziliense.com.br\/cbradar\/wp-content\/uploads\/2025\/10\/ansiedade_1761423817798-1024x576.jpg\" alt=\"Por que sentimos ansiedade sem perceber e o que o corpo est\u00e1 tentando avisar?\" class=\"wp-image-125303\" srcset=\"https:\/\/www.correiobraziliense.com.br\/cbradar\/wp-content\/uploads\/2025\/10\/ansiedade_1761423817798-1024x576.jpg 1024w, https:\/\/www.correiobraziliense.com.br\/cbradar\/wp-content\/uploads\/2025\/10\/ansiedade_1761423817798-300x169.jpg 300w, https:\/\/www.correiobraziliense.com.br\/cbradar\/wp-content\/uploads\/2025\/10\/ansiedade_1761423817798-768x432.jpg 768w, https:\/\/www.correiobraziliense.com.br\/cbradar\/wp-content\/uploads\/2025\/10\/ansiedade_1761423817798-750x422.jpg 750w, https:\/\/www.correiobraziliense.com.br\/cbradar\/wp-content\/uploads\/2025\/10\/ansiedade_1761423817798-1140x641.jpg 1140w, https:\/\/www.correiobraziliense.com.br\/cbradar\/wp-content\/uploads\/2025\/10\/ansiedade_1761423817798.jpg 1280w\" sizes=\"(max-width: 1024px) 100vw, 1024px\" \/><figcaption class=\"wp-element-caption\">Buscar tranquilidade come\u00e7a com entender que o controle total nem sempre \u00e9 necess\u00e1rio. \/\/ Cr\u00e9ditos: depositphotos.com \/ AndrewLozovyi<\/figcaption><\/figure><\/div>\n\n\n<h2 class=\"wp-block-heading\">O que acontece com os horm\u00f4nios e a energia do corpo?<\/h2>\n\n\n\n<p><strong>A ansiedade mant\u00e9m elevados os n\u00edveis de cortisol, o horm\u00f4nio do estresse.<\/strong> A curto prazo, isso aumenta a energia, mas quando a ansiedade \u00e9 frequente, o corpo entra em estado de desgaste.<\/p>\n\n\n\n<p>Com o tempo, podem surgir cansa\u00e7o constante, dificuldade para dormir, queda de imunidade e sensa\u00e7\u00e3o de esgotamento f\u00edsico e mental, mesmo sem esfor\u00e7o intenso.<\/p>\n\n\n\n<h2 class=\"wp-block-heading\">A ansiedade pode causar sintomas f\u00edsicos mesmo sem perigo real?<\/h2>\n\n\n\n<p><strong>Sim, o corpo n\u00e3o diferencia ansiedade emocional de amea\u00e7a f\u00edsica real.<\/strong> Para o organismo, o alerta \u00e9 o mesmo, e a rea\u00e7\u00e3o acontece automaticamente.<\/p>\n\n\n\n<p>A ansiedade n\u00e3o \u00e9 fraqueza, mas um mecanismo natural de prote\u00e7\u00e3o que se torna excessivo quando ativado fora de contexto. Entender o que acontece no corpo ajuda a reduzir o medo dos sintomas e a buscar estrat\u00e9gias para regular essa resposta, restaurando o equil\u00edbrio f\u00edsico e emocional.<\/p>\n","protected":false},"excerpt":{"rendered":"<p>A ansiedade n\u00e3o afeta apenas os pensamentos. Quando ela surge, o corpo inteiro reage como se estivesse diante de uma amea\u00e7a real, mesmo que n\u00e3o exista perigo imediato. Essa resposta autom\u00e1tica envolve c\u00e9rebro, horm\u00f4nios, m\u00fasculos, cora\u00e7\u00e3o e sistema digestivo, explicando por que a ansiedade provoca sintomas f\u00edsicos t\u00e3o intensos e, muitas vezes, confusos. O que [&hellip;]<\/p>\n","protected":false},"author":8,"featured_media":25721,"comment_status":"open","ping_status":"open","sticky":false,"template":"","format":"standard","meta":{"_yoast_wpseo_focuskw":"ansiedade","_yoast_wpseo_title":"","_yoast_wpseo_metadesc":"O corpo humano quando fica ansioso entra em estado de alerta e reage de maneiras que muitas pessoas n\u00e3o associam \u00e0 ansiedade.","jnews-multi-image_gallery":[],"jnews_single_post":{"format":"standard"},"jnews_primary_category":[],"jnews_social_meta":[],"jnews_override_counter":[],"footnotes":""},"categories":[112],"post_tag":[812,3559],"class_list":["post-173722","post","type-post","status-publish","format-standard","has-post-thumbnail","hentry","category-curiosidades","tag-ansiedade","tag-corpo-humano"],"yoast_head":"<!-- This site is optimized with the Yoast SEO plugin v24.6 - https:\/\/yoast.com\/wordpress\/plugins\/seo\/ -->\n<title>O que acontece com o corpo humano quando voc\u00ea fica ansioso? - Correio Braziliense - Radar<\/title>\n<meta name=\"description\" content=\"O corpo humano quando fica ansioso entra em estado de alerta e reage de maneiras que muitas pessoas n\u00e3o associam \u00e0 ansiedade.\" \/>\n<meta name=\"robots\" content=\"index, follow, max-snippet:-1, max-image-preview:large, max-video-preview:-1\" \/>\n<link rel=\"canonical\" href=\"https:\/\/www.correiobraziliense.com.br\/cbradar\/o-que-acontece-com-o-corpo-humano-quando-voce-fica-ansioso\/\" \/>\n<meta property=\"og:locale\" content=\"pt_BR\" \/>\n<meta property=\"og:type\" content=\"article\" \/>\n<meta property=\"og:title\" content=\"O que acontece com o corpo humano quando voc\u00ea fica ansioso? - Correio Braziliense - Radar\" \/>\n<meta property=\"og:description\" content=\"O corpo humano quando fica ansioso entra em estado de alerta e reage de maneiras que muitas pessoas n\u00e3o associam \u00e0 ansiedade.\" \/>\n<meta property=\"og:url\" content=\"https:\/\/www.correiobraziliense.com.br\/cbradar\/o-que-acontece-com-o-corpo-humano-quando-voce-fica-ansioso\/\" \/>\n<meta property=\"og:site_name\" content=\"Correio Braziliense - Radar\" \/>\n<meta property=\"article:published_time\" content=\"2026-01-13T00:25:00+00:00\" \/>\n<meta property=\"og:image\" content=\"https:\/\/www.correiobraziliense.com.br\/cbradar\/wp-content\/uploads\/2025\/04\/fobia_1745021801801.jpg\" \/>\n\t<meta property=\"og:image:width\" content=\"1280\" \/>\n\t<meta property=\"og:image:height\" content=\"720\" \/>\n\t<meta property=\"og:image:type\" content=\"image\/jpeg\" \/>\n<meta name=\"author\" content=\"Maura Pereira\" \/>\n<meta name=\"twitter:card\" content=\"summary_large_image\" \/>\n<meta name=\"twitter:label1\" content=\"Escrito por\" \/>\n\t<meta name=\"twitter:data1\" content=\"Maura Pereira\" \/>\n\t<meta name=\"twitter:label2\" content=\"Est. tempo de leitura\" \/>\n\t<meta name=\"twitter:data2\" content=\"4 minutos\" \/>\n<!-- \/ Yoast SEO plugin. -->","yoast_head_json":{"title":"O que acontece com o corpo humano quando voc\u00ea fica ansioso? - Correio Braziliense - Radar","description":"O corpo humano quando fica ansioso entra em estado de alerta e reage de maneiras que muitas pessoas n\u00e3o associam \u00e0 ansiedade.","robots":{"index":"index","follow":"follow","max-snippet":"max-snippet:-1","max-image-preview":"max-image-preview:large","max-video-preview":"max-video-preview:-1"},"canonical":"https:\/\/www.correiobraziliense.com.br\/cbradar\/o-que-acontece-com-o-corpo-humano-quando-voce-fica-ansioso\/","og_locale":"pt_BR","og_type":"article","og_title":"O que acontece com o corpo humano quando voc\u00ea fica ansioso? - Correio Braziliense - Radar","og_description":"O corpo humano quando fica ansioso entra em estado de alerta e reage de maneiras que muitas pessoas n\u00e3o associam \u00e0 ansiedade.","og_url":"https:\/\/www.correiobraziliense.com.br\/cbradar\/o-que-acontece-com-o-corpo-humano-quando-voce-fica-ansioso\/","og_site_name":"Correio Braziliense - Radar","article_published_time":"2026-01-13T00:25:00+00:00","og_image":[{"width":1280,"height":720,"url":"https:\/\/www.correiobraziliense.com.br\/cbradar\/wp-content\/uploads\/2025\/04\/fobia_1745021801801.jpg","type":"image\/jpeg"}],"author":"Maura Pereira","twitter_card":"summary_large_image","twitter_misc":{"Escrito por":"Maura Pereira","Est. tempo de leitura":"4 minutos"},"schema":{"@context":"https:\/\/schema.org","@graph":[{"@type":"WebPage","@id":"https:\/\/www.correiobraziliense.com.br\/cbradar\/o-que-acontece-com-o-corpo-humano-quando-voce-fica-ansioso\/","url":"https:\/\/www.correiobraziliense.com.br\/cbradar\/o-que-acontece-com-o-corpo-humano-quando-voce-fica-ansioso\/","name":"O que acontece com o corpo humano quando voc\u00ea fica ansioso? - Correio Braziliense - Radar","isPartOf":{"@id":"https:\/\/www.correiobraziliense.com.br\/cbradar\/#website"},"primaryImageOfPage":{"@id":"https:\/\/www.correiobraziliense.com.br\/cbradar\/o-que-acontece-com-o-corpo-humano-quando-voce-fica-ansioso\/#primaryimage"},"image":{"@id":"https:\/\/www.correiobraziliense.com.br\/cbradar\/o-que-acontece-com-o-corpo-humano-quando-voce-fica-ansioso\/#primaryimage"},"thumbnailUrl":"https:\/\/www.correiobraziliense.com.br\/cbradar\/wp-content\/uploads\/2025\/04\/fobia_1745021801801.jpg","datePublished":"2026-01-13T00:25:00+00:00","author":{"@id":"https:\/\/www.correiobraziliense.com.br\/cbradar\/#\/schema\/person\/4053c651a9bfc785afc6f4cbc9032fd3"},"description":"O corpo humano quando fica ansioso entra em estado de alerta e reage de maneiras que muitas pessoas n\u00e3o associam \u00e0 ansiedade.","breadcrumb":{"@id":"https:\/\/www.correiobraziliense.com.br\/cbradar\/o-que-acontece-com-o-corpo-humano-quando-voce-fica-ansioso\/#breadcrumb"},"inLanguage":"pt-BR","potentialAction":[{"@type":"ReadAction","target":["https:\/\/www.correiobraziliense.com.br\/cbradar\/o-que-acontece-com-o-corpo-humano-quando-voce-fica-ansioso\/"]}]},{"@type":"ImageObject","inLanguage":"pt-BR","@id":"https:\/\/www.correiobraziliense.com.br\/cbradar\/o-que-acontece-com-o-corpo-humano-quando-voce-fica-ansioso\/#primaryimage","url":"https:\/\/www.correiobraziliense.com.br\/cbradar\/wp-content\/uploads\/2025\/04\/fobia_1745021801801.jpg","contentUrl":"https:\/\/www.correiobraziliense.com.br\/cbradar\/wp-content\/uploads\/2025\/04\/fobia_1745021801801.jpg","width":1280,"height":720,"caption":"Controlar a respira\u00e7\u00e3o ap\u00f3s um susto ajuda a acalmar o cora\u00e7\u00e3o e reduzir a ansiedade. \/\/ Cr\u00e9ditos: depositphotos.com \/ HayDmitriy"},{"@type":"BreadcrumbList","@id":"https:\/\/www.correiobraziliense.com.br\/cbradar\/o-que-acontece-com-o-corpo-humano-quando-voce-fica-ansioso\/#breadcrumb","itemListElement":[{"@type":"ListItem","position":1,"name":"In\u00edcio","item":"https:\/\/www.correiobraziliense.com.br\/cbradar\/"},{"@type":"ListItem","position":2,"name":"O que acontece com o corpo humano quando voc\u00ea fica ansioso?"}]},{"@type":"WebSite","@id":"https:\/\/www.correiobraziliense.com.br\/cbradar\/#website","url":"https:\/\/www.correiobraziliense.com.br\/cbradar\/","name":"Correio Braziliense - Radar","description":"Acompanhe as \u00faltimas not\u00edcias e fique bem informado sobre tudo o que acontece no Brasil e no mundo.","potentialAction":[{"@type":"SearchAction","target":{"@type":"EntryPoint","urlTemplate":"https:\/\/www.correiobraziliense.com.br\/cbradar\/?s={search_term_string}"},"query-input":{"@type":"PropertyValueSpecification","valueRequired":true,"valueName":"search_term_string"}}],"inLanguage":"pt-BR"},{"@type":"Person","@id":"https:\/\/www.correiobraziliense.com.br\/cbradar\/#\/schema\/person\/4053c651a9bfc785afc6f4cbc9032fd3","name":"Maura Pereira","image":{"@type":"ImageObject","inLanguage":"pt-BR","@id":"https:\/\/www.correiobraziliense.com.br\/cbradar\/#\/schema\/person\/image\/","url":"https:\/\/secure.gravatar.com\/avatar\/3effd6bdadfa447f15089c7f7144eaa6?s=96&d=mm&r=g","contentUrl":"https:\/\/secure.gravatar.com\/avatar\/3effd6bdadfa447f15089c7f7144eaa6?s=96&d=mm&r=g","caption":"Maura Pereira"},"sameAs":["https:\/\/www.correiobraziliense.com.br\/"],"url":"https:\/\/www.correiobraziliense.com.br\/cbradar\/author\/mauramyth\/"}]}},"_links":{"self":[{"href":"https:\/\/www.correiobraziliense.com.br\/cbradar\/wp-json\/wp\/v2\/posts\/173722","targetHints":{"allow":["GET"]}}],"collection":[{"href":"https:\/\/www.correiobraziliense.com.br\/cbradar\/wp-json\/wp\/v2\/posts"}],"about":[{"href":"https:\/\/www.correiobraziliense.com.br\/cbradar\/wp-json\/wp\/v2\/types\/post"}],"author":[{"embeddable":true,"href":"https:\/\/www.correiobraziliense.com.br\/cbradar\/wp-json\/wp\/v2\/users\/8"}],"replies":[{"embeddable":true,"href":"https:\/\/www.correiobraziliense.com.br\/cbradar\/wp-json\/wp\/v2\/comments?post=173722"}],"version-history":[{"count":10,"href":"https:\/\/www.correiobraziliense.com.br\/cbradar\/wp-json\/wp\/v2\/posts\/173722\/revisions"}],"predecessor-version":[{"id":173805,"href":"https:\/\/www.correiobraziliense.com.br\/cbradar\/wp-json\/wp\/v2\/posts\/173722\/revisions\/173805"}],"wp:featuredmedia":[{"embeddable":true,"href":"https:\/\/www.correiobraziliense.com.br\/cbradar\/wp-json\/wp\/v2\/media\/25721"}],"wp:attachment":[{"href":"https:\/\/www.correiobraziliense.com.br\/cbradar\/wp-json\/wp\/v2\/media?parent=173722"}],"wp:term":[{"taxonomy":"category","embeddable":true,"href":"https:\/\/www.correiobraziliense.com.br\/cbradar\/wp-json\/wp\/v2\/categories?post=173722"},{"taxonomy":"post_tag","embeddable":true,"href":"https:\/\/www.correiobraziliense.com.br\/cbradar\/wp-json\/wp\/v2\/post_tag?post=173722"}],"curies":[{"name":"wp","href":"https:\/\/api.w.org\/{rel}","templated":true}]}}