{"id":174116,"date":"2026-01-17T16:15:00","date_gmt":"2026-01-17T19:15:00","guid":{"rendered":"https:\/\/www.correiobraziliense.com.br\/cbradar\/?p=174116"},"modified":"2026-01-16T11:25:05","modified_gmt":"2026-01-16T14:25:05","slug":"poucos-sabem-que-e-assim-que-os-morangos-sao-armazenados-para-que-durem-muito-mais-sem-apodrecer","status":"publish","type":"post","link":"https:\/\/www.correiobraziliense.com.br\/cbradar\/poucos-sabem-que-e-assim-que-os-morangos-sao-armazenados-para-que-durem-muito-mais-sem-apodrecer\/","title":{"rendered":"Poucos sabem que \u00e9 assim que os morangos s\u00e3o armazenados para que durem muito mais sem apodrecer"},"content":{"rendered":"\n<p>Consumir <strong>morangos frescos e bem conservados<\/strong> \u00e9 um desafio comum em muitas casas. Apesar de serem encontrados o ano todo, essa fruta delicada estraga com facilidade, especialmente quando \u00e9 comprada em grande quantidade. Pequenos pontos de mofo ou machucados podem comprometer a bandeja inteira em pouco tempo, o que gera desperd\u00edcio de alimento e de dinheiro. Por isso, entender como fazer a <strong>conserva\u00e7\u00e3o dos morangos<\/strong> por mais tempo torna-se uma pr\u00e1tica importante no dia a dia.<\/p>\n\n\n\n<h2 class=\"wp-block-heading\">Como conservar morangos por mais tempo na geladeira<\/h2>\n\n\n\n<p>O primeiro passo para conservar morangos por mais tempo \u00e9 fazer uma <strong>triagem cuidadosa<\/strong> assim que chegam em casa. Retire a fruta da embalagem original, espalhe em uma superf\u00edcie limpa e observe cada unidade. Morangos amassados, com furos, machucados ou sinais de mofo devem ser separados imediatamente, pois tendem a acelerar o apodrecimento dos demais.<\/p>\n\n\n\n<p>Outro ponto importante \u00e9 evitar lav\u00e1-los logo ap\u00f3s a compra, caso n\u00e3o sejam consumidos no mesmo dia. A <strong>umidade em excesso<\/strong> favorece o crescimento de fungos e bact\u00e9rias. Em vez disso, armazene os morangos inteiros, com o cabinho e as folhas, em um recipiente de vidro ou pl\u00e1stico limpo, forrado com papel-toalha e bem tampado, na parte mais fria da geladeira.<\/p>\n\n\n\n<h2 class=\"wp-block-heading\">Como a organiza\u00e7\u00e3o dos morangos ajuda na preserva\u00e7\u00e3o<\/h2>\n\n\n\n<p>Para refor\u00e7ar ainda mais a <strong>preserva\u00e7\u00e3o dos morangos frescos<\/strong>, muitos especialistas recomendam n\u00e3o empilhar grandes quantidades. Quando ficam pressionados, os frutos da base se rompem com mais facilidade, liberam suco e criam um ambiente \u00famido, ideal para o surgimento de mofo e perda de textura.<\/p>\n\n\n\n<p>Uma boa estrat\u00e9gia \u00e9 utilizar potes rasos ou dividir a fruta em por\u00e7\u00f5es menores, mantendo sempre um espa\u00e7o de ar entre elas. Essa organiza\u00e7\u00e3o favorece a <strong>circula\u00e7\u00e3o de ar fria<\/strong> ao redor dos frutos, reduz a forma\u00e7\u00e3o de umidade excessiva e facilita o monitoramento di\u00e1rio do estado de cada morango.<\/p>\n\n\n\n<figure class=\"wp-block-image size-large\"><img decoding=\"async\" width=\"1024\" height=\"576\" src=\"https:\/\/www.correiobraziliense.com.br\/cbradar\/wp-content\/uploads\/2026\/01\/\u2705-BANNER-MYTH-22-2-1024x576.png\" alt=\"Poucos sabem que \u00e9 assim que os morangos s\u00e3o armazenados para que durem muito mais sem apodrecer\" class=\"wp-image-174119\" srcset=\"https:\/\/www.correiobraziliense.com.br\/cbradar\/wp-content\/uploads\/2026\/01\/\u2705-BANNER-MYTH-22-2-1024x576.png 1024w, https:\/\/www.correiobraziliense.com.br\/cbradar\/wp-content\/uploads\/2026\/01\/\u2705-BANNER-MYTH-22-2-300x169.png 300w, https:\/\/www.correiobraziliense.com.br\/cbradar\/wp-content\/uploads\/2026\/01\/\u2705-BANNER-MYTH-22-2-768x432.png 768w, https:\/\/www.correiobraziliense.com.br\/cbradar\/wp-content\/uploads\/2026\/01\/\u2705-BANNER-MYTH-22-2-750x422.png 750w, https:\/\/www.correiobraziliense.com.br\/cbradar\/wp-content\/uploads\/2026\/01\/\u2705-BANNER-MYTH-22-2-1140x641.png 1140w, https:\/\/www.correiobraziliense.com.br\/cbradar\/wp-content\/uploads\/2026\/01\/\u2705-BANNER-MYTH-22-2.png 1280w\" sizes=\"(max-width: 1024px) 100vw, 1024px\" \/><figcaption class=\"wp-element-caption\">Descubra o truque que prolonga morangos frescos por at\u00e9 7 dias: vinagre remove bact\u00e9rias e papel-toalha evita umidade excessiva! <\/figcaption><\/figure>\n\n\n\n<h2 class=\"wp-block-heading\">O que \u00e9 o truque de termoterapia para conservar morangos<\/h2>\n\n\n\n<p>Um m\u00e9todo que tem ganhado espa\u00e7o entre profissionais de gastronomia e entusiastas da cozinha \u00e9 a <strong>termoterapia em morangos<\/strong>. A t\u00e9cnica consiste em submeter a fruta a um breve banho de \u00e1gua quente, em temperatura controlada, com o objetivo de reduzir a presen\u00e7a de microrganismos na superf\u00edcie, retardando o processo natural de deteriora\u00e7\u00e3o.<\/p>\n\n\n\n<p>Na pr\u00e1tica, a termoterapia \u00e9 feita com os morangos inteiros, sem retirar o cabinho. Eles s\u00e3o mergulhados por cerca de 30 segundos em \u00e1gua aquecida entre 50 \u00b0C e 60 \u00b0C, depois passam por um enx\u00e1gue r\u00e1pido em \u00e1gua fria e s\u00e3o bem escorridos. A etapa de <strong>secagem completa<\/strong> \u00e9 essencial: a fruta deve ser cuidadosamente enxugada com papel absorvente at\u00e9 que n\u00e3o haja excesso de umidade vis\u00edvel.<\/p>\n\n\n\n<h2 class=\"wp-block-heading\">Como a termoterapia age na conserva\u00e7\u00e3o dos morangos<\/h2>\n\n\n\n<p>Do ponto de vista cient\u00edfico, esse <strong>choque t\u00e9rmico moderado<\/strong> ajuda a eliminar ou reduzir fungos e bact\u00e9rias presentes na casca, principais respons\u00e1veis pelo aparecimento de mofo e manchas escuras. Com menor carga microbiana, o morango demora mais para apresentar sinais de deteriora\u00e7\u00e3o, mantendo cor e firmeza por mais tempo.<\/p>\n\n\n\n<p>Ap\u00f3s o processo, os morangos devem ser armazenados em recipiente herm\u00e9tico ou coberto e mantidos na geladeira. Com a combina\u00e7\u00e3o de <strong>termoterapia e armazenamento adequado<\/strong>, \u00e9 poss\u00edvel prolongar a conserva\u00e7\u00e3o dos morangos por v\u00e1rios dias em boas condi\u00e7\u00f5es, especialmente quando aliados a triagem e inspe\u00e7\u00e3o frequente.<\/p>\n\n\n\n<h2 class=\"wp-block-heading\">Como lavar morangos sem estragar a fruta<\/h2>\n\n\n\n<p>Al\u00e9m da t\u00e9cnica de aquecimento, o modo de lavagem influencia diretamente na <strong>durabilidade dos morangos<\/strong>. Por serem frutos fr\u00e1geis, podem se romper facilmente sob um jato de \u00e1gua forte da torneira. Quando isso acontece, a polpa exposta estraga mais r\u00e1pido e serve de porta de entrada para microrganismos, comprometendo o sabor e a textura.<\/p>\n\n\n\n<p>Por esse motivo, especialistas em seguran\u00e7a alimentar orientam a substituir o jato direto por imers\u00e3o suave em \u00e1gua. Essa forma de higieniza\u00e7\u00e3o remove sujeiras e res\u00edduos de forma mais delicada, preservando a integridade da casca e contribuindo para que o morango permane\u00e7a <strong>firme e suculento<\/strong> por mais tempo.<\/p>\n\n\n\n<p>Para mostrarmos na pr\u00e1tica, trouxemos o v\u00eddeo do perfil @universodosalimentos:<\/p>\n\n\n\n<blockquote class=\"tiktok-embed\" cite=\"https:\/\/www.tiktok.com\/@universodosalimentos\/video\/7166003992017882373\" data-video-id=\"7166003992017882373\" style=\"max-width: 605px;min-width: 325px;\" > <section> <a target=\"_blank\" title=\"@universodosalimentos\" href=\"https:\/\/www.tiktok.com\/@universodosalimentos?refer=embed\">@universodosalimentos<\/a> Colo lavar os morangos corretamente <a title=\"morango\" target=\"_blank\" href=\"https:\/\/www.tiktok.com\/tag\/morango?refer=embed\">#morango<\/a> <a title=\"morangoscoma\u00e7ucar\" target=\"_blank\" href=\"https:\/\/www.tiktok.com\/tag\/morangoscoma%C3%A7ucar?refer=embed\">#morangoscoma\u00e7ucar<\/a> <a title=\"morangocomchocolate\" target=\"_blank\" href=\"https:\/\/www.tiktok.com\/tag\/morangocomchocolate?refer=embed\">#morangocomchocolate<\/a> <a title=\"morangocomnutella\" target=\"_blank\" href=\"https:\/\/www.tiktok.com\/tag\/morangocomnutella?refer=embed\">#morangocomnutella<\/a> <a title=\"morangocomchocolate\" target=\"_blank\" href=\"https:\/\/www.tiktok.com\/tag\/morangocomchocolate?refer=embed\">#morangocomchocolate<\/a> <a title=\"morangoorganico\" target=\"_blank\" href=\"https:\/\/www.tiktok.com\/tag\/morangoorganico?refer=embed\">#morangoorganico<\/a> <a title=\"fruta\" target=\"_blank\" href=\"https:\/\/www.tiktok.com\/tag\/fruta?refer=embed\">#fruta<\/a> <a title=\"frutas\" target=\"_blank\" href=\"https:\/\/www.tiktok.com\/tag\/frutas?refer=embed\">#frutas<\/a> <a title=\"frutasweet\" target=\"_blank\" href=\"https:\/\/www.tiktok.com\/tag\/frutasweet?refer=embed\">#frutasweet<\/a> <a title=\"alimentos\" target=\"_blank\" href=\"https:\/\/www.tiktok.com\/tag\/alimentos?refer=embed\">#alimentos<\/a> <a title=\"fyp\u30b7\" target=\"_blank\" href=\"https:\/\/www.tiktok.com\/tag\/fyp%E3%82%B7?refer=embed\">#fyp\u30b7<\/a> <a title=\"fypage\" target=\"_blank\" href=\"https:\/\/www.tiktok.com\/tag\/fypage?refer=embed\">#fypage<\/a> <a title=\"fy\" target=\"_blank\" href=\"https:\/\/www.tiktok.com\/tag\/fy?refer=embed\">#fy<\/a> <a title=\"foryoy\" target=\"_blank\" href=\"https:\/\/www.tiktok.com\/tag\/foryoy?refer=embed\">#foryoy<\/a>  <a title=\"universodosalimentos\" target=\"_blank\" href=\"https:\/\/www.tiktok.com\/tag\/universodosalimentos?refer=embed\">#universodosalimentos<\/a> <a target=\"_blank\" title=\"\u266c som original - Universo dos Alimentos\" href=\"https:\/\/www.tiktok.com\/music\/som-original-7166003987677743877?refer=embed\">\u266c som original &#8211; Universo dos Alimentos<\/a> <\/section> <\/blockquote> <script async src=\"https:\/\/www.tiktok.com\/embed.js\"><\/script>\n\n\n\n<h2 class=\"wp-block-heading\">Quais s\u00e3o os passos para higienizar corretamente os morangos<\/h2>\n\n\n\n<p>Para higienizar corretamente, recomenda-se seguir uma sequ\u00eancia simples e cuidadosa. Esse passo a passo ajuda a reduzir contaminantes sem danificar a fruta, tornando o consumo mais seguro no dia a dia.<\/p>\n\n\n\n<ol class=\"wp-block-list\">\n<li><strong>Lavar bem as m\u00e3os<\/strong> antes de manusear a fruta.<\/li>\n\n\n\n<li>Encher uma tigela limpa com \u00e1gua pot\u00e1vel.<\/li>\n\n\n\n<li>Colocar os morangos inteiros na \u00e1gua e moviment\u00e1-los com delicadeza.<\/li>\n\n\n\n<li>Se desejar, aplicar um <strong>produto de higieniza\u00e7\u00e3o pr\u00f3prio para alimentos<\/strong>, seguindo o r\u00f3tulo.<\/li>\n\n\n\n<li>Enxaguar rapidamente em outra \u00e1gua limpa.<\/li>\n\n\n\n<li>Secar um a um com papel-toalha ou pano limpo.<\/li>\n<\/ol>\n\n\n\n<h2 class=\"wp-block-heading\">Por que manter o cabinho dos morangos durante a lavagem<\/h2>\n\n\n\n<p>Um erro frequente \u00e9 retirar o cabinho e as folhas antes da lavagem. Quando essa parte \u00e9 removida, abre-se um pequeno orif\u00edcio por onde a \u00e1gua pode entrar, carregando tamb\u00e9m poss\u00edveis contaminantes, o que acelera o apodrecimento da polpa e reduz a <strong>vida \u00fatil do morango<\/strong>.<\/p>\n\n\n\n<p>A recomenda\u00e7\u00e3o \u00e9 manter o cabinho durante a higieniza\u00e7\u00e3o e s\u00f3 remov\u00ea-lo no momento de consumir ou preparar a receita desejada. Dessa forma, a estrutura natural do fruto \u00e9 preservada, diminuindo a entrada de \u00e1gua e ajudando a manter o morango mais <strong>inteiro, doce e saboroso<\/strong>.<\/p>\n\n\n\n<h2 class=\"wp-block-heading\">Quais cuidados extras ajudam a prolongar a vida \u00fatil dos morangos<\/h2>\n\n\n\n<p>Alguns h\u00e1bitos simples podem complementar a <strong>conserva\u00e7\u00e3o dos morangos frescos na geladeira<\/strong> e reduzir desperd\u00edcios. Al\u00e9m da higieniza\u00e7\u00e3o correta, \u00e9 importante observar a frequ\u00eancia de consumo, a combina\u00e7\u00e3o com outros alimentos e o monitoramento visual di\u00e1rio do recipiente.<\/p>\n\n\n\n<p>Esses cuidados adicionais, quando aplicados de forma consistente, tornam o aproveitamento da fruta muito mais eficiente. A lista a seguir apresenta pr\u00e1ticas f\u00e1ceis de incorporar \u00e0 rotina, que contribuem diretamente para manter os morangos em boas condi\u00e7\u00f5es por mais tempo.<\/p>\n\n\n\n<ul class=\"wp-block-list\">\n<li>Priorizar o consumo dos morangos mais maduros primeiro, deixando os mais firmes para depois.<\/li>\n\n\n\n<li>Evitar guardar a fruta pr\u00f3xima a alimentos de cheiro muito intenso, para n\u00e3o alterar o aroma natural.<\/li>\n\n\n\n<li>Conferir o recipiente diariamente e descartar imediatamente qualquer unidade com mofo.<\/li>\n\n\n\n<li>Utilizar morangos j\u00e1 muito maduros em prepara\u00e7\u00f5es como vitaminas, geleias ou molhos, reduzindo perdas.<\/li>\n<\/ul>\n\n\n\n<p>Quando esses cuidados s\u00e3o adotados de forma combinada \u2014 triagem inicial, <strong>termoterapia opcional<\/strong>, lavagem adequada, boa secagem e armazenamento correto \u2014 a durabilidade dos morangos tende a aumentar. Assim, a fruta permanece pr\u00f3pria para consumo por mais tempo, preservando textura, cor e sabor dentro do poss\u00edvel, sem a necessidade de recursos complexos ou equipamentos especiais.<\/p>\n","protected":false},"excerpt":{"rendered":"<p>Prolongue a vida \u00fatil das fresas com termoterapia: descubra como lav\u00e1\u2011las, conserv\u00e1\u2011las e evitar mofo para mant\u00ea\u2011las frescas por mais tempo.<\/p>\n","protected":false},"author":3,"featured_media":176258,"comment_status":"open","ping_status":"open","sticky":false,"template":"","format":"standard","meta":{"_yoast_wpseo_focuskw":"como armazenar morangos","_yoast_wpseo_title":"%%title%%","_yoast_wpseo_metadesc":"Prolongue a vida \u00fatil das fresas com termoterapia: descubra como lav\u00e1\u2011las, conserv\u00e1\u2011las e evitar mofo para mant\u00ea\u2011las frescas por mais tempo.","jnews-multi-image_gallery":[],"jnews_single_post":{"format":"standard"},"jnews_primary_category":[],"jnews_social_meta":[],"jnews_override_counter":[],"footnotes":""},"categories":[112],"tags":[1423,13956,144,874,8540],"class_list":["post-174116","post","type-post","status-publish","format-standard","has-post-thumbnail","hentry","category-curiosidades","tag-alimentos","tag-conservar-alimentos","tag-curiosidades","tag-morangos","tag-poucos-sabem"],"yoast_head":"<!-- This site is optimized with the Yoast SEO plugin v24.6 - https:\/\/yoast.com\/wordpress\/plugins\/seo\/ -->\n<title>Poucos sabem que \u00e9 assim que os morangos s\u00e3o armazenados para que durem muito mais sem apodrecer<\/title>\n<meta name=\"description\" content=\"Prolongue a vida \u00fatil das fresas com termoterapia: descubra como lav\u00e1\u2011las, conserv\u00e1\u2011las e evitar mofo para mant\u00ea\u2011las frescas por mais tempo.\" \/>\n<meta name=\"robots\" content=\"index, follow, max-snippet:-1, max-image-preview:large, max-video-preview:-1\" \/>\n<link rel=\"canonical\" href=\"https:\/\/www.correiobraziliense.com.br\/cbradar\/poucos-sabem-que-e-assim-que-os-morangos-sao-armazenados-para-que-durem-muito-mais-sem-apodrecer\/\" \/>\n<meta property=\"og:locale\" content=\"pt_BR\" \/>\n<meta property=\"og:type\" content=\"article\" \/>\n<meta property=\"og:title\" content=\"Poucos sabem que \u00e9 assim que os morangos s\u00e3o armazenados para que durem muito mais sem apodrecer\" \/>\n<meta property=\"og:description\" content=\"Prolongue a vida \u00fatil das fresas com termoterapia: descubra como lav\u00e1\u2011las, conserv\u00e1\u2011las e evitar mofo para mant\u00ea\u2011las frescas por mais tempo.\" \/>\n<meta property=\"og:url\" content=\"https:\/\/www.correiobraziliense.com.br\/cbradar\/poucos-sabem-que-e-assim-que-os-morangos-sao-armazenados-para-que-durem-muito-mais-sem-apodrecer\/\" \/>\n<meta property=\"og:site_name\" content=\"Correio Braziliense - Radar\" \/>\n<meta property=\"article:published_time\" content=\"2026-01-17T19:15:00+00:00\" \/>\n<meta property=\"og:image\" content=\"https:\/\/www.correiobraziliense.com.br\/cbradar\/wp-content\/uploads\/2026\/01\/freepik__imagem-realista-de-morangos__49277.png\" \/>\n\t<meta property=\"og:image:width\" content=\"1280\" \/>\n\t<meta property=\"og:image:height\" content=\"720\" \/>\n\t<meta property=\"og:image:type\" content=\"image\/png\" \/>\n<meta name=\"author\" content=\"Larissa Carvalho\" \/>\n<meta name=\"twitter:card\" content=\"summary_large_image\" \/>\n<meta name=\"twitter:label1\" content=\"Escrito por\" \/>\n\t<meta name=\"twitter:data1\" content=\"Larissa Carvalho\" \/>\n\t<meta name=\"twitter:label2\" content=\"Est. tempo de leitura\" \/>\n\t<meta name=\"twitter:data2\" content=\"7 minutos\" \/>\n<!-- \/ Yoast SEO plugin. -->","yoast_head_json":{"title":"Poucos sabem que \u00e9 assim que os morangos s\u00e3o armazenados para que durem muito mais sem apodrecer","description":"Prolongue a vida \u00fatil das fresas com termoterapia: descubra como lav\u00e1\u2011las, conserv\u00e1\u2011las e evitar mofo para mant\u00ea\u2011las frescas por mais tempo.","robots":{"index":"index","follow":"follow","max-snippet":"max-snippet:-1","max-image-preview":"max-image-preview:large","max-video-preview":"max-video-preview:-1"},"canonical":"https:\/\/www.correiobraziliense.com.br\/cbradar\/poucos-sabem-que-e-assim-que-os-morangos-sao-armazenados-para-que-durem-muito-mais-sem-apodrecer\/","og_locale":"pt_BR","og_type":"article","og_title":"Poucos sabem que \u00e9 assim que os morangos s\u00e3o armazenados para que durem muito mais sem apodrecer","og_description":"Prolongue a vida \u00fatil das fresas com termoterapia: descubra como lav\u00e1\u2011las, conserv\u00e1\u2011las e evitar mofo para mant\u00ea\u2011las frescas por mais tempo.","og_url":"https:\/\/www.correiobraziliense.com.br\/cbradar\/poucos-sabem-que-e-assim-que-os-morangos-sao-armazenados-para-que-durem-muito-mais-sem-apodrecer\/","og_site_name":"Correio Braziliense - Radar","article_published_time":"2026-01-17T19:15:00+00:00","og_image":[{"width":1280,"height":720,"url":"https:\/\/www.correiobraziliense.com.br\/cbradar\/wp-content\/uploads\/2026\/01\/freepik__imagem-realista-de-morangos__49277.png","type":"image\/png"}],"author":"Larissa Carvalho","twitter_card":"summary_large_image","twitter_misc":{"Escrito por":"Larissa Carvalho","Est. tempo de leitura":"7 minutos"},"schema":{"@context":"https:\/\/schema.org","@graph":[{"@type":"WebPage","@id":"https:\/\/www.correiobraziliense.com.br\/cbradar\/poucos-sabem-que-e-assim-que-os-morangos-sao-armazenados-para-que-durem-muito-mais-sem-apodrecer\/","url":"https:\/\/www.correiobraziliense.com.br\/cbradar\/poucos-sabem-que-e-assim-que-os-morangos-sao-armazenados-para-que-durem-muito-mais-sem-apodrecer\/","name":"Poucos sabem que \u00e9 assim que os morangos s\u00e3o armazenados para que durem muito mais sem apodrecer","isPartOf":{"@id":"https:\/\/www.correiobraziliense.com.br\/cbradar\/#website"},"primaryImageOfPage":{"@id":"https:\/\/www.correiobraziliense.com.br\/cbradar\/poucos-sabem-que-e-assim-que-os-morangos-sao-armazenados-para-que-durem-muito-mais-sem-apodrecer\/#primaryimage"},"image":{"@id":"https:\/\/www.correiobraziliense.com.br\/cbradar\/poucos-sabem-que-e-assim-que-os-morangos-sao-armazenados-para-que-durem-muito-mais-sem-apodrecer\/#primaryimage"},"thumbnailUrl":"https:\/\/www.correiobraziliense.com.br\/cbradar\/wp-content\/uploads\/2026\/01\/freepik__imagem-realista-de-morangos__49277.png","datePublished":"2026-01-17T19:15:00+00:00","author":{"@id":"https:\/\/www.correiobraziliense.com.br\/cbradar\/#\/schema\/person\/58422787644df994b53a19d3e56c1513"},"description":"Prolongue a vida \u00fatil das fresas com termoterapia: descubra como lav\u00e1\u2011las, conserv\u00e1\u2011las e evitar mofo para mant\u00ea\u2011las frescas por mais tempo.","breadcrumb":{"@id":"https:\/\/www.correiobraziliense.com.br\/cbradar\/poucos-sabem-que-e-assim-que-os-morangos-sao-armazenados-para-que-durem-muito-mais-sem-apodrecer\/#breadcrumb"},"inLanguage":"pt-BR","potentialAction":[{"@type":"ReadAction","target":["https:\/\/www.correiobraziliense.com.br\/cbradar\/poucos-sabem-que-e-assim-que-os-morangos-sao-armazenados-para-que-durem-muito-mais-sem-apodrecer\/"]}]},{"@type":"ImageObject","inLanguage":"pt-BR","@id":"https:\/\/www.correiobraziliense.com.br\/cbradar\/poucos-sabem-que-e-assim-que-os-morangos-sao-armazenados-para-que-durem-muito-mais-sem-apodrecer\/#primaryimage","url":"https:\/\/www.correiobraziliense.com.br\/cbradar\/wp-content\/uploads\/2026\/01\/freepik__imagem-realista-de-morangos__49277.png","contentUrl":"https:\/\/www.correiobraziliense.com.br\/cbradar\/wp-content\/uploads\/2026\/01\/freepik__imagem-realista-de-morangos__49277.png","width":1280,"height":720,"caption":"Morangos s\u00e3o frutas sens\u00edveis que estragam rapidamente quando mal armazenados"},{"@type":"BreadcrumbList","@id":"https:\/\/www.correiobraziliense.com.br\/cbradar\/poucos-sabem-que-e-assim-que-os-morangos-sao-armazenados-para-que-durem-muito-mais-sem-apodrecer\/#breadcrumb","itemListElement":[{"@type":"ListItem","position":1,"name":"In\u00edcio","item":"https:\/\/www.correiobraziliense.com.br\/cbradar\/"},{"@type":"ListItem","position":2,"name":"Poucos sabem que \u00e9 assim que os morangos s\u00e3o armazenados para que durem muito mais sem apodrecer"}]},{"@type":"WebSite","@id":"https:\/\/www.correiobraziliense.com.br\/cbradar\/#website","url":"https:\/\/www.correiobraziliense.com.br\/cbradar\/","name":"Correio Braziliense - Radar","description":"Acompanhe as \u00faltimas not\u00edcias e fique bem informado sobre tudo o que acontece no Brasil e no mundo.","potentialAction":[{"@type":"SearchAction","target":{"@type":"EntryPoint","urlTemplate":"https:\/\/www.correiobraziliense.com.br\/cbradar\/?s={search_term_string}"},"query-input":{"@type":"PropertyValueSpecification","valueRequired":true,"valueName":"search_term_string"}}],"inLanguage":"pt-BR"},{"@type":"Person","@id":"https:\/\/www.correiobraziliense.com.br\/cbradar\/#\/schema\/person\/58422787644df994b53a19d3e56c1513","name":"Larissa Carvalho","image":{"@type":"ImageObject","inLanguage":"pt-BR","@id":"https:\/\/www.correiobraziliense.com.br\/cbradar\/#\/schema\/person\/image\/","url":"https:\/\/secure.gravatar.com\/avatar\/fe4f91a0de32b52a838d0d612abdc1aa?s=96&d=mm&r=g","contentUrl":"https:\/\/secure.gravatar.com\/avatar\/fe4f91a0de32b52a838d0d612abdc1aa?s=96&d=mm&r=g","caption":"Larissa Carvalho"},"url":"https:\/\/www.correiobraziliense.com.br\/cbradar\/author\/larissamyth\/"}]}},"_links":{"self":[{"href":"https:\/\/www.correiobraziliense.com.br\/cbradar\/wp-json\/wp\/v2\/posts\/174116","targetHints":{"allow":["GET"]}}],"collection":[{"href":"https:\/\/www.correiobraziliense.com.br\/cbradar\/wp-json\/wp\/v2\/posts"}],"about":[{"href":"https:\/\/www.correiobraziliense.com.br\/cbradar\/wp-json\/wp\/v2\/types\/post"}],"author":[{"embeddable":true,"href":"https:\/\/www.correiobraziliense.com.br\/cbradar\/wp-json\/wp\/v2\/users\/3"}],"replies":[{"embeddable":true,"href":"https:\/\/www.correiobraziliense.com.br\/cbradar\/wp-json\/wp\/v2\/comments?post=174116"}],"version-history":[{"count":2,"href":"https:\/\/www.correiobraziliense.com.br\/cbradar\/wp-json\/wp\/v2\/posts\/174116\/revisions"}],"predecessor-version":[{"id":174120,"href":"https:\/\/www.correiobraziliense.com.br\/cbradar\/wp-json\/wp\/v2\/posts\/174116\/revisions\/174120"}],"wp:featuredmedia":[{"embeddable":true,"href":"https:\/\/www.correiobraziliense.com.br\/cbradar\/wp-json\/wp\/v2\/media\/176258"}],"wp:attachment":[{"href":"https:\/\/www.correiobraziliense.com.br\/cbradar\/wp-json\/wp\/v2\/media?parent=174116"}],"wp:term":[{"taxonomy":"category","embeddable":true,"href":"https:\/\/www.correiobraziliense.com.br\/cbradar\/wp-json\/wp\/v2\/categories?post=174116"},{"taxonomy":"post_tag","embeddable":true,"href":"https:\/\/www.correiobraziliense.com.br\/cbradar\/wp-json\/wp\/v2\/tags?post=174116"}],"curies":[{"name":"wp","href":"https:\/\/api.w.org\/{rel}","templated":true}]}}