{"id":174195,"date":"2026-01-14T13:05:09","date_gmt":"2026-01-14T16:05:09","guid":{"rendered":"https:\/\/www.correiobraziliense.com.br\/cbradar\/?p=174195"},"modified":"2026-01-13T11:55:53","modified_gmt":"2026-01-13T14:55:53","slug":"cha-caseiro-com-sementes-que-pode-ajudar-a-reduzir-a-retencao-de-liquidos","status":"publish","type":"post","link":"https:\/\/www.correiobraziliense.com.br\/cbradar\/cha-caseiro-com-sementes-que-pode-ajudar-a-reduzir-a-retencao-de-liquidos\/","title":{"rendered":"Ch\u00e1 caseiro com sementes que pode ajudar a reduzir a reten\u00e7\u00e3o de l\u00edquidos"},"content":{"rendered":"\n<p>Voc\u00ea j\u00e1 ouviu algu\u00e9m da fam\u00edlia dizer que \u201cn\u00e3o se joga fora semente de mel\u00e3o, porque faz bem pros rins\u201d? Em muitas casas pelo <strong>Brasil<\/strong>, esse costume simples atravessa gera\u00e7\u00f5es e desperta curiosidade em quem busca cuidar melhor da sa\u00fade de forma mais natural, aproveitando o fruto por inteiro.<\/p>\n\n\n\n<h2 class=\"wp-block-heading\">Qual \u00e9 o uso tradicional da semente de mel\u00e3o para rins<\/h2>\n\n\n\n<p>No dia a dia, a <strong>semente de mel\u00e3o<\/strong> \u00e9 vista como uma aliada caseira para quem quer cuidar dos <strong>rins<\/strong> de maneira mais leve. Muita gente usa o que j\u00e1 iria para o lixo e transforma em ch\u00e1 ou mistura com \u00e1gua, apostando na ideia de \u201cdesinchar\u201d e aliviar a sensa\u00e7\u00e3o de peso no corpo.<\/p>\n\n\n\n<p>Em v\u00e1rias regi\u00f5es do Brasil, esse h\u00e1bito faz parte da rotina de fam\u00edlias que gostam de rem\u00e9dios naturais. As sementes costumam ser lavadas, secas e ent\u00e3o usadas em preparos simples, sempre como complemento ao cuidado de sa\u00fade, n\u00e3o como substitui\u00e7\u00e3o de tratamento m\u00e9dico.<\/p>\n\n\n<div class=\"wp-block-image\">\n<figure class=\"aligncenter size-large\"><img decoding=\"async\" width=\"1024\" height=\"576\" src=\"https:\/\/www.correiobraziliense.com.br\/cbradar\/wp-content\/uploads\/2026\/01\/Semente-de-melao-_1767700303248-1024x576.jpg\" alt=\"\" class=\"wp-image-169825\" srcset=\"https:\/\/www.correiobraziliense.com.br\/cbradar\/wp-content\/uploads\/2026\/01\/Semente-de-melao-_1767700303248-1024x576.jpg 1024w, https:\/\/www.correiobraziliense.com.br\/cbradar\/wp-content\/uploads\/2026\/01\/Semente-de-melao-_1767700303248-300x169.jpg 300w, https:\/\/www.correiobraziliense.com.br\/cbradar\/wp-content\/uploads\/2026\/01\/Semente-de-melao-_1767700303248-768x432.jpg 768w, https:\/\/www.correiobraziliense.com.br\/cbradar\/wp-content\/uploads\/2026\/01\/Semente-de-melao-_1767700303248-750x422.jpg 750w, https:\/\/www.correiobraziliense.com.br\/cbradar\/wp-content\/uploads\/2026\/01\/Semente-de-melao-_1767700303248-1140x641.jpg 1140w, https:\/\/www.correiobraziliense.com.br\/cbradar\/wp-content\/uploads\/2026\/01\/Semente-de-melao-_1767700303248.jpg 1280w\" sizes=\"(max-width: 1024px) 100vw, 1024px\" \/><figcaption class=\"wp-element-caption\">Na tradi\u00e7\u00e3o popular, a semente de mel\u00e3o \u00e9 ligada a pr\u00e1ticas de apoio \u00e0 fun\u00e7\u00e3o dos rins e \u00e0 produ\u00e7\u00e3o de urina &#8211; Cr\u00e9ditos: depositphotos.com \/ AntonMatyukha<\/figcaption><\/figure><\/div>\n\n\n<p>Leia tamb\u00e9m:&nbsp;<a href=\"https:\/\/www.correiobraziliense.com.br\/cbradar\/o-grao-antigo-que-virou-aliado-moderno-de-quem-busca-mais-energia-e-equilibrio-alimentar\/\" target=\"_blank\" rel=\"noopener\">O gr\u00e3o antigo que virou aliado moderno de quem busca mais energia e equil\u00edbrio alimentar<\/a><\/p>\n\n\n\n<h2 class=\"wp-block-heading\">Como a semente de mel\u00e3o pode ajudar na diurese e no bem-estar urin\u00e1rio<\/h2>\n\n\n\n<p>Quando se fala em <strong>semente de mel\u00e3o<\/strong> para rins, muita gente associa ao seu poss\u00edvel efeito diur\u00e9tico, ou seja, ao aumento do volume de urina. Na vis\u00e3o popular, isso ajudaria a \u201clavar\u201d o trato urin\u00e1rio, amenizar reten\u00e7\u00e3o de l\u00edquidos leve e trazer sensa\u00e7\u00e3o de leveza ao longo do dia.<\/p>\n\n\n\n<p>J\u00e1 na ci\u00eancia, as pesquisas ainda s\u00e3o **limitadas** e em andamento, muitas em pequena escala ou em laborat\u00f3rio. Por isso, o poss\u00edvel benef\u00edcio para rins e bexiga \u00e9 tratado com cautela, e profissionais de sa\u00fade orientam sempre o uso moderado, principalmente em quem j\u00e1 tem algum problema renal.<\/p>\n\n\n\n<h2 class=\"wp-block-heading\">Como a semente de mel\u00e3o \u00e9 preparada tradicionalmente no dia a dia<\/h2>\n\n\n\n<p>No uso caseiro, existem alguns passos simples e repetidos por quem j\u00e1 tem o costume de aproveitar a <strong>semente de mel\u00e3o<\/strong>. A ideia \u00e9 transformar aquilo que iria para o lixo em uma bebida que fa\u00e7a parte da rotina, de forma pr\u00e1tica e sem complica\u00e7\u00e3o.<\/p>\n\n\n\n<ol class=\"wp-block-list\">\n<li><strong>Sele\u00e7\u00e3o do mel\u00e3o:<\/strong> escolher frutos maduros, firmes e sem sinais de deteriora\u00e7\u00e3o.<\/li>\n\n\n\n<li><strong>Retirada das sementes:<\/strong> abrir o mel\u00e3o, separar as sementes da polpa usando uma colher.<\/li>\n\n\n\n<li><strong>Higieniza\u00e7\u00e3o:<\/strong> lavar em \u00e1gua corrente para retirar res\u00edduos da polpa.<\/li>\n\n\n\n<li><strong>Secagem:<\/strong> espalhar as sementes em uma superf\u00edcie limpa, \u00e0 sombra, at\u00e9 ficarem bem secas.<\/li>\n\n\n\n<li><strong>Tritura\u00e7\u00e3o:<\/strong> depois de secas, moer no liquidificador ou pil\u00e3o at\u00e9 obter pequenos fragmentos ou p\u00f3 grosso.<\/li>\n\n\n\n<li><strong>Preparo do ch\u00e1:<\/strong> usar uma colher de sopa rasa das sementes trituradas em cerca de 200 a 250 ml de \u00e1gua quente, deixando em infus\u00e3o por alguns minutos.<\/li>\n<\/ol>\n\n\n\n<p>Se voc\u00ea gosta de ouvir opini\u00e3o de especialistas, separamos esse v\u00eddeo da <a href=\"https:\/\/www.youtube.com\/@NutricionistaPatriciaLeite\" target=\"_blank\" rel=\"noreferrer noopener\">Nutricionista Patricia Leite<\/a> falando sobre os benef\u00edcios da  semente de mel\u00e3o:<\/p>\n\n\n\n<figure class=\"wp-block-embed is-type-video is-provider-youtube wp-block-embed-youtube wp-embed-aspect-16-9 wp-has-aspect-ratio\"><div class=\"wp-block-embed__wrapper\">\n<div class=\"jeg_video_container jeg_video_content\"><iframe loading=\"lazy\" title=\"Benef\u00edcios da SEMENTE DE MEL\u00c3O para Sa\u00fade e Boa Forma! Receitas F\u00e1ceis e Gostosas\" width=\"500\" height=\"281\" src=\"https:\/\/www.youtube.com\/embed\/ez1vCwDH6YU?start=2&#038;feature=oembed\" frameborder=\"0\" allow=\"accelerometer; autoplay; clipboard-write; encrypted-media; gyroscope; picture-in-picture; web-share\" referrerpolicy=\"strict-origin-when-cross-origin\" allowfullscreen><\/iframe><\/div>\n<\/div><\/figure>\n\n\n\n<h2 class=\"wp-block-heading\">Quais cuidados s\u00e3o importantes ao usar semente de mel\u00e3o para rins<\/h2>\n\n\n\n<p>Mesmo sendo algo que vem de um alimento comum, a <strong>semente de mel\u00e3o<\/strong> usada com foco em sa\u00fade merece aten\u00e7\u00e3o. O excesso, a falta de orienta\u00e7\u00e3o e o uso em pessoas com doen\u00e7as pr\u00e9-existentes podem trazer riscos, principalmente quando h\u00e1 altera\u00e7\u00f5es nos <strong>rins<\/strong>, no cora\u00e7\u00e3o ou no f\u00edgado.<\/p>\n\n\n\n<p>Tamb\u00e9m \u00e9 fundamental cuidar da origem do mel\u00e3o, da higiene no preparo e do armazenamento das sementes. Se ficarem \u00famidas ou mal guardadas, elas podem estragar ou criar fungos, e isso n\u00e3o \u00e9 recomendado em nenhuma situa\u00e7\u00e3o, especialmente para quem j\u00e1 tem sa\u00fade mais sens\u00edvel.<\/p>\n\n\n\n<h2 class=\"wp-block-heading\">Quais s\u00e3o os principais aspectos do uso da semente de mel\u00e3o para diurese<\/h2>\n\n\n\n<p>A tabela abaixo traz um resumo dos pontos mais comentados sobre a <strong>semente de mel\u00e3o<\/strong> e seu uso para diurese, unindo o que \u00e9 relatado pela tradi\u00e7\u00e3o popular com a vis\u00e3o mais cuidadosa da ci\u00eancia at\u00e9 o momento.<\/p>\n\n\n\n<div style=\"font-family: 'Segoe UI', Tahoma, Geneva, Verdana, sans-serif; max-width: 1000px; margin: 20px auto; border: 2px solid #f9d8e6; border-radius: 30px; overflow: hidden; background-color: #ffffff; box-shadow: 0 4px 15px rgba(114, 47, 55, 0.05);\">\n    <table style=\"width: 100%; border-collapse: collapse; text-align: left; font-size: 14px;\">\n        <thead>\n            <tr style=\"background-color: #722f37;\">\n                <th style=\"padding: 15px; color: #ffffff; border-bottom: 2px solid #f9d8e6; width: 30%;\">Aspecto<\/th>\n                <th style=\"padding: 15px; color: #ffffff; border-bottom: 2px solid #f9d8e6; width: 70%;\">Descri\u00e7\u00e3o<\/th>\n            <\/tr>\n        <\/thead>\n        <tbody>\n            <tr>\n                <td style=\"padding: 12px 15px; border-bottom: 1px solid #ffe3ee; color: #4a4a4a; font-weight: bold;\">Parte utilizada<\/td>\n                <td style=\"padding: 12px 15px; border-bottom: 1px solid #ffe3ee; color: #4a4a4a;\">Sementes do mel\u00e3o maduro, lavadas e secas<\/td>\n            <\/tr>\n            <tr style=\"background-color: #fffafa;\">\n                <td style=\"padding: 12px 15px; border-bottom: 1px solid #ffe3ee; color: #4a4a4a; font-weight: bold;\">Forma de preparo tradicional<\/td>\n                <td style=\"padding: 12px 15px; border-bottom: 1px solid #ffe3ee; color: #4a4a4a;\">Infus\u00e3o (ch\u00e1), sementes trituradas em \u00e1gua quente<\/td>\n            <\/tr>\n            <tr>\n                <td style=\"padding: 12px 15px; border-bottom: 1px solid #ffe3ee; color: #4a4a4a; font-weight: bold;\">Uso popular associado<\/td>\n                <td style=\"padding: 12px 15px; border-bottom: 1px solid #ffe3ee; color: #4a4a4a;\">Apoio \u00e0 fun\u00e7\u00e3o renal e est\u00edmulo da diurese leve<\/td>\n            <\/tr>\n            <tr style=\"background-color: #fffafa;\">\n                <td style=\"padding: 12px 15px; border-bottom: 1px solid #ffe3ee; color: #4a4a4a; font-weight: bold;\">Frequ\u00eancia relatada<\/td>\n                <td style=\"padding: 12px 15px; border-bottom: 1px solid #ffe3ee; color: #4a4a4a;\">Consumo ocasional ou por curtos per\u00edodos, de acordo com costumes locais<\/td>\n            <\/tr>\n            <tr>\n                <td style=\"padding: 12px 15px; border-bottom: 1px solid #ffe3ee; color: #4a4a4a; font-weight: bold;\">Cuidados principais<\/td>\n                <td style=\"padding: 12px 15px; border-bottom: 1px solid #ffe3ee; color: #4a4a4a;\">Modera\u00e7\u00e3o, aten\u00e7\u00e3o em doen\u00e7as renais, consulta a profissional de sa\u00fade<\/td>\n            <\/tr>\n            <tr style=\"background-color: #fffafa;\">\n                <td style=\"padding: 12px 15px; color: #4a4a4a; font-weight: bold;\">Status cient\u00edfico<\/td>\n                <td style=\"padding: 12px 15px; color: #4a4a4a;\">Pesquisas ainda em desenvolvimento; evid\u00eancias limitadas at\u00e9 2026<\/td>\n            <\/tr>\n        <\/tbody>\n    <\/table>\n<\/div>\n\n\n\n<h2 class=\"wp-block-heading\">Sobre a semente de mel\u00e3o e convite ao cuidado consciente<\/h2>\n\n\n\n<p>No fim das contas, a <strong>semente de mel\u00e3o<\/strong> continua presente em muitas receitas de fam\u00edlia ligadas ao cuidado dos <strong>rins<\/strong> e \u00e0 diurese leve. Respeitar esse saber popular, mas sem abrir m\u00e3o da orienta\u00e7\u00e3o profissional, \u00e9 uma forma equilibrada de usar o melhor dos dois mundos.<\/p>\n\n\n\n<p>Se voc\u00ea pensa em incluir esse h\u00e1bito na sua rotina, converse antes com um m\u00e9dico ou nutricionista, especialmente se j\u00e1 tem algum problema de sa\u00fade. Use a curiosidade a seu favor: leve este conte\u00fado para a pr\u00f3xima consulta, fa\u00e7a perguntas e tome decis\u00f5es mais conscientes sobre o seu cuidado di\u00e1rio.<\/p>\n","protected":false},"excerpt":{"rendered":"<p>Voc\u00ea j\u00e1 ouviu algu\u00e9m da fam\u00edlia dizer que \u201cn\u00e3o se joga fora semente de mel\u00e3o, porque faz bem pros rins\u201d? Em muitas casas pelo Brasil, esse costume simples atravessa gera\u00e7\u00f5es e desperta curiosidade em quem busca cuidar melhor da sa\u00fade de forma mais natural, aproveitando o fruto por inteiro. Qual \u00e9 o uso tradicional da [&hellip;]<\/p>\n","protected":false},"author":9,"featured_media":174585,"comment_status":"open","ping_status":"open","sticky":false,"template":"","format":"standard","meta":{"_yoast_wpseo_focuskw":"benef\u00edcios da semente de mel\u00e3o","_yoast_wpseo_title":"","_yoast_wpseo_metadesc":"Sementes usadas em ch\u00e1 caseiro podem apoiar a diurese leve e a sa\u00fade dos rins de forma simples e natural.","jnews-multi-image_gallery":[],"jnews_single_post":{"format":"standard"},"jnews_primary_category":[],"jnews_social_meta":[],"jnews_override_counter":[],"footnotes":""},"categories":[119,4404],"tags":[9292,565,13554],"class_list":["post-174195","post","type-post","status-publish","format-standard","has-post-thumbnail","hentry","category-bem-estar","category-saude","tag-diuretico","tag-saude","tag-semente-de-melao"],"yoast_head":"<!-- This site is optimized with the Yoast SEO plugin v24.6 - https:\/\/yoast.com\/wordpress\/plugins\/seo\/ -->\n<title>Ch\u00e1 caseiro com sementes que pode ajudar a reduzir a reten\u00e7\u00e3o de l\u00edquidos - Correio Braziliense - Radar<\/title>\n<meta name=\"description\" content=\"Sementes usadas em ch\u00e1 caseiro podem apoiar a diurese leve e a sa\u00fade dos rins de forma simples e natural.\" \/>\n<meta name=\"robots\" content=\"index, follow, max-snippet:-1, max-image-preview:large, max-video-preview:-1\" \/>\n<link rel=\"canonical\" href=\"https:\/\/www.correiobraziliense.com.br\/cbradar\/cha-caseiro-com-sementes-que-pode-ajudar-a-reduzir-a-retencao-de-liquidos\/\" \/>\n<meta property=\"og:locale\" content=\"pt_BR\" \/>\n<meta property=\"og:type\" content=\"article\" \/>\n<meta property=\"og:title\" content=\"Ch\u00e1 caseiro com sementes que pode ajudar a reduzir a reten\u00e7\u00e3o de l\u00edquidos - Correio Braziliense - Radar\" \/>\n<meta property=\"og:description\" content=\"Sementes usadas em ch\u00e1 caseiro podem apoiar a diurese leve e a sa\u00fade dos rins de forma simples e natural.\" \/>\n<meta property=\"og:url\" content=\"https:\/\/www.correiobraziliense.com.br\/cbradar\/cha-caseiro-com-sementes-que-pode-ajudar-a-reduzir-a-retencao-de-liquidos\/\" \/>\n<meta property=\"og:site_name\" content=\"Correio Braziliense - Radar\" \/>\n<meta property=\"article:published_time\" content=\"2026-01-14T16:05:09+00:00\" \/>\n<meta property=\"og:image\" content=\"https:\/\/www.correiobraziliense.com.br\/cbradar\/wp-content\/uploads\/2026\/01\/freepik__imagem-realista-do-ch-com-sementes-do-melo__65181.png\" \/>\n\t<meta property=\"og:image:width\" content=\"1280\" \/>\n\t<meta property=\"og:image:height\" content=\"720\" \/>\n\t<meta property=\"og:image:type\" content=\"image\/png\" \/>\n<meta name=\"author\" content=\"Daniely Cardoso\" \/>\n<meta name=\"twitter:card\" content=\"summary_large_image\" \/>\n<meta name=\"twitter:label1\" content=\"Escrito por\" \/>\n\t<meta name=\"twitter:data1\" content=\"Daniely Cardoso\" \/>\n\t<meta name=\"twitter:label2\" content=\"Est. tempo de leitura\" \/>\n\t<meta name=\"twitter:data2\" content=\"5 minutos\" \/>\n<!-- \/ Yoast SEO plugin. -->","yoast_head_json":{"title":"Ch\u00e1 caseiro com sementes que pode ajudar a reduzir a reten\u00e7\u00e3o de l\u00edquidos - Correio Braziliense - Radar","description":"Sementes usadas em ch\u00e1 caseiro podem apoiar a diurese leve e a sa\u00fade dos rins de forma simples e natural.","robots":{"index":"index","follow":"follow","max-snippet":"max-snippet:-1","max-image-preview":"max-image-preview:large","max-video-preview":"max-video-preview:-1"},"canonical":"https:\/\/www.correiobraziliense.com.br\/cbradar\/cha-caseiro-com-sementes-que-pode-ajudar-a-reduzir-a-retencao-de-liquidos\/","og_locale":"pt_BR","og_type":"article","og_title":"Ch\u00e1 caseiro com sementes que pode ajudar a reduzir a reten\u00e7\u00e3o de l\u00edquidos - Correio Braziliense - Radar","og_description":"Sementes usadas em ch\u00e1 caseiro podem apoiar a diurese leve e a sa\u00fade dos rins de forma simples e natural.","og_url":"https:\/\/www.correiobraziliense.com.br\/cbradar\/cha-caseiro-com-sementes-que-pode-ajudar-a-reduzir-a-retencao-de-liquidos\/","og_site_name":"Correio Braziliense - Radar","article_published_time":"2026-01-14T16:05:09+00:00","og_image":[{"width":1280,"height":720,"url":"https:\/\/www.correiobraziliense.com.br\/cbradar\/wp-content\/uploads\/2026\/01\/freepik__imagem-realista-do-ch-com-sementes-do-melo__65181.png","type":"image\/png"}],"author":"Daniely Cardoso","twitter_card":"summary_large_image","twitter_misc":{"Escrito por":"Daniely Cardoso","Est. tempo de leitura":"5 minutos"},"schema":{"@context":"https:\/\/schema.org","@graph":[{"@type":"WebPage","@id":"https:\/\/www.correiobraziliense.com.br\/cbradar\/cha-caseiro-com-sementes-que-pode-ajudar-a-reduzir-a-retencao-de-liquidos\/","url":"https:\/\/www.correiobraziliense.com.br\/cbradar\/cha-caseiro-com-sementes-que-pode-ajudar-a-reduzir-a-retencao-de-liquidos\/","name":"Ch\u00e1 caseiro com sementes que pode ajudar a reduzir a reten\u00e7\u00e3o de l\u00edquidos - Correio Braziliense - Radar","isPartOf":{"@id":"https:\/\/www.correiobraziliense.com.br\/cbradar\/#website"},"primaryImageOfPage":{"@id":"https:\/\/www.correiobraziliense.com.br\/cbradar\/cha-caseiro-com-sementes-que-pode-ajudar-a-reduzir-a-retencao-de-liquidos\/#primaryimage"},"image":{"@id":"https:\/\/www.correiobraziliense.com.br\/cbradar\/cha-caseiro-com-sementes-que-pode-ajudar-a-reduzir-a-retencao-de-liquidos\/#primaryimage"},"thumbnailUrl":"https:\/\/www.correiobraziliense.com.br\/cbradar\/wp-content\/uploads\/2026\/01\/freepik__imagem-realista-do-ch-com-sementes-do-melo__65181.png","datePublished":"2026-01-14T16:05:09+00:00","author":{"@id":"https:\/\/www.correiobraziliense.com.br\/cbradar\/#\/schema\/person\/7356666e12ec0ee53f348ee5db227032"},"description":"Sementes usadas em ch\u00e1 caseiro podem apoiar a diurese leve e a sa\u00fade dos rins de forma simples e natural.","breadcrumb":{"@id":"https:\/\/www.correiobraziliense.com.br\/cbradar\/cha-caseiro-com-sementes-que-pode-ajudar-a-reduzir-a-retencao-de-liquidos\/#breadcrumb"},"inLanguage":"pt-BR","potentialAction":[{"@type":"ReadAction","target":["https:\/\/www.correiobraziliense.com.br\/cbradar\/cha-caseiro-com-sementes-que-pode-ajudar-a-reduzir-a-retencao-de-liquidos\/"]}]},{"@type":"ImageObject","inLanguage":"pt-BR","@id":"https:\/\/www.correiobraziliense.com.br\/cbradar\/cha-caseiro-com-sementes-que-pode-ajudar-a-reduzir-a-retencao-de-liquidos\/#primaryimage","url":"https:\/\/www.correiobraziliense.com.br\/cbradar\/wp-content\/uploads\/2026\/01\/freepik__imagem-realista-do-ch-com-sementes-do-melo__65181.png","contentUrl":"https:\/\/www.correiobraziliense.com.br\/cbradar\/wp-content\/uploads\/2026\/01\/freepik__imagem-realista-do-ch-com-sementes-do-melo__65181.png","width":1280,"height":720,"caption":"As sementes de mel\u00e3o cont\u00eam fibras que auxiliam o funcionamento do intestino"},{"@type":"BreadcrumbList","@id":"https:\/\/www.correiobraziliense.com.br\/cbradar\/cha-caseiro-com-sementes-que-pode-ajudar-a-reduzir-a-retencao-de-liquidos\/#breadcrumb","itemListElement":[{"@type":"ListItem","position":1,"name":"In\u00edcio","item":"https:\/\/www.correiobraziliense.com.br\/cbradar\/"},{"@type":"ListItem","position":2,"name":"Ch\u00e1 caseiro com sementes que pode ajudar a reduzir a reten\u00e7\u00e3o de l\u00edquidos"}]},{"@type":"WebSite","@id":"https:\/\/www.correiobraziliense.com.br\/cbradar\/#website","url":"https:\/\/www.correiobraziliense.com.br\/cbradar\/","name":"Correio Braziliense - Radar","description":"Acompanhe as \u00faltimas not\u00edcias e fique bem informado sobre tudo o que acontece no Brasil e no mundo.","potentialAction":[{"@type":"SearchAction","target":{"@type":"EntryPoint","urlTemplate":"https:\/\/www.correiobraziliense.com.br\/cbradar\/?s={search_term_string}"},"query-input":{"@type":"PropertyValueSpecification","valueRequired":true,"valueName":"search_term_string"}}],"inLanguage":"pt-BR"},{"@type":"Person","@id":"https:\/\/www.correiobraziliense.com.br\/cbradar\/#\/schema\/person\/7356666e12ec0ee53f348ee5db227032","name":"Daniely Cardoso","image":{"@type":"ImageObject","inLanguage":"pt-BR","@id":"https:\/\/www.correiobraziliense.com.br\/cbradar\/#\/schema\/person\/image\/","url":"https:\/\/secure.gravatar.com\/avatar\/4b80ddbd124d1f071b626d52d62e5dff?s=96&d=mm&r=g","contentUrl":"https:\/\/secure.gravatar.com\/avatar\/4b80ddbd124d1f071b626d52d62e5dff?s=96&d=mm&r=g","caption":"Daniely Cardoso"},"description":"Redatora nos portais CB Radar e EM Foco, formada pela Universidade Federal de Goi\u00e1s, em Goi\u00e2nia. Apaixonada por comunica\u00e7\u00e3o, arte, decora\u00e7\u00e3o e tend\u00eancias, atuo na produ\u00e7\u00e3o de conte\u00fados envolventes sobre curiosidades, moda, beleza e paisagismo, sempre com um olhar atento \u00e0s novidades do momento.","sameAs":["https:\/\/www.correiobraziliense.com.br\/cbradar"],"url":"https:\/\/www.correiobraziliense.com.br\/cbradar\/author\/danielymyth\/"}]}},"_links":{"self":[{"href":"https:\/\/www.correiobraziliense.com.br\/cbradar\/wp-json\/wp\/v2\/posts\/174195","targetHints":{"allow":["GET"]}}],"collection":[{"href":"https:\/\/www.correiobraziliense.com.br\/cbradar\/wp-json\/wp\/v2\/posts"}],"about":[{"href":"https:\/\/www.correiobraziliense.com.br\/cbradar\/wp-json\/wp\/v2\/types\/post"}],"author":[{"embeddable":true,"href":"https:\/\/www.correiobraziliense.com.br\/cbradar\/wp-json\/wp\/v2\/users\/9"}],"replies":[{"embeddable":true,"href":"https:\/\/www.correiobraziliense.com.br\/cbradar\/wp-json\/wp\/v2\/comments?post=174195"}],"version-history":[{"count":2,"href":"https:\/\/www.correiobraziliense.com.br\/cbradar\/wp-json\/wp\/v2\/posts\/174195\/revisions"}],"predecessor-version":[{"id":174260,"href":"https:\/\/www.correiobraziliense.com.br\/cbradar\/wp-json\/wp\/v2\/posts\/174195\/revisions\/174260"}],"wp:featuredmedia":[{"embeddable":true,"href":"https:\/\/www.correiobraziliense.com.br\/cbradar\/wp-json\/wp\/v2\/media\/174585"}],"wp:attachment":[{"href":"https:\/\/www.correiobraziliense.com.br\/cbradar\/wp-json\/wp\/v2\/media?parent=174195"}],"wp:term":[{"taxonomy":"category","embeddable":true,"href":"https:\/\/www.correiobraziliense.com.br\/cbradar\/wp-json\/wp\/v2\/categories?post=174195"},{"taxonomy":"post_tag","embeddable":true,"href":"https:\/\/www.correiobraziliense.com.br\/cbradar\/wp-json\/wp\/v2\/tags?post=174195"}],"curies":[{"name":"wp","href":"https:\/\/api.w.org\/{rel}","templated":true}]}}