{"id":17422,"date":"2025-04-01T20:50:00","date_gmt":"2025-04-01T23:50:00","guid":{"rendered":"https:\/\/www.correiobraziliense.com.br\/cbradar\/?p=17422"},"modified":"2025-03-31T20:11:49","modified_gmt":"2025-03-31T23:11:49","slug":"lancamento-do-vivo-v50e-especificacoes-e-expectativas-para-o-novo-smartphone","status":"publish","type":"post","link":"https:\/\/www.correiobraziliense.com.br\/cbradar\/lancamento-do-vivo-v50e-especificacoes-e-expectativas-para-o-novo-smartphone\/","title":{"rendered":"Lan\u00e7amento do Vivo V50e: especifica\u00e7\u00f5es e expectativas para o novo smartphone"},"content":{"rendered":"\n<p>No cen\u00e1rio competitivo dos smartphones, a <strong>Vivo <\/strong>continua a expandir sua linha de produtos com o lan\u00e7amento do <strong>Vivo V50e<\/strong>. Este novo modelo, que deve ser uma vers\u00e3o mais acess\u00edvel do <strong>Vivo V50<\/strong>, promete trazer inova\u00e7\u00f5es tecnol\u00f3gicas e especifica\u00e7\u00f5es atraentes para o mercado indiano e, possivelmente, outros mercados internacionais. A expectativa \u00e9 que o Vivo V50e seja lan\u00e7ado em abril de 2025, oferecendo uma combina\u00e7\u00e3o de design moderno e funcionalidades avan\u00e7adas.<\/p>\n\n\n\n<p>O Vivo V50e j\u00e1 teve algumas de suas especifica\u00e7\u00f5es reveladas em vazamentos e listagens de benchmark, gerando grande expectativa entre os entusiastas de tecnologia. Com um foco em c\u00e2meras de alta qualidade e recursos de intelig\u00eancia artificial, o novo modelo busca atrair consumidores que valorizam a fotografia m\u00f3vel e a performance em um dispositivo acess\u00edvel.<\/p>\n\n\n\n<h2 class=\"wp-block-heading\"><strong>Quais s\u00e3o as especifica\u00e7\u00f5es do Vivo V50e?<\/strong><\/h2>\n\n\n\n<p>O Vivo V50e \u00e9 esperado para vir equipado com uma tela AMOLED curva de 6,77 polegadas, oferecendo resolu\u00e7\u00e3o de 1,5K e uma taxa de atualiza\u00e7\u00e3o de 120 Hz. Este display promete proporcionar uma experi\u00eancia visual imersiva, ideal para jogos e consumo de m\u00eddia. No cora\u00e7\u00e3o do dispositivo, estar\u00e1 a plataforma Dimensity 7300 da MediaTek, que, juntamente com 8 GB de mem\u00f3ria RAM, deve garantir um desempenho fluido e eficiente.<\/p>\n\n\n\n<p>Em termos de fotografia, o Vivo V50e n\u00e3o decepciona. Ele contar\u00e1 com um sensor principal Sony IMX882 de 50 megapixels, acompanhado por uma lente ultrawide de 8 megapixels. Para selfies e videochamadas, a c\u00e2mera frontal tamb\u00e9m ter\u00e1 50 megapixels, com suporte para grava\u00e7\u00e3o de v\u00eddeos em 4K. Este conjunto fotogr\u00e1fico \u00e9 complementado por recursos como o <strong>Sony Multifocal Pro Portrait<\/strong>, que permite capturar retratos em diferentes dist\u00e2ncias focais.<\/p>\n\n\n\n<figure class=\"wp-block-image size-large\"><img decoding=\"async\" width=\"1024\" height=\"576\" src=\"https:\/\/www.correiobraziliense.com.br\/cbradar\/wp-content\/uploads\/2025\/03\/Vivo-V50-2-1024x576.jpg\" alt=\"Lan\u00e7amento do Vivo V50e: especifica\u00e7\u00f5es, recursos e expectativas para o novo smartphone\" class=\"wp-image-17427\"\/><figcaption class=\"wp-element-caption\">Vivo V50\nCr\u00e9ditos:\nFonte: divulga\u00e7\u00e3o \/ Vivo<\/figcaption><\/figure>\n\n\n\n<h2 class=\"wp-block-heading\"><strong>Quais recursos adicionais o Vivo V50e oferece?<\/strong><\/h2>\n\n\n\n<p>Al\u00e9m das especifica\u00e7\u00f5es de hardware, o Vivo V50e incluir\u00e1 uma s\u00e9rie de recursos adicionais que melhoram a experi\u00eancia do usu\u00e1rio. Entre eles, est\u00e3o as certifica\u00e7\u00f5es IP68 e IP69, que garantem resist\u00eancia \u00e0 \u00e1gua e poeira, aumentando a durabilidade do dispositivo. A prote\u00e7\u00e3o <strong>Diamond Shield Glass<\/strong> adiciona uma camada extra de seguran\u00e7a contra arranh\u00f5es e impactos.<\/p>\n\n\n\n<p>O smartphone tamb\u00e9m vir\u00e1 com diversas funcionalidades de intelig\u00eancia artificial, como assistente de transcri\u00e7\u00e3o e expansor de imagens, que prometem facilitar o dia a dia dos usu\u00e1rios. Para aqueles que gostam de capturar momentos subaqu\u00e1ticos, o modo de fotografia aqu\u00e1tica ser\u00e1 um atrativo especial.<\/p>\n\n\n\n<h2 class=\"wp-block-heading\"><strong>Quando e onde o Vivo V50e ser\u00e1 lan\u00e7ado?<\/strong><\/h2>\n\n\n\n<p>O lan\u00e7amento do Vivo V50e est\u00e1 previsto para a primeira semana de abril de 2025, inicialmente no mercado indiano. As cores dispon\u00edveis ser\u00e3o <strong>Sapphire Blue<\/strong> e <strong>Pearl White<\/strong>, oferecendo op\u00e7\u00f5es elegantes para os consumidores. O pre\u00e7o estimado varia entre 25.000 e 30.000 r\u00fapias indianas, tornando-o uma op\u00e7\u00e3o competitiva no segmento de smartphones intermedi\u00e1rios.<\/p>\n\n\n\n<p>Com suas especifica\u00e7\u00f5es robustas e pre\u00e7o acess\u00edvel, o Vivo V50e tem potencial para ser um sucesso entre os consumidores que buscam um dispositivo equilibrado entre custo e benef\u00edcio. \u00c0 medida que mais detalhes forem revelados, espera-se que o interesse pelo modelo cres\u00e7a, consolidando a presen\u00e7a da Vivo no mercado global de smartphones.<\/p>\n","protected":false},"excerpt":{"rendered":"<p>Conhe\u00e7a o Vivo V50e, o pr\u00f3ximo lan\u00e7amento da Vivo com foco em c\u00e2meras e IA. Design atraente, desempenho potente e pre\u00e7o acess\u00edvel.<\/p>\n","protected":false},"author":3,"featured_media":17424,"comment_status":"open","ping_status":"open","sticky":false,"template":"","format":"standard","meta":{"_yoast_wpseo_focuskw":"Vivo V50e","_yoast_wpseo_title":"%%title%%","_yoast_wpseo_metadesc":"Conhe\u00e7a o Vivo V50e, o pr\u00f3ximo lan\u00e7amento da Vivo com foco em c\u00e2meras e IA. Design atraente, desempenho potente e pre\u00e7o acess\u00edvel.","jnews-multi-image_gallery":[],"jnews_single_post":{"format":"standard"},"jnews_primary_category":[],"jnews_social_meta":[],"jnews_override_counter":[],"footnotes":""},"categories":[115],"tags":[114,2351,2679],"class_list":["post-17422","post","type-post","status-publish","format-standard","has-post-thumbnail","hentry","category-tecnologia","tag-tecnologia","tag-vivo","tag-vivo-v50e"],"yoast_head":"<!-- This site is optimized with the Yoast SEO plugin v24.6 - https:\/\/yoast.com\/wordpress\/plugins\/seo\/ -->\n<title>Lan\u00e7amento do Vivo V50e: especifica\u00e7\u00f5es e expectativas para o novo smartphone<\/title>\n<meta name=\"description\" content=\"Conhe\u00e7a o Vivo V50e, o pr\u00f3ximo lan\u00e7amento da Vivo com foco em c\u00e2meras e IA. Design atraente, desempenho potente e pre\u00e7o acess\u00edvel.\" \/>\n<meta name=\"robots\" content=\"index, follow, max-snippet:-1, max-image-preview:large, max-video-preview:-1\" \/>\n<link rel=\"canonical\" href=\"https:\/\/www.correiobraziliense.com.br\/cbradar\/lancamento-do-vivo-v50e-especificacoes-e-expectativas-para-o-novo-smartphone\/\" \/>\n<meta property=\"og:locale\" content=\"pt_BR\" \/>\n<meta property=\"og:type\" content=\"article\" \/>\n<meta property=\"og:title\" content=\"Lan\u00e7amento do Vivo V50e: especifica\u00e7\u00f5es e expectativas para o novo smartphone\" \/>\n<meta property=\"og:description\" content=\"Conhe\u00e7a o Vivo V50e, o pr\u00f3ximo lan\u00e7amento da Vivo com foco em c\u00e2meras e IA. Design atraente, desempenho potente e pre\u00e7o acess\u00edvel.\" \/>\n<meta property=\"og:url\" content=\"https:\/\/www.correiobraziliense.com.br\/cbradar\/lancamento-do-vivo-v50e-especificacoes-e-expectativas-para-o-novo-smartphone\/\" \/>\n<meta property=\"og:site_name\" content=\"Correio Braziliense - Radar\" \/>\n<meta property=\"article:published_time\" content=\"2025-04-01T23:50:00+00:00\" \/>\n<meta property=\"og:image\" content=\"https:\/\/www.correiobraziliense.com.br\/cbradar\/wp-content\/uploads\/2025\/03\/Vivo-V50e-e1743443380104.jpg\" \/>\n\t<meta property=\"og:image:width\" content=\"1280\" \/>\n\t<meta property=\"og:image:height\" content=\"720\" \/>\n\t<meta property=\"og:image:type\" content=\"image\/jpeg\" \/>\n<meta name=\"author\" content=\"Larissa Carvalho\" \/>\n<meta name=\"twitter:card\" content=\"summary_large_image\" \/>\n<meta name=\"twitter:label1\" content=\"Escrito por\" \/>\n\t<meta name=\"twitter:data1\" content=\"Larissa Carvalho\" \/>\n\t<meta name=\"twitter:label2\" content=\"Est. tempo de leitura\" \/>\n\t<meta name=\"twitter:data2\" content=\"4 minutos\" \/>\n<!-- \/ Yoast SEO plugin. -->","yoast_head_json":{"title":"Lan\u00e7amento do Vivo V50e: especifica\u00e7\u00f5es e expectativas para o novo smartphone","description":"Conhe\u00e7a o Vivo V50e, o pr\u00f3ximo lan\u00e7amento da Vivo com foco em c\u00e2meras e IA. Design atraente, desempenho potente e pre\u00e7o acess\u00edvel.","robots":{"index":"index","follow":"follow","max-snippet":"max-snippet:-1","max-image-preview":"max-image-preview:large","max-video-preview":"max-video-preview:-1"},"canonical":"https:\/\/www.correiobraziliense.com.br\/cbradar\/lancamento-do-vivo-v50e-especificacoes-e-expectativas-para-o-novo-smartphone\/","og_locale":"pt_BR","og_type":"article","og_title":"Lan\u00e7amento do Vivo V50e: especifica\u00e7\u00f5es e expectativas para o novo smartphone","og_description":"Conhe\u00e7a o Vivo V50e, o pr\u00f3ximo lan\u00e7amento da Vivo com foco em c\u00e2meras e IA. Design atraente, desempenho potente e pre\u00e7o acess\u00edvel.","og_url":"https:\/\/www.correiobraziliense.com.br\/cbradar\/lancamento-do-vivo-v50e-especificacoes-e-expectativas-para-o-novo-smartphone\/","og_site_name":"Correio Braziliense - Radar","article_published_time":"2025-04-01T23:50:00+00:00","og_image":[{"width":1280,"height":720,"url":"https:\/\/www.correiobraziliense.com.br\/cbradar\/wp-content\/uploads\/2025\/03\/Vivo-V50e-e1743443380104.jpg","type":"image\/jpeg"}],"author":"Larissa Carvalho","twitter_card":"summary_large_image","twitter_misc":{"Escrito por":"Larissa Carvalho","Est. tempo de leitura":"4 minutos"},"schema":{"@context":"https:\/\/schema.org","@graph":[{"@type":"WebPage","@id":"https:\/\/www.correiobraziliense.com.br\/cbradar\/lancamento-do-vivo-v50e-especificacoes-e-expectativas-para-o-novo-smartphone\/","url":"https:\/\/www.correiobraziliense.com.br\/cbradar\/lancamento-do-vivo-v50e-especificacoes-e-expectativas-para-o-novo-smartphone\/","name":"Lan\u00e7amento do Vivo V50e: especifica\u00e7\u00f5es e expectativas para o novo smartphone","isPartOf":{"@id":"https:\/\/www.correiobraziliense.com.br\/cbradar\/#website"},"primaryImageOfPage":{"@id":"https:\/\/www.correiobraziliense.com.br\/cbradar\/lancamento-do-vivo-v50e-especificacoes-e-expectativas-para-o-novo-smartphone\/#primaryimage"},"image":{"@id":"https:\/\/www.correiobraziliense.com.br\/cbradar\/lancamento-do-vivo-v50e-especificacoes-e-expectativas-para-o-novo-smartphone\/#primaryimage"},"thumbnailUrl":"https:\/\/www.correiobraziliense.com.br\/cbradar\/wp-content\/uploads\/2025\/03\/Vivo-V50e-e1743443380104.jpg","datePublished":"2025-04-01T23:50:00+00:00","author":{"@id":"https:\/\/www.correiobraziliense.com.br\/cbradar\/#\/schema\/person\/58422787644df994b53a19d3e56c1513"},"description":"Conhe\u00e7a o Vivo V50e, o pr\u00f3ximo lan\u00e7amento da Vivo com foco em c\u00e2meras e IA. Design atraente, desempenho potente e pre\u00e7o acess\u00edvel.","breadcrumb":{"@id":"https:\/\/www.correiobraziliense.com.br\/cbradar\/lancamento-do-vivo-v50e-especificacoes-e-expectativas-para-o-novo-smartphone\/#breadcrumb"},"inLanguage":"pt-BR","potentialAction":[{"@type":"ReadAction","target":["https:\/\/www.correiobraziliense.com.br\/cbradar\/lancamento-do-vivo-v50e-especificacoes-e-expectativas-para-o-novo-smartphone\/"]}]},{"@type":"ImageObject","inLanguage":"pt-BR","@id":"https:\/\/www.correiobraziliense.com.br\/cbradar\/lancamento-do-vivo-v50e-especificacoes-e-expectativas-para-o-novo-smartphone\/#primaryimage","url":"https:\/\/www.correiobraziliense.com.br\/cbradar\/wp-content\/uploads\/2025\/03\/Vivo-V50e-e1743443380104.jpg","contentUrl":"https:\/\/www.correiobraziliense.com.br\/cbradar\/wp-content\/uploads\/2025\/03\/Vivo-V50e-e1743443380104.jpg","width":1280,"height":720,"caption":"Vivo V50e Cr\u00e9ditos: Fonte: divulga\u00e7\u00e3o \/ Vivo"},{"@type":"BreadcrumbList","@id":"https:\/\/www.correiobraziliense.com.br\/cbradar\/lancamento-do-vivo-v50e-especificacoes-e-expectativas-para-o-novo-smartphone\/#breadcrumb","itemListElement":[{"@type":"ListItem","position":1,"name":"In\u00edcio","item":"https:\/\/www.correiobraziliense.com.br\/cbradar\/"},{"@type":"ListItem","position":2,"name":"Lan\u00e7amento do Vivo V50e: especifica\u00e7\u00f5es e expectativas para o novo smartphone"}]},{"@type":"WebSite","@id":"https:\/\/www.correiobraziliense.com.br\/cbradar\/#website","url":"https:\/\/www.correiobraziliense.com.br\/cbradar\/","name":"Correio Braziliense - Radar","description":"Acompanhe as \u00faltimas not\u00edcias e fique bem informado sobre tudo o que acontece no Brasil e no mundo.","potentialAction":[{"@type":"SearchAction","target":{"@type":"EntryPoint","urlTemplate":"https:\/\/www.correiobraziliense.com.br\/cbradar\/?s={search_term_string}"},"query-input":{"@type":"PropertyValueSpecification","valueRequired":true,"valueName":"search_term_string"}}],"inLanguage":"pt-BR"},{"@type":"Person","@id":"https:\/\/www.correiobraziliense.com.br\/cbradar\/#\/schema\/person\/58422787644df994b53a19d3e56c1513","name":"Larissa Carvalho","image":{"@type":"ImageObject","inLanguage":"pt-BR","@id":"https:\/\/www.correiobraziliense.com.br\/cbradar\/#\/schema\/person\/image\/","url":"https:\/\/secure.gravatar.com\/avatar\/fe4f91a0de32b52a838d0d612abdc1aa?s=96&d=mm&r=g","contentUrl":"https:\/\/secure.gravatar.com\/avatar\/fe4f91a0de32b52a838d0d612abdc1aa?s=96&d=mm&r=g","caption":"Larissa Carvalho"},"url":"https:\/\/www.correiobraziliense.com.br\/cbradar\/author\/larissamyth\/"}]}},"_links":{"self":[{"href":"https:\/\/www.correiobraziliense.com.br\/cbradar\/wp-json\/wp\/v2\/posts\/17422","targetHints":{"allow":["GET"]}}],"collection":[{"href":"https:\/\/www.correiobraziliense.com.br\/cbradar\/wp-json\/wp\/v2\/posts"}],"about":[{"href":"https:\/\/www.correiobraziliense.com.br\/cbradar\/wp-json\/wp\/v2\/types\/post"}],"author":[{"embeddable":true,"href":"https:\/\/www.correiobraziliense.com.br\/cbradar\/wp-json\/wp\/v2\/users\/3"}],"replies":[{"embeddable":true,"href":"https:\/\/www.correiobraziliense.com.br\/cbradar\/wp-json\/wp\/v2\/comments?post=17422"}],"version-history":[{"count":2,"href":"https:\/\/www.correiobraziliense.com.br\/cbradar\/wp-json\/wp\/v2\/posts\/17422\/revisions"}],"predecessor-version":[{"id":17495,"href":"https:\/\/www.correiobraziliense.com.br\/cbradar\/wp-json\/wp\/v2\/posts\/17422\/revisions\/17495"}],"wp:featuredmedia":[{"embeddable":true,"href":"https:\/\/www.correiobraziliense.com.br\/cbradar\/wp-json\/wp\/v2\/media\/17424"}],"wp:attachment":[{"href":"https:\/\/www.correiobraziliense.com.br\/cbradar\/wp-json\/wp\/v2\/media?parent=17422"}],"wp:term":[{"taxonomy":"category","embeddable":true,"href":"https:\/\/www.correiobraziliense.com.br\/cbradar\/wp-json\/wp\/v2\/categories?post=17422"},{"taxonomy":"post_tag","embeddable":true,"href":"https:\/\/www.correiobraziliense.com.br\/cbradar\/wp-json\/wp\/v2\/tags?post=17422"}],"curies":[{"name":"wp","href":"https:\/\/api.w.org\/{rel}","templated":true}]}}