{"id":17452,"date":"2025-04-01T16:10:00","date_gmt":"2025-04-01T19:10:00","guid":{"rendered":"https:\/\/www.correiobraziliense.com.br\/cbradar\/?p=17452"},"modified":"2025-04-01T02:55:49","modified_gmt":"2025-04-01T05:55:49","slug":"alerta-importante-para-todos-que-moram-de-aluguel-confira","status":"publish","type":"post","link":"https:\/\/www.correiobraziliense.com.br\/cbradar\/alerta-importante-para-todos-que-moram-de-aluguel-confira\/","title":{"rendered":"Alerta importante para todos que moram de aluguel, confira"},"content":{"rendered":"\n<p>As negocia\u00e7\u00f5es de aluguel s\u00e3o moldadas por uma variedade de fatores, com a situa\u00e7\u00e3o econ\u00f4mica sendo um dos mais influentes. Em tempos de crise econ\u00f4mica ou infla\u00e7\u00e3o elevada, os locat\u00e1rios geralmente encontram mais espa\u00e7o para negociar. Isso ocorre porque a press\u00e3o financeira se torna um argumento forte para buscar condi\u00e7\u00f5es mais favor\u00e1veis. No entanto, em \u00e1reas onde a demanda por im\u00f3veis \u00e9 alta e a oferta \u00e9 limitada, o poder de negocia\u00e7\u00e3o dos locat\u00e1rios tende a diminuir, pois os propriet\u00e1rios podem facilmente encontrar novos inquilinos.<\/p>\n\n\n\n<p>Al\u00e9m disso, o mercado de loca\u00e7\u00e3o \u00e9 din\u00e2mico e pode variar conforme a localiza\u00e7\u00e3o e a popularidade dos im\u00f3veis. Moradias em \u00e1reas privilegiadas ou com caracter\u00edsticas muito procuradas podem ter taxas de valoriza\u00e7\u00e3o superiores, o que tamb\u00e9m afeta as negocia\u00e7\u00f5es de aluguel. Em cen\u00e1rios de incerteza econ\u00f4mica, o setor de loca\u00e7\u00e3o tende a ser mais flex\u00edvel, com propriet\u00e1rios mais dispostos a negociar.<\/p>\n\n\n\n<h2 class=\"wp-block-heading\"><strong>Como a localiza\u00e7\u00e3o impacta o mercado de loca\u00e7\u00e3o?<\/strong><\/h2>\n\n\n\n<p>A localiza\u00e7\u00e3o de um im\u00f3vel \u00e9 um dos principais fatores que influenciam seu valor de aluguel. Im\u00f3veis situados em \u00e1reas com boa infraestrutura, proximidade de servi\u00e7os essenciais e transporte p\u00fablico eficiente s\u00e3o mais valorizados. Esses fatores tornam o im\u00f3vel mais atraente para potenciais inquilinos, o que pode aumentar o valor do aluguel e limitar o poder de negocia\u00e7\u00e3o dos locat\u00e1rios.<\/p>\n\n\n\n<figure class=\"wp-block-image size-large\"><img decoding=\"async\" width=\"1024\" height=\"576\" src=\"https:\/\/www.correiobraziliense.com.br\/cbradar\/wp-content\/uploads\/2025\/03\/dinheiro-brasileiro-_1743432011272-1024x576.jpg\" alt=\"Alerta importante para todos que moram de aluguel, confira\" class=\"wp-image-17454\" srcset=\"https:\/\/www.correiobraziliense.com.br\/cbradar\/wp-content\/uploads\/2025\/03\/dinheiro-brasileiro-_1743432011272-1024x576.jpg 1024w, https:\/\/www.correiobraziliense.com.br\/cbradar\/wp-content\/uploads\/2025\/03\/dinheiro-brasileiro-_1743432011272-300x169.jpg 300w, https:\/\/www.correiobraziliense.com.br\/cbradar\/wp-content\/uploads\/2025\/03\/dinheiro-brasileiro-_1743432011272-768x432.jpg 768w, https:\/\/www.correiobraziliense.com.br\/cbradar\/wp-content\/uploads\/2025\/03\/dinheiro-brasileiro-_1743432011272-750x422.jpg 750w, https:\/\/www.correiobraziliense.com.br\/cbradar\/wp-content\/uploads\/2025\/03\/dinheiro-brasileiro-_1743432011272-1140x641.jpg 1140w, https:\/\/www.correiobraziliense.com.br\/cbradar\/wp-content\/uploads\/2025\/03\/dinheiro-brasileiro-_1743432011272.jpg 1280w\" sizes=\"(max-width: 1024px) 100vw, 1024px\" \/><figcaption class=\"wp-element-caption\">dinheiro .Cr\u00e9ditos: depositphotos.com \/ rochu_2008<\/figcaption><\/figure>\n\n\n\n<p>Por outro lado, im\u00f3veis em \u00e1reas menos procuradas ou com infraestrutura deficiente podem ter valores de aluguel mais baixos e, consequentemente, maior margem para negocia\u00e7\u00e3o. \u00c9 importante que os locat\u00e1rios estejam atentos aos movimentos do mercado de loca\u00e7\u00e3o e considerem a localiza\u00e7\u00e3o como um fator crucial ao negociar o aluguel.<\/p>\n\n\n\n<h2 class=\"wp-block-heading\"><strong>O papel da lei do inquilinato nas rela\u00e7\u00f5es de aluguel<\/strong><\/h2>\n\n\n\n<p>A Lei do Inquilinato (Lei n\u00ba 8.245\/1991) \u00e9 a legisla\u00e7\u00e3o fundamental que rege as rela\u00e7\u00f5es de aluguel de im\u00f3veis urbanos no Brasil. Ela estabelece os direitos e deveres tanto do locador quanto do locat\u00e1rio. A lei abrange alugu\u00e9is de im\u00f3veis residenciais, n\u00e3o residenciais e por temporada, mas n\u00e3o se aplica a im\u00f3veis rurais, vagas de garagem aut\u00f4nomas, apart-hot\u00e9is e arrendamento mercantil.<\/p>\n\n\n\n<p>O contrato de loca\u00e7\u00e3o \u00e9 um documento essencial que deve detalhar informa\u00e7\u00f5es como dados das partes, descri\u00e7\u00e3o do im\u00f3vel, valor do aluguel, forma e data de pagamento, \u00edndice de reajuste anual, prazo de dura\u00e7\u00e3o da loca\u00e7\u00e3o, tipo de garantia locat\u00edcia e obriga\u00e7\u00f5es sobre taxas e impostos. A clareza e a transpar\u00eancia nos contratos podem evitar conflitos futuros e garantir uma rela\u00e7\u00e3o mais harmoniosa entre as partes.<\/p>\n\n\n\n<h2 class=\"wp-block-heading\"><strong>Quais estrat\u00e9gias podem ser utilizadas nas negocia\u00e7\u00f5es de aluguel?<\/strong><\/h2>\n\n\n\n<p>Negociar o aluguel pode ser uma tarefa desafiadora, mas algumas estrat\u00e9gias podem ajudar a alcan\u00e7ar um acordo favor\u00e1vel. Primeiramente, \u00e9 essencial estar bem informado sobre o mercado local e as condi\u00e7\u00f5es econ\u00f4micas atuais. Isso permite que o locat\u00e1rio apresente argumentos s\u00f3lidos durante a negocia\u00e7\u00e3o.<\/p>\n\n\n\n<ul class=\"wp-block-list\">\n<li><strong>Pesquisa de Mercado:<\/strong>&nbsp;Conhecer os valores praticados na regi\u00e3o para im\u00f3veis similares pode ser um diferencial na hora de negociar.<\/li>\n\n\n\n<li><strong>Flexibilidade:<\/strong>&nbsp;Demonstrar disposi\u00e7\u00e3o para compromissos, como contratos de longo prazo, pode ser um ponto a favor.<\/li>\n\n\n\n<li><strong>Argumenta\u00e7\u00e3o Baseada em Dados:<\/strong>&nbsp;Utilizar dados econ\u00f4micos, como \u00edndices de infla\u00e7\u00e3o, para justificar a necessidade de um ajuste no valor do aluguel.<\/li>\n<\/ul>\n\n\n\n<h2 class=\"wp-block-heading\"><strong>O Papel dos Contratos e Aditamentos nas Negocia\u00e7\u00f5es<\/strong><\/h2>\n\n\n\n<p>Os contratos de aluguel s\u00e3o documentos fundamentais que estabelecem os direitos e deveres de ambas as partes. Durante a vig\u00eancia do contrato, as partes podem, de comum acordo, ajustar o \u00edndice de reajuste ou outros termos, mediante aditamento contratual. Caso n\u00e3o haja acordo, qualquer uma das partes pode ingressar com uma a\u00e7\u00e3o de revis\u00e3o de aluguel, desde que o contrato tenha vigorado por pelo menos tr\u00eas anos.<\/p>\n\n\n\n<p>\u00c9 importante que tanto locat\u00e1rios quanto propriet\u00e1rios estejam cientes de seus direitos e obriga\u00e7\u00f5es contratuais. A clareza e a transpar\u00eancia nas negocia\u00e7\u00f5es e nos contratos podem evitar conflitos futuros e garantir uma rela\u00e7\u00e3o mais harmoniosa entre as partes.<\/p>\n","protected":false},"excerpt":{"rendered":"<p>Entenda os fatores que influenciam as negocia\u00e7\u00f5es de aluguel e saiba como conseguir as melhores condi\u00e7\u00f5es no mercado imobili\u00e1rio.<\/p>\n","protected":false},"author":3,"featured_media":17453,"comment_status":"open","ping_status":"open","sticky":false,"template":"","format":"standard","meta":{"_yoast_wpseo_focuskw":"aluguel","_yoast_wpseo_title":"%%title%%","_yoast_wpseo_metadesc":"Entenda os fatores que influenciam as negocia\u00e7\u00f5es de aluguel e saiba como conseguir as melhores condi\u00e7\u00f5es no mercado imobili\u00e1rio.","jnews-multi-image_gallery":[],"jnews_single_post":{"format":"standard"},"jnews_primary_category":[],"jnews_social_meta":[],"jnews_override_counter":[],"footnotes":""},"categories":[112],"tags":[2685],"class_list":["post-17452","post","type-post","status-publish","format-standard","has-post-thumbnail","hentry","category-curiosidades","tag-aluguel"],"yoast_head":"<!-- This site is optimized with the Yoast SEO plugin v24.6 - https:\/\/yoast.com\/wordpress\/plugins\/seo\/ -->\n<title>Alerta importante para todos que moram de aluguel, confira<\/title>\n<meta name=\"description\" content=\"Entenda os fatores que influenciam as negocia\u00e7\u00f5es de aluguel e saiba como conseguir as melhores condi\u00e7\u00f5es no mercado imobili\u00e1rio.\" \/>\n<meta name=\"robots\" content=\"index, follow, max-snippet:-1, max-image-preview:large, max-video-preview:-1\" \/>\n<link rel=\"canonical\" href=\"https:\/\/www.correiobraziliense.com.br\/cbradar\/alerta-importante-para-todos-que-moram-de-aluguel-confira\/\" \/>\n<meta property=\"og:locale\" content=\"pt_BR\" \/>\n<meta property=\"og:type\" content=\"article\" \/>\n<meta property=\"og:title\" content=\"Alerta importante para todos que moram de aluguel, confira\" \/>\n<meta property=\"og:description\" content=\"Entenda os fatores que influenciam as negocia\u00e7\u00f5es de aluguel e saiba como conseguir as melhores condi\u00e7\u00f5es no mercado imobili\u00e1rio.\" \/>\n<meta property=\"og:url\" content=\"https:\/\/www.correiobraziliense.com.br\/cbradar\/alerta-importante-para-todos-que-moram-de-aluguel-confira\/\" \/>\n<meta property=\"og:site_name\" content=\"Correio Braziliense - Radar\" \/>\n<meta property=\"article:published_time\" content=\"2025-04-01T19:10:00+00:00\" \/>\n<meta property=\"og:image\" content=\"https:\/\/www.correiobraziliense.com.br\/cbradar\/wp-content\/uploads\/2025\/03\/dinheiro-brasileiro-_1743431976118.jpg\" \/>\n\t<meta property=\"og:image:width\" content=\"1280\" \/>\n\t<meta property=\"og:image:height\" content=\"720\" \/>\n\t<meta property=\"og:image:type\" content=\"image\/jpeg\" \/>\n<meta name=\"author\" content=\"Larissa Carvalho\" \/>\n<meta name=\"twitter:card\" content=\"summary_large_image\" \/>\n<meta name=\"twitter:label1\" content=\"Escrito por\" \/>\n\t<meta name=\"twitter:data1\" content=\"Larissa Carvalho\" \/>\n\t<meta name=\"twitter:label2\" content=\"Est. tempo de leitura\" \/>\n\t<meta name=\"twitter:data2\" content=\"4 minutos\" \/>\n<!-- \/ Yoast SEO plugin. -->","yoast_head_json":{"title":"Alerta importante para todos que moram de aluguel, confira","description":"Entenda os fatores que influenciam as negocia\u00e7\u00f5es de aluguel e saiba como conseguir as melhores condi\u00e7\u00f5es no mercado imobili\u00e1rio.","robots":{"index":"index","follow":"follow","max-snippet":"max-snippet:-1","max-image-preview":"max-image-preview:large","max-video-preview":"max-video-preview:-1"},"canonical":"https:\/\/www.correiobraziliense.com.br\/cbradar\/alerta-importante-para-todos-que-moram-de-aluguel-confira\/","og_locale":"pt_BR","og_type":"article","og_title":"Alerta importante para todos que moram de aluguel, confira","og_description":"Entenda os fatores que influenciam as negocia\u00e7\u00f5es de aluguel e saiba como conseguir as melhores condi\u00e7\u00f5es no mercado imobili\u00e1rio.","og_url":"https:\/\/www.correiobraziliense.com.br\/cbradar\/alerta-importante-para-todos-que-moram-de-aluguel-confira\/","og_site_name":"Correio Braziliense - Radar","article_published_time":"2025-04-01T19:10:00+00:00","og_image":[{"width":1280,"height":720,"url":"https:\/\/www.correiobraziliense.com.br\/cbradar\/wp-content\/uploads\/2025\/03\/dinheiro-brasileiro-_1743431976118.jpg","type":"image\/jpeg"}],"author":"Larissa Carvalho","twitter_card":"summary_large_image","twitter_misc":{"Escrito por":"Larissa Carvalho","Est. tempo de leitura":"4 minutos"},"schema":{"@context":"https:\/\/schema.org","@graph":[{"@type":"WebPage","@id":"https:\/\/www.correiobraziliense.com.br\/cbradar\/alerta-importante-para-todos-que-moram-de-aluguel-confira\/","url":"https:\/\/www.correiobraziliense.com.br\/cbradar\/alerta-importante-para-todos-que-moram-de-aluguel-confira\/","name":"Alerta importante para todos que moram de aluguel, confira","isPartOf":{"@id":"https:\/\/www.correiobraziliense.com.br\/cbradar\/#website"},"primaryImageOfPage":{"@id":"https:\/\/www.correiobraziliense.com.br\/cbradar\/alerta-importante-para-todos-que-moram-de-aluguel-confira\/#primaryimage"},"image":{"@id":"https:\/\/www.correiobraziliense.com.br\/cbradar\/alerta-importante-para-todos-que-moram-de-aluguel-confira\/#primaryimage"},"thumbnailUrl":"https:\/\/www.correiobraziliense.com.br\/cbradar\/wp-content\/uploads\/2025\/03\/dinheiro-brasileiro-_1743431976118.jpg","datePublished":"2025-04-01T19:10:00+00:00","author":{"@id":"https:\/\/www.correiobraziliense.com.br\/cbradar\/#\/schema\/person\/58422787644df994b53a19d3e56c1513"},"description":"Entenda os fatores que influenciam as negocia\u00e7\u00f5es de aluguel e saiba como conseguir as melhores condi\u00e7\u00f5es no mercado imobili\u00e1rio.","breadcrumb":{"@id":"https:\/\/www.correiobraziliense.com.br\/cbradar\/alerta-importante-para-todos-que-moram-de-aluguel-confira\/#breadcrumb"},"inLanguage":"pt-BR","potentialAction":[{"@type":"ReadAction","target":["https:\/\/www.correiobraziliense.com.br\/cbradar\/alerta-importante-para-todos-que-moram-de-aluguel-confira\/"]}]},{"@type":"ImageObject","inLanguage":"pt-BR","@id":"https:\/\/www.correiobraziliense.com.br\/cbradar\/alerta-importante-para-todos-que-moram-de-aluguel-confira\/#primaryimage","url":"https:\/\/www.correiobraziliense.com.br\/cbradar\/wp-content\/uploads\/2025\/03\/dinheiro-brasileiro-_1743431976118.jpg","contentUrl":"https:\/\/www.correiobraziliense.com.br\/cbradar\/wp-content\/uploads\/2025\/03\/dinheiro-brasileiro-_1743431976118.jpg","width":1280,"height":720,"caption":"dinheiro brasileiro.Cr\u00e9ditos: depositphotos.com \/ rodrigobellizzi"},{"@type":"BreadcrumbList","@id":"https:\/\/www.correiobraziliense.com.br\/cbradar\/alerta-importante-para-todos-que-moram-de-aluguel-confira\/#breadcrumb","itemListElement":[{"@type":"ListItem","position":1,"name":"In\u00edcio","item":"https:\/\/www.correiobraziliense.com.br\/cbradar\/"},{"@type":"ListItem","position":2,"name":"Alerta importante para todos que moram de aluguel, confira"}]},{"@type":"WebSite","@id":"https:\/\/www.correiobraziliense.com.br\/cbradar\/#website","url":"https:\/\/www.correiobraziliense.com.br\/cbradar\/","name":"Correio Braziliense - Radar","description":"Acompanhe as \u00faltimas not\u00edcias e fique bem informado sobre tudo o que acontece no Brasil e no mundo.","potentialAction":[{"@type":"SearchAction","target":{"@type":"EntryPoint","urlTemplate":"https:\/\/www.correiobraziliense.com.br\/cbradar\/?s={search_term_string}"},"query-input":{"@type":"PropertyValueSpecification","valueRequired":true,"valueName":"search_term_string"}}],"inLanguage":"pt-BR"},{"@type":"Person","@id":"https:\/\/www.correiobraziliense.com.br\/cbradar\/#\/schema\/person\/58422787644df994b53a19d3e56c1513","name":"Larissa Carvalho","image":{"@type":"ImageObject","inLanguage":"pt-BR","@id":"https:\/\/www.correiobraziliense.com.br\/cbradar\/#\/schema\/person\/image\/","url":"https:\/\/secure.gravatar.com\/avatar\/fe4f91a0de32b52a838d0d612abdc1aa?s=96&d=mm&r=g","contentUrl":"https:\/\/secure.gravatar.com\/avatar\/fe4f91a0de32b52a838d0d612abdc1aa?s=96&d=mm&r=g","caption":"Larissa Carvalho"},"url":"https:\/\/www.correiobraziliense.com.br\/cbradar\/author\/larissamyth\/"}]}},"_links":{"self":[{"href":"https:\/\/www.correiobraziliense.com.br\/cbradar\/wp-json\/wp\/v2\/posts\/17452","targetHints":{"allow":["GET"]}}],"collection":[{"href":"https:\/\/www.correiobraziliense.com.br\/cbradar\/wp-json\/wp\/v2\/posts"}],"about":[{"href":"https:\/\/www.correiobraziliense.com.br\/cbradar\/wp-json\/wp\/v2\/types\/post"}],"author":[{"embeddable":true,"href":"https:\/\/www.correiobraziliense.com.br\/cbradar\/wp-json\/wp\/v2\/users\/3"}],"replies":[{"embeddable":true,"href":"https:\/\/www.correiobraziliense.com.br\/cbradar\/wp-json\/wp\/v2\/comments?post=17452"}],"version-history":[{"count":3,"href":"https:\/\/www.correiobraziliense.com.br\/cbradar\/wp-json\/wp\/v2\/posts\/17452\/revisions"}],"predecessor-version":[{"id":17701,"href":"https:\/\/www.correiobraziliense.com.br\/cbradar\/wp-json\/wp\/v2\/posts\/17452\/revisions\/17701"}],"wp:featuredmedia":[{"embeddable":true,"href":"https:\/\/www.correiobraziliense.com.br\/cbradar\/wp-json\/wp\/v2\/media\/17453"}],"wp:attachment":[{"href":"https:\/\/www.correiobraziliense.com.br\/cbradar\/wp-json\/wp\/v2\/media?parent=17452"}],"wp:term":[{"taxonomy":"category","embeddable":true,"href":"https:\/\/www.correiobraziliense.com.br\/cbradar\/wp-json\/wp\/v2\/categories?post=17452"},{"taxonomy":"post_tag","embeddable":true,"href":"https:\/\/www.correiobraziliense.com.br\/cbradar\/wp-json\/wp\/v2\/tags?post=17452"}],"curies":[{"name":"wp","href":"https:\/\/api.w.org\/{rel}","templated":true}]}}