{"id":174785,"date":"2026-01-15T07:55:00","date_gmt":"2026-01-15T10:55:00","guid":{"rendered":"https:\/\/www.correiobraziliense.com.br\/cbradar\/?p=174785"},"modified":"2026-01-14T14:30:41","modified_gmt":"2026-01-14T17:30:41","slug":"a-cidade-a-75-km-de-sao-paulo-que-exibe-qualidade-de-vida-comparavel-a-da-europa-e-brilha-em-prosperidade-com-sabor-de-vinho","status":"publish","type":"post","link":"https:\/\/www.correiobraziliense.com.br\/cbradar\/a-cidade-a-75-km-de-sao-paulo-que-exibe-qualidade-de-vida-comparavel-a-da-europa-e-brilha-em-prosperidade-com-sabor-de-vinho\/","title":{"rendered":"A cidade a 75 km de S\u00e3o Paulo que exibe qualidade de vida compar\u00e1vel \u00e0 da Europa e brilha em prosperidade com sabor de vinho"},"content":{"rendered":"\n<p>Localizada a cerca de 75 km de <strong>S\u00e3o Paulo<\/strong>, <strong>Vinhedo<\/strong> \u00e9 um dos endere\u00e7os mais cobi\u00e7ados do interior paulista. O munic\u00edpio <strong>vinhedense<\/strong> destaca-se por oferecer um padr\u00e3o de vida de exce\u00e7\u00e3o, combinando a seguran\u00e7a de condom\u00ednios de luxo com a adrenalina de abrigar grandes complexos de lazer e turismo.<\/p>\n\n\n\n<h2 class=\"wp-block-heading\">Como \u00e9 viver em um dos munic\u00edpios mais ricos do Brasil?<\/h2>\n\n\n\n<p><strong>Viver nesta cidade \u00e9 desfrutar de uma \u201cbolha\u201d de bem-estar e seguran\u00e7a.<\/strong> A cidade \u00e9 famosa pela alta concentra\u00e7\u00e3o de condom\u00ednios horizontais de alto padr\u00e3o, que atraem executivos e fam\u00edlias que buscam fugir da viol\u00eancia da metr\u00f3pole sem perder a conex\u00e3o com ela. A proximidade com o <strong>Aeroporto de Viracopos<\/strong> (Campinas) facilita a vida de quem viaja frequentemente a neg\u00f3cios.<\/p>\n\n\n\n<p>A rotina local \u00e9 tranquila, marcada por um tr\u00e2nsito organizado e servi\u00e7os p\u00fablicos que funcionam. A cidade mant\u00e9m ares de interior em seu centro, com festas tradicionais e vizinhan\u00e7a amig\u00e1vel, mas oferece escolas bilingues e gastronomia internacional em seus distritos mais modernos.<\/p>\n\n\n<div class=\"wp-block-image\">\n<figure class=\"aligncenter size-large\"><img decoding=\"async\" src=\"https:\/\/www.correiobraziliense.com.br\/cbradar\/wp-content\/uploads\/2025\/11\/Santos-Dumont-81-1024x576.png\" alt=\"A cidade a 75 km de S\u00e3o Paulo que exibe \u00edndices de qualidade de vida comparados a Europa e brilha em prosperidade com sabor de vinho\" class=\"wp-image-138131\"\/><figcaption class=\"wp-element-caption\">Vinhedo mant\u00e9m suas festas t\u00edpicas e expande o turismo com atra\u00e7\u00f5es culturais e naturais. \/\/ Cr\u00e9ditos: YouTube @plenoimoveisimobiliaria<\/figcaption><\/figure><\/div>\n\n\n<h2 class=\"wp-block-heading\">Quais indicadores colocam a cidade no topo do ranking?<\/h2>\n\n\n\n<p>Com um<strong> \u00cdndice de Desenvolvimento Humano Municipal (IDHM) de 0,817<\/strong>, um dos mais altos do pa\u00eds, a cidade oferece condi\u00e7\u00f5es de vida compar\u00e1veis a pa\u00edses desenvolvidos. Segundo dados do<a href=\"https:\/\/cidades.ibge.gov.br\/brasil\/sp\/vinhedo\/panorama\" target=\"_blank\" rel=\"noreferrer noopener\"> <strong>Instituto Brasileiro de Geografia e Estat\u00edstica<\/strong> (<strong>IBGE<\/strong>)<\/a>, a cidade destaca-se pela longevidade da popula\u00e7\u00e3o e pela excelente infraestrutura de saneamento b\u00e1sico, que atende quase a totalidade dos domic\u00edlios.<\/p>\n\n\n\n<p>A economia local \u00e9 robusta e diversificada, com um distrito industrial forte que abriga multinacionais de cosm\u00e9ticos, log\u00edstica e tecnologia. Esse dinamismo gera uma renda per capita elevada e mant\u00e9m o com\u00e9rcio e o setor de servi\u00e7os aquecidos o ano todo.<\/p>\n\n\n\n<p><strong>Descubra as vantagens e desafios de viver em uma das cidades com o maior IDH do Brasil<\/strong>. O v\u00eddeo \u00e9 do canal<strong> MAIS 50<\/strong>, que conta com mais de<strong> 180 mil inscritos<\/strong>, e apresenta <strong>Vinhedo (SP)<\/strong>, detalhando a seguran\u00e7a, o custo de vida e a infraestrutura dessa joia do interior paulista:<\/p>\n\n\n\n<figure class=\"wp-block-embed aligncenter is-type-video is-provider-youtube wp-block-embed-youtube wp-embed-aspect-16-9 wp-has-aspect-ratio\"><div class=\"wp-block-embed__wrapper\">\n<div class=\"jeg_video_container jeg_video_content\"><iframe loading=\"lazy\" title=\"MORAR EM VINHEDO NO INTERIOR DE S\u00c3O PAULO\" width=\"500\" height=\"281\" src=\"https:\/\/www.youtube.com\/embed\/BZqf5GvIwhE?feature=oembed\" frameborder=\"0\" allow=\"accelerometer; autoplay; clipboard-write; encrypted-media; gyroscope; picture-in-picture; web-share\" referrerpolicy=\"strict-origin-when-cross-origin\" allowfullscreen><\/iframe><\/div>\n<\/div><\/figure>\n\n\n\n<p><strong>Leia tamb\u00e9m: <a href=\"https:\/\/www.correiobraziliense.com.br\/cbradar\/o-que-epicteto-quis-dizer-quando-afirmou-e-necessario-empreender-uma-viagem-seja-ela-qual-for\/#google_vignette\" target=\"_blank\" rel=\"noreferrer noopener\">O que Epicteto quis dizer quando afirmou \u201c\u00c9 necess\u00e1rio empreender uma viagem, seja ela qual for\u201d<\/a><\/strong><\/p>\n\n\n\n<h2 class=\"wp-block-heading\">Onde encontrar adrenalina e tradi\u00e7\u00e3o italiana?<\/h2>\n\n\n\n<p>O turismo em <strong>Vinhedo<\/strong> \u00e9 um motor econ\u00f4mico vital, dividido entre a agita\u00e7\u00e3o dos parques tem\u00e1ticos e a calmaria do turismo rural e religioso. A cidade faz parte do Circuito das Frutas, celebrando sua heran\u00e7a de imigrantes italianos com muito vinho e uva.<\/p>\n\n\n\n<p>Para aproveitar o melhor da regi\u00e3o, o roteiro deve equilibrar a divers\u00e3o radical com momentos de paz.<\/p>\n\n\n\n<ul class=\"wp-block-list\">\n<li><strong>Hopi Hari<\/strong>: Um dos maiores parques tem\u00e1ticos da Am\u00e9rica Latina, localizado na rodovia dos Bandeirantes, famoso por suas montanhas-russas e \u00e1reas tem\u00e1ticas imersivas.<\/li>\n\n\n\n<li><strong>Parque Municipal Jayme Ferragut<\/strong>: O palco da famosa <strong>Festa da Uva<\/strong>, um espa\u00e7o amplo com lagos e \u00e1rea verde onde ocorrem os maiores eventos culturais da cidade.<\/li>\n\n\n\n<li><strong>Mosteiro de S\u00e3o Bento<\/strong>: Um ref\u00fagio de sil\u00eancio e espiritualidade, onde monges beneditinos realizam missas com canto gregoriano; famoso tamb\u00e9m pela loja de p\u00e3es e bolos artesanais.<\/li>\n\n\n\n<li><strong>Adega Fam\u00edlia Ferragut<\/strong>: Representa a tradi\u00e7\u00e3o vin\u00edcola local, oferecendo visitas aos parreirais, degusta\u00e7\u00e3o de vinhos artesanais e sucos de uva puros.<\/li>\n<\/ul>\n\n\n<div class=\"wp-block-image\">\n<figure class=\"aligncenter size-large\"><img decoding=\"async\" src=\"https:\/\/www.correiobraziliense.com.br\/cbradar\/wp-content\/uploads\/2025\/11\/Santos-Dumont-84-1024x576.png\" alt=\"A cidade a 75 km de S\u00e3o Paulo que exibe \u00edndices de qualidade de vida comparados a Europa e brilha em prosperidade com sabor de vinho\" class=\"wp-image-138142\"\/><figcaption class=\"wp-element-caption\">Venha curtir Vinhedo, suas paisagens lindas, vinhos artesanais e festas animadas! \/\/ Cr\u00e9ditos: YouTube @plenoimoveisimobiliaria<\/figcaption><\/figure><\/div>\n\n\n<h2 class=\"wp-block-heading\">O clima favorece a viticultura?<\/h2>\n\n\n\n<p><strong>O clima tropical de altitude \u00e9 o segredo por tr\u00e1s da qualidade das uvas locais.<\/strong> As temperaturas amenas e a boa amplitude t\u00e9rmica garantem o dul\u00e7or das frutas. O ver\u00e3o \u00e9 a \u00e9poca das chuvas, enquanto o inverno seco convida ao consumo de vinhos.<\/p>\n\n\n\n<p>Segundo o <strong><a href=\"https:\/\/www.climatempo.com.br\/previsao-do-tempo\/cidade\/575\/vinhedo-sp\" target=\"_blank\" rel=\"noreferrer noopener\">Climatempo<\/a><\/strong>, a cidade desfruta de esta\u00e7\u00f5es bem definidas, com noites frescas mesmo nos meses quentes.<\/p>\n\n\n\n<figure class=\"wp-block-table\"><table class=\"has-fixed-layout\"><thead><tr><th>Esta\u00e7\u00e3o\/Meses<\/th><th>Temperatura M\u00e9dia<\/th><th>O que esperar<\/th><\/tr><\/thead><tbody><tr><td>Ver\u00e3o (Dez-Mar)<\/td><td>20\u00b0C a 29\u00b0C<\/td><td>Calor e chuvas frequentes; \u00e9poca da colheita da uva e festividades.<\/td><\/tr><tr><td>Outono (Abr-Jun)<\/td><td>16\u00b0C a 25\u00b0C<\/td><td>Clima ameno e dias claros; ideal para passeios nos parques.<\/td><\/tr><tr><td>Inverno (Jun-Set)<\/td><td>11\u00b0C a 23\u00b0C<\/td><td>Tempo seco e noites frias; perfeito para vinhos e gastronomia italiana.<\/td><\/tr><tr><td>Primavera (Set-Dez)<\/td><td>17\u00b0C a 27\u00b0C<\/td><td>Aquecimento gradual e retorno da umidade; cidade florida e verde.<\/td><\/tr><\/tbody><\/table><\/figure>\n\n\n<div class=\"wp-block-image\">\n<figure class=\"aligncenter size-large\"><img decoding=\"async\" src=\"https:\/\/www.correiobraziliense.com.br\/cbradar\/wp-content\/uploads\/2025\/08\/Edicoes-48-1024x576.png\" alt=\"Cidade do interior paulista \u00e9 ideal para viver com padr\u00e3o de vida alto\" class=\"wp-image-79905\"\/><figcaption class=\"wp-element-caption\">Vinhedo\ufeff \u00e9 uma cidade paulista conhecida por seu turismo rural e qualidade de vida. \/\/ Cr\u00e9ditos: YouTube @celsopp2<\/figcaption><\/figure><\/div>\n\n\n<h2 class=\"wp-block-heading\">Motivos para investir no ref\u00fagio paulista<\/h2>\n\n\n\n<p><strong>Vinhedo<\/strong> \u00e9 a escolha certa para quem n\u00e3o abre m\u00e3o de excel\u00eancia em servi\u00e7os e lazer de ponta.<\/p>\n\n\n\n<ul class=\"wp-block-list\">\n<li>O IDHM de 0,817 reflete a seguran\u00e7a e a educa\u00e7\u00e3o de elite dispon\u00edveis na cidade.<\/li>\n\n\n\n<li>A localiza\u00e7\u00e3o estrat\u00e9gica entre a capital e Campinas valoriza constantemente os im\u00f3veis.<\/li>\n\n\n\n<li>A diversidade de lazer, do radical <strong>Hopi Hari<\/strong> ao buc\u00f3lico Mosteiro, atende a todas as idades.<\/li>\n<\/ul>\n\n\n\n<p>Voc\u00ea precisa conhecer a qualidade de vida e o sabor que fazem desta cidade um destaque no mapa de <strong>S\u00e3o Paulo<\/strong>.<\/p>\n","protected":false},"excerpt":{"rendered":"<p>Localizada a cerca de 75 km de S\u00e3o Paulo, Vinhedo \u00e9 um dos endere\u00e7os mais cobi\u00e7ados do interior paulista. O munic\u00edpio vinhedense destaca-se por oferecer um padr\u00e3o de vida de exce\u00e7\u00e3o, combinando a seguran\u00e7a de condom\u00ednios de luxo com a adrenalina de abrigar grandes complexos de lazer e turismo. Como \u00e9 viver em um dos [&hellip;]<\/p>\n","protected":false},"author":8,"featured_media":175092,"comment_status":"open","ping_status":"open","sticky":false,"template":"","format":"standard","meta":{"_yoast_wpseo_focuskw":"cidade de s\u00e3o paulo","_yoast_wpseo_title":"","_yoast_wpseo_metadesc":"Essa cidade a 75 km de S\u00e3o Paulo chama aten\u00e7\u00e3o por \u00edndices de qualidade de vida comparados aos da Europa e prosperidade ligada ao vinho.","jnews-multi-image_gallery":[],"jnews_single_post":{"format":"standard"},"jnews_primary_category":[],"jnews_social_meta":[],"jnews_override_counter":[],"footnotes":""},"categories":[108,111],"tags":[278,5086],"class_list":["post-174785","post","type-post","status-publish","format-standard","has-post-thumbnail","hentry","category-cidades","category-turismo","tag-sao-paulo","tag-vinhedo"],"yoast_head":"<!-- This site is optimized with the Yoast SEO plugin v24.6 - https:\/\/yoast.com\/wordpress\/plugins\/seo\/ -->\n<title>A cidade a 75 km de S\u00e3o Paulo que exibe qualidade de vida compar\u00e1vel \u00e0 da Europa e brilha em prosperidade com sabor de vinho - Correio Braziliense - Radar<\/title>\n<meta name=\"description\" content=\"Essa cidade a 75 km de S\u00e3o Paulo chama aten\u00e7\u00e3o por \u00edndices de qualidade de vida comparados aos da Europa e prosperidade ligada ao vinho.\" \/>\n<meta name=\"robots\" content=\"index, follow, max-snippet:-1, max-image-preview:large, max-video-preview:-1\" \/>\n<link rel=\"canonical\" href=\"https:\/\/www.correiobraziliense.com.br\/cbradar\/a-cidade-a-75-km-de-sao-paulo-que-exibe-qualidade-de-vida-comparavel-a-da-europa-e-brilha-em-prosperidade-com-sabor-de-vinho\/\" \/>\n<meta property=\"og:locale\" content=\"pt_BR\" \/>\n<meta property=\"og:type\" content=\"article\" \/>\n<meta property=\"og:title\" content=\"A cidade a 75 km de S\u00e3o Paulo que exibe qualidade de vida compar\u00e1vel \u00e0 da Europa e brilha em prosperidade com sabor de vinho - Correio Braziliense - Radar\" \/>\n<meta property=\"og:description\" content=\"Essa cidade a 75 km de S\u00e3o Paulo chama aten\u00e7\u00e3o por \u00edndices de qualidade de vida comparados aos da Europa e prosperidade ligada ao vinho.\" \/>\n<meta property=\"og:url\" content=\"https:\/\/www.correiobraziliense.com.br\/cbradar\/a-cidade-a-75-km-de-sao-paulo-que-exibe-qualidade-de-vida-comparavel-a-da-europa-e-brilha-em-prosperidade-com-sabor-de-vinho\/\" \/>\n<meta property=\"og:site_name\" content=\"Correio Braziliense - Radar\" \/>\n<meta property=\"article:published_time\" content=\"2026-01-15T10:55:00+00:00\" \/>\n<meta property=\"og:image\" content=\"https:\/\/www.correiobraziliense.com.br\/cbradar\/wp-content\/uploads\/2026\/01\/aaa-2026-01-14T042650.552.png\" \/>\n\t<meta property=\"og:image:width\" content=\"1280\" \/>\n\t<meta property=\"og:image:height\" content=\"720\" \/>\n\t<meta property=\"og:image:type\" content=\"image\/png\" \/>\n<meta name=\"author\" content=\"Maura Pereira\" \/>\n<meta name=\"twitter:card\" content=\"summary_large_image\" \/>\n<meta name=\"twitter:label1\" content=\"Escrito por\" \/>\n\t<meta name=\"twitter:data1\" content=\"Maura Pereira\" \/>\n\t<meta name=\"twitter:label2\" content=\"Est. tempo de leitura\" \/>\n\t<meta name=\"twitter:data2\" content=\"6 minutos\" \/>\n<!-- \/ Yoast SEO plugin. -->","yoast_head_json":{"title":"A cidade a 75 km de S\u00e3o Paulo que exibe qualidade de vida compar\u00e1vel \u00e0 da Europa e brilha em prosperidade com sabor de vinho - Correio Braziliense - Radar","description":"Essa cidade a 75 km de S\u00e3o Paulo chama aten\u00e7\u00e3o por \u00edndices de qualidade de vida comparados aos da Europa e prosperidade ligada ao vinho.","robots":{"index":"index","follow":"follow","max-snippet":"max-snippet:-1","max-image-preview":"max-image-preview:large","max-video-preview":"max-video-preview:-1"},"canonical":"https:\/\/www.correiobraziliense.com.br\/cbradar\/a-cidade-a-75-km-de-sao-paulo-que-exibe-qualidade-de-vida-comparavel-a-da-europa-e-brilha-em-prosperidade-com-sabor-de-vinho\/","og_locale":"pt_BR","og_type":"article","og_title":"A cidade a 75 km de S\u00e3o Paulo que exibe qualidade de vida compar\u00e1vel \u00e0 da Europa e brilha em prosperidade com sabor de vinho - Correio Braziliense - Radar","og_description":"Essa cidade a 75 km de S\u00e3o Paulo chama aten\u00e7\u00e3o por \u00edndices de qualidade de vida comparados aos da Europa e prosperidade ligada ao vinho.","og_url":"https:\/\/www.correiobraziliense.com.br\/cbradar\/a-cidade-a-75-km-de-sao-paulo-que-exibe-qualidade-de-vida-comparavel-a-da-europa-e-brilha-em-prosperidade-com-sabor-de-vinho\/","og_site_name":"Correio Braziliense - Radar","article_published_time":"2026-01-15T10:55:00+00:00","og_image":[{"width":1280,"height":720,"url":"https:\/\/www.correiobraziliense.com.br\/cbradar\/wp-content\/uploads\/2026\/01\/aaa-2026-01-14T042650.552.png","type":"image\/png"}],"author":"Maura Pereira","twitter_card":"summary_large_image","twitter_misc":{"Escrito por":"Maura Pereira","Est. tempo de leitura":"6 minutos"},"schema":{"@context":"https:\/\/schema.org","@graph":[{"@type":"WebPage","@id":"https:\/\/www.correiobraziliense.com.br\/cbradar\/a-cidade-a-75-km-de-sao-paulo-que-exibe-qualidade-de-vida-comparavel-a-da-europa-e-brilha-em-prosperidade-com-sabor-de-vinho\/","url":"https:\/\/www.correiobraziliense.com.br\/cbradar\/a-cidade-a-75-km-de-sao-paulo-que-exibe-qualidade-de-vida-comparavel-a-da-europa-e-brilha-em-prosperidade-com-sabor-de-vinho\/","name":"A cidade a 75 km de S\u00e3o Paulo que exibe qualidade de vida compar\u00e1vel \u00e0 da Europa e brilha em prosperidade com sabor de vinho - Correio Braziliense - Radar","isPartOf":{"@id":"https:\/\/www.correiobraziliense.com.br\/cbradar\/#website"},"primaryImageOfPage":{"@id":"https:\/\/www.correiobraziliense.com.br\/cbradar\/a-cidade-a-75-km-de-sao-paulo-que-exibe-qualidade-de-vida-comparavel-a-da-europa-e-brilha-em-prosperidade-com-sabor-de-vinho\/#primaryimage"},"image":{"@id":"https:\/\/www.correiobraziliense.com.br\/cbradar\/a-cidade-a-75-km-de-sao-paulo-que-exibe-qualidade-de-vida-comparavel-a-da-europa-e-brilha-em-prosperidade-com-sabor-de-vinho\/#primaryimage"},"thumbnailUrl":"https:\/\/www.correiobraziliense.com.br\/cbradar\/wp-content\/uploads\/2026\/01\/aaa-2026-01-14T042650.552.png","datePublished":"2026-01-15T10:55:00+00:00","author":{"@id":"https:\/\/www.correiobraziliense.com.br\/cbradar\/#\/schema\/person\/4053c651a9bfc785afc6f4cbc9032fd3"},"description":"Essa cidade a 75 km de S\u00e3o Paulo chama aten\u00e7\u00e3o por \u00edndices de qualidade de vida comparados aos da Europa e prosperidade ligada ao vinho.","breadcrumb":{"@id":"https:\/\/www.correiobraziliense.com.br\/cbradar\/a-cidade-a-75-km-de-sao-paulo-que-exibe-qualidade-de-vida-comparavel-a-da-europa-e-brilha-em-prosperidade-com-sabor-de-vinho\/#breadcrumb"},"inLanguage":"pt-BR","potentialAction":[{"@type":"ReadAction","target":["https:\/\/www.correiobraziliense.com.br\/cbradar\/a-cidade-a-75-km-de-sao-paulo-que-exibe-qualidade-de-vida-comparavel-a-da-europa-e-brilha-em-prosperidade-com-sabor-de-vinho\/"]}]},{"@type":"ImageObject","inLanguage":"pt-BR","@id":"https:\/\/www.correiobraziliense.com.br\/cbradar\/a-cidade-a-75-km-de-sao-paulo-que-exibe-qualidade-de-vida-comparavel-a-da-europa-e-brilha-em-prosperidade-com-sabor-de-vinho\/#primaryimage","url":"https:\/\/www.correiobraziliense.com.br\/cbradar\/wp-content\/uploads\/2026\/01\/aaa-2026-01-14T042650.552.png","contentUrl":"https:\/\/www.correiobraziliense.com.br\/cbradar\/wp-content\/uploads\/2026\/01\/aaa-2026-01-14T042650.552.png","width":1280,"height":720,"caption":"O turismo em Vinhedo \u00e9 um motor econ\u00f4mico vital com parques tem\u00e1ticos celebrando sua heran\u00e7a de imigrantes italianos com muito vinho e uva."},{"@type":"BreadcrumbList","@id":"https:\/\/www.correiobraziliense.com.br\/cbradar\/a-cidade-a-75-km-de-sao-paulo-que-exibe-qualidade-de-vida-comparavel-a-da-europa-e-brilha-em-prosperidade-com-sabor-de-vinho\/#breadcrumb","itemListElement":[{"@type":"ListItem","position":1,"name":"In\u00edcio","item":"https:\/\/www.correiobraziliense.com.br\/cbradar\/"},{"@type":"ListItem","position":2,"name":"A cidade a 75 km de S\u00e3o Paulo que exibe qualidade de vida compar\u00e1vel \u00e0 da Europa e brilha em prosperidade com sabor de vinho"}]},{"@type":"WebSite","@id":"https:\/\/www.correiobraziliense.com.br\/cbradar\/#website","url":"https:\/\/www.correiobraziliense.com.br\/cbradar\/","name":"Correio Braziliense - Radar","description":"Acompanhe as \u00faltimas not\u00edcias e fique bem informado sobre tudo o que acontece no Brasil e no mundo.","potentialAction":[{"@type":"SearchAction","target":{"@type":"EntryPoint","urlTemplate":"https:\/\/www.correiobraziliense.com.br\/cbradar\/?s={search_term_string}"},"query-input":{"@type":"PropertyValueSpecification","valueRequired":true,"valueName":"search_term_string"}}],"inLanguage":"pt-BR"},{"@type":"Person","@id":"https:\/\/www.correiobraziliense.com.br\/cbradar\/#\/schema\/person\/4053c651a9bfc785afc6f4cbc9032fd3","name":"Maura Pereira","image":{"@type":"ImageObject","inLanguage":"pt-BR","@id":"https:\/\/www.correiobraziliense.com.br\/cbradar\/#\/schema\/person\/image\/","url":"https:\/\/secure.gravatar.com\/avatar\/3effd6bdadfa447f15089c7f7144eaa6?s=96&d=mm&r=g","contentUrl":"https:\/\/secure.gravatar.com\/avatar\/3effd6bdadfa447f15089c7f7144eaa6?s=96&d=mm&r=g","caption":"Maura Pereira"},"sameAs":["https:\/\/www.correiobraziliense.com.br\/"],"url":"https:\/\/www.correiobraziliense.com.br\/cbradar\/author\/mauramyth\/"}]}},"_links":{"self":[{"href":"https:\/\/www.correiobraziliense.com.br\/cbradar\/wp-json\/wp\/v2\/posts\/174785","targetHints":{"allow":["GET"]}}],"collection":[{"href":"https:\/\/www.correiobraziliense.com.br\/cbradar\/wp-json\/wp\/v2\/posts"}],"about":[{"href":"https:\/\/www.correiobraziliense.com.br\/cbradar\/wp-json\/wp\/v2\/types\/post"}],"author":[{"embeddable":true,"href":"https:\/\/www.correiobraziliense.com.br\/cbradar\/wp-json\/wp\/v2\/users\/8"}],"replies":[{"embeddable":true,"href":"https:\/\/www.correiobraziliense.com.br\/cbradar\/wp-json\/wp\/v2\/comments?post=174785"}],"version-history":[{"count":19,"href":"https:\/\/www.correiobraziliense.com.br\/cbradar\/wp-json\/wp\/v2\/posts\/174785\/revisions"}],"predecessor-version":[{"id":175097,"href":"https:\/\/www.correiobraziliense.com.br\/cbradar\/wp-json\/wp\/v2\/posts\/174785\/revisions\/175097"}],"wp:featuredmedia":[{"embeddable":true,"href":"https:\/\/www.correiobraziliense.com.br\/cbradar\/wp-json\/wp\/v2\/media\/175092"}],"wp:attachment":[{"href":"https:\/\/www.correiobraziliense.com.br\/cbradar\/wp-json\/wp\/v2\/media?parent=174785"}],"wp:term":[{"taxonomy":"category","embeddable":true,"href":"https:\/\/www.correiobraziliense.com.br\/cbradar\/wp-json\/wp\/v2\/categories?post=174785"},{"taxonomy":"post_tag","embeddable":true,"href":"https:\/\/www.correiobraziliense.com.br\/cbradar\/wp-json\/wp\/v2\/tags?post=174785"}],"curies":[{"name":"wp","href":"https:\/\/api.w.org\/{rel}","templated":true}]}}