{"id":174881,"date":"2026-01-17T19:15:00","date_gmt":"2026-01-17T22:15:00","guid":{"rendered":"https:\/\/www.correiobraziliense.com.br\/cbradar\/?p=174881"},"modified":"2026-01-16T05:32:56","modified_gmt":"2026-01-16T08:32:56","slug":"o-caribe-no-meio-da-amazonia-foi-eleito-a-praia-de-agua-doce-mais-bonita-do-mundo-segundo-pesquisas","status":"publish","type":"post","link":"https:\/\/www.correiobraziliense.com.br\/cbradar\/o-caribe-no-meio-da-amazonia-foi-eleito-a-praia-de-agua-doce-mais-bonita-do-mundo-segundo-pesquisas\/","title":{"rendered":"O Caribe no meio da Amaz\u00f4nia foi eleito a praia de \u00e1gua doce mais bonita do mundo, segundo pesquisas"},"content":{"rendered":"\n<p>Localizada a cerca de 35 km do aeroporto de <strong>Santar\u00e9m<\/strong>, <strong>Alter do Ch\u00e3o<\/strong> ganhou fama mundial ao ser eleita<strong> a praia de \u00e1gua doce mais bonita do mundo<\/strong>. O distrito \u00e9 o cart\u00e3o-postal do <strong>Tapaj\u00f3s<\/strong>, oferecendo um cen\u00e1rio surreal onde a floresta amaz\u00f4nica encontra \u00e1guas mornas, cristalinas e de um azul-turquesa impressionante.<\/p>\n\n\n\n<h2 class=\"wp-block-heading\">Por que \u00e9 conhecido como o Caribe Amaz\u00f4nico?<\/h2>\n\n\n\n<p>O \u201cCaribe Amaz\u00f4nico\u201d ganhou fama mundial ao ser eleita pelo jornal <em><strong><a href=\"https:\/\/www.theguardian.com\/travel\/2009\/apr\/15\/beach-brazil-top-10\" target=\"_blank\" rel=\"noreferrer noopener\">The Guardian<\/a><\/strong><\/em> como detentora da <strong>praia de \u00e1gua doce mais bonita do mundo<\/strong>. O apelido n\u00e3o \u00e9 exagero. Diferente do <strong>Rio Amazonas,<\/strong> que \u00e9 barrento, o <strong>Rio Tapaj\u00f3s<\/strong> possui \u00e1guas l\u00edmpidas e areias brancas e finas que surgem durante a vazante, criando praias que lembram o mar do Caribe. Um diferencial geol\u00f3gico importante \u00e9 a acidez da \u00e1gua, que inibe a prolifera\u00e7\u00e3o de mosquitos, permitindo que o turista aproveite o para\u00edso sem o inc\u00f4modo t\u00edpico de outras regi\u00f5es de mata.<\/p>\n\n\n\n<p>A &#8220;Ilha do Amor&#8221;, situada bem em frente \u00e0 vila, \u00e9 o \u00edcone m\u00e1ximo desse cen\u00e1rio. A travessia \u00e9 feita em pequenos barcos a remo (catraias), mantendo o charme r\u00fastico e a tranquilidade do local, onde o visitante pode relaxar com os p\u00e9s na \u00e1gua saboreando a culin\u00e1ria tapaj\u00f4nica.<\/p>\n\n\n<div class=\"wp-block-image\">\n<figure class=\"aligncenter size-large\"><img decoding=\"async\" width=\"1024\" height=\"576\" src=\"https:\/\/www.correiobraziliense.com.br\/cbradar\/wp-content\/uploads\/2025\/06\/Edicoes-21-1-1024x576.png\" alt=\"O Caribe no meio da Amaz\u00f4nia foi eleito a praia de \u00e1gua doce mais bonita do mundo, segundo pesquisas\" class=\"wp-image-58424\" srcset=\"https:\/\/www.correiobraziliense.com.br\/cbradar\/wp-content\/uploads\/2025\/06\/Edicoes-21-1-1024x576.png 1024w, https:\/\/www.correiobraziliense.com.br\/cbradar\/wp-content\/uploads\/2025\/06\/Edicoes-21-1-300x169.png 300w, https:\/\/www.correiobraziliense.com.br\/cbradar\/wp-content\/uploads\/2025\/06\/Edicoes-21-1-768x432.png 768w, https:\/\/www.correiobraziliense.com.br\/cbradar\/wp-content\/uploads\/2025\/06\/Edicoes-21-1-750x422.png 750w, https:\/\/www.correiobraziliense.com.br\/cbradar\/wp-content\/uploads\/2025\/06\/Edicoes-21-1-1140x641.png 1140w, https:\/\/www.correiobraziliense.com.br\/cbradar\/wp-content\/uploads\/2025\/06\/Edicoes-21-1.png 1280w\" sizes=\"(max-width: 1024px) 100vw, 1024px\" \/><figcaption class=\"wp-element-caption\">Aproveite praias paradis\u00edacas como a Ilha do Amor e trilhas na floresta amaz\u00f4nica em Alter do Ch\u00e3o. \/\/ Reprodu\u00e7\u00e3o: Wikipedia<\/figcaption><\/figure><\/div>\n\n\n<h2 class=\"wp-block-heading\">Qual festa folcl\u00f3rica para a vila?<\/h2>\n\n\n\n<p>Em setembro, a tranquilidade d\u00e1 lugar ao ritmo do carimb\u00f3 e das toadas durante a <strong>Festa do Sair\u00e9<\/strong>. \u00c9 a maior manifesta\u00e7\u00e3o cultural do oeste do Par\u00e1, misturando rituais religiosos com a disputa profana entre os Botos (Cor de Rosa e Tucuxi), uma vers\u00e3o amaz\u00f4nica da rivalidade vista em Parintins.<\/p>\n\n\n\n<p>O evento celebra a lenda do boto que vira homem para seduzir mulheres, em um espet\u00e1culo de cores, alegorias gigantes e dan\u00e7a que atrai milhares de turistas e reafirma a identidade ribeirinha e ind\u00edgena da regi\u00e3o.<\/p>\n\n\n\n<p><strong>Descubra o para\u00edso amaz\u00f4nico em um guia completo sobre Alter do Ch\u00e3o.<\/strong> O v\u00eddeo \u00e9 do canal <strong>Rol\u00ea Fam\u00edlia<\/strong>, que conta com mais de <strong>300 mil inscritos<\/strong>, e apresenta dicas essenciais sobre a melhor \u00e9poca para visitar (o ver\u00e3o amaz\u00f4nico de agosto a dezembro), como chegar via Santar\u00e9m, sugest\u00f5es de hospedagem e um roteiro detalhado de passeios pelos rios Tapaj\u00f3s e Arapiuns, incluindo a Floresta Nacional do Tapaj\u00f3s e o famoso festival do Sair\u00e9:<\/p>\n\n\n\n<figure class=\"wp-block-embed aligncenter is-type-video is-provider-youtube wp-block-embed-youtube wp-embed-aspect-16-9 wp-has-aspect-ratio\"><div class=\"wp-block-embed__wrapper\">\n<div class=\"jeg_video_container jeg_video_content\"><iframe loading=\"lazy\" title=\"ALTER DO CH\u00c3O | GUIA COMPLETO com PRE\u00c7OS\" width=\"500\" height=\"281\" src=\"https:\/\/www.youtube.com\/embed\/aPC8O5x_2qs?start=12&#038;feature=oembed\" frameborder=\"0\" allow=\"accelerometer; autoplay; clipboard-write; encrypted-media; gyroscope; picture-in-picture; web-share\" referrerpolicy=\"strict-origin-when-cross-origin\" allowfullscreen><\/iframe><\/div>\n<\/div><\/figure>\n\n\n\n<h2 class=\"wp-block-heading\">Onde a floresta abra\u00e7a o rio?<\/h2>\n\n\n\n<p>O turismo em <strong>Alter do Ch\u00e3o<\/strong> \u00e9 a porta de entrada para a <strong>Floresta Nacional do Tapaj\u00f3s (Flona)<\/strong>. Passeios de barco levam a comunidades tradicionais como <strong>Jamaraqu\u00e1<\/strong>, onde guias locais conduzem trilhas por dentro da mata prim\u00e1ria para visitar \u00e1rvores centen\u00e1rias, como a gigantesca Sama\u00fama, a &#8220;rainha da floresta&#8221;.<\/p>\n\n\n\n<p>Outro tesouro natural \u00e9 o <strong>Lago Verde<\/strong>, conhecido como a &#8220;Floresta Encantada&#8221;. Durante a cheia, \u00e9 poss\u00edvel navegar de canoa entre as copas das \u00e1rvores submersas em \u00e1guas que mudam de cor conforme a incid\u00eancia do sol, criando um ambiente m\u00edstico e silencioso.<\/p>\n\n\n<div class=\"wp-block-image\">\n<figure class=\"aligncenter size-large\"><img decoding=\"async\" width=\"1024\" height=\"576\" src=\"https:\/\/www.correiobraziliense.com.br\/cbradar\/wp-content\/uploads\/2025\/11\/Santos-Dumont-44-1024x576.png\" alt=\"No meio da Amaz\u00f4nia, esse para\u00edso de \u00e1guas doces chamado de \u201cCaribe Amaz\u00f4nico\u201d est\u00e1 encantando quem descobre o Par\u00e1\" class=\"wp-image-134115\" srcset=\"https:\/\/www.correiobraziliense.com.br\/cbradar\/wp-content\/uploads\/2025\/11\/Santos-Dumont-44-1024x576.png 1024w, https:\/\/www.correiobraziliense.com.br\/cbradar\/wp-content\/uploads\/2025\/11\/Santos-Dumont-44-300x169.png 300w, https:\/\/www.correiobraziliense.com.br\/cbradar\/wp-content\/uploads\/2025\/11\/Santos-Dumont-44-768x432.png 768w, https:\/\/www.correiobraziliense.com.br\/cbradar\/wp-content\/uploads\/2025\/11\/Santos-Dumont-44-750x422.png 750w, https:\/\/www.correiobraziliense.com.br\/cbradar\/wp-content\/uploads\/2025\/11\/Santos-Dumont-44-1140x641.png 1140w, https:\/\/www.correiobraziliense.com.br\/cbradar\/wp-content\/uploads\/2025\/11\/Santos-Dumont-44.png 1280w\" sizes=\"(max-width: 1024px) 100vw, 1024px\" \/><figcaption class=\"wp-element-caption\">Aproveite praias como a Ilha do Amor junto a trilhas na floresta amaz\u00f4nica, perfeito para relaxar e se divertir. \/\/ Cr\u00e9ditos: YouTube @Miapelomundo<\/figcaption><\/figure><\/div>\n\n\n<h2 class=\"wp-block-heading\">O que n\u00e3o pode faltar no roteiro amaz\u00f4nico?<\/h2>\n\n\n\n<p>A experi\u00eancia local exige conex\u00e3o com a natureza e respeito ao ritmo das \u00e1guas. O destino oferece desde o relaxamento na areia at\u00e9 a aventura na selva.<\/p>\n\n\n\n<ul class=\"wp-block-list\">\n<li><strong>Ilha do Amor<\/strong>: O cart\u00e3o-postal obrigat\u00f3rio; ideal para passar o dia em barracas de sap\u00ea comendo peixe frito.<\/li>\n\n\n\n<li><strong>Morro da Piraoca<\/strong>: O ponto mais alto da regi\u00e3o; uma trilha leva ao topo, oferecendo uma vista panor\u00e2mica de 360 graus do rio, do lago e da floresta.<\/li>\n\n\n\n<li><strong>Ponta de Pedras<\/strong>: Uma praia singular com forma\u00e7\u00f5es rochosas que formam cavernas e piscinas naturais, acess\u00edvel por barco ou estrada de terra.<\/li>\n\n\n\n<li><strong>Canal do Jari<\/strong>: Um passeio ecol\u00f3gico para observa\u00e7\u00e3o de p\u00e1ssaros, jacar\u00e9s, iguanas e as famosas vit\u00f3rias-r\u00e9gias.<\/li>\n<\/ul>\n\n\n\n<p><strong>Leia tamb\u00e9m: <a href=\"https:\/\/www.correiobraziliense.com.br\/cbradar\/o-que-significa-quando-um-sapo-aparece-na-porta-da-sua-casa\/\" target=\"_blank\" rel=\"noreferrer noopener\">O que significa quando um sapo aparece na porta da sua casa?<\/a><\/strong><\/p>\n\n\n<div class=\"wp-block-image\">\n<figure class=\"aligncenter size-large\"><img decoding=\"async\" width=\"1024\" height=\"576\" src=\"https:\/\/www.correiobraziliense.com.br\/cbradar\/wp-content\/uploads\/2025\/11\/Santos-Dumont-42-1024x576.png\" alt=\"Vila apelidada de \u201cCaribe da Amaz\u00f4nia\u201d est\u00e1 conquistando o mundo com suas \u00e1guas cristalinas\" class=\"wp-image-134114\" srcset=\"https:\/\/www.correiobraziliense.com.br\/cbradar\/wp-content\/uploads\/2025\/11\/Santos-Dumont-42-1024x576.png 1024w, https:\/\/www.correiobraziliense.com.br\/cbradar\/wp-content\/uploads\/2025\/11\/Santos-Dumont-42-300x169.png 300w, https:\/\/www.correiobraziliense.com.br\/cbradar\/wp-content\/uploads\/2025\/11\/Santos-Dumont-42-768x432.png 768w, https:\/\/www.correiobraziliense.com.br\/cbradar\/wp-content\/uploads\/2025\/11\/Santos-Dumont-42-750x422.png 750w, https:\/\/www.correiobraziliense.com.br\/cbradar\/wp-content\/uploads\/2025\/11\/Santos-Dumont-42-1140x641.png 1140w, https:\/\/www.correiobraziliense.com.br\/cbradar\/wp-content\/uploads\/2025\/11\/Santos-Dumont-42.png 1280w\" sizes=\"(max-width: 1024px) 100vw, 1024px\" \/><figcaption class=\"wp-element-caption\">A vila oferece festivais culturais, passeios de barco e gastronomia t\u00edpica da regi\u00e3o. \/\/ Cr\u00e9ditos: YouTube @Miapelomundo<\/figcaption><\/figure><\/div>\n\n\n<h2 class=\"wp-block-heading\">Quando ir: O Rio comanda a paisagem?<\/h2>\n\n\n\n<p><strong>O clima equatorial \u00e9 quente e \u00famido o ano todo, mas a paisagem muda radicalmente dependendo do n\u00edvel do rio.<\/strong> Existe o &#8220;Inverno Amaz\u00f4nico&#8221; (chuvas) e o &#8220;Ver\u00e3o Amaz\u00f4nico&#8221; (seca), que ocorre inversamente ao ver\u00e3o do sul\/sudeste.<\/p>\n\n\n\n<p>Segundo o <strong><a href=\"https:\/\/www.climatempo.com.br\/previsao-do-tempo\/cidade\/249\/santarem-pa\" target=\"_blank\" rel=\"noreferrer noopener\">Climatempo<\/a><\/strong>, acertar a \u00e9poca \u00e9 crucial para ver as praias.<\/p>\n\n\n\n<figure class=\"wp-block-table\"><table class=\"has-fixed-layout\"><thead><tr><th>Esta\u00e7\u00e3o\/Meses<\/th><th>Temperatura M\u00e9dia<\/th><th>O que esperar<\/th><\/tr><\/thead><tbody><tr><td>Ver\u00e3o Amaz\u00f4nico (Ago-Dez)<\/td><td>26\u00b0C a 34\u00b0C<\/td><td>Rio baixo (seca); auge das praias de areia branca. Setembro tem o <strong>Sair\u00e9<\/strong>.<\/td><\/tr><tr><td>Transi\u00e7\u00e3o (Jan\/Jul)<\/td><td>25\u00b0C a 32\u00b0C<\/td><td>O rio come\u00e7a a subir (Jan) ou descer (Jul); praias menores ou desaparecendo.<\/td><\/tr><tr><td>Inverno Amaz\u00f4nico (Fev-Jun)<\/td><td>24\u00b0C a 30\u00b0C<\/td><td>Chuvas intensas e rio cheio; as praias somem, mas \u00e9 ideal para passeios de barco na floresta inundada (igap\u00f3s).<\/td><\/tr><\/tbody><\/table><\/figure>\n\n\n\n<h2 class=\"wp-block-heading\">Motivos para navegar at\u00e9 o Tapaj\u00f3s<\/h2>\n\n\n\n<p><strong>Alter do Ch\u00e3o<\/strong> oferece uma Amaz\u00f4nia acess\u00edvel, segura e paradis\u00edaca.<\/p>\n\n\n\n<ul class=\"wp-block-list\">\n<li>A oportunidade de nadar em \u00e1guas mornas e doces sem a preocupa\u00e7\u00e3o com mosquitos \u00e9 \u00fanica na regi\u00e3o.<\/li>\n\n\n\n<li>A imers\u00e3o cultural do Sair\u00e9 revela um Brasil folcl\u00f3rico vibrante e colorido.<\/li>\n\n\n\n<li>O p\u00f4r do sol no Rio Tapaj\u00f3s \u00e9 frequentemente citado como um dos mais bonitos do mundo.<\/li>\n<\/ul>\n\n\n\n<p>Voc\u00ea precisa sentir a temperatura da \u00e1gua do Tapaj\u00f3s e ver o sol se p\u00f4r atr\u00e1s da Ilha do Amor para entender a magia do Caribe Amaz\u00f4nico.<\/p>\n","protected":false},"excerpt":{"rendered":"<p>Localizada a cerca de 35 km do aeroporto de Santar\u00e9m, Alter do Ch\u00e3o ganhou fama mundial ao ser eleita a praia de \u00e1gua doce mais bonita do mundo. O distrito \u00e9 o cart\u00e3o-postal do Tapaj\u00f3s, oferecendo um cen\u00e1rio surreal onde a floresta amaz\u00f4nica encontra \u00e1guas mornas, cristalinas e de um azul-turquesa impressionante. Por que \u00e9 [&hellip;]<\/p>\n","protected":false},"author":8,"featured_media":134110,"comment_status":"open","ping_status":"open","sticky":false,"template":"","format":"standard","meta":{"_yoast_wpseo_focuskw":"praia de \u00e1gua doce mais bonita","_yoast_wpseo_title":"","_yoast_wpseo_metadesc":"A praia de \u00e1gua doce mais bonita do mundo fica na Amaz\u00f4nia e impressiona pela cor das \u00e1guas. O motivo da fama surpreende.","jnews-multi-image_gallery":[],"jnews_single_post":{"format":"standard"},"jnews_primary_category":[],"jnews_social_meta":[],"jnews_override_counter":[],"footnotes":""},"categories":[108,111],"tags":[14088,7052,10503,7053],"class_list":["post-174881","post","type-post","status-publish","format-standard","has-post-thumbnail","hentry","category-cidades","category-turismo","tag-agua-doce-2","tag-alter-do-chao","tag-caribe-amazonico","tag-santarem"],"yoast_head":"<!-- This site is optimized with the Yoast SEO plugin v24.6 - https:\/\/yoast.com\/wordpress\/plugins\/seo\/ -->\n<title>O Caribe no meio da Amaz\u00f4nia foi eleito a praia de \u00e1gua doce mais bonita do mundo, segundo pesquisas - Correio Braziliense - Radar<\/title>\n<meta name=\"description\" content=\"A praia de \u00e1gua doce mais bonita do mundo fica na Amaz\u00f4nia e impressiona pela cor das \u00e1guas. O motivo da fama surpreende.\" \/>\n<meta name=\"robots\" content=\"index, follow, max-snippet:-1, max-image-preview:large, max-video-preview:-1\" \/>\n<link rel=\"canonical\" href=\"https:\/\/www.correiobraziliense.com.br\/cbradar\/o-caribe-no-meio-da-amazonia-foi-eleito-a-praia-de-agua-doce-mais-bonita-do-mundo-segundo-pesquisas\/\" \/>\n<meta property=\"og:locale\" content=\"pt_BR\" \/>\n<meta property=\"og:type\" content=\"article\" \/>\n<meta property=\"og:title\" content=\"O Caribe no meio da Amaz\u00f4nia foi eleito a praia de \u00e1gua doce mais bonita do mundo, segundo pesquisas - Correio Braziliense - Radar\" \/>\n<meta property=\"og:description\" content=\"A praia de \u00e1gua doce mais bonita do mundo fica na Amaz\u00f4nia e impressiona pela cor das \u00e1guas. O motivo da fama surpreende.\" \/>\n<meta property=\"og:url\" content=\"https:\/\/www.correiobraziliense.com.br\/cbradar\/o-caribe-no-meio-da-amazonia-foi-eleito-a-praia-de-agua-doce-mais-bonita-do-mundo-segundo-pesquisas\/\" \/>\n<meta property=\"og:site_name\" content=\"Correio Braziliense - Radar\" \/>\n<meta property=\"article:published_time\" content=\"2026-01-17T22:15:00+00:00\" \/>\n<meta property=\"og:image\" content=\"https:\/\/www.correiobraziliense.com.br\/cbradar\/wp-content\/uploads\/2025\/11\/Santos-Dumont-41.png\" \/>\n\t<meta property=\"og:image:width\" content=\"1280\" \/>\n\t<meta property=\"og:image:height\" content=\"720\" \/>\n\t<meta property=\"og:image:type\" content=\"image\/png\" \/>\n<meta name=\"author\" content=\"Maura Pereira\" \/>\n<meta name=\"twitter:card\" content=\"summary_large_image\" \/>\n<meta name=\"twitter:label1\" content=\"Escrito por\" \/>\n\t<meta name=\"twitter:data1\" content=\"Maura Pereira\" \/>\n\t<meta name=\"twitter:label2\" content=\"Est. tempo de leitura\" \/>\n\t<meta name=\"twitter:data2\" content=\"6 minutos\" \/>\n<!-- \/ Yoast SEO plugin. -->","yoast_head_json":{"title":"O Caribe no meio da Amaz\u00f4nia foi eleito a praia de \u00e1gua doce mais bonita do mundo, segundo pesquisas - Correio Braziliense - Radar","description":"A praia de \u00e1gua doce mais bonita do mundo fica na Amaz\u00f4nia e impressiona pela cor das \u00e1guas. O motivo da fama surpreende.","robots":{"index":"index","follow":"follow","max-snippet":"max-snippet:-1","max-image-preview":"max-image-preview:large","max-video-preview":"max-video-preview:-1"},"canonical":"https:\/\/www.correiobraziliense.com.br\/cbradar\/o-caribe-no-meio-da-amazonia-foi-eleito-a-praia-de-agua-doce-mais-bonita-do-mundo-segundo-pesquisas\/","og_locale":"pt_BR","og_type":"article","og_title":"O Caribe no meio da Amaz\u00f4nia foi eleito a praia de \u00e1gua doce mais bonita do mundo, segundo pesquisas - Correio Braziliense - Radar","og_description":"A praia de \u00e1gua doce mais bonita do mundo fica na Amaz\u00f4nia e impressiona pela cor das \u00e1guas. O motivo da fama surpreende.","og_url":"https:\/\/www.correiobraziliense.com.br\/cbradar\/o-caribe-no-meio-da-amazonia-foi-eleito-a-praia-de-agua-doce-mais-bonita-do-mundo-segundo-pesquisas\/","og_site_name":"Correio Braziliense - Radar","article_published_time":"2026-01-17T22:15:00+00:00","og_image":[{"width":1280,"height":720,"url":"https:\/\/www.correiobraziliense.com.br\/cbradar\/wp-content\/uploads\/2025\/11\/Santos-Dumont-41.png","type":"image\/png"}],"author":"Maura Pereira","twitter_card":"summary_large_image","twitter_misc":{"Escrito por":"Maura Pereira","Est. tempo de leitura":"6 minutos"},"schema":{"@context":"https:\/\/schema.org","@graph":[{"@type":"WebPage","@id":"https:\/\/www.correiobraziliense.com.br\/cbradar\/o-caribe-no-meio-da-amazonia-foi-eleito-a-praia-de-agua-doce-mais-bonita-do-mundo-segundo-pesquisas\/","url":"https:\/\/www.correiobraziliense.com.br\/cbradar\/o-caribe-no-meio-da-amazonia-foi-eleito-a-praia-de-agua-doce-mais-bonita-do-mundo-segundo-pesquisas\/","name":"O Caribe no meio da Amaz\u00f4nia foi eleito a praia de \u00e1gua doce mais bonita do mundo, segundo pesquisas - Correio Braziliense - Radar","isPartOf":{"@id":"https:\/\/www.correiobraziliense.com.br\/cbradar\/#website"},"primaryImageOfPage":{"@id":"https:\/\/www.correiobraziliense.com.br\/cbradar\/o-caribe-no-meio-da-amazonia-foi-eleito-a-praia-de-agua-doce-mais-bonita-do-mundo-segundo-pesquisas\/#primaryimage"},"image":{"@id":"https:\/\/www.correiobraziliense.com.br\/cbradar\/o-caribe-no-meio-da-amazonia-foi-eleito-a-praia-de-agua-doce-mais-bonita-do-mundo-segundo-pesquisas\/#primaryimage"},"thumbnailUrl":"https:\/\/www.correiobraziliense.com.br\/cbradar\/wp-content\/uploads\/2025\/11\/Santos-Dumont-41.png","datePublished":"2026-01-17T22:15:00+00:00","author":{"@id":"https:\/\/www.correiobraziliense.com.br\/cbradar\/#\/schema\/person\/4053c651a9bfc785afc6f4cbc9032fd3"},"description":"A praia de \u00e1gua doce mais bonita do mundo fica na Amaz\u00f4nia e impressiona pela cor das \u00e1guas. O motivo da fama surpreende.","breadcrumb":{"@id":"https:\/\/www.correiobraziliense.com.br\/cbradar\/o-caribe-no-meio-da-amazonia-foi-eleito-a-praia-de-agua-doce-mais-bonita-do-mundo-segundo-pesquisas\/#breadcrumb"},"inLanguage":"pt-BR","potentialAction":[{"@type":"ReadAction","target":["https:\/\/www.correiobraziliense.com.br\/cbradar\/o-caribe-no-meio-da-amazonia-foi-eleito-a-praia-de-agua-doce-mais-bonita-do-mundo-segundo-pesquisas\/"]}]},{"@type":"ImageObject","inLanguage":"pt-BR","@id":"https:\/\/www.correiobraziliense.com.br\/cbradar\/o-caribe-no-meio-da-amazonia-foi-eleito-a-praia-de-agua-doce-mais-bonita-do-mundo-segundo-pesquisas\/#primaryimage","url":"https:\/\/www.correiobraziliense.com.br\/cbradar\/wp-content\/uploads\/2025\/11\/Santos-Dumont-41.png","contentUrl":"https:\/\/www.correiobraziliense.com.br\/cbradar\/wp-content\/uploads\/2025\/11\/Santos-Dumont-41.png","width":1280,"height":720,"caption":"Alter do Ch\u00e3o tem praias de rio reconhecidas mundialmente e realiza o tradicional Festival dos Botos em setembro. \/\/ Cr\u00e9ditos: YouTube @maicoabreu"},{"@type":"BreadcrumbList","@id":"https:\/\/www.correiobraziliense.com.br\/cbradar\/o-caribe-no-meio-da-amazonia-foi-eleito-a-praia-de-agua-doce-mais-bonita-do-mundo-segundo-pesquisas\/#breadcrumb","itemListElement":[{"@type":"ListItem","position":1,"name":"In\u00edcio","item":"https:\/\/www.correiobraziliense.com.br\/cbradar\/"},{"@type":"ListItem","position":2,"name":"O Caribe no meio da Amaz\u00f4nia foi eleito a praia de \u00e1gua doce mais bonita do mundo, segundo pesquisas"}]},{"@type":"WebSite","@id":"https:\/\/www.correiobraziliense.com.br\/cbradar\/#website","url":"https:\/\/www.correiobraziliense.com.br\/cbradar\/","name":"Correio Braziliense - Radar","description":"Acompanhe as \u00faltimas not\u00edcias e fique bem informado sobre tudo o que acontece no Brasil e no mundo.","potentialAction":[{"@type":"SearchAction","target":{"@type":"EntryPoint","urlTemplate":"https:\/\/www.correiobraziliense.com.br\/cbradar\/?s={search_term_string}"},"query-input":{"@type":"PropertyValueSpecification","valueRequired":true,"valueName":"search_term_string"}}],"inLanguage":"pt-BR"},{"@type":"Person","@id":"https:\/\/www.correiobraziliense.com.br\/cbradar\/#\/schema\/person\/4053c651a9bfc785afc6f4cbc9032fd3","name":"Maura Pereira","image":{"@type":"ImageObject","inLanguage":"pt-BR","@id":"https:\/\/www.correiobraziliense.com.br\/cbradar\/#\/schema\/person\/image\/","url":"https:\/\/secure.gravatar.com\/avatar\/3effd6bdadfa447f15089c7f7144eaa6?s=96&d=mm&r=g","contentUrl":"https:\/\/secure.gravatar.com\/avatar\/3effd6bdadfa447f15089c7f7144eaa6?s=96&d=mm&r=g","caption":"Maura Pereira"},"sameAs":["https:\/\/www.correiobraziliense.com.br\/"],"url":"https:\/\/www.correiobraziliense.com.br\/cbradar\/author\/mauramyth\/"}]}},"_links":{"self":[{"href":"https:\/\/www.correiobraziliense.com.br\/cbradar\/wp-json\/wp\/v2\/posts\/174881","targetHints":{"allow":["GET"]}}],"collection":[{"href":"https:\/\/www.correiobraziliense.com.br\/cbradar\/wp-json\/wp\/v2\/posts"}],"about":[{"href":"https:\/\/www.correiobraziliense.com.br\/cbradar\/wp-json\/wp\/v2\/types\/post"}],"author":[{"embeddable":true,"href":"https:\/\/www.correiobraziliense.com.br\/cbradar\/wp-json\/wp\/v2\/users\/8"}],"replies":[{"embeddable":true,"href":"https:\/\/www.correiobraziliense.com.br\/cbradar\/wp-json\/wp\/v2\/comments?post=174881"}],"version-history":[{"count":15,"href":"https:\/\/www.correiobraziliense.com.br\/cbradar\/wp-json\/wp\/v2\/posts\/174881\/revisions"}],"predecessor-version":[{"id":175998,"href":"https:\/\/www.correiobraziliense.com.br\/cbradar\/wp-json\/wp\/v2\/posts\/174881\/revisions\/175998"}],"wp:featuredmedia":[{"embeddable":true,"href":"https:\/\/www.correiobraziliense.com.br\/cbradar\/wp-json\/wp\/v2\/media\/134110"}],"wp:attachment":[{"href":"https:\/\/www.correiobraziliense.com.br\/cbradar\/wp-json\/wp\/v2\/media?parent=174881"}],"wp:term":[{"taxonomy":"category","embeddable":true,"href":"https:\/\/www.correiobraziliense.com.br\/cbradar\/wp-json\/wp\/v2\/categories?post=174881"},{"taxonomy":"post_tag","embeddable":true,"href":"https:\/\/www.correiobraziliense.com.br\/cbradar\/wp-json\/wp\/v2\/tags?post=174881"}],"curies":[{"name":"wp","href":"https:\/\/api.w.org\/{rel}","templated":true}]}}