{"id":174904,"date":"2026-01-18T11:45:00","date_gmt":"2026-01-18T14:45:00","guid":{"rendered":"https:\/\/www.correiobraziliense.com.br\/cbradar\/?p=174904"},"modified":"2026-01-16T06:05:44","modified_gmt":"2026-01-16T09:05:44","slug":"a-4a-cidade-mais-antiga-do-brasil-fundada-em-1590-chama-atencao-por-causar-uma-autentica-viagem-no-tempo","status":"publish","type":"post","link":"https:\/\/www.correiobraziliense.com.br\/cbradar\/a-4a-cidade-mais-antiga-do-brasil-fundada-em-1590-chama-atencao-por-causar-uma-autentica-viagem-no-tempo\/","title":{"rendered":"A 4\u00aa cidade mais antiga do Brasil, fundada em 1590, chama aten\u00e7\u00e3o por causar uma aut\u00eantica viagem no tempo"},"content":{"rendered":"\n<p>Fundada em 1590 e localizada a apenas 25 km de <strong>Aracaju<\/strong>, <strong>S\u00e3o Crist\u00f3v\u00e3o<\/strong> n\u00e3o \u00e9 apenas a quarta cidade mais antiga do <strong>Brasil<\/strong>; \u00e9 um tesouro arquitet\u00f4nico reconhecido mundialmente. O munic\u00edpio <strong>sancristovense<\/strong>, que foi a primeira capital de <strong>Sergipe<\/strong>, destaca-se por abrigar a \u00fanica pra\u00e7a no pa\u00eds tra\u00e7ada sob a ordena\u00e7\u00e3o filipina, uma heran\u00e7a rara do per\u00edodo em que as coroas de Portugal e Espanha estiveram unidas.<\/p>\n\n\n\n<h2 class=\"wp-block-heading\">Por que a cidade \u00e9 Patrim\u00f4nio Mundial da UNESCO?<\/h2>\n\n\n\n<p>O cora\u00e7\u00e3o do turismo local \u00e9 a <strong>Pra\u00e7a S\u00e3o Francisco<\/strong>, chancelada pela <strong>UNESCO<\/strong> como Patrim\u00f4nio da Humanidade. Diferente das pra\u00e7as portuguesas coloniais, que seguiam o relevo natural, este espa\u00e7o foi desenhado com rigor geom\u00e9trico espanhol, criando uma perspectiva monumental \u00fanica no Brasil. Cercada por edif\u00edcios grandiosos como a Igreja e Convento de S\u00e3o Francisco e o Pal\u00e1cio Provincial, a pra\u00e7a \u00e9 um museu a c\u00e9u aberto que transporta o visitante diretamente para o s\u00e9culo XVII.<\/p>\n\n\n\n<p>Caminhar por suas pedras \u00e9 testemunhar a fus\u00e3o da hist\u00f3ria ib\u00e9rica. A cidade preserva um conjunto harmonioso de igrejas e sobrados que narram a funda\u00e7\u00e3o do estado e as disputas territoriais que moldaram o Nordeste, mantendo viva a atmosfera de uma cidade imperial.<\/p>\n\n\n<div class=\"wp-block-image\">\n<figure class=\"aligncenter size-large\"><img decoding=\"async\" width=\"1024\" height=\"576\" src=\"https:\/\/www.correiobraziliense.com.br\/cbradar\/wp-content\/uploads\/2025\/12\/Design-sem-nome-55-1024x576.png\" alt=\"A 4\u00aa cidade mais antiga do Brasil, fundada em 1590, chama aten\u00e7\u00e3o por causar uma aut\u00eantica viagem no tempo\" class=\"wp-image-158312\" srcset=\"https:\/\/www.correiobraziliense.com.br\/cbradar\/wp-content\/uploads\/2025\/12\/Design-sem-nome-55-1024x576.png 1024w, https:\/\/www.correiobraziliense.com.br\/cbradar\/wp-content\/uploads\/2025\/12\/Design-sem-nome-55-300x169.png 300w, https:\/\/www.correiobraziliense.com.br\/cbradar\/wp-content\/uploads\/2025\/12\/Design-sem-nome-55-768x432.png 768w, https:\/\/www.correiobraziliense.com.br\/cbradar\/wp-content\/uploads\/2025\/12\/Design-sem-nome-55-750x422.png 750w, https:\/\/www.correiobraziliense.com.br\/cbradar\/wp-content\/uploads\/2025\/12\/Design-sem-nome-55-1140x641.png 1140w, https:\/\/www.correiobraziliense.com.br\/cbradar\/wp-content\/uploads\/2025\/12\/Design-sem-nome-55.png 1280w\" sizes=\"(max-width: 1024px) 100vw, 1024px\" \/><figcaption class=\"wp-element-caption\">S\u00e3o Crist\u00f3v\u00e3o encanta com ruas de pedra, casario colonial e a Pra\u00e7a S\u00e3o Francisco, onde o tempo parece ter parado em meio a igrejas, museus e serenidade. \/\/ Cr\u00e9ditos: Wikip\u00e9dia<\/figcaption><\/figure><\/div>\n\n\n<h2 class=\"wp-block-heading\">Onde a f\u00e9 se encontra com a arte sacra?<\/h2>\n\n\n\n<p>O turismo religioso em <strong>S\u00e3o Crist\u00f3v\u00e3o<\/strong> \u00e9 um dos mais fortes do estado. A cidade abriga o <strong>Museu de Arte Sacra de Sergipe<\/strong>, instalado na antiga<strong> Ordem Terceira de S\u00e3o Francisco<\/strong>, considerado um dos tr\u00eas mais importantes do pa\u00eds. Seu acervo de mais de 500 pe\u00e7as inclui imagens de santos com tra\u00e7os orientais e mobili\u00e1rio de jacarand\u00e1 que impressionam pela riqueza de detalhes.<\/p>\n\n\n\n<p>Outra curiosidade que atrai peregrinos e turistas \u00e9 o <strong>Cristo Redentor<\/strong> da cidade. Erguido em 1926, ele \u00e9 mais antigo que o famoso monumento do Rio de Janeiro, vigiando a cidade do alto de uma colina e oferecendo uma vista panor\u00e2mica espetacular do conjunto hist\u00f3rico.<\/p>\n\n\n\n<h2 class=\"wp-block-heading\">Qual festival transforma a cidade em palco cultural?<\/h2>\n\n\n\n<p>Anualmente, a cidade sedia o <strong>Festival de Artes de S\u00e3o Crist\u00f3v\u00e3o<\/strong> (<strong>FASC<\/strong>), um dos eventos multiculturais mais importantes do Nordeste. Durante o festival, as ruas hist\u00f3ricas, igrejas e pra\u00e7as s\u00e3o ocupadas por teatro, m\u00fasica, dan\u00e7a e literatura, criando uma efervesc\u00eancia que mistura a tradi\u00e7\u00e3o do folclore local (como o Reisado e as Caceteiras) com a vanguarda art\u00edstica contempor\u00e2nea.<\/p>\n\n\n\n<p><strong>Descubra a hist\u00f3ria e as tradi\u00e7\u00f5es da quarta cidade mais antiga do Brasil e a primeira capital de Sergipe. <\/strong>O v\u00eddeo \u00e9 do canal <strong>Boa Sorte Viajante &#8211; Matheus Boa Sorte,<\/strong> que conta com mais de<strong> 250 mil inscritos<\/strong>, e apresenta S\u00e3o Crist\u00f3v\u00e3o, destacando sua arquitetura colonial preservada, a Pra\u00e7a S\u00e3o Francisco (Patrim\u00f4nio da Humanidade), o legado de Irm\u00e3 Dulce e as del\u00edcias gastron\u00f4micas como a queijadinha e os bricelets:<\/p>\n\n\n\n<figure class=\"wp-block-embed aligncenter is-type-video is-provider-youtube wp-block-embed-youtube wp-embed-aspect-16-9 wp-has-aspect-ratio\"><div class=\"wp-block-embed__wrapper\">\n<div class=\"jeg_video_container jeg_video_content\"><iframe loading=\"lazy\" title=\"4\u00aa cidade mais antiga do Brasil, S\u00e3o Crist\u00f3v\u00e3o foi a primeira capital de Sergipe!\" width=\"500\" height=\"281\" src=\"https:\/\/www.youtube.com\/embed\/2nWwu6eT2s4?start=5&#038;feature=oembed\" frameborder=\"0\" allow=\"accelerometer; autoplay; clipboard-write; encrypted-media; gyroscope; picture-in-picture; web-share\" referrerpolicy=\"strict-origin-when-cross-origin\" allowfullscreen><\/iframe><\/div>\n<\/div><\/figure>\n\n\n\n<h2 class=\"wp-block-heading\">O que provar na tradi\u00e7\u00e3o conventual?<\/h2>\n\n\n\n<p>A gastronomia local \u00e9 uma atra\u00e7\u00e3o \u00e0 parte, profundamente marcada pela do\u00e7aria conventual. \u00c9 imposs\u00edvel visitar a cidade sem provar os famosos <strong>Bricelets<\/strong>, biscoitos finos e crocantes com sabor de laranja e lim\u00e3o, cuja receita \u00e9 guardada a sete chaves pelas freiras locais. Outra iguaria obrigat\u00f3ria \u00e9 a <strong>Queijada de S\u00e3o Crist\u00f3v\u00e3o<\/strong>, um doce t\u00edpico que difere da vers\u00e3o portuguesa e \u00e9 considerado patrim\u00f4nio imaterial de Sergipe.<\/p>\n\n\n\n<p>Para um roteiro hist\u00f3rico completo, inclua:<\/p>\n\n\n\n<ul class=\"wp-block-list\">\n<li><strong>Pra\u00e7a S\u00e3o Francisco<\/strong>: O ponto de partida obrigat\u00f3rio para entender a import\u00e2ncia global da cidade.<\/li>\n\n\n\n<li><strong>Igreja e Convento do Carmo<\/strong>: Local onde Irm\u00e3 Dulce iniciou sua vida religiosa; abriga o Memorial da Santa com rel\u00edquias e a cela onde ela viveu.<\/li>\n\n\n\n<li><strong>Museu Hist\u00f3rico de Sergipe<\/strong>: Situado no antigo Pal\u00e1cio Provincial, conta a trajet\u00f3ria pol\u00edtica e social do estado.<\/li>\n\n\n\n<li><strong>Igreja Matriz de Nossa Senhora da Vit\u00f3ria<\/strong>: O templo mais antigo da cidade, que guarda marcas da invas\u00e3o holandesa e da restaura\u00e7\u00e3o portuguesa.<\/li>\n<\/ul>\n\n\n\n<p><strong>Leia tamb\u00e9m: <a href=\"https:\/\/www.correiobraziliense.com.br\/cbradar\/os-inteligentes-da-turma-costumam-nascer-nesses-meses-segundo-pesquisa\/\" target=\"_blank\" rel=\"noreferrer noopener\">Os inteligentes da turma costumam nascer nesses meses, segundo pesquisa.<\/a><\/strong><\/p>\n\n\n<div class=\"wp-block-image\">\n<figure class=\"aligncenter size-large\"><img decoding=\"async\" width=\"1024\" height=\"576\" src=\"https:\/\/www.correiobraziliense.com.br\/cbradar\/wp-content\/uploads\/2025\/12\/Design-sem-nome-57-1024x576.png\" alt=\"\" class=\"wp-image-158314\" srcset=\"https:\/\/www.correiobraziliense.com.br\/cbradar\/wp-content\/uploads\/2025\/12\/Design-sem-nome-57-1024x576.png 1024w, https:\/\/www.correiobraziliense.com.br\/cbradar\/wp-content\/uploads\/2025\/12\/Design-sem-nome-57-300x169.png 300w, https:\/\/www.correiobraziliense.com.br\/cbradar\/wp-content\/uploads\/2025\/12\/Design-sem-nome-57-768x432.png 768w, https:\/\/www.correiobraziliense.com.br\/cbradar\/wp-content\/uploads\/2025\/12\/Design-sem-nome-57-750x422.png 750w, https:\/\/www.correiobraziliense.com.br\/cbradar\/wp-content\/uploads\/2025\/12\/Design-sem-nome-57-1140x641.png 1140w, https:\/\/www.correiobraziliense.com.br\/cbradar\/wp-content\/uploads\/2025\/12\/Design-sem-nome-57.png 1280w\" sizes=\"(max-width: 1024px) 100vw, 1024px\" \/><figcaption class=\"wp-element-caption\">S\u00e3o Crist\u00f3v\u00e3o \u00e9 conhecida como \u201cCidade M\u00e3e de Sergipe\u201d, por ter sido ber\u00e7o pol\u00edtico e administrativo do estado, com forte legado religioso e cultural preservado. \/\/ Cr\u00e9ditos: YouTube @ViajandotodoobrasilBr<\/figcaption><\/figure><\/div>\n\n\n<h2 class=\"wp-block-heading\">O calor predomina na cidade hist\u00f3rica?<\/h2>\n\n\n\n<p><strong>O clima tropical quente e \u00famido \u00e9 constante, t\u00edpico do litoral sergipano. <\/strong>O sol brilha forte na maior parte do ano, o que real\u00e7a a beleza das fachadas coloridas, mas exige prote\u00e7\u00e3o e hidrata\u00e7\u00e3o durante as caminhadas nas ladeiras de pedra.<\/p>\n\n\n\n<p>Segundo o <strong><a href=\"https:\/\/www.climatempo.com.br\/previsao-do-tempo\/cidade\/1463\/saocristovao-se\" target=\"_blank\" rel=\"noreferrer noopener\">Climatempo<\/a><\/strong>, as chuvas concentram-se no meio do ano, mas o calor persiste.<\/p>\n\n\n\n<figure class=\"wp-block-table\"><table class=\"has-fixed-layout\"><thead><tr><th>Esta\u00e7\u00e3o\/Meses<\/th><th>Temperatura M\u00e9dia<\/th><th>O que esperar<\/th><\/tr><\/thead><tbody><tr><td>Ver\u00e3o (Dez-Mar)<\/td><td>25\u00b0C a 32\u00b0C<\/td><td>Sol intenso e pouca chuva; ideal para fotos na Pra\u00e7a S\u00e3o Francisco.<\/td><\/tr><tr><td>Outono (Abr-Jun)<\/td><td>24\u00b0C a 30\u00b0C<\/td><td>In\u00edcio da esta\u00e7\u00e3o chuvosa (inverno nordestino); clima abafado.<\/td><\/tr><tr><td>Inverno (Jun-Ago)<\/td><td>22\u00b0C a 28\u00b0C<\/td><td>Chuvas frequentes e temperaturas amenas; ideal para museus e gastronomia.<\/td><\/tr><tr><td>Primavera (Set-Dez)<\/td><td>24\u00b0C a 31\u00b0C<\/td><td>Retorno do tempo firme; a cidade se prepara para o FASC (geralmente em novembro\/dezembro).<\/td><\/tr><\/tbody><\/table><\/figure>\n\n\n\n<h2 class=\"wp-block-heading\">Motivos para visitar a Primeira Capital<\/h2>\n\n\n\n<p><strong>S\u00e3o Crist\u00f3v\u00e3o<\/strong> oferece uma aula de hist\u00f3ria ao vivo com exclusividade mundial.<\/p>\n\n\n\n<ul class=\"wp-block-list\">\n<li>A chancela da UNESCO na <strong>Pra\u00e7a S\u00e3o Francisco<\/strong> garante a visita a um patrim\u00f4nio \u00fanico nas Am\u00e9ricas.<\/li>\n\n\n\n<li>A tradi\u00e7\u00e3o dos <strong>Bricelets<\/strong> e das Queijadas oferece uma experi\u00eancia gastron\u00f4mica secular.<\/li>\n\n\n\n<li>A efervesc\u00eancia cultural do <strong>FASC<\/strong> prova que a cidade hist\u00f3rica respira arte moderna e folclore vivo.<\/li>\n<\/ul>\n\n\n\n<p>Voc\u00ea precisa caminhar pelo cal\u00e7amento secular desta cidade e sentir o peso da hist\u00f3ria que une o Brasil, Portugal e Espanha em um s\u00f3 lugar.<\/p>\n","protected":false},"excerpt":{"rendered":"<p>Fundada em 1590 e localizada a apenas 25 km de Aracaju, S\u00e3o Crist\u00f3v\u00e3o n\u00e3o \u00e9 apenas a quarta cidade mais antiga do Brasil; \u00e9 um tesouro arquitet\u00f4nico reconhecido mundialmente. O munic\u00edpio sancristovense, que foi a primeira capital de Sergipe, destaca-se por abrigar a \u00fanica pra\u00e7a no pa\u00eds tra\u00e7ada sob a ordena\u00e7\u00e3o filipina, uma heran\u00e7a rara [&hellip;]<\/p>\n","protected":false},"author":8,"featured_media":158311,"comment_status":"open","ping_status":"open","sticky":false,"template":"","format":"standard","meta":{"_yoast_wpseo_focuskw":"cidade mais antiga do brasil","_yoast_wpseo_title":"","_yoast_wpseo_metadesc":"Fundada em 1590, a quarta cidade mais antiga do Brasil encanta turistas com arquitetura preservada e clima de viagem no tempo. Descubra.","jnews-multi-image_gallery":[],"jnews_single_post":{"format":"standard"},"jnews_primary_category":[],"jnews_social_meta":[],"jnews_override_counter":[],"footnotes":""},"categories":[108,111],"post_tag":[225,12948,12947],"class_list":["post-174904","post","type-post","status-publish","format-standard","has-post-thumbnail","hentry","category-cidades","category-turismo","tag-brasil","tag-sao-cristovao","tag-sergipe"],"yoast_head":"<!-- This site is optimized with the Yoast SEO plugin v24.6 - https:\/\/yoast.com\/wordpress\/plugins\/seo\/ -->\n<title>A 4\u00aa cidade mais antiga do Brasil, fundada em 1590, chama aten\u00e7\u00e3o por causar uma aut\u00eantica viagem no tempo - Correio Braziliense - Radar<\/title>\n<meta name=\"description\" content=\"Fundada em 1590, a quarta cidade mais antiga do Brasil encanta turistas com arquitetura preservada e clima de viagem no tempo. Descubra.\" \/>\n<meta name=\"robots\" content=\"index, follow, max-snippet:-1, max-image-preview:large, max-video-preview:-1\" \/>\n<link rel=\"canonical\" href=\"https:\/\/www.correiobraziliense.com.br\/cbradar\/a-4a-cidade-mais-antiga-do-brasil-fundada-em-1590-chama-atencao-por-causar-uma-autentica-viagem-no-tempo\/\" \/>\n<meta property=\"og:locale\" content=\"pt_BR\" \/>\n<meta property=\"og:type\" content=\"article\" \/>\n<meta property=\"og:title\" content=\"A 4\u00aa cidade mais antiga do Brasil, fundada em 1590, chama aten\u00e7\u00e3o por causar uma aut\u00eantica viagem no tempo - Correio Braziliense - Radar\" \/>\n<meta property=\"og:description\" content=\"Fundada em 1590, a quarta cidade mais antiga do Brasil encanta turistas com arquitetura preservada e clima de viagem no tempo. Descubra.\" \/>\n<meta property=\"og:url\" content=\"https:\/\/www.correiobraziliense.com.br\/cbradar\/a-4a-cidade-mais-antiga-do-brasil-fundada-em-1590-chama-atencao-por-causar-uma-autentica-viagem-no-tempo\/\" \/>\n<meta property=\"og:site_name\" content=\"Correio Braziliense - Radar\" \/>\n<meta property=\"article:published_time\" content=\"2026-01-18T14:45:00+00:00\" \/>\n<meta property=\"og:image\" content=\"https:\/\/www.correiobraziliense.com.br\/cbradar\/wp-content\/uploads\/2025\/12\/Design-sem-nome-56.png\" \/>\n\t<meta property=\"og:image:width\" content=\"1280\" \/>\n\t<meta property=\"og:image:height\" content=\"720\" \/>\n\t<meta property=\"og:image:type\" content=\"image\/png\" \/>\n<meta name=\"author\" content=\"Maura Pereira\" \/>\n<meta name=\"twitter:card\" content=\"summary_large_image\" \/>\n<meta name=\"twitter:label1\" content=\"Escrito por\" \/>\n\t<meta name=\"twitter:data1\" content=\"Maura Pereira\" \/>\n\t<meta name=\"twitter:label2\" content=\"Est. tempo de leitura\" \/>\n\t<meta name=\"twitter:data2\" content=\"6 minutos\" \/>\n<!-- \/ Yoast SEO plugin. -->","yoast_head_json":{"title":"A 4\u00aa cidade mais antiga do Brasil, fundada em 1590, chama aten\u00e7\u00e3o por causar uma aut\u00eantica viagem no tempo - Correio Braziliense - Radar","description":"Fundada em 1590, a quarta cidade mais antiga do Brasil encanta turistas com arquitetura preservada e clima de viagem no tempo. Descubra.","robots":{"index":"index","follow":"follow","max-snippet":"max-snippet:-1","max-image-preview":"max-image-preview:large","max-video-preview":"max-video-preview:-1"},"canonical":"https:\/\/www.correiobraziliense.com.br\/cbradar\/a-4a-cidade-mais-antiga-do-brasil-fundada-em-1590-chama-atencao-por-causar-uma-autentica-viagem-no-tempo\/","og_locale":"pt_BR","og_type":"article","og_title":"A 4\u00aa cidade mais antiga do Brasil, fundada em 1590, chama aten\u00e7\u00e3o por causar uma aut\u00eantica viagem no tempo - Correio Braziliense - Radar","og_description":"Fundada em 1590, a quarta cidade mais antiga do Brasil encanta turistas com arquitetura preservada e clima de viagem no tempo. Descubra.","og_url":"https:\/\/www.correiobraziliense.com.br\/cbradar\/a-4a-cidade-mais-antiga-do-brasil-fundada-em-1590-chama-atencao-por-causar-uma-autentica-viagem-no-tempo\/","og_site_name":"Correio Braziliense - Radar","article_published_time":"2026-01-18T14:45:00+00:00","og_image":[{"width":1280,"height":720,"url":"https:\/\/www.correiobraziliense.com.br\/cbradar\/wp-content\/uploads\/2025\/12\/Design-sem-nome-56.png","type":"image\/png"}],"author":"Maura Pereira","twitter_card":"summary_large_image","twitter_misc":{"Escrito por":"Maura Pereira","Est. tempo de leitura":"6 minutos"},"schema":{"@context":"https:\/\/schema.org","@graph":[{"@type":"WebPage","@id":"https:\/\/www.correiobraziliense.com.br\/cbradar\/a-4a-cidade-mais-antiga-do-brasil-fundada-em-1590-chama-atencao-por-causar-uma-autentica-viagem-no-tempo\/","url":"https:\/\/www.correiobraziliense.com.br\/cbradar\/a-4a-cidade-mais-antiga-do-brasil-fundada-em-1590-chama-atencao-por-causar-uma-autentica-viagem-no-tempo\/","name":"A 4\u00aa cidade mais antiga do Brasil, fundada em 1590, chama aten\u00e7\u00e3o por causar uma aut\u00eantica viagem no tempo - Correio Braziliense - Radar","isPartOf":{"@id":"https:\/\/www.correiobraziliense.com.br\/cbradar\/#website"},"primaryImageOfPage":{"@id":"https:\/\/www.correiobraziliense.com.br\/cbradar\/a-4a-cidade-mais-antiga-do-brasil-fundada-em-1590-chama-atencao-por-causar-uma-autentica-viagem-no-tempo\/#primaryimage"},"image":{"@id":"https:\/\/www.correiobraziliense.com.br\/cbradar\/a-4a-cidade-mais-antiga-do-brasil-fundada-em-1590-chama-atencao-por-causar-uma-autentica-viagem-no-tempo\/#primaryimage"},"thumbnailUrl":"https:\/\/www.correiobraziliense.com.br\/cbradar\/wp-content\/uploads\/2025\/12\/Design-sem-nome-56.png","datePublished":"2026-01-18T14:45:00+00:00","author":{"@id":"https:\/\/www.correiobraziliense.com.br\/cbradar\/#\/schema\/person\/4053c651a9bfc785afc6f4cbc9032fd3"},"description":"Fundada em 1590, a quarta cidade mais antiga do Brasil encanta turistas com arquitetura preservada e clima de viagem no tempo. Descubra.","breadcrumb":{"@id":"https:\/\/www.correiobraziliense.com.br\/cbradar\/a-4a-cidade-mais-antiga-do-brasil-fundada-em-1590-chama-atencao-por-causar-uma-autentica-viagem-no-tempo\/#breadcrumb"},"inLanguage":"pt-BR","potentialAction":[{"@type":"ReadAction","target":["https:\/\/www.correiobraziliense.com.br\/cbradar\/a-4a-cidade-mais-antiga-do-brasil-fundada-em-1590-chama-atencao-por-causar-uma-autentica-viagem-no-tempo\/"]}]},{"@type":"ImageObject","inLanguage":"pt-BR","@id":"https:\/\/www.correiobraziliense.com.br\/cbradar\/a-4a-cidade-mais-antiga-do-brasil-fundada-em-1590-chama-atencao-por-causar-uma-autentica-viagem-no-tempo\/#primaryimage","url":"https:\/\/www.correiobraziliense.com.br\/cbradar\/wp-content\/uploads\/2025\/12\/Design-sem-nome-56.png","contentUrl":"https:\/\/www.correiobraziliense.com.br\/cbradar\/wp-content\/uploads\/2025\/12\/Design-sem-nome-56.png","width":1280,"height":720,"caption":"S\u00e3o Crist\u00f3v\u00e3o encanta ao combinar religiosidade, patrim\u00f4nio hist\u00f3rico e sabores t\u00edpicos, oferecendo aos visitantes uma experi\u00eancia cultural completa em Sergipe. \/\/ Cr\u00e9ditos: Wikipedia"},{"@type":"BreadcrumbList","@id":"https:\/\/www.correiobraziliense.com.br\/cbradar\/a-4a-cidade-mais-antiga-do-brasil-fundada-em-1590-chama-atencao-por-causar-uma-autentica-viagem-no-tempo\/#breadcrumb","itemListElement":[{"@type":"ListItem","position":1,"name":"In\u00edcio","item":"https:\/\/www.correiobraziliense.com.br\/cbradar\/"},{"@type":"ListItem","position":2,"name":"A 4\u00aa cidade mais antiga do Brasil, fundada em 1590, chama aten\u00e7\u00e3o por causar uma aut\u00eantica viagem no tempo"}]},{"@type":"WebSite","@id":"https:\/\/www.correiobraziliense.com.br\/cbradar\/#website","url":"https:\/\/www.correiobraziliense.com.br\/cbradar\/","name":"Correio Braziliense - Radar","description":"Acompanhe as \u00faltimas not\u00edcias e fique bem informado sobre tudo o que acontece no Brasil e no mundo.","potentialAction":[{"@type":"SearchAction","target":{"@type":"EntryPoint","urlTemplate":"https:\/\/www.correiobraziliense.com.br\/cbradar\/?s={search_term_string}"},"query-input":{"@type":"PropertyValueSpecification","valueRequired":true,"valueName":"search_term_string"}}],"inLanguage":"pt-BR"},{"@type":"Person","@id":"https:\/\/www.correiobraziliense.com.br\/cbradar\/#\/schema\/person\/4053c651a9bfc785afc6f4cbc9032fd3","name":"Maura Pereira","image":{"@type":"ImageObject","inLanguage":"pt-BR","@id":"https:\/\/www.correiobraziliense.com.br\/cbradar\/#\/schema\/person\/image\/","url":"https:\/\/secure.gravatar.com\/avatar\/3effd6bdadfa447f15089c7f7144eaa6?s=96&d=mm&r=g","contentUrl":"https:\/\/secure.gravatar.com\/avatar\/3effd6bdadfa447f15089c7f7144eaa6?s=96&d=mm&r=g","caption":"Maura Pereira"},"sameAs":["https:\/\/www.correiobraziliense.com.br\/"],"url":"https:\/\/www.correiobraziliense.com.br\/cbradar\/author\/mauramyth\/"}]}},"_links":{"self":[{"href":"https:\/\/www.correiobraziliense.com.br\/cbradar\/wp-json\/wp\/v2\/posts\/174904","targetHints":{"allow":["GET"]}}],"collection":[{"href":"https:\/\/www.correiobraziliense.com.br\/cbradar\/wp-json\/wp\/v2\/posts"}],"about":[{"href":"https:\/\/www.correiobraziliense.com.br\/cbradar\/wp-json\/wp\/v2\/types\/post"}],"author":[{"embeddable":true,"href":"https:\/\/www.correiobraziliense.com.br\/cbradar\/wp-json\/wp\/v2\/users\/8"}],"replies":[{"embeddable":true,"href":"https:\/\/www.correiobraziliense.com.br\/cbradar\/wp-json\/wp\/v2\/comments?post=174904"}],"version-history":[{"count":13,"href":"https:\/\/www.correiobraziliense.com.br\/cbradar\/wp-json\/wp\/v2\/posts\/174904\/revisions"}],"predecessor-version":[{"id":176059,"href":"https:\/\/www.correiobraziliense.com.br\/cbradar\/wp-json\/wp\/v2\/posts\/174904\/revisions\/176059"}],"wp:featuredmedia":[{"embeddable":true,"href":"https:\/\/www.correiobraziliense.com.br\/cbradar\/wp-json\/wp\/v2\/media\/158311"}],"wp:attachment":[{"href":"https:\/\/www.correiobraziliense.com.br\/cbradar\/wp-json\/wp\/v2\/media?parent=174904"}],"wp:term":[{"taxonomy":"category","embeddable":true,"href":"https:\/\/www.correiobraziliense.com.br\/cbradar\/wp-json\/wp\/v2\/categories?post=174904"},{"taxonomy":"post_tag","embeddable":true,"href":"https:\/\/www.correiobraziliense.com.br\/cbradar\/wp-json\/wp\/v2\/post_tag?post=174904"}],"curies":[{"name":"wp","href":"https:\/\/api.w.org\/{rel}","templated":true}]}}