{"id":174906,"date":"2026-01-18T14:05:00","date_gmt":"2026-01-18T17:05:00","guid":{"rendered":"https:\/\/www.correiobraziliense.com.br\/cbradar\/?p=174906"},"modified":"2026-01-16T06:24:28","modified_gmt":"2026-01-16T09:24:28","slug":"essa-cidade-do-nordeste-e-um-solo-sagrado-e-teve-uma-guardia-que-guardou-tradicoes-orais-e-memorias-ancestrais-com-mais-de-700-anos","status":"publish","type":"post","link":"https:\/\/www.correiobraziliense.com.br\/cbradar\/essa-cidade-do-nordeste-e-um-solo-sagrado-e-teve-uma-guardia-que-guardou-tradicoes-orais-e-memorias-ancestrais-com-mais-de-700-anos\/","title":{"rendered":"Essa cidade do Nordeste \u00e9 um solo sagrado e teve uma guardi\u00e3 que guardou tradi\u00e7\u00f5es orais e mem\u00f3rias ancestrais com mais de 700 anos"},"content":{"rendered":"\n<p>Localizada na Grande <strong>Natal<\/strong>, a poucos minutos da capital, <strong>S\u00e3o Gon\u00e7alo do Amarante<\/strong> \u00e9 o ber\u00e7o de uma das hist\u00f3rias de f\u00e9 mais impactantes do <strong>Brasil<\/strong>. O munic\u00edpio <strong>s\u00e3o-gon\u00e7alense<\/strong> abriga o Aeroporto Internacional Alu\u00edzio Alves, sendo a porta de entrada para quem chega ao estado de avi\u00e3o, mas seu verdadeiro tesouro est\u00e1 na preserva\u00e7\u00e3o da cultura popular e na devo\u00e7\u00e3o aos primeiros santos m\u00e1rtires brasileiros.<\/p>\n\n\n\n<h2 class=\"wp-block-heading\">Por que a cidade \u00e9 o Altar da P\u00e1tria?<\/h2>\n\n\n\n<p>O turismo religioso move a cidade atrav\u00e9s do <strong>Monumento aos M\u00e1rtires de Urua\u00e7u<\/strong>. O local marca o solo sagrado onde, em 3 de outubro de 1645, cerca de 80 fi\u00e9is cat\u00f3licos foram massacrados por tropas holandesas e ind\u00edgenas aliados por se recusarem a abandonar sua f\u00e9. Entre eles estava o campon\u00eas <strong>Mateus Moreira<\/strong>, que teve o cora\u00e7\u00e3o arrancado pelas costas enquanto exclamava: &#8220;Louvado seja o Sant\u00edssimo Sacramento&#8221;.<\/p>\n\n\n\n<p>Canonizados pelo Vaticano em 2017, os M\u00e1rtires de Cunha\u00fa e Urua\u00e7u s\u00e3o os padroeiros do Rio Grande do Norte. O santu\u00e1rio a c\u00e9u aberto recebe milhares de romeiros anualmente, especialmente em outubro, transformando a cidade em um epicentro de peregrina\u00e7\u00e3o que une hist\u00f3ria colonial e espiritualidade profunda.<\/p>\n\n\n<div class=\"wp-block-image\">\n<figure class=\"aligncenter size-large\"><img decoding=\"async\" width=\"1024\" height=\"576\" src=\"https:\/\/www.correiobraziliense.com.br\/cbradar\/wp-content\/uploads\/2025\/12\/Design-sem-nome-47-1024x576.png\" alt=\"Essa cidade do Nordeste \u00e9 um solo sagrado e teve uma guardi\u00e3 que guardou tradi\u00e7\u00f5es orais e mem\u00f3rias ancestrais com mais de 700 anos\" class=\"wp-image-158272\" srcset=\"https:\/\/www.correiobraziliense.com.br\/cbradar\/wp-content\/uploads\/2025\/12\/Design-sem-nome-47-1024x576.png 1024w, https:\/\/www.correiobraziliense.com.br\/cbradar\/wp-content\/uploads\/2025\/12\/Design-sem-nome-47-300x169.png 300w, https:\/\/www.correiobraziliense.com.br\/cbradar\/wp-content\/uploads\/2025\/12\/Design-sem-nome-47-768x432.png 768w, https:\/\/www.correiobraziliense.com.br\/cbradar\/wp-content\/uploads\/2025\/12\/Design-sem-nome-47-750x422.png 750w, https:\/\/www.correiobraziliense.com.br\/cbradar\/wp-content\/uploads\/2025\/12\/Design-sem-nome-47-1140x641.png 1140w, https:\/\/www.correiobraziliense.com.br\/cbradar\/wp-content\/uploads\/2025\/12\/Design-sem-nome-47.png 1280w\" sizes=\"(max-width: 1024px) 100vw, 1024px\" \/><figcaption class=\"wp-element-caption\">Quem visita S\u00e3o Gon\u00e7alo do Amarante pode encontrar clima de interior pr\u00f3ximo \u00e0s capitais, com mercados, pra\u00e7as, eventos culturais e, no caso cearense, praias e lagoas convidativas. \/\/ Cr\u00e9ditos: Wikip\u00e9dia<\/figcaption><\/figure><\/div>\n\n\n<h2 class=\"wp-block-heading\">Quem foi a guardi\u00e3 dos romances medievais?<\/h2>\n\n\n\n<p>A cidade ostenta o t\u00edtulo de &#8220;Ber\u00e7o da Cultura Popular&#8221; muito gra\u00e7as a <strong>Dona Militana<\/strong> (Militana Salustino do Nascimento). Considerada a maior romanceira do Brasil, ela guardava na mem\u00f3ria cantigas e hist\u00f3rias medievais da Pen\u00ednsula Ib\u00e9rica, transmitidas oralmente por gera\u00e7\u00f5es e preservadas intactas em sua voz por mais de 700 anos.<\/p>\n\n\n\n<p>Mesmo ap\u00f3s seu falecimento, seu legado vive no <strong>Museu Municipal S\u00e9phora Bezerra<\/strong> e nas festividades locais. A cidade respira folclore com grupos tradicionais como o <strong>Boi de Calemba Pintadinho<\/strong> e os <strong>Congos de Combate<\/strong>, que enchem as ruas de cores e ritmos ancestrais, mantendo viva a identidade nordestina raiz.<\/p>\n\n\n\n<p><strong>Conhe\u00e7a a hist\u00f3ria e o legado de Dona Militana, a maior romanceira do Brasil.<\/strong> O document\u00e1rio apresenta a vida da artista de <strong>S\u00e3o Gon\u00e7alo do Amarante, no Rio Grande do Nort<\/strong>e, que recebeu a Medalha do M\u00e9rito Cultural por seu vasto conhecimento do romanceiro ib\u00e9rico e nacional, preservando tradi\u00e7\u00f5es orais seculares atrav\u00e9s de seu canto:<\/p>\n\n\n\n<figure class=\"wp-block-embed is-type-video is-provider-youtube wp-block-embed-youtube wp-embed-aspect-16-9 wp-has-aspect-ratio\"><div class=\"wp-block-embed__wrapper\">\n<div class=\"jeg_video_container jeg_video_content\"><iframe loading=\"lazy\" title=\"Dona Militana \u2013 A Romanceira dos Oiteiros\" width=\"500\" height=\"281\" src=\"https:\/\/www.youtube.com\/embed\/JpPWFPZj9L4?feature=oembed\" frameborder=\"0\" allow=\"accelerometer; autoplay; clipboard-write; encrypted-media; gyroscope; picture-in-picture; web-share\" referrerpolicy=\"strict-origin-when-cross-origin\" allowfullscreen><\/iframe><\/div>\n<\/div><\/figure>\n\n\n\n<h2 class=\"wp-block-heading\">Onde encontrar a arte do barro?<\/h2>\n\n\n\n<p><strong>O artesanato local \u00e9 uma refer\u00eancia de criatividade e habilidade manual.<\/strong> A cidade \u00e9 famosa pela produ\u00e7\u00e3o de cer\u00e2mica e pe\u00e7as em barro, com mestres artes\u00e3os que transformam a argila do Rio Potengi em obras de arte sacra e decorativa. O trabalho de artistas como <strong>Z\u00e9 do Barro<\/strong> e a tradicional cer\u00e2mica azul de <strong>Dona Miraci<\/strong> s\u00e3o reconhecidos nacionalmente, sendo souvenirs obrigat\u00f3rios para quem visita a regi\u00e3o.<\/p>\n\n\n\n<h2 class=\"wp-block-heading\">O que incluir no roteiro cultural?<\/h2>\n\n\n\n<p>O turismo em <strong>S\u00e3o Gon\u00e7alo do Amarante<\/strong> \u00e9 uma imers\u00e3o na alma do povo potiguar, ideal para quem busca experi\u00eancias aut\u00eanticas de f\u00e9 e arte.<\/p>\n\n\n\n<ul class=\"wp-block-list\">\n<li><strong>Monumento aos M\u00e1rtires de Urua\u00e7u<\/strong>: Um espa\u00e7o de paz e ora\u00e7\u00e3o com capacidade para grandes eventos, ideal para conhecer a hist\u00f3ria do massacre.<\/li>\n\n\n\n<li><strong>Igreja Matriz de S\u00e3o Gon\u00e7alo<\/strong>: Um templo hist\u00f3rico que remonta ao s\u00e9culo XVIII, com arquitetura que reflete a coloniza\u00e7\u00e3o portuguesa.<\/li>\n\n\n\n<li><strong>Casa de Cultura Popular<\/strong>: O ponto de encontro para ver de perto as manifesta\u00e7\u00f5es folcl\u00f3ricas e o artesanato local.<\/li>\n\n\n\n<li><strong>Capela de Utinga<\/strong>: Uma constru\u00e7\u00e3o singela de grande valor hist\u00f3rico, situada em uma antiga \u00e1rea de engenho.<\/li>\n<\/ul>\n\n\n\n<p><strong>Conhe\u00e7a S\u00e3o Gon\u00e7alo do Amarante, um munic\u00edpio estrat\u00e9gico na regi\u00e3o metropolitana de Fortaleza que une potencial econ\u00f4mico e belezas litor\u00e2neas. <\/strong>O v\u00eddeo \u00e9 do canal <strong>Canal Rafael Gama<\/strong> e apresenta a cidade destacando o Complexo Industrial e Portu\u00e1rio do Pec\u00e9m, a inovadora Smart City Laguna e pontos tur\u00edsticos como a Praia da Ta\u00edba, famosa por seu festival de escargot:<\/p>\n\n\n\n<figure class=\"wp-block-embed aligncenter is-type-video is-provider-youtube wp-block-embed-youtube wp-embed-aspect-16-9 wp-has-aspect-ratio\"><div class=\"wp-block-embed__wrapper\">\n<div class=\"jeg_video_container jeg_video_content\"><iframe loading=\"lazy\" title=\"S\u00c3O GON\u00c7ALO DO AMARANTE, CEAR\u00c1 ( TURISMO e HIST\u00d3RIA )\" width=\"500\" height=\"281\" src=\"https:\/\/www.youtube.com\/embed\/ksxHmvpY_n8?feature=oembed\" frameborder=\"0\" allow=\"accelerometer; autoplay; clipboard-write; encrypted-media; gyroscope; picture-in-picture; web-share\" referrerpolicy=\"strict-origin-when-cross-origin\" allowfullscreen><\/iframe><\/div>\n<\/div><\/figure>\n\n\n\n<p><strong>Leia tamb\u00e9m: <a href=\"https:\/\/www.correiobraziliense.com.br\/cbradar\/os-inteligentes-da-turma-costumam-nascer-nesses-meses-segundo-pesquisa\/\" target=\"_blank\" rel=\"noreferrer noopener\">Os inteligentes da turma costumam nascer nesses meses, segundo pesquisa.<\/a><\/strong><\/p>\n\n\n\n<h2 class=\"wp-block-heading\">O sol brilha o ano todo?<\/h2>\n\n\n\n<p><strong>O clima tropical quente domina a regi\u00e3o, garantindo dias de sol na maior parte do ano. <\/strong>A proximidade com o litoral proporciona ventos constantes que amenizam o calor.<\/p>\n\n\n\n<p>Segundo o <strong><a href=\"https:\/\/www.climatempo.com.br\/previsao-do-tempo\/cidade\/2594\/saogoncalodoamarante-rn\" target=\"_blank\" rel=\"noreferrer noopener\">Climatempo<\/a><\/strong>, a cidade possui uma esta\u00e7\u00e3o chuvosa concentrada no primeiro semestre, enquanto o segundo semestre \u00e9 marcado pelo sol forte e ventos ideais para o turismo.<\/p>\n\n\n\n<figure class=\"wp-block-table\"><table class=\"has-fixed-layout\"><thead><tr><th>Esta\u00e7\u00e3o\/Meses<\/th><th>Temperatura M\u00e9dia<\/th><th>O que esperar<\/th><\/tr><\/thead><tbody><tr><td>Ver\u00e3o (Dez-Mar)<\/td><td>25\u00b0C a 32\u00b0C<\/td><td>Sol intenso e pouca chuva; ideal para visitar o litoral pr\u00f3ximo e os monumentos.<\/td><\/tr><tr><td>Outono (Abr-Jun)<\/td><td>24\u00b0C a 30\u00b0C<\/td><td>In\u00edcio das chuvas mais frequentes; clima abafado e vegeta\u00e7\u00e3o mais verde.<\/td><\/tr><tr><td>Inverno (Jun-Ago)<\/td><td>22\u00b0C a 28\u00b0C<\/td><td>Per\u00edodo chuvoso, mas com aberturas de sol; temperaturas mais amenas \u00e0 noite.<\/td><\/tr><tr><td>Primavera (Set-Dez)<\/td><td>24\u00b0C a 31\u00b0C<\/td><td>Retorno do tempo firme e ventos fortes; auge das romarias em outubro.<\/td><\/tr><\/tbody><\/table><\/figure>\n\n\n<div class=\"wp-block-image\">\n<figure class=\"aligncenter size-large\"><img decoding=\"async\" width=\"1024\" height=\"576\" src=\"https:\/\/www.correiobraziliense.com.br\/cbradar\/wp-content\/uploads\/2025\/12\/Design-sem-nome-49-1024x576.png\" alt=\"Cidade do Nordeste encanta com turismo folcl\u00f3rico, cultura viva e artesanato aut\u00eantico\" class=\"wp-image-158270\" srcset=\"https:\/\/www.correiobraziliense.com.br\/cbradar\/wp-content\/uploads\/2025\/12\/Design-sem-nome-49-1024x576.png 1024w, https:\/\/www.correiobraziliense.com.br\/cbradar\/wp-content\/uploads\/2025\/12\/Design-sem-nome-49-300x169.png 300w, https:\/\/www.correiobraziliense.com.br\/cbradar\/wp-content\/uploads\/2025\/12\/Design-sem-nome-49-768x432.png 768w, https:\/\/www.correiobraziliense.com.br\/cbradar\/wp-content\/uploads\/2025\/12\/Design-sem-nome-49-750x422.png 750w, https:\/\/www.correiobraziliense.com.br\/cbradar\/wp-content\/uploads\/2025\/12\/Design-sem-nome-49-1140x641.png 1140w, https:\/\/www.correiobraziliense.com.br\/cbradar\/wp-content\/uploads\/2025\/12\/Design-sem-nome-49.png 1280w\" sizes=\"(max-width: 1024px) 100vw, 1024px\" \/><figcaption class=\"wp-element-caption\">S\u00e3o Gon\u00e7alo do Amarante pode ser munic\u00edpio do RN, na Regi\u00e3o Metropolitana de Natal, com cerca de 115 mil habitantes, ou cidade litor\u00e2nea do Cear\u00e1 com pouco mais de 54 mil moradores. \/\/ Cr\u00e9ditos: Wikip\u00e9dia<\/figcaption><\/figure><\/div>\n\n\n<h2 class=\"wp-block-heading\">Motivos para conhecer a Terra dos M\u00e1rtires<\/h2>\n\n\n\n<p><strong>S\u00e3o Gon\u00e7alo do Amarante<\/strong> oferece uma conex\u00e3o espiritual e cultural \u00fanica no Nordeste.<\/p>\n\n\n\n<ul class=\"wp-block-list\">\n<li>A visita ao local do mart\u00edrio dos primeiros santos brasileiros \u00e9 uma experi\u00eancia emocionante de f\u00e9.<\/li>\n\n\n\n<li>A riqueza do folclore preservado por figuras como Dona Militana \u00e9 um patrim\u00f4nio imaterial raro.<\/li>\n\n\n\n<li>A localiza\u00e7\u00e3o estrat\u00e9gica ao lado do aeroporto facilita a visita logo na chegada ou antes da partida.<\/li>\n<\/ul>\n\n\n\n<p>Voc\u00ea precisa pisar no solo sagrado de Urua\u00e7u e ouvir as hist\u00f3rias cantadas que atravessaram o oceano para entender a for\u00e7a cultural desta cidade.<\/p>\n","protected":false},"excerpt":{"rendered":"<p>Localizada na Grande Natal, a poucos minutos da capital, S\u00e3o Gon\u00e7alo do Amarante \u00e9 o ber\u00e7o de uma das hist\u00f3rias de f\u00e9 mais impactantes do Brasil. O munic\u00edpio s\u00e3o-gon\u00e7alense abriga o Aeroporto Internacional Alu\u00edzio Alves, sendo a porta de entrada para quem chega ao estado de avi\u00e3o, mas seu verdadeiro tesouro est\u00e1 na preserva\u00e7\u00e3o da [&hellip;]<\/p>\n","protected":false},"author":8,"featured_media":176080,"comment_status":"open","ping_status":"open","sticky":false,"template":"","format":"standard","meta":{"_yoast_wpseo_focuskw":"cidade do nordeste","_yoast_wpseo_title":"","_yoast_wpseo_metadesc":"Uma cidade do Nordeste \u00e9 considerada solo sagrado por guardar tradi\u00e7\u00f5es orais e mem\u00f3rias ancestrais transmitidas por gera\u00e7\u00f5es. Descubra.","jnews-multi-image_gallery":[],"jnews_single_post":{"format":"standard"},"jnews_primary_category":[],"jnews_social_meta":[],"jnews_override_counter":[],"footnotes":""},"categories":[108,111],"post_tag":[225,14090,632,14089],"class_list":["post-174906","post","type-post","status-publish","format-standard","has-post-thumbnail","hentry","category-cidades","category-turismo","tag-brasil","tag-dona-militana","tag-nordeste","tag-sao-goncalo-do-amarente"],"yoast_head":"<!-- This site is optimized with the Yoast SEO plugin v24.6 - https:\/\/yoast.com\/wordpress\/plugins\/seo\/ -->\n<title>Essa cidade do Nordeste \u00e9 um solo sagrado e teve uma guardi\u00e3 que guardou tradi\u00e7\u00f5es orais e mem\u00f3rias ancestrais com mais de 700 anos - Correio Braziliense - Radar<\/title>\n<meta name=\"description\" content=\"Uma cidade do Nordeste \u00e9 considerada solo sagrado por guardar tradi\u00e7\u00f5es orais e mem\u00f3rias ancestrais transmitidas por gera\u00e7\u00f5es. Descubra.\" \/>\n<meta name=\"robots\" content=\"index, follow, max-snippet:-1, max-image-preview:large, max-video-preview:-1\" \/>\n<link rel=\"canonical\" href=\"https:\/\/www.correiobraziliense.com.br\/cbradar\/essa-cidade-do-nordeste-e-um-solo-sagrado-e-teve-uma-guardia-que-guardou-tradicoes-orais-e-memorias-ancestrais-com-mais-de-700-anos\/\" \/>\n<meta property=\"og:locale\" content=\"pt_BR\" \/>\n<meta property=\"og:type\" content=\"article\" \/>\n<meta property=\"og:title\" content=\"Essa cidade do Nordeste \u00e9 um solo sagrado e teve uma guardi\u00e3 que guardou tradi\u00e7\u00f5es orais e mem\u00f3rias ancestrais com mais de 700 anos - Correio Braziliense - Radar\" \/>\n<meta property=\"og:description\" content=\"Uma cidade do Nordeste \u00e9 considerada solo sagrado por guardar tradi\u00e7\u00f5es orais e mem\u00f3rias ancestrais transmitidas por gera\u00e7\u00f5es. Descubra.\" \/>\n<meta property=\"og:url\" content=\"https:\/\/www.correiobraziliense.com.br\/cbradar\/essa-cidade-do-nordeste-e-um-solo-sagrado-e-teve-uma-guardia-que-guardou-tradicoes-orais-e-memorias-ancestrais-com-mais-de-700-anos\/\" \/>\n<meta property=\"og:site_name\" content=\"Correio Braziliense - Radar\" \/>\n<meta property=\"article:published_time\" content=\"2026-01-18T17:05:00+00:00\" \/>\n<meta property=\"og:image\" content=\"https:\/\/www.correiobraziliense.com.br\/cbradar\/wp-content\/uploads\/2026\/01\/aaa-2026-01-16T061753.233.png\" \/>\n\t<meta property=\"og:image:width\" content=\"1280\" \/>\n\t<meta property=\"og:image:height\" content=\"720\" \/>\n\t<meta property=\"og:image:type\" content=\"image\/png\" \/>\n<meta name=\"author\" content=\"Maura Pereira\" \/>\n<meta name=\"twitter:card\" content=\"summary_large_image\" \/>\n<meta name=\"twitter:label1\" content=\"Escrito por\" \/>\n\t<meta name=\"twitter:data1\" content=\"Maura Pereira\" \/>\n\t<meta name=\"twitter:label2\" content=\"Est. tempo de leitura\" \/>\n\t<meta name=\"twitter:data2\" content=\"6 minutos\" \/>\n<!-- \/ Yoast SEO plugin. -->","yoast_head_json":{"title":"Essa cidade do Nordeste \u00e9 um solo sagrado e teve uma guardi\u00e3 que guardou tradi\u00e7\u00f5es orais e mem\u00f3rias ancestrais com mais de 700 anos - Correio Braziliense - Radar","description":"Uma cidade do Nordeste \u00e9 considerada solo sagrado por guardar tradi\u00e7\u00f5es orais e mem\u00f3rias ancestrais transmitidas por gera\u00e7\u00f5es. Descubra.","robots":{"index":"index","follow":"follow","max-snippet":"max-snippet:-1","max-image-preview":"max-image-preview:large","max-video-preview":"max-video-preview:-1"},"canonical":"https:\/\/www.correiobraziliense.com.br\/cbradar\/essa-cidade-do-nordeste-e-um-solo-sagrado-e-teve-uma-guardia-que-guardou-tradicoes-orais-e-memorias-ancestrais-com-mais-de-700-anos\/","og_locale":"pt_BR","og_type":"article","og_title":"Essa cidade do Nordeste \u00e9 um solo sagrado e teve uma guardi\u00e3 que guardou tradi\u00e7\u00f5es orais e mem\u00f3rias ancestrais com mais de 700 anos - Correio Braziliense - Radar","og_description":"Uma cidade do Nordeste \u00e9 considerada solo sagrado por guardar tradi\u00e7\u00f5es orais e mem\u00f3rias ancestrais transmitidas por gera\u00e7\u00f5es. Descubra.","og_url":"https:\/\/www.correiobraziliense.com.br\/cbradar\/essa-cidade-do-nordeste-e-um-solo-sagrado-e-teve-uma-guardia-que-guardou-tradicoes-orais-e-memorias-ancestrais-com-mais-de-700-anos\/","og_site_name":"Correio Braziliense - Radar","article_published_time":"2026-01-18T17:05:00+00:00","og_image":[{"width":1280,"height":720,"url":"https:\/\/www.correiobraziliense.com.br\/cbradar\/wp-content\/uploads\/2026\/01\/aaa-2026-01-16T061753.233.png","type":"image\/png"}],"author":"Maura Pereira","twitter_card":"summary_large_image","twitter_misc":{"Escrito por":"Maura Pereira","Est. tempo de leitura":"6 minutos"},"schema":{"@context":"https:\/\/schema.org","@graph":[{"@type":"WebPage","@id":"https:\/\/www.correiobraziliense.com.br\/cbradar\/essa-cidade-do-nordeste-e-um-solo-sagrado-e-teve-uma-guardia-que-guardou-tradicoes-orais-e-memorias-ancestrais-com-mais-de-700-anos\/","url":"https:\/\/www.correiobraziliense.com.br\/cbradar\/essa-cidade-do-nordeste-e-um-solo-sagrado-e-teve-uma-guardia-que-guardou-tradicoes-orais-e-memorias-ancestrais-com-mais-de-700-anos\/","name":"Essa cidade do Nordeste \u00e9 um solo sagrado e teve uma guardi\u00e3 que guardou tradi\u00e7\u00f5es orais e mem\u00f3rias ancestrais com mais de 700 anos - Correio Braziliense - Radar","isPartOf":{"@id":"https:\/\/www.correiobraziliense.com.br\/cbradar\/#website"},"primaryImageOfPage":{"@id":"https:\/\/www.correiobraziliense.com.br\/cbradar\/essa-cidade-do-nordeste-e-um-solo-sagrado-e-teve-uma-guardia-que-guardou-tradicoes-orais-e-memorias-ancestrais-com-mais-de-700-anos\/#primaryimage"},"image":{"@id":"https:\/\/www.correiobraziliense.com.br\/cbradar\/essa-cidade-do-nordeste-e-um-solo-sagrado-e-teve-uma-guardia-que-guardou-tradicoes-orais-e-memorias-ancestrais-com-mais-de-700-anos\/#primaryimage"},"thumbnailUrl":"https:\/\/www.correiobraziliense.com.br\/cbradar\/wp-content\/uploads\/2026\/01\/aaa-2026-01-16T061753.233.png","datePublished":"2026-01-18T17:05:00+00:00","author":{"@id":"https:\/\/www.correiobraziliense.com.br\/cbradar\/#\/schema\/person\/4053c651a9bfc785afc6f4cbc9032fd3"},"description":"Uma cidade do Nordeste \u00e9 considerada solo sagrado por guardar tradi\u00e7\u00f5es orais e mem\u00f3rias ancestrais transmitidas por gera\u00e7\u00f5es. Descubra.","breadcrumb":{"@id":"https:\/\/www.correiobraziliense.com.br\/cbradar\/essa-cidade-do-nordeste-e-um-solo-sagrado-e-teve-uma-guardia-que-guardou-tradicoes-orais-e-memorias-ancestrais-com-mais-de-700-anos\/#breadcrumb"},"inLanguage":"pt-BR","potentialAction":[{"@type":"ReadAction","target":["https:\/\/www.correiobraziliense.com.br\/cbradar\/essa-cidade-do-nordeste-e-um-solo-sagrado-e-teve-uma-guardia-que-guardou-tradicoes-orais-e-memorias-ancestrais-com-mais-de-700-anos\/"]}]},{"@type":"ImageObject","inLanguage":"pt-BR","@id":"https:\/\/www.correiobraziliense.com.br\/cbradar\/essa-cidade-do-nordeste-e-um-solo-sagrado-e-teve-uma-guardia-que-guardou-tradicoes-orais-e-memorias-ancestrais-com-mais-de-700-anos\/#primaryimage","url":"https:\/\/www.correiobraziliense.com.br\/cbradar\/wp-content\/uploads\/2026\/01\/aaa-2026-01-16T061753.233.png","contentUrl":"https:\/\/www.correiobraziliense.com.br\/cbradar\/wp-content\/uploads\/2026\/01\/aaa-2026-01-16T061753.233.png","width":1280,"height":720,"caption":"Voz ancestral de Dona Militana ecoa tradi\u00e7\u00f5es em S\u00e3o Gon\u00e7alo do Amarante! Romances antigos inspiram gera\u00e7\u00f5es com emo\u00e7\u00e3o pura. \/ Imagem ilustrativa"},{"@type":"BreadcrumbList","@id":"https:\/\/www.correiobraziliense.com.br\/cbradar\/essa-cidade-do-nordeste-e-um-solo-sagrado-e-teve-uma-guardia-que-guardou-tradicoes-orais-e-memorias-ancestrais-com-mais-de-700-anos\/#breadcrumb","itemListElement":[{"@type":"ListItem","position":1,"name":"In\u00edcio","item":"https:\/\/www.correiobraziliense.com.br\/cbradar\/"},{"@type":"ListItem","position":2,"name":"Essa cidade do Nordeste \u00e9 um solo sagrado e teve uma guardi\u00e3 que guardou tradi\u00e7\u00f5es orais e mem\u00f3rias ancestrais com mais de 700 anos"}]},{"@type":"WebSite","@id":"https:\/\/www.correiobraziliense.com.br\/cbradar\/#website","url":"https:\/\/www.correiobraziliense.com.br\/cbradar\/","name":"Correio Braziliense - Radar","description":"Acompanhe as \u00faltimas not\u00edcias e fique bem informado sobre tudo o que acontece no Brasil e no mundo.","potentialAction":[{"@type":"SearchAction","target":{"@type":"EntryPoint","urlTemplate":"https:\/\/www.correiobraziliense.com.br\/cbradar\/?s={search_term_string}"},"query-input":{"@type":"PropertyValueSpecification","valueRequired":true,"valueName":"search_term_string"}}],"inLanguage":"pt-BR"},{"@type":"Person","@id":"https:\/\/www.correiobraziliense.com.br\/cbradar\/#\/schema\/person\/4053c651a9bfc785afc6f4cbc9032fd3","name":"Maura Pereira","image":{"@type":"ImageObject","inLanguage":"pt-BR","@id":"https:\/\/www.correiobraziliense.com.br\/cbradar\/#\/schema\/person\/image\/","url":"https:\/\/secure.gravatar.com\/avatar\/3effd6bdadfa447f15089c7f7144eaa6?s=96&d=mm&r=g","contentUrl":"https:\/\/secure.gravatar.com\/avatar\/3effd6bdadfa447f15089c7f7144eaa6?s=96&d=mm&r=g","caption":"Maura Pereira"},"sameAs":["https:\/\/www.correiobraziliense.com.br\/"],"url":"https:\/\/www.correiobraziliense.com.br\/cbradar\/author\/mauramyth\/"}]}},"_links":{"self":[{"href":"https:\/\/www.correiobraziliense.com.br\/cbradar\/wp-json\/wp\/v2\/posts\/174906","targetHints":{"allow":["GET"]}}],"collection":[{"href":"https:\/\/www.correiobraziliense.com.br\/cbradar\/wp-json\/wp\/v2\/posts"}],"about":[{"href":"https:\/\/www.correiobraziliense.com.br\/cbradar\/wp-json\/wp\/v2\/types\/post"}],"author":[{"embeddable":true,"href":"https:\/\/www.correiobraziliense.com.br\/cbradar\/wp-json\/wp\/v2\/users\/8"}],"replies":[{"embeddable":true,"href":"https:\/\/www.correiobraziliense.com.br\/cbradar\/wp-json\/wp\/v2\/comments?post=174906"}],"version-history":[{"count":17,"href":"https:\/\/www.correiobraziliense.com.br\/cbradar\/wp-json\/wp\/v2\/posts\/174906\/revisions"}],"predecessor-version":[{"id":176082,"href":"https:\/\/www.correiobraziliense.com.br\/cbradar\/wp-json\/wp\/v2\/posts\/174906\/revisions\/176082"}],"wp:featuredmedia":[{"embeddable":true,"href":"https:\/\/www.correiobraziliense.com.br\/cbradar\/wp-json\/wp\/v2\/media\/176080"}],"wp:attachment":[{"href":"https:\/\/www.correiobraziliense.com.br\/cbradar\/wp-json\/wp\/v2\/media?parent=174906"}],"wp:term":[{"taxonomy":"category","embeddable":true,"href":"https:\/\/www.correiobraziliense.com.br\/cbradar\/wp-json\/wp\/v2\/categories?post=174906"},{"taxonomy":"post_tag","embeddable":true,"href":"https:\/\/www.correiobraziliense.com.br\/cbradar\/wp-json\/wp\/v2\/post_tag?post=174906"}],"curies":[{"name":"wp","href":"https:\/\/api.w.org\/{rel}","templated":true}]}}