{"id":174909,"date":"2026-01-18T07:55:00","date_gmt":"2026-01-18T10:55:00","guid":{"rendered":"https:\/\/www.correiobraziliense.com.br\/cbradar\/?p=174909"},"modified":"2026-01-16T06:39:14","modified_gmt":"2026-01-16T09:39:14","slug":"a-cidade-de-minas-gerais-que-nao-para-de-crescer-esta-conquistando-moradores-em-2026-pela-qualidade-de-vida-e-saude-exemplar","status":"publish","type":"post","link":"https:\/\/www.correiobraziliense.com.br\/cbradar\/a-cidade-de-minas-gerais-que-nao-para-de-crescer-esta-conquistando-moradores-em-2026-pela-qualidade-de-vida-e-saude-exemplar\/","title":{"rendered":"A cidade de Minas Gerais que n\u00e3o para de crescer est\u00e1 conquistando moradores em 2026 pela qualidade de vida e sa\u00fade exemplar"},"content":{"rendered":"\n<p>Capital de <strong>Minas Gerais<\/strong> e carinhosamente chamada de &#8220;Beag\u00e1&#8221;, <strong>Belo Horizonte<\/strong> \u00e9 a s\u00edntese perfeita entre a grandiosidade de uma metr\u00f3pole e o acolhimento de uma cidade do interior. O munic\u00edpio <strong>belo-horizontino<\/strong>, planejado no s\u00e9culo XIX para ser uma \u201cCidade Jardim\u201d, destaca-se em 2026 como um dos principais polos de tecnologia e inova\u00e7\u00e3o do <strong>Brasil<\/strong>, sem jamais perder a tradi\u00e7\u00e3o de conversar na cal\u00e7ada acompanhado de um p\u00e3o de queijo e um caf\u00e9 fresco.<\/p>\n\n\n\n<h2 class=\"wp-block-heading\">Como \u00e9 a vida na metr\u00f3pole mais acolhedora do pa\u00eds?<\/h2>\n\n\n\n<p>Viver nesta cidade \u00e9 experimentar a famosa &#8220;mineiridade&#8221;. Apesar do tr\u00e2nsito intenso t\u00edpico de grandes capitais, a cidade preserva uma atmosfera amig\u00e1vel. Bairros como <strong>Savassi<\/strong>, <strong>Lourdes<\/strong> e <strong>Funcion\u00e1rios<\/strong> oferecem uma qualidade de vida \u00edmpar, com ruas arborizadas, com\u00e9rcio de luxo e uma vida cultural pulsante a poucos passos de casa.<\/p>\n\n\n\n<p><strong>A cidade reinventou-se economicamente.<\/strong> O bairro de S\u00e3o Pedro deu origem ao \u201cSan Pedro Valley\u201d, um ecossistema de startups premiado que transformou a capital em um hub latino-americano de tecnologia, atraindo jovens talentos e investimentos globais. Isso gera um mercado de trabalho din\u00e2mico que convive harmonicamente com a tradi\u00e7\u00e3o das reparti\u00e7\u00f5es p\u00fablicas.<\/p>\n\n\n<div class=\"wp-block-image\">\n<figure class=\"aligncenter size-large\"><img decoding=\"async\" width=\"1024\" height=\"576\" src=\"https:\/\/www.correiobraziliense.com.br\/cbradar\/wp-content\/uploads\/2025\/03\/belo-horizonte_1741057637038-1024x576.jpg\" alt=\"Essa cidade de Minas Gerais que n\u00e3o para de crescer e est\u00e1 conquistando moradores pela qualidade de vida exemplar\" class=\"wp-image-8694\" srcset=\"https:\/\/www.correiobraziliense.com.br\/cbradar\/wp-content\/uploads\/2025\/03\/belo-horizonte_1741057637038-1024x576.jpg 1024w, https:\/\/www.correiobraziliense.com.br\/cbradar\/wp-content\/uploads\/2025\/03\/belo-horizonte_1741057637038-300x169.jpg 300w, https:\/\/www.correiobraziliense.com.br\/cbradar\/wp-content\/uploads\/2025\/03\/belo-horizonte_1741057637038-768x432.jpg 768w, https:\/\/www.correiobraziliense.com.br\/cbradar\/wp-content\/uploads\/2025\/03\/belo-horizonte_1741057637038-750x422.jpg 750w, https:\/\/www.correiobraziliense.com.br\/cbradar\/wp-content\/uploads\/2025\/03\/belo-horizonte_1741057637038-1140x641.jpg 1140w, https:\/\/www.correiobraziliense.com.br\/cbradar\/wp-content\/uploads\/2025\/03\/belo-horizonte_1741057637038.jpg 1280w\" sizes=\"(max-width: 1024px) 100vw, 1024px\" \/><figcaption class=\"wp-element-caption\">Com planejamento urbano e mobilidade em expans\u00e3o, Belo Horizonte \u00e9 refer\u00eancia em gest\u00e3o municipal. \/\/ Cr\u00e9ditos: depositphotos.com \/ PedroTruffi<\/figcaption><\/figure><\/div>\n\n\n<h2 class=\"wp-block-heading\">Quais indicadores confirmam a excel\u00eancia mineira?<\/h2>\n\n\n\n<p>Com um <strong>\u00cdndice de Desenvolvimento Humano Municipal (IDHM) de 0,810<\/strong>, considerado muito alto, a cidade \u00e9 refer\u00eancia em bem-estar. Segundo dados do<a href=\"https:\/\/cidades.ibge.gov.br\/brasil\/mg\/belo-horizonte\/panorama\" target=\"_blank\" rel=\"noreferrer noopener\"> <strong>Instituto Brasileiro de Geografia e Estat\u00edstica<\/strong> (<strong>IBGE<\/strong><\/a>), a capital mineira possui uma das melhores redes de sa\u00fade do pa\u00eds e um sistema educacional robusto, liderado pela <strong>UFMG<\/strong> (Universidade Federal de Minas Gerais), frequentemente classificada entre as melhores universidades da Am\u00e9rica Latina.<\/p>\n\n\n\n<p>A geografia de montanhas, delimitada pela majestosa <strong>Serra do Curral<\/strong>, n\u00e3o \u00e9 apenas um cen\u00e1rio, mas um limite natural que protege o clima e a identidade visual da cidade, valorizando os im\u00f3veis que possuem vista para esse cart\u00e3o-postal natural.<\/p>\n\n\n\n<p><strong>Conhe\u00e7a Belo Horizonte, a vibrante capital mineira cercada pela Serra do Curral. <\/strong>O v\u00eddeo \u00e9 do canal <strong>Cidades &amp; Cia<\/strong>, que conta com mais de<strong> 70 mil inscritos<\/strong>, e apresenta uma das principais metr\u00f3poles brasileiras, destacando sua arquitetura planejada, o famoso Conjunto Arquitet\u00f4nico da Pampulha, o Mercado Central e sua fama mundial como a capital nacional dos botecos:<\/p>\n\n\n\n<figure class=\"wp-block-embed aligncenter is-type-video is-provider-youtube wp-block-embed-youtube wp-embed-aspect-16-9 wp-has-aspect-ratio\"><div class=\"wp-block-embed__wrapper\">\n<div class=\"jeg_video_container jeg_video_content\"><iframe loading=\"lazy\" title=\"BEM VINDOS A BELO HORIZONTE UMA DAS MAIORES METR\u00d3POLES BRASILEIRAS, AQUI NO Cidades &amp; Cia!\" width=\"500\" height=\"281\" src=\"https:\/\/www.youtube.com\/embed\/ogOF2lkoibU?feature=oembed\" frameborder=\"0\" allow=\"accelerometer; autoplay; clipboard-write; encrypted-media; gyroscope; picture-in-picture; web-share\" referrerpolicy=\"strict-origin-when-cross-origin\" allowfullscreen><\/iframe><\/div>\n<\/div><\/figure>\n\n\n\n<h2 class=\"wp-block-heading\">Por que a cidade \u00e9 a Capital Mundial dos Botecos?<\/h2>\n\n\n\n<p>O turismo em <strong>Belo Horizonte<\/strong> passa obrigatoriamente pelo est\u00f4mago. Reconhecida pela <strong>UNESCO<\/strong> como Cidade Criativa da Gastronomia, a capital possui a maior densidade de bares por habitante do Brasil. O &#8220;boteco&#8221; aqui \u00e9 uma institui\u00e7\u00e3o social: \u00e9 onde se fecham neg\u00f3cios, se comemoram vit\u00f3rias e se prova o melhor da comida de estufa, como o f\u00edgado com jil\u00f3 e o torresmo de barriga.<\/p>\n\n\n\n<p>O epicentro dessa cultura \u00e9 o <strong>Mercado Central<\/strong>. Eleito um dos melhores mercados do mundo, \u00e9 um labirinto de aromas e sabores onde se encontra de tudo: queijos da Canastra, cacha\u00e7as artesanais, artesanato e a alma do povo mineiro.<\/p>\n\n\n<div class=\"wp-block-image\">\n<figure class=\"aligncenter size-large\"><img decoding=\"async\" width=\"1024\" height=\"576\" src=\"https:\/\/www.correiobraziliense.com.br\/cbradar\/wp-content\/uploads\/2025\/02\/belo-horizonte_1740635154150-1024x576.jpg\" alt=\"Essa cidade de Minas est\u00e1 conquistando moradores pela qualidade de vida exemplar\" class=\"wp-image-6698\" srcset=\"https:\/\/www.correiobraziliense.com.br\/cbradar\/wp-content\/uploads\/2025\/02\/belo-horizonte_1740635154150-1024x576.jpg 1024w, https:\/\/www.correiobraziliense.com.br\/cbradar\/wp-content\/uploads\/2025\/02\/belo-horizonte_1740635154150-300x169.jpg 300w, https:\/\/www.correiobraziliense.com.br\/cbradar\/wp-content\/uploads\/2025\/02\/belo-horizonte_1740635154150-768x432.jpg 768w, https:\/\/www.correiobraziliense.com.br\/cbradar\/wp-content\/uploads\/2025\/02\/belo-horizonte_1740635154150-750x422.jpg 750w, https:\/\/www.correiobraziliense.com.br\/cbradar\/wp-content\/uploads\/2025\/02\/belo-horizonte_1740635154150-1140x641.jpg 1140w, https:\/\/www.correiobraziliense.com.br\/cbradar\/wp-content\/uploads\/2025\/02\/belo-horizonte_1740635154150.jpg 1280w\" sizes=\"(max-width: 1024px) 100vw, 1024px\" \/><figcaption class=\"wp-element-caption\">Belo Horizonte cresce de forma sustent\u00e1vel e se destaca como polo econ\u00f4mico e tur\u00edstico de Minas Gerais. \/\/ Cr\u00e9ditos: depositphotos.com \/ losak.napior<\/figcaption><\/figure><\/div>\n\n\n<h2 class=\"wp-block-heading\">Onde a arquitetura moderna nasceu?<\/h2>\n\n\n\n<p>Antes de Bras\u00edlia, houve a Pampulha. O <strong>Conjunto Moderno da Pampulha<\/strong>, Patrim\u00f4nio Cultural da Humanidade pela <strong>UNESCO<\/strong>, \u00e9 o marco inicial da arquitetura moderna brasileira. O entorno da lagoa re\u00fane obras-primas de <strong>Oscar Niemeyer<\/strong>, jardins de <strong>Burle Marx<\/strong> e pain\u00e9is de <strong>C\u00e2ndido Portinari<\/strong>.<\/p>\n\n\n\n<p>Para um roteiro completo, inclua:<\/p>\n\n\n\n<ul class=\"wp-block-list\">\n<li><strong>Igrejinha da Pampulha (S\u00e3o Francisco de Assis)<\/strong>: O \u00edcone m\u00e1ximo da cidade, com suas curvas de concreto que desafiaram a rigidez eclesi\u00e1stica da \u00e9poca.<\/li>\n\n\n\n<li><strong>Pra\u00e7a da Liberdade<\/strong>: Um complexo cultural (Circuito Liberdade) instalado em antigos pr\u00e9dios p\u00fablicos, que hoje abrigam museus de classe mundial, como o Memorial Minas Gerais Vale e o CCBB.<\/li>\n\n\n\n<li><strong>Mirante do Mangabeiras<\/strong>: Localizado aos p\u00e9s da Serra do Curral, oferece a vista panor\u00e2mica definitiva da &#8220;selva de pedra&#8221; cercada pelo verde.<\/li>\n\n\n\n<li><strong>Inhotim<\/strong>: Embora fique na vizinha Brumadinho (a 60 km), BH \u00e9 a base oficial para visitar o maior museu a c\u00e9u aberto do mundo.<\/li>\n<\/ul>\n\n\n\n<p><strong>Leia tamb\u00e9m: <a href=\"https:\/\/www.correiobraziliense.com.br\/cbradar\/os-inteligentes-da-turma-costumam-nascer-nesses-meses-segundo-pesquisa\/\" target=\"_blank\" rel=\"noreferrer noopener\">Os inteligentes da turma costumam nascer nesses meses, segundo pesquisa.<\/a><\/strong><\/p>\n\n\n<div class=\"wp-block-image\">\n<figure class=\"aligncenter size-large\"><img decoding=\"async\" width=\"1024\" height=\"576\" src=\"https:\/\/www.correiobraziliense.com.br\/cbradar\/wp-content\/uploads\/2025\/02\/belo-horizonte_1740635165652-1024x576.jpg\" alt=\"Esse \u00e9 o famoso Natal t\u00e3o admirado da capital mineira e por que todos amam curtir a data t\u00e3o especial nesta cidade\" class=\"wp-image-6700\" srcset=\"https:\/\/www.correiobraziliense.com.br\/cbradar\/wp-content\/uploads\/2025\/02\/belo-horizonte_1740635165652-1024x576.jpg 1024w, https:\/\/www.correiobraziliense.com.br\/cbradar\/wp-content\/uploads\/2025\/02\/belo-horizonte_1740635165652-300x169.jpg 300w, https:\/\/www.correiobraziliense.com.br\/cbradar\/wp-content\/uploads\/2025\/02\/belo-horizonte_1740635165652-768x432.jpg 768w, https:\/\/www.correiobraziliense.com.br\/cbradar\/wp-content\/uploads\/2025\/02\/belo-horizonte_1740635165652-750x422.jpg 750w, https:\/\/www.correiobraziliense.com.br\/cbradar\/wp-content\/uploads\/2025\/02\/belo-horizonte_1740635165652-1140x641.jpg 1140w, https:\/\/www.correiobraziliense.com.br\/cbradar\/wp-content\/uploads\/2025\/02\/belo-horizonte_1740635165652.jpg 1280w\" sizes=\"(max-width: 1024px) 100vw, 1024px\" \/><figcaption class=\"wp-element-caption\">Belo Horizonte \u00e9 reconhecida pela qualidade de vida, gastronomia premiada e riqueza cultural. \/\/ Cr\u00e9ditos: depositphotos.com \/ gustavofrazao<\/figcaption><\/figure><\/div>\n\n\n<h2 class=\"wp-block-heading\">O clima de montanha prevalece?<\/h2>\n\n\n\n<p><strong>O clima tropical de altitude garante temperaturas amenas na maior parte do ano, com noites frescas mesmo no ver\u00e3o. <\/strong>O inverno \u00e9 marcado pela seca, deixando o c\u00e9u de um azul profundo e o p\u00f4r do sol alaranjado devido \u00e0 poeira atmosf\u00e9rica t\u00edpica da esta\u00e7\u00e3o.<\/p>\n\n\n\n<p>Segundo o <strong><a href=\"https:\/\/www.climatempo.com.br\/previsao-do-tempo\/cidade\/107\/belohorizonte-mg\" target=\"_blank\" rel=\"noreferrer noopener\">Climatempo<\/a><\/strong>, a esta\u00e7\u00e3o chuvosa \u00e9 concentrada, e o inverno seco \u00e9 ideal para atividades ao ar livre.<\/p>\n\n\n\n<figure class=\"wp-block-table\"><table class=\"has-fixed-layout\"><thead><tr><th>Esta\u00e7\u00e3o\/Meses<\/th><th>Temperatura M\u00e9dia<\/th><th>O que esperar<\/th><\/tr><\/thead><tbody><tr><td>Ver\u00e3o (Dez-Mar)<\/td><td>20\u00b0C a 29\u00b0C<\/td><td>Calor \u00famido e chuvas frequentes; a cidade fica vazia nas f\u00e9rias escolares.<\/td><\/tr><tr><td>Outono (Abr-Jun)<\/td><td>17\u00b0C a 26\u00b0C<\/td><td>Clima mais est\u00e1vel e agrad\u00e1vel; in\u00edcio da temporada de festivais gastron\u00f4micos (Comida di Buteco).<\/td><\/tr><tr><td>Inverno (Jun-Set)<\/td><td>13\u00b0C a 25\u00b0C<\/td><td>Tempo muito seco e noites frias; ideal para vinhos e caldos.<\/td><\/tr><tr><td>Primavera (Set-Dez)<\/td><td>18\u00b0C a 28\u00b0C<\/td><td>Aquecimento e retorno das primeiras chuvas; as pra\u00e7as ficam floridas.<\/td><\/tr><\/tbody><\/table><\/figure>\n\n\n\n<h2 class=\"wp-block-heading\">Motivos para escolher Beag\u00e1<\/h2>\n\n\n\n<p><strong>Belo Horizonte<\/strong> oferece a sofistica\u00e7\u00e3o cultural de S\u00e3o Paulo com a qualidade de vida de uma cidade serrana.<\/p>\n\n\n\n<ul class=\"wp-block-list\">\n<li>O IDHM de 0,810 reflete uma cidade que funciona, com sa\u00fade e educa\u00e7\u00e3o de ponta.<\/li>\n\n\n\n<li>A gastronomia \u00e9 inigual\u00e1vel, oferecendo desde o simples p\u00e3o de queijo at\u00e9 alta cozinha premiada.<\/li>\n\n\n\n<li>A localiza\u00e7\u00e3o central facilita viagens para cidades hist\u00f3ricas como <strong>Ouro Preto<\/strong> e <strong>Tiradentes<\/strong>.<\/li>\n<\/ul>\n\n\n\n<p>Voc\u00ea precisa ver o reflexo da Igrejinha na Lagoa da Pampulha e sentir o abra\u00e7o hospitaleiro que s\u00f3 o mineiro sabe dar.<\/p>\n","protected":false},"excerpt":{"rendered":"<p>Capital de Minas Gerais e carinhosamente chamada de &#8220;Beag\u00e1&#8221;, Belo Horizonte \u00e9 a s\u00edntese perfeita entre a grandiosidade de uma metr\u00f3pole e o acolhimento de uma cidade do interior. O munic\u00edpio belo-horizontino, planejado no s\u00e9culo XIX para ser uma \u201cCidade Jardim\u201d, destaca-se em 2026 como um dos principais polos de tecnologia e inova\u00e7\u00e3o do Brasil, [&hellip;]<\/p>\n","protected":false},"author":8,"featured_media":72486,"comment_status":"open","ping_status":"open","sticky":false,"template":"","format":"standard","meta":{"_yoast_wpseo_focuskw":"cidade de Minas Gerais","_yoast_wpseo_title":"","_yoast_wpseo_metadesc":"Em 2026, uma cidade de Minas Gerais se destaca pelo crescimento constante e pela qualidade de vida acima da m\u00e9dia. Conhe\u00e7a.","jnews-multi-image_gallery":[],"jnews_single_post":{"format":"standard"},"jnews_primary_category":[],"jnews_social_meta":[],"jnews_override_counter":[],"footnotes":""},"categories":[108,111],"tags":[1213,388],"class_list":["post-174909","post","type-post","status-publish","format-standard","has-post-thumbnail","hentry","category-cidades","category-turismo","tag-belo-horizonte","tag-minas-gerais"],"yoast_head":"<!-- This site is optimized with the Yoast SEO plugin v24.6 - https:\/\/yoast.com\/wordpress\/plugins\/seo\/ -->\n<title>A cidade de Minas Gerais que n\u00e3o para de crescer est\u00e1 conquistando moradores em 2026 pela qualidade de vida e sa\u00fade exemplar - Correio Braziliense - Radar<\/title>\n<meta name=\"description\" content=\"Em 2026, uma cidade de Minas Gerais se destaca pelo crescimento constante e pela qualidade de vida acima da m\u00e9dia. Conhe\u00e7a.\" \/>\n<meta name=\"robots\" content=\"index, follow, max-snippet:-1, max-image-preview:large, max-video-preview:-1\" \/>\n<link rel=\"canonical\" href=\"https:\/\/www.correiobraziliense.com.br\/cbradar\/a-cidade-de-minas-gerais-que-nao-para-de-crescer-esta-conquistando-moradores-em-2026-pela-qualidade-de-vida-e-saude-exemplar\/\" \/>\n<meta property=\"og:locale\" content=\"pt_BR\" \/>\n<meta property=\"og:type\" content=\"article\" \/>\n<meta property=\"og:title\" content=\"A cidade de Minas Gerais que n\u00e3o para de crescer est\u00e1 conquistando moradores em 2026 pela qualidade de vida e sa\u00fade exemplar - Correio Braziliense - Radar\" \/>\n<meta property=\"og:description\" content=\"Em 2026, uma cidade de Minas Gerais se destaca pelo crescimento constante e pela qualidade de vida acima da m\u00e9dia. Conhe\u00e7a.\" \/>\n<meta property=\"og:url\" content=\"https:\/\/www.correiobraziliense.com.br\/cbradar\/a-cidade-de-minas-gerais-que-nao-para-de-crescer-esta-conquistando-moradores-em-2026-pela-qualidade-de-vida-e-saude-exemplar\/\" \/>\n<meta property=\"og:site_name\" content=\"Correio Braziliense - Radar\" \/>\n<meta property=\"article:published_time\" content=\"2026-01-18T10:55:00+00:00\" \/>\n<meta property=\"og:image\" content=\"https:\/\/www.correiobraziliense.com.br\/cbradar\/wp-content\/uploads\/2025\/07\/Edicoes-61-1.png\" \/>\n\t<meta property=\"og:image:width\" content=\"1280\" \/>\n\t<meta property=\"og:image:height\" content=\"720\" \/>\n\t<meta property=\"og:image:type\" content=\"image\/png\" \/>\n<meta name=\"author\" content=\"Maura Pereira\" \/>\n<meta name=\"twitter:card\" content=\"summary_large_image\" \/>\n<meta name=\"twitter:label1\" content=\"Escrito por\" \/>\n\t<meta name=\"twitter:data1\" content=\"Maura Pereira\" \/>\n\t<meta name=\"twitter:label2\" content=\"Est. tempo de leitura\" \/>\n\t<meta name=\"twitter:data2\" content=\"6 minutos\" \/>\n<!-- \/ Yoast SEO plugin. -->","yoast_head_json":{"title":"A cidade de Minas Gerais que n\u00e3o para de crescer est\u00e1 conquistando moradores em 2026 pela qualidade de vida e sa\u00fade exemplar - Correio Braziliense - Radar","description":"Em 2026, uma cidade de Minas Gerais se destaca pelo crescimento constante e pela qualidade de vida acima da m\u00e9dia. Conhe\u00e7a.","robots":{"index":"index","follow":"follow","max-snippet":"max-snippet:-1","max-image-preview":"max-image-preview:large","max-video-preview":"max-video-preview:-1"},"canonical":"https:\/\/www.correiobraziliense.com.br\/cbradar\/a-cidade-de-minas-gerais-que-nao-para-de-crescer-esta-conquistando-moradores-em-2026-pela-qualidade-de-vida-e-saude-exemplar\/","og_locale":"pt_BR","og_type":"article","og_title":"A cidade de Minas Gerais que n\u00e3o para de crescer est\u00e1 conquistando moradores em 2026 pela qualidade de vida e sa\u00fade exemplar - Correio Braziliense - Radar","og_description":"Em 2026, uma cidade de Minas Gerais se destaca pelo crescimento constante e pela qualidade de vida acima da m\u00e9dia. Conhe\u00e7a.","og_url":"https:\/\/www.correiobraziliense.com.br\/cbradar\/a-cidade-de-minas-gerais-que-nao-para-de-crescer-esta-conquistando-moradores-em-2026-pela-qualidade-de-vida-e-saude-exemplar\/","og_site_name":"Correio Braziliense - Radar","article_published_time":"2026-01-18T10:55:00+00:00","og_image":[{"width":1280,"height":720,"url":"https:\/\/www.correiobraziliense.com.br\/cbradar\/wp-content\/uploads\/2025\/07\/Edicoes-61-1.png","type":"image\/png"}],"author":"Maura Pereira","twitter_card":"summary_large_image","twitter_misc":{"Escrito por":"Maura Pereira","Est. tempo de leitura":"6 minutos"},"schema":{"@context":"https:\/\/schema.org","@graph":[{"@type":"WebPage","@id":"https:\/\/www.correiobraziliense.com.br\/cbradar\/a-cidade-de-minas-gerais-que-nao-para-de-crescer-esta-conquistando-moradores-em-2026-pela-qualidade-de-vida-e-saude-exemplar\/","url":"https:\/\/www.correiobraziliense.com.br\/cbradar\/a-cidade-de-minas-gerais-que-nao-para-de-crescer-esta-conquistando-moradores-em-2026-pela-qualidade-de-vida-e-saude-exemplar\/","name":"A cidade de Minas Gerais que n\u00e3o para de crescer est\u00e1 conquistando moradores em 2026 pela qualidade de vida e sa\u00fade exemplar - Correio Braziliense - Radar","isPartOf":{"@id":"https:\/\/www.correiobraziliense.com.br\/cbradar\/#website"},"primaryImageOfPage":{"@id":"https:\/\/www.correiobraziliense.com.br\/cbradar\/a-cidade-de-minas-gerais-que-nao-para-de-crescer-esta-conquistando-moradores-em-2026-pela-qualidade-de-vida-e-saude-exemplar\/#primaryimage"},"image":{"@id":"https:\/\/www.correiobraziliense.com.br\/cbradar\/a-cidade-de-minas-gerais-que-nao-para-de-crescer-esta-conquistando-moradores-em-2026-pela-qualidade-de-vida-e-saude-exemplar\/#primaryimage"},"thumbnailUrl":"https:\/\/www.correiobraziliense.com.br\/cbradar\/wp-content\/uploads\/2025\/07\/Edicoes-61-1.png","datePublished":"2026-01-18T10:55:00+00:00","author":{"@id":"https:\/\/www.correiobraziliense.com.br\/cbradar\/#\/schema\/person\/4053c651a9bfc785afc6f4cbc9032fd3"},"description":"Em 2026, uma cidade de Minas Gerais se destaca pelo crescimento constante e pela qualidade de vida acima da m\u00e9dia. Conhe\u00e7a.","breadcrumb":{"@id":"https:\/\/www.correiobraziliense.com.br\/cbradar\/a-cidade-de-minas-gerais-que-nao-para-de-crescer-esta-conquistando-moradores-em-2026-pela-qualidade-de-vida-e-saude-exemplar\/#breadcrumb"},"inLanguage":"pt-BR","potentialAction":[{"@type":"ReadAction","target":["https:\/\/www.correiobraziliense.com.br\/cbradar\/a-cidade-de-minas-gerais-que-nao-para-de-crescer-esta-conquistando-moradores-em-2026-pela-qualidade-de-vida-e-saude-exemplar\/"]}]},{"@type":"ImageObject","inLanguage":"pt-BR","@id":"https:\/\/www.correiobraziliense.com.br\/cbradar\/a-cidade-de-minas-gerais-que-nao-para-de-crescer-esta-conquistando-moradores-em-2026-pela-qualidade-de-vida-e-saude-exemplar\/#primaryimage","url":"https:\/\/www.correiobraziliense.com.br\/cbradar\/wp-content\/uploads\/2025\/07\/Edicoes-61-1.png","contentUrl":"https:\/\/www.correiobraziliense.com.br\/cbradar\/wp-content\/uploads\/2025\/07\/Edicoes-61-1.png","width":1280,"height":720,"caption":"Belo Horizonte est\u00e1 entre as capitais brasileiras com melhor \u00edndice de desenvolvimento humano do pa\u00eds. \/\/ Cr\u00e9ditos: Wikipedia"},{"@type":"BreadcrumbList","@id":"https:\/\/www.correiobraziliense.com.br\/cbradar\/a-cidade-de-minas-gerais-que-nao-para-de-crescer-esta-conquistando-moradores-em-2026-pela-qualidade-de-vida-e-saude-exemplar\/#breadcrumb","itemListElement":[{"@type":"ListItem","position":1,"name":"In\u00edcio","item":"https:\/\/www.correiobraziliense.com.br\/cbradar\/"},{"@type":"ListItem","position":2,"name":"A cidade de Minas Gerais que n\u00e3o para de crescer est\u00e1 conquistando moradores em 2026 pela qualidade de vida e sa\u00fade exemplar"}]},{"@type":"WebSite","@id":"https:\/\/www.correiobraziliense.com.br\/cbradar\/#website","url":"https:\/\/www.correiobraziliense.com.br\/cbradar\/","name":"Correio Braziliense - Radar","description":"Acompanhe as \u00faltimas not\u00edcias e fique bem informado sobre tudo o que acontece no Brasil e no mundo.","potentialAction":[{"@type":"SearchAction","target":{"@type":"EntryPoint","urlTemplate":"https:\/\/www.correiobraziliense.com.br\/cbradar\/?s={search_term_string}"},"query-input":{"@type":"PropertyValueSpecification","valueRequired":true,"valueName":"search_term_string"}}],"inLanguage":"pt-BR"},{"@type":"Person","@id":"https:\/\/www.correiobraziliense.com.br\/cbradar\/#\/schema\/person\/4053c651a9bfc785afc6f4cbc9032fd3","name":"Maura Pereira","image":{"@type":"ImageObject","inLanguage":"pt-BR","@id":"https:\/\/www.correiobraziliense.com.br\/cbradar\/#\/schema\/person\/image\/","url":"https:\/\/secure.gravatar.com\/avatar\/3effd6bdadfa447f15089c7f7144eaa6?s=96&d=mm&r=g","contentUrl":"https:\/\/secure.gravatar.com\/avatar\/3effd6bdadfa447f15089c7f7144eaa6?s=96&d=mm&r=g","caption":"Maura Pereira"},"sameAs":["https:\/\/www.correiobraziliense.com.br\/"],"url":"https:\/\/www.correiobraziliense.com.br\/cbradar\/author\/mauramyth\/"}]}},"_links":{"self":[{"href":"https:\/\/www.correiobraziliense.com.br\/cbradar\/wp-json\/wp\/v2\/posts\/174909","targetHints":{"allow":["GET"]}}],"collection":[{"href":"https:\/\/www.correiobraziliense.com.br\/cbradar\/wp-json\/wp\/v2\/posts"}],"about":[{"href":"https:\/\/www.correiobraziliense.com.br\/cbradar\/wp-json\/wp\/v2\/types\/post"}],"author":[{"embeddable":true,"href":"https:\/\/www.correiobraziliense.com.br\/cbradar\/wp-json\/wp\/v2\/users\/8"}],"replies":[{"embeddable":true,"href":"https:\/\/www.correiobraziliense.com.br\/cbradar\/wp-json\/wp\/v2\/comments?post=174909"}],"version-history":[{"count":15,"href":"https:\/\/www.correiobraziliense.com.br\/cbradar\/wp-json\/wp\/v2\/posts\/174909\/revisions"}],"predecessor-version":[{"id":176109,"href":"https:\/\/www.correiobraziliense.com.br\/cbradar\/wp-json\/wp\/v2\/posts\/174909\/revisions\/176109"}],"wp:featuredmedia":[{"embeddable":true,"href":"https:\/\/www.correiobraziliense.com.br\/cbradar\/wp-json\/wp\/v2\/media\/72486"}],"wp:attachment":[{"href":"https:\/\/www.correiobraziliense.com.br\/cbradar\/wp-json\/wp\/v2\/media?parent=174909"}],"wp:term":[{"taxonomy":"category","embeddable":true,"href":"https:\/\/www.correiobraziliense.com.br\/cbradar\/wp-json\/wp\/v2\/categories?post=174909"},{"taxonomy":"post_tag","embeddable":true,"href":"https:\/\/www.correiobraziliense.com.br\/cbradar\/wp-json\/wp\/v2\/tags?post=174909"}],"curies":[{"name":"wp","href":"https:\/\/api.w.org\/{rel}","templated":true}]}}