{"id":174923,"date":"2026-01-19T21:05:00","date_gmt":"2026-01-20T00:05:00","guid":{"rendered":"https:\/\/www.correiobraziliense.com.br\/cbradar\/?p=174923"},"modified":"2026-01-17T02:08:27","modified_gmt":"2026-01-17T05:08:27","slug":"a-cidade-verde-do-nordeste-esta-surpreendendo-com-a-excelencia-de-polo-medico-regional-e-seu-crescimento-em-qualidade-de-vida","status":"publish","type":"post","link":"https:\/\/www.correiobraziliense.com.br\/cbradar\/a-cidade-verde-do-nordeste-esta-surpreendendo-com-a-excelencia-de-polo-medico-regional-e-seu-crescimento-em-qualidade-de-vida\/","title":{"rendered":"A cidade verde do Nordeste est\u00e1 surpreendendo com a excel\u00eancia de polo m\u00e9dico regional e seu crescimento em qualidade de vida"},"content":{"rendered":"\n<p><strong>\u00danica capital do Nordeste que n\u00e3o \u00e9 banhada pelo mar<\/strong>, <strong>Teresina<\/strong> compensa a aus\u00eancia de praia com o charme de seus rios e uma arboriza\u00e7\u00e3o que lhe rendeu o apelido de \u201cCidade Verde\u201d. Localizada na divisa com o <strong>Maranh\u00e3o<\/strong>, a capital <strong>teresinense<\/strong> consolidou-se como refer\u00eancia em servi\u00e7os de sa\u00fade de alta complexidade, atraindo pessoas de todo o Norte e Nordeste, e oferece uma qualidade de vida marcada pelo acolhimento de seu povo e uma cultura vibrante.<\/p>\n\n\n\n<h2 class=\"wp-block-heading\">Como \u00e9 viver na capital do Piau\u00ed?<\/h2>\n\n\n\n<p><strong>Viver em Teresina \u00e9 experimentar uma rotina que mistura o dinamismo de uma metr\u00f3pole com h\u00e1bitos t\u00edpicos do interior<\/strong>. A vida social acontece muito nas cal\u00e7adas e pra\u00e7as, especialmente ao entardecer, quando o calor diminui. Bairros nobres da Zona Leste, como <strong>J\u00f3quei<\/strong>, <strong>Horto<\/strong> e <strong>F\u00e1tima<\/strong>, oferecem infraestrutura de primeiro mundo, com restaurantes sofisticados, shoppings e escolas de alto n\u00edvel.<\/p>\n\n\n\n<p>A cidade \u00e9 cortada pelos rios <strong>Poti<\/strong> e <strong>Parna\u00edba<\/strong>, que n\u00e3o servem apenas como cen\u00e1rio, mas como eixos de lazer. Aos fins de semana, as fam\u00edlias frequentam a Avenida Raul Lopes para caminhar e praticar esportes. Embora a seguran\u00e7a exija a aten\u00e7\u00e3o t\u00edpica de grandes centros urbanos brasileiros, a sensa\u00e7\u00e3o de comunidade \u00e9 forte, e o custo de vida tende a ser mais atrativo do que em outras capitais nordestinas.<\/p>\n\n\n<div class=\"wp-block-image\">\n<figure class=\"aligncenter size-large\"><img decoding=\"async\" width=\"1024\" height=\"576\" src=\"https:\/\/www.correiobraziliense.com.br\/cbradar\/wp-content\/uploads\/2025\/12\/Design-sem-nome-90-1024x576.png\" alt=\"A cidade verde do Nordeste est\u00e1 surpreendendo com a excel\u00eancia de polo m\u00e9dico regional e seu crescimento em qualidade de vida\" class=\"wp-image-158772\" srcset=\"https:\/\/www.correiobraziliense.com.br\/cbradar\/wp-content\/uploads\/2025\/12\/Design-sem-nome-90-1024x576.png 1024w, https:\/\/www.correiobraziliense.com.br\/cbradar\/wp-content\/uploads\/2025\/12\/Design-sem-nome-90-300x169.png 300w, https:\/\/www.correiobraziliense.com.br\/cbradar\/wp-content\/uploads\/2025\/12\/Design-sem-nome-90-768x432.png 768w, https:\/\/www.correiobraziliense.com.br\/cbradar\/wp-content\/uploads\/2025\/12\/Design-sem-nome-90-750x422.png 750w, https:\/\/www.correiobraziliense.com.br\/cbradar\/wp-content\/uploads\/2025\/12\/Design-sem-nome-90-1140x641.png 1140w, https:\/\/www.correiobraziliense.com.br\/cbradar\/wp-content\/uploads\/2025\/12\/Design-sem-nome-90.png 1280w\" sizes=\"(max-width: 1024px) 100vw, 1024px\" \/><figcaption class=\"wp-element-caption\">Parque Encontro dos Rios em Teresina-PI abrange 10 ha com trilhas ecol\u00f3gicas, lagoas e fauna nativa preservada no Poti-Parna\u00edba. \/\/ Cr\u00e9ditos: Wikip\u00e9dia<\/figcaption><\/figure><\/div>\n\n\n<h2 class=\"wp-block-heading\">Quais indicadores destacam a cidade?<\/h2>\n\n\n\n<p>Com um<strong> \u00cdndice de Desenvolvimento Humano Municipal (IDHM) de 0,751<\/strong>, considerado alto, a cidade lidera os \u00edndices estaduais. Segundo dados do <a href=\"https:\/\/cidades.ibge.gov.br\/brasil\/pi\/teresina\/panorama\" target=\"_blank\" rel=\"noreferrer noopener\"><strong>Instituto Brasileiro de Geografia e Estat\u00edstica<\/strong> (<strong>IBGE<\/strong>)<\/a>, a for\u00e7a motriz desse desenvolvimento \u00e9 o setor de servi\u00e7os, com destaque absoluto para a sa\u00fade. A capital possui uma rede hospitalar robusta que \u00e9 refer\u00eancia nacional em neurologia e tratamentos complexos.<\/p>\n\n\n\n<p>A educa\u00e7\u00e3o tamb\u00e9m \u00e9 um pilar de orgulho. Teresina frequentemente figura entre as capitais com melhores notas no IDEB, e a presen\u00e7a de universidades importantes como a <strong>UFPI<\/strong> e a <strong>UESPI<\/strong> garante uma popula\u00e7\u00e3o jovem e qualificada, movimentando a economia do conhecimento e da inova\u00e7\u00e3o.<\/p>\n\n\n\n<p><strong>Leia tamb\u00e9m: <a href=\"https:\/\/www.correiobraziliense.com.br\/cbradar\/por-que-sua-casa-e-mais-quente-que-a-rua-o-efeito-ilha-de-calor-das-telhas-e-cores-escuras\/\" target=\"_blank\" rel=\"noreferrer noopener\">Por que sua casa \u00e9 mais quente que a rua? O efeito &#8216;ilha de calor&#8217; das telhas e cores escuras.<\/a><\/strong><\/p>\n\n\n\n<p>Conhe\u00e7a Teresina, a \u00fanica capital do Nordeste que n\u00e3o fica no litoral, apresentada neste v\u00eddeo do canal <strong>Melhores Cidades para Morar<\/strong> (com mais de 70 mil inscritos). Conhecida como a &#8220;Mesopot\u00e2mia Brasileira&#8221; por estar situada entre os rios Parna\u00edba e Poti, a cidade se destaca como um importante polo de sa\u00fade e educa\u00e7\u00e3o na regi\u00e3o.<\/p>\n\n\n\n<figure class=\"wp-block-embed aligncenter is-type-video is-provider-youtube wp-block-embed-youtube wp-embed-aspect-16-9 wp-has-aspect-ratio\"><div class=\"wp-block-embed__wrapper\">\n<div class=\"jeg_video_container jeg_video_content\"><iframe loading=\"lazy\" title=\"Teresina \u00e9 a PR\u00d3XIMA GRANDE SURPRESA do Brasil?\" width=\"500\" height=\"281\" src=\"https:\/\/www.youtube.com\/embed\/yaX043QoEjs?start=61&#038;feature=oembed\" frameborder=\"0\" allow=\"accelerometer; autoplay; clipboard-write; encrypted-media; gyroscope; picture-in-picture; web-share\" referrerpolicy=\"strict-origin-when-cross-origin\" allowfullscreen><\/iframe><\/div>\n<\/div><\/figure>\n\n\n\n<h2 class=\"wp-block-heading\">Onde encontrar o artesanato e a vista panor\u00e2mica?<\/h2>\n\n\n\n<p>O turismo em <strong>Teresina<\/strong> \u00e9 rico em cultura e paisagens fluviais. A cidade valoriza suas ra\u00edzes e oferece atra\u00e7\u00f5es que misturam arte, natureza e modernidade.<\/p>\n\n\n\n<p>Para conhecer a alma teresinense, o roteiro deve incluir:<\/p>\n\n\n\n<ul class=\"wp-block-list\">\n<li><strong>Encontro dos Rios<\/strong>: O ponto onde as \u00e1guas barrentas do Rio Parna\u00edba se encontram com as \u00e1guas escuras do Rio Poti. O local conta com o restaurante flutuante e o monumento ao Cabe\u00e7a de Cuia, lenda local.<\/li>\n\n\n\n<li><strong>Polo Cer\u00e2mico do Poti Velho<\/strong>: O bairro mais antigo da cidade \u00e9 o lar dos artes\u00e3os que transformam argila em arte. \u00c9 o lugar ideal para comprar pe\u00e7as de decora\u00e7\u00e3o aut\u00eanticas e ver a produ\u00e7\u00e3o ao vivo.<\/li>\n\n\n\n<li><strong>Complexo Tur\u00edstico da Ponte Estaiada<\/strong>: O cart\u00e3o-postal moderno da cidade. Possui um mirante a 95 metros de altura que oferece uma vis\u00e3o 360 graus da &#8220;Cidade Verde&#8221;.<\/li>\n\n\n\n<li><strong>Parque da Cidadania<\/strong>: Um espa\u00e7o amplo e moderno no centro, com pistas de skate, anfiteatro e o Museu de Arte Santeira, ideal para fins de tarde em fam\u00edlia.<\/li>\n<\/ul>\n\n\n<div class=\"wp-block-image\">\n<figure class=\"aligncenter size-large\"><img decoding=\"async\" width=\"1024\" height=\"576\" src=\"https:\/\/www.correiobraziliense.com.br\/cbradar\/wp-content\/uploads\/2025\/12\/Design-sem-nome-92-1024x576.png\" alt=\"A cidade verde do Nordeste est\u00e1 surpreendendo com a excel\u00eancia de polo m\u00e9dico regional e seu crescimento em qualidade de vida\" class=\"wp-image-158769\" srcset=\"https:\/\/www.correiobraziliense.com.br\/cbradar\/wp-content\/uploads\/2025\/12\/Design-sem-nome-92-1024x576.png 1024w, https:\/\/www.correiobraziliense.com.br\/cbradar\/wp-content\/uploads\/2025\/12\/Design-sem-nome-92-300x169.png 300w, https:\/\/www.correiobraziliense.com.br\/cbradar\/wp-content\/uploads\/2025\/12\/Design-sem-nome-92-768x432.png 768w, https:\/\/www.correiobraziliense.com.br\/cbradar\/wp-content\/uploads\/2025\/12\/Design-sem-nome-92-750x422.png 750w, https:\/\/www.correiobraziliense.com.br\/cbradar\/wp-content\/uploads\/2025\/12\/Design-sem-nome-92-1140x641.png 1140w, https:\/\/www.correiobraziliense.com.br\/cbradar\/wp-content\/uploads\/2025\/12\/Design-sem-nome-92.png 1280w\" sizes=\"(max-width: 1024px) 100vw, 1024px\" \/><figcaption class=\"wp-element-caption\">Teresina-PI oferece roteiros familiares com museu hist\u00f3rico e mirantes acess\u00edveis para explorar rios e tradi\u00e7\u00e3o local. \/\/ Cr\u00e9ditos: Wikip\u00e9dia<\/figcaption><\/figure><\/div>\n\n\n<h2 class=\"wp-block-heading\">Como \u00e9 o clima?<\/h2>\n\n\n\n<p><strong>O clima tropical semi\u00famido \u00e9 famoso pelo calor intenso.<\/strong> O per\u00edodo conhecido dos meses terminados em &#8220;bro&#8221;: setembro, outubro, novembro e dezembro \u00e9 o \u00e1pice das altas temperaturas, exigindo hidrata\u00e7\u00e3o constante.<\/p>\n\n\n\n<p>Segundo o <strong><a href=\"https:\/\/www.climatempo.com.br\/previsao-do-tempo\/cidade\/264\/teresina-pi\" target=\"_blank\" rel=\"noreferrer noopener\">Climatempo<\/a><\/strong>, a cidade possui duas esta\u00e7\u00f5es bem definidas: uma chuvosa e uma seca e muito quente.<\/p>\n\n\n\n<figure class=\"wp-block-table\"><table class=\"has-fixed-layout\"><thead><tr><th>Esta\u00e7\u00e3o\/Meses<\/th><th>Temperatura M\u00e9dia<\/th><th>O que esperar<\/th><\/tr><\/thead><tbody><tr><td>Esta\u00e7\u00e3o Chuvosa (Jan-Mai)<\/td><td>23\u00b0C a 32\u00b0C<\/td><td>Chuvas frequentes que amenizam o calor; a cidade fica exuberantemente verde.<\/td><\/tr><tr><td>Transi\u00e7\u00e3o (Jun-Ago)<\/td><td>22\u00b0C a 33\u00b0C<\/td><td>Per\u00edodo &#8220;ameno&#8221; (para os padr\u00f5es locais); noites ventiladas e agrad\u00e1veis.<\/td><\/tr><tr><td>B-R-O-Br\u00f3 (Set-Dez)<\/td><td>26\u00b0C a 38\u00b0C+<\/td><td>Calor extremo e tempo seco; ideal para atividades aqu\u00e1ticas e ar-condicionado.<\/td><\/tr><\/tbody><\/table><\/figure>\n\n\n<div class=\"wp-block-image\">\n<figure class=\"aligncenter size-large\"><img decoding=\"async\" width=\"1024\" height=\"576\" src=\"https:\/\/www.correiobraziliense.com.br\/cbradar\/wp-content\/uploads\/2025\/12\/Design-sem-nome-93-1024x576.png\" alt=\"Essa cidade Nordestina est\u00e1 surpreendendo at\u00e9 mesmo os peixes grandes pelo seu crescimento e tranquilidade interiorana\" class=\"wp-image-158768\" srcset=\"https:\/\/www.correiobraziliense.com.br\/cbradar\/wp-content\/uploads\/2025\/12\/Design-sem-nome-93-1024x576.png 1024w, https:\/\/www.correiobraziliense.com.br\/cbradar\/wp-content\/uploads\/2025\/12\/Design-sem-nome-93-300x169.png 300w, https:\/\/www.correiobraziliense.com.br\/cbradar\/wp-content\/uploads\/2025\/12\/Design-sem-nome-93-768x432.png 768w, https:\/\/www.correiobraziliense.com.br\/cbradar\/wp-content\/uploads\/2025\/12\/Design-sem-nome-93-750x422.png 750w, https:\/\/www.correiobraziliense.com.br\/cbradar\/wp-content\/uploads\/2025\/12\/Design-sem-nome-93-1140x641.png 1140w, https:\/\/www.correiobraziliense.com.br\/cbradar\/wp-content\/uploads\/2025\/12\/Design-sem-nome-93.png 1280w\" sizes=\"(max-width: 1024px) 100vw, 1024px\" \/><figcaption class=\"wp-element-caption\">Teresina-PI destaca ecoturismo com S\u00edtios rurais e festivais culturais, atraindo visitantes no Nordeste em crescimento atual. \/\/ Cr\u00e9ditos: Wikip\u00e9dia<\/figcaption><\/figure><\/div>\n\n\n<h2 class=\"wp-block-heading\">Motivos para escolher Teresina<\/h2>\n\n\n\n<p><strong>Teresina<\/strong> prova que uma capital n\u00e3o precisa de mar para ser encantadora e pr\u00f3spera.<\/p>\n\n\n\n<ul class=\"wp-block-list\">\n<li>A excel\u00eancia m\u00e9dica oferece seguran\u00e7a e acesso a tratamentos de ponta para toda a fam\u00edlia.<\/li>\n\n\n\n<li>A gastronomia \u00fanica, com a famosa <strong>Maria Isabel<\/strong> (arroz com carne de sol), a pa\u00e7oca de pil\u00e3o e a caju\u00edna gelada, \u00e9 um patrim\u00f4nio cultural.<\/li>\n\n\n\n<li>O custo de vida e a facilidade de tr\u00e2nsito (comparada a metr\u00f3poles maiores) permitem uma rotina mais equilibrada.<\/li>\n<\/ul>\n\n\n\n<p>Voc\u00ea precisa provar uma caju\u00edna cristalina enquanto observa o p\u00f4r do sol no Rio Poti para entender a poesia desta terra quente e acolhedora.<\/p>\n","protected":false},"excerpt":{"rendered":"<p>\u00danica capital do Nordeste que n\u00e3o \u00e9 banhada pelo mar, Teresina compensa a aus\u00eancia de praia com o charme de seus rios e uma arboriza\u00e7\u00e3o que lhe rendeu o apelido de \u201cCidade Verde\u201d. Localizada na divisa com o Maranh\u00e3o, a capital teresinense consolidou-se como refer\u00eancia em servi\u00e7os de sa\u00fade de alta complexidade, atraindo pessoas de [&hellip;]<\/p>\n","protected":false},"author":8,"featured_media":158771,"comment_status":"open","ping_status":"open","sticky":false,"template":"","format":"standard","meta":{"_yoast_wpseo_focuskw":"cidade verde","_yoast_wpseo_title":"","_yoast_wpseo_metadesc":"A cidade verde do Nordeste chama aten\u00e7\u00e3o por se consolidar como polo m\u00e9dico regional e elevar rapidamente a qualidade de vida. Descubra.","jnews-multi-image_gallery":[],"jnews_single_post":{"format":"standard"},"jnews_primary_category":[],"jnews_social_meta":[],"jnews_override_counter":[],"footnotes":""},"categories":[108,111],"post_tag":[10184,12978],"class_list":["post-174923","post","type-post","status-publish","format-standard","has-post-thumbnail","hentry","category-cidades","category-turismo","tag-piaui-2","tag-teresina"],"yoast_head":"<!-- This site is optimized with the Yoast SEO plugin v24.6 - https:\/\/yoast.com\/wordpress\/plugins\/seo\/ -->\n<title>A cidade verde do Nordeste est\u00e1 surpreendendo com a excel\u00eancia de polo m\u00e9dico regional e seu crescimento em qualidade de vida - Correio Braziliense - Radar<\/title>\n<meta name=\"description\" content=\"A cidade verde do Nordeste chama aten\u00e7\u00e3o por se consolidar como polo m\u00e9dico regional e elevar rapidamente a qualidade de vida. Descubra.\" \/>\n<meta name=\"robots\" content=\"index, follow, max-snippet:-1, max-image-preview:large, max-video-preview:-1\" \/>\n<link rel=\"canonical\" href=\"https:\/\/www.correiobraziliense.com.br\/cbradar\/a-cidade-verde-do-nordeste-esta-surpreendendo-com-a-excelencia-de-polo-medico-regional-e-seu-crescimento-em-qualidade-de-vida\/\" \/>\n<meta property=\"og:locale\" content=\"pt_BR\" \/>\n<meta property=\"og:type\" content=\"article\" \/>\n<meta property=\"og:title\" content=\"A cidade verde do Nordeste est\u00e1 surpreendendo com a excel\u00eancia de polo m\u00e9dico regional e seu crescimento em qualidade de vida - Correio Braziliense - Radar\" \/>\n<meta property=\"og:description\" content=\"A cidade verde do Nordeste chama aten\u00e7\u00e3o por se consolidar como polo m\u00e9dico regional e elevar rapidamente a qualidade de vida. Descubra.\" \/>\n<meta property=\"og:url\" content=\"https:\/\/www.correiobraziliense.com.br\/cbradar\/a-cidade-verde-do-nordeste-esta-surpreendendo-com-a-excelencia-de-polo-medico-regional-e-seu-crescimento-em-qualidade-de-vida\/\" \/>\n<meta property=\"og:site_name\" content=\"Correio Braziliense - Radar\" \/>\n<meta property=\"article:published_time\" content=\"2026-01-20T00:05:00+00:00\" \/>\n<meta property=\"og:image\" content=\"https:\/\/www.correiobraziliense.com.br\/cbradar\/wp-content\/uploads\/2025\/12\/Design-sem-nome-91.png\" \/>\n\t<meta property=\"og:image:width\" content=\"1280\" \/>\n\t<meta property=\"og:image:height\" content=\"720\" \/>\n\t<meta property=\"og:image:type\" content=\"image\/png\" \/>\n<meta name=\"author\" content=\"Maura Pereira\" \/>\n<meta name=\"twitter:card\" content=\"summary_large_image\" \/>\n<meta name=\"twitter:label1\" content=\"Escrito por\" \/>\n\t<meta name=\"twitter:data1\" content=\"Maura Pereira\" \/>\n\t<meta name=\"twitter:label2\" content=\"Est. tempo de leitura\" \/>\n\t<meta name=\"twitter:data2\" content=\"6 minutos\" \/>\n<!-- \/ Yoast SEO plugin. -->","yoast_head_json":{"title":"A cidade verde do Nordeste est\u00e1 surpreendendo com a excel\u00eancia de polo m\u00e9dico regional e seu crescimento em qualidade de vida - Correio Braziliense - Radar","description":"A cidade verde do Nordeste chama aten\u00e7\u00e3o por se consolidar como polo m\u00e9dico regional e elevar rapidamente a qualidade de vida. Descubra.","robots":{"index":"index","follow":"follow","max-snippet":"max-snippet:-1","max-image-preview":"max-image-preview:large","max-video-preview":"max-video-preview:-1"},"canonical":"https:\/\/www.correiobraziliense.com.br\/cbradar\/a-cidade-verde-do-nordeste-esta-surpreendendo-com-a-excelencia-de-polo-medico-regional-e-seu-crescimento-em-qualidade-de-vida\/","og_locale":"pt_BR","og_type":"article","og_title":"A cidade verde do Nordeste est\u00e1 surpreendendo com a excel\u00eancia de polo m\u00e9dico regional e seu crescimento em qualidade de vida - Correio Braziliense - Radar","og_description":"A cidade verde do Nordeste chama aten\u00e7\u00e3o por se consolidar como polo m\u00e9dico regional e elevar rapidamente a qualidade de vida. Descubra.","og_url":"https:\/\/www.correiobraziliense.com.br\/cbradar\/a-cidade-verde-do-nordeste-esta-surpreendendo-com-a-excelencia-de-polo-medico-regional-e-seu-crescimento-em-qualidade-de-vida\/","og_site_name":"Correio Braziliense - Radar","article_published_time":"2026-01-20T00:05:00+00:00","og_image":[{"width":1280,"height":720,"url":"https:\/\/www.correiobraziliense.com.br\/cbradar\/wp-content\/uploads\/2025\/12\/Design-sem-nome-91.png","type":"image\/png"}],"author":"Maura Pereira","twitter_card":"summary_large_image","twitter_misc":{"Escrito por":"Maura Pereira","Est. tempo de leitura":"6 minutos"},"schema":{"@context":"https:\/\/schema.org","@graph":[{"@type":"WebPage","@id":"https:\/\/www.correiobraziliense.com.br\/cbradar\/a-cidade-verde-do-nordeste-esta-surpreendendo-com-a-excelencia-de-polo-medico-regional-e-seu-crescimento-em-qualidade-de-vida\/","url":"https:\/\/www.correiobraziliense.com.br\/cbradar\/a-cidade-verde-do-nordeste-esta-surpreendendo-com-a-excelencia-de-polo-medico-regional-e-seu-crescimento-em-qualidade-de-vida\/","name":"A cidade verde do Nordeste est\u00e1 surpreendendo com a excel\u00eancia de polo m\u00e9dico regional e seu crescimento em qualidade de vida - Correio Braziliense - Radar","isPartOf":{"@id":"https:\/\/www.correiobraziliense.com.br\/cbradar\/#website"},"primaryImageOfPage":{"@id":"https:\/\/www.correiobraziliense.com.br\/cbradar\/a-cidade-verde-do-nordeste-esta-surpreendendo-com-a-excelencia-de-polo-medico-regional-e-seu-crescimento-em-qualidade-de-vida\/#primaryimage"},"image":{"@id":"https:\/\/www.correiobraziliense.com.br\/cbradar\/a-cidade-verde-do-nordeste-esta-surpreendendo-com-a-excelencia-de-polo-medico-regional-e-seu-crescimento-em-qualidade-de-vida\/#primaryimage"},"thumbnailUrl":"https:\/\/www.correiobraziliense.com.br\/cbradar\/wp-content\/uploads\/2025\/12\/Design-sem-nome-91.png","datePublished":"2026-01-20T00:05:00+00:00","author":{"@id":"https:\/\/www.correiobraziliense.com.br\/cbradar\/#\/schema\/person\/4053c651a9bfc785afc6f4cbc9032fd3"},"description":"A cidade verde do Nordeste chama aten\u00e7\u00e3o por se consolidar como polo m\u00e9dico regional e elevar rapidamente a qualidade de vida. Descubra.","breadcrumb":{"@id":"https:\/\/www.correiobraziliense.com.br\/cbradar\/a-cidade-verde-do-nordeste-esta-surpreendendo-com-a-excelencia-de-polo-medico-regional-e-seu-crescimento-em-qualidade-de-vida\/#breadcrumb"},"inLanguage":"pt-BR","potentialAction":[{"@type":"ReadAction","target":["https:\/\/www.correiobraziliense.com.br\/cbradar\/a-cidade-verde-do-nordeste-esta-surpreendendo-com-a-excelencia-de-polo-medico-regional-e-seu-crescimento-em-qualidade-de-vida\/"]}]},{"@type":"ImageObject","inLanguage":"pt-BR","@id":"https:\/\/www.correiobraziliense.com.br\/cbradar\/a-cidade-verde-do-nordeste-esta-surpreendendo-com-a-excelencia-de-polo-medico-regional-e-seu-crescimento-em-qualidade-de-vida\/#primaryimage","url":"https:\/\/www.correiobraziliense.com.br\/cbradar\/wp-content\/uploads\/2025\/12\/Design-sem-nome-91.png","contentUrl":"https:\/\/www.correiobraziliense.com.br\/cbradar\/wp-content\/uploads\/2025\/12\/Design-sem-nome-91.png","width":1280,"height":720,"caption":"Teresina-PI revela Encontro dos Rios, Ponte Estaiada e Polo Cer\u00e2mico no cora\u00e7\u00e3o nordestino com parques urbanos vibrantes. \/\/ Cr\u00e9ditos: Wikip\u00e9dia"},{"@type":"BreadcrumbList","@id":"https:\/\/www.correiobraziliense.com.br\/cbradar\/a-cidade-verde-do-nordeste-esta-surpreendendo-com-a-excelencia-de-polo-medico-regional-e-seu-crescimento-em-qualidade-de-vida\/#breadcrumb","itemListElement":[{"@type":"ListItem","position":1,"name":"In\u00edcio","item":"https:\/\/www.correiobraziliense.com.br\/cbradar\/"},{"@type":"ListItem","position":2,"name":"A cidade verde do Nordeste est\u00e1 surpreendendo com a excel\u00eancia de polo m\u00e9dico regional e seu crescimento em qualidade de vida"}]},{"@type":"WebSite","@id":"https:\/\/www.correiobraziliense.com.br\/cbradar\/#website","url":"https:\/\/www.correiobraziliense.com.br\/cbradar\/","name":"Correio Braziliense - Radar","description":"Acompanhe as \u00faltimas not\u00edcias e fique bem informado sobre tudo o que acontece no Brasil e no mundo.","potentialAction":[{"@type":"SearchAction","target":{"@type":"EntryPoint","urlTemplate":"https:\/\/www.correiobraziliense.com.br\/cbradar\/?s={search_term_string}"},"query-input":{"@type":"PropertyValueSpecification","valueRequired":true,"valueName":"search_term_string"}}],"inLanguage":"pt-BR"},{"@type":"Person","@id":"https:\/\/www.correiobraziliense.com.br\/cbradar\/#\/schema\/person\/4053c651a9bfc785afc6f4cbc9032fd3","name":"Maura Pereira","image":{"@type":"ImageObject","inLanguage":"pt-BR","@id":"https:\/\/www.correiobraziliense.com.br\/cbradar\/#\/schema\/person\/image\/","url":"https:\/\/secure.gravatar.com\/avatar\/3effd6bdadfa447f15089c7f7144eaa6?s=96&d=mm&r=g","contentUrl":"https:\/\/secure.gravatar.com\/avatar\/3effd6bdadfa447f15089c7f7144eaa6?s=96&d=mm&r=g","caption":"Maura Pereira"},"sameAs":["https:\/\/www.correiobraziliense.com.br\/"],"url":"https:\/\/www.correiobraziliense.com.br\/cbradar\/author\/mauramyth\/"}]}},"_links":{"self":[{"href":"https:\/\/www.correiobraziliense.com.br\/cbradar\/wp-json\/wp\/v2\/posts\/174923","targetHints":{"allow":["GET"]}}],"collection":[{"href":"https:\/\/www.correiobraziliense.com.br\/cbradar\/wp-json\/wp\/v2\/posts"}],"about":[{"href":"https:\/\/www.correiobraziliense.com.br\/cbradar\/wp-json\/wp\/v2\/types\/post"}],"author":[{"embeddable":true,"href":"https:\/\/www.correiobraziliense.com.br\/cbradar\/wp-json\/wp\/v2\/users\/8"}],"replies":[{"embeddable":true,"href":"https:\/\/www.correiobraziliense.com.br\/cbradar\/wp-json\/wp\/v2\/comments?post=174923"}],"version-history":[{"count":14,"href":"https:\/\/www.correiobraziliense.com.br\/cbradar\/wp-json\/wp\/v2\/posts\/174923\/revisions"}],"predecessor-version":[{"id":176539,"href":"https:\/\/www.correiobraziliense.com.br\/cbradar\/wp-json\/wp\/v2\/posts\/174923\/revisions\/176539"}],"wp:featuredmedia":[{"embeddable":true,"href":"https:\/\/www.correiobraziliense.com.br\/cbradar\/wp-json\/wp\/v2\/media\/158771"}],"wp:attachment":[{"href":"https:\/\/www.correiobraziliense.com.br\/cbradar\/wp-json\/wp\/v2\/media?parent=174923"}],"wp:term":[{"taxonomy":"category","embeddable":true,"href":"https:\/\/www.correiobraziliense.com.br\/cbradar\/wp-json\/wp\/v2\/categories?post=174923"},{"taxonomy":"post_tag","embeddable":true,"href":"https:\/\/www.correiobraziliense.com.br\/cbradar\/wp-json\/wp\/v2\/post_tag?post=174923"}],"curies":[{"name":"wp","href":"https:\/\/api.w.org\/{rel}","templated":true}]}}