{"id":174926,"date":"2026-01-19T12:45:00","date_gmt":"2026-01-19T15:45:00","guid":{"rendered":"https:\/\/www.correiobraziliense.com.br\/cbradar\/?p=174926"},"modified":"2026-01-17T01:07:25","modified_gmt":"2026-01-17T04:07:25","slug":"a-cidade-a-60-km-de-sao-paulo-conhecida-como-terra-do-vinho-que-atrai-casais-pelo-charme-de-vilas-europeias","status":"publish","type":"post","link":"https:\/\/www.correiobraziliense.com.br\/cbradar\/a-cidade-a-60-km-de-sao-paulo-conhecida-como-terra-do-vinho-que-atrai-casais-pelo-charme-de-vilas-europeias\/","title":{"rendered":"A cidade a 60 km de S\u00e3o Paulo conhecida como Terra do Vinho que atrai casais pelo charme de vilas europeias"},"content":{"rendered":"\n<p>Localizada a apenas 60 km de <strong>S\u00e3o Paulo<\/strong>, <strong>S\u00e3o Roque<\/strong> \u00e9 um ref\u00fagio que combina o charme das vilas europeias com a conveni\u00eancia de estar ao lado da maior metr\u00f3pole do pa\u00eds. Conhecida nacionalmente como a \u201cTerra do Vinho\u201d, a Est\u00e2ncia Tur\u00edstica <strong>s\u00e3o-roquense<\/strong> oferece uma qualidade de vida elevada, onde o clima de montanha e a heran\u00e7a dos imigrantes italianos e portugueses criam uma atmosfera \u00fanica de acolhimento e gastronomia.<\/p>\n\n\n\n<h2 class=\"wp-block-heading\">Como \u00e9 viver na Terra do Vinho?<\/h2>\n\n\n\n<p><strong>Viver neste munic\u00edpio \u00e9 desfrutar de um ritmo desacelerado sem abrir m\u00e3o de infraestrutura<\/strong>. A cidade \u00e9 marcada por uma geografia de morros verdes e ar puro, sendo um destino cobi\u00e7ado por quem busca fugir do estresse da capital. A seguran\u00e7a e a tranquilidade dos bairros residenciais atraem fam\u00edlias e aposentados, enquanto a proximidade com as <strong>Rodovias Castello Branco<\/strong> e<strong> Raposo Tavares <\/strong>facilita o deslocamento di\u00e1rio de quem trabalha em <strong>Osasco<\/strong> ou <strong>S\u00e3o Paulo<\/strong>.<\/p>\n\n\n\n<p>A cultura do vinho n\u00e3o \u00e9 apenas tur\u00edstica; ela permeia o estilo de vida local. \u00c9 comum que os moradores frequentem as adegas nos fins de semana para almo\u00e7os longos em fam\u00edlia, aproveitando a produ\u00e7\u00e3o local de alcachofras e uvas. A cidade tamb\u00e9m se destaca como um polo de compras de alto padr\u00e3o com a presen\u00e7a do <strong>Catarina Fashion Outlet<\/strong>, que gera empregos e movimenta a economia.<\/p>\n\n\n<div class=\"wp-block-image\">\n<figure class=\"aligncenter size-large\"><img decoding=\"async\" width=\"1024\" height=\"576\" src=\"https:\/\/www.correiobraziliense.com.br\/cbradar\/wp-content\/uploads\/2025\/12\/Design-sem-nome-99-1024x576.png\" alt=\"A cidade a 60 km de S\u00e3o Paulo conhecida como Terra do Vinho que atrai casais pelo charme de vilas europeias\" class=\"wp-image-158836\" srcset=\"https:\/\/www.correiobraziliense.com.br\/cbradar\/wp-content\/uploads\/2025\/12\/Design-sem-nome-99-1024x576.png 1024w, https:\/\/www.correiobraziliense.com.br\/cbradar\/wp-content\/uploads\/2025\/12\/Design-sem-nome-99-300x169.png 300w, https:\/\/www.correiobraziliense.com.br\/cbradar\/wp-content\/uploads\/2025\/12\/Design-sem-nome-99-768x432.png 768w, https:\/\/www.correiobraziliense.com.br\/cbradar\/wp-content\/uploads\/2025\/12\/Design-sem-nome-99-750x422.png 750w, https:\/\/www.correiobraziliense.com.br\/cbradar\/wp-content\/uploads\/2025\/12\/Design-sem-nome-99-1140x641.png 1140w, https:\/\/www.correiobraziliense.com.br\/cbradar\/wp-content\/uploads\/2025\/12\/Design-sem-nome-99.png 1280w\" sizes=\"(max-width: 1024px) 100vw, 1024px\" \/><figcaption class=\"wp-element-caption\">Vin\u00edcola G\u00f3es em S\u00e3o Roque-SP produz 1 milh\u00e3o de garrafas anuais com caves subterr\u00e2neas e tours em 50 ha de vinhedos. \/\/ Cr\u00e9ditos: Wikip\u00e9dia<\/figcaption><\/figure><\/div>\n\n\n<h2 class=\"wp-block-heading\">Quais indicadores atestam o desenvolvimento?<\/h2>\n\n\n\n<p>Com um <strong>\u00cdndice de Desenvolvimento Humano Municipal (IDHM) de 0,768<\/strong>, a cidade situa-se na faixa de alto desenvolvimento humano. Segundo dados do <a href=\"https:\/\/cidades.ibge.gov.br\/brasil\/sp\/sao-roque\/panorama\" target=\"_blank\" rel=\"noreferrer noopener\"><strong>Instituto Brasileiro de Geografia e Estat\u00edstica<\/strong> (<strong>IBGE<\/strong>)<\/a>, o destaque absoluto \u00e9 a longevidade (0,860), refletindo um ambiente saud\u00e1vel e uma boa rede de sa\u00fade.<\/p>\n\n\n\n<p>A economia \u00e9 diversificada, equilibrando o turismo robusto (que recebe mais de 600 mil visitantes por ano) com um setor de servi\u00e7os forte e ind\u00fastrias leves. A preserva\u00e7\u00e3o da Mata Atl\u00e2ntica em cerca de 40% do territ\u00f3rio garante que o crescimento urbano n\u00e3o sufoque a beleza natural que define a identidade da cidade.<\/p>\n\n\n\n<p><strong>Descubra as riquezas e segredos de S\u00e3o Jo\u00e3o del-Rei<\/strong>, uma das mais belas cidades hist\u00f3ricas de <strong>Minas Gerais<\/strong>. O v\u00eddeo \u00e9 do canal\u00a0<strong>De fora em Juiz de Fora<\/strong>\u00a0e apresenta 10 curiosidades fascinantes que revelam desde a economia pujante at\u00e9 lendas de cidades subterr\u00e2neas:<\/p>\n\n\n\n<figure class=\"wp-block-embed aligncenter is-type-video is-provider-youtube wp-block-embed-youtube wp-embed-aspect-16-9 wp-has-aspect-ratio\"><div class=\"wp-block-embed__wrapper\">\n<div class=\"jeg_video_container jeg_video_content\"><iframe loading=\"lazy\" title=\"S\u00c3O ROQUE SP: A CIDADE QUE TRANSFORMOU VINHO EM TRADI\u00c7\u00c3O A 1 HORA DE S\u00c3O PAULO - com Tati Marmon\" width=\"500\" height=\"281\" src=\"https:\/\/www.youtube.com\/embed\/JxfUKESbTK0?start=117&#038;feature=oembed\" frameborder=\"0\" allow=\"accelerometer; autoplay; clipboard-write; encrypted-media; gyroscope; picture-in-picture; web-share\" referrerpolicy=\"strict-origin-when-cross-origin\" allowfullscreen><\/iframe><\/div>\n<\/div><\/figure>\n\n\n\n<p><strong>Leia tamb\u00e9m: <a href=\"https:\/\/www.correiobraziliense.com.br\/cbradar\/por-que-sua-casa-e-mais-quente-que-a-rua-o-efeito-ilha-de-calor-das-telhas-e-cores-escuras\/\" target=\"_blank\" rel=\"noreferrer noopener\">Por que sua casa \u00e9 mais quente que a rua? O efeito &#8216;ilha de calor&#8217; das telhas e cores escuras.<\/a><\/strong><\/p>\n\n\n\n<h2 class=\"wp-block-heading\">O que torna o Roteiro do Vinho imperd\u00edvel?<\/h2>\n\n\n\n<p>O turismo em <strong>S\u00e3o Roque<\/strong> \u00e9 sin\u00f4nimo de enogastronomia. A cidade possui um dos roteiros rurais mais bem estruturados do pa\u00eds, onde a hist\u00f3ria da produ\u00e7\u00e3o vin\u00edcola iniciada no s\u00e9culo XVII se mant\u00e9m viva.<\/p>\n\n\n\n<p>Para vivenciar o melhor da cidade, o roteiro deve incluir:<\/p>\n\n\n\n<ul class=\"wp-block-list\">\n<li><strong>Roteiro do Vinho<\/strong>: Uma estrada charmosa com mais de 30 estabelecimentos, incluindo vin\u00edcolas tradicionais como a <strong>G\u00f3es<\/strong> e a <strong>Palmeiras<\/strong>, onde \u00e9 poss\u00edvel fazer degusta\u00e7\u00f5es, pisa da uva (na \u00e9poca da Vindima) e almo\u00e7os harmonizados.<\/li>\n\n\n\n<li><strong>Ski Mountain Park<\/strong>: Uma atra\u00e7\u00e3o \u00fanica que oferece pistas de esqui e snowboard artificiais, al\u00e9m de tobog\u00e3s e telef\u00e9rico, proporcionando uma vista panor\u00e2mica incr\u00edvel da cidade.<\/li>\n\n\n\n<li><strong>Morro do Sabo\u00f3<\/strong>: O ponto mais alto da regi\u00e3o, ideal para trilhas e para contemplar um visual que, em dias claros, alcan\u00e7a cidades vizinhas.<\/li>\n\n\n\n<li><strong>Brasital<\/strong>: Um centro cultural instalado em uma antiga f\u00e1brica t\u00eaxtil de 1890, cercado por trilhas ecol\u00f3gicas e jardins hist\u00f3ricos, perfeito para piqueniques.<\/li>\n<\/ul>\n\n\n<div class=\"wp-block-image\">\n<figure class=\"aligncenter size-large\"><img decoding=\"async\" width=\"1024\" height=\"576\" src=\"https:\/\/www.correiobraziliense.com.br\/cbradar\/wp-content\/uploads\/2025\/12\/Design-sem-nome-98-1-1024x576.png\" alt=\"A cidade de S\u00e3o Paulo conhecida como Terra do Vinho que atrai casais e fam\u00edlias em busca de divers\u00e3o ao ar livre\" class=\"wp-image-158835\" srcset=\"https:\/\/www.correiobraziliense.com.br\/cbradar\/wp-content\/uploads\/2025\/12\/Design-sem-nome-98-1-1024x576.png 1024w, https:\/\/www.correiobraziliense.com.br\/cbradar\/wp-content\/uploads\/2025\/12\/Design-sem-nome-98-1-300x169.png 300w, https:\/\/www.correiobraziliense.com.br\/cbradar\/wp-content\/uploads\/2025\/12\/Design-sem-nome-98-1-768x432.png 768w, https:\/\/www.correiobraziliense.com.br\/cbradar\/wp-content\/uploads\/2025\/12\/Design-sem-nome-98-1-750x422.png 750w, https:\/\/www.correiobraziliense.com.br\/cbradar\/wp-content\/uploads\/2025\/12\/Design-sem-nome-98-1-1140x641.png 1140w, https:\/\/www.correiobraziliense.com.br\/cbradar\/wp-content\/uploads\/2025\/12\/Design-sem-nome-98-1.png 1280w\" sizes=\"(max-width: 1024px) 100vw, 1024px\" \/><figcaption class=\"wp-element-caption\">S\u00e3o Roque-SP oferece roteiros familiares com fazendas acess\u00edveis e parques aventura para experi\u00eancias rurais seguras.  \/\/ Cr\u00e9ditos: Wikip\u00e9dia<\/figcaption><\/figure><\/div>\n\n\n<h2 class=\"wp-block-heading\">O clima favorece o vinho?<\/h2>\n\n\n\n<p><strong>O clima tropical de altitude \u00e9 o segredo da voca\u00e7\u00e3o vin\u00edcola e tur\u00edstica. <\/strong>Os ver\u00f5es s\u00e3o quentes e \u00famidos, ideais para a matura\u00e7\u00e3o da uva, enquanto os invernos podem ser rigorosos para os padr\u00f5es brasileiros, convidando ao consumo de vinhos tintos e fondues \u00e0 beira da lareira.<\/p>\n\n\n\n<p>Segundo o <strong><a href=\"https:\/\/www.climatempo.com.br\/previsao-do-tempo\/cidade\/559\/saoroque-sp\" target=\"_blank\" rel=\"noreferrer noopener\">Climatempo<\/a><\/strong>, as esta\u00e7\u00f5es s\u00e3o bem definidas, com um charme especial no outono.<\/p>\n\n\n\n<figure class=\"wp-block-table\"><table class=\"has-fixed-layout\"><thead><tr><th>Esta\u00e7\u00e3o\/Meses<\/th><th>Temperatura M\u00e9dia<\/th><th>O que esperar<\/th><\/tr><\/thead><tbody><tr><td>Ver\u00e3o (Dez-Mar)<\/td><td>19\u00b0C a 29\u00b0C<\/td><td>\u00c9poca da <strong>Vindima<\/strong> (colheita da uva); festas nas vin\u00edcolas e dias quentes.<\/td><\/tr><tr><td>Outono (Abr-Jun)<\/td><td>15\u00b0C a 25\u00b0C<\/td><td>Clima ameno e folhas secas; paisagem buc\u00f3lica e c\u00e9u azul.<\/td><\/tr><tr><td>Inverno (Jun-Set)<\/td><td>10\u00b0C a 23\u00b0C<\/td><td>Frio serrano; alta temporada para gastronomia de inverno e lareiras.<\/td><\/tr><tr><td>Primavera (Set-Dez)<\/td><td>16\u00b0C a 27\u00b0C<\/td><td>\u00c9poca das <strong>Alcachofras<\/strong>; a cidade fica florida e com temperaturas agrad\u00e1veis.<\/td><\/tr><\/tbody><\/table><\/figure>\n\n\n\n<h2 class=\"wp-block-heading\">Motivos para subir a serra<\/h2>\n\n\n\n<p><strong>S\u00e3o Roque<\/strong> \u00e9 a prova de que \u00e9 poss\u00edvel viajar para a &#8220;Europa&#8221; sem pegar avi\u00e3o.<\/p>\n\n\n\n<ul class=\"wp-block-list\">\n<li>O IDHM de 0,768 confirma que a beleza tur\u00edstica \u00e9 sustentada por uma estrutura social s\u00f3lida.<\/li>\n\n\n\n<li>A gastronomia italo-caipira \u00e9 uma experi\u00eancia afetiva que agrada a todos os paladares.<\/li>\n\n\n\n<li>A possibilidade de esquiar e visitar parreirais no mesmo dia \u00e9 uma exclusividade local.<\/li>\n<\/ul>\n\n\n\n<p>Voc\u00ea precisa provar um vinho de produ\u00e7\u00e3o familiar olhando para as montanhas e entender por que esta est\u00e2ncia \u00e9 o jardim dos paulistanos.<\/p>\n","protected":false},"excerpt":{"rendered":"<p>Localizada a apenas 60 km de S\u00e3o Paulo, S\u00e3o Roque \u00e9 um ref\u00fagio que combina o charme das vilas europeias com a conveni\u00eancia de estar ao lado da maior metr\u00f3pole do pa\u00eds. Conhecida nacionalmente como a \u201cTerra do Vinho\u201d, a Est\u00e2ncia Tur\u00edstica s\u00e3o-roquense oferece uma qualidade de vida elevada, onde o clima de montanha e [&hellip;]<\/p>\n","protected":false},"author":8,"featured_media":158833,"comment_status":"open","ping_status":"open","sticky":false,"template":"","format":"standard","meta":{"_yoast_wpseo_focuskw":"terra do vinho","_yoast_wpseo_title":"","_yoast_wpseo_metadesc":"Vilas europeias, bons vinhos e clima acolhedor fazem da Terra do Vinho um dos destinos mais rom\u00e2nticos do interior paulista. Conhe\u00e7a.","jnews-multi-image_gallery":[],"jnews_single_post":{"format":"standard"},"jnews_primary_category":[],"jnews_social_meta":[],"jnews_override_counter":[],"footnotes":""},"categories":[108,111],"post_tag":[278,12981,12982],"class_list":["post-174926","post","type-post","status-publish","format-standard","has-post-thumbnail","hentry","category-cidades","category-turismo","tag-sao-paulo","tag-sao-roque","tag-terra-do-vinho"],"yoast_head":"<!-- This site is optimized with the Yoast SEO plugin v24.6 - https:\/\/yoast.com\/wordpress\/plugins\/seo\/ -->\n<title>A cidade a 60 km de S\u00e3o Paulo conhecida como Terra do Vinho que atrai casais pelo charme de vilas europeias - Correio Braziliense - Radar<\/title>\n<meta name=\"description\" content=\"Vilas europeias, bons vinhos e clima acolhedor fazem da Terra do Vinho um dos destinos mais rom\u00e2nticos do interior paulista. Conhe\u00e7a.\" \/>\n<meta name=\"robots\" content=\"index, follow, max-snippet:-1, max-image-preview:large, max-video-preview:-1\" \/>\n<link rel=\"canonical\" href=\"https:\/\/www.correiobraziliense.com.br\/cbradar\/a-cidade-a-60-km-de-sao-paulo-conhecida-como-terra-do-vinho-que-atrai-casais-pelo-charme-de-vilas-europeias\/\" \/>\n<meta property=\"og:locale\" content=\"pt_BR\" \/>\n<meta property=\"og:type\" content=\"article\" \/>\n<meta property=\"og:title\" content=\"A cidade a 60 km de S\u00e3o Paulo conhecida como Terra do Vinho que atrai casais pelo charme de vilas europeias - Correio Braziliense - Radar\" \/>\n<meta property=\"og:description\" content=\"Vilas europeias, bons vinhos e clima acolhedor fazem da Terra do Vinho um dos destinos mais rom\u00e2nticos do interior paulista. Conhe\u00e7a.\" \/>\n<meta property=\"og:url\" content=\"https:\/\/www.correiobraziliense.com.br\/cbradar\/a-cidade-a-60-km-de-sao-paulo-conhecida-como-terra-do-vinho-que-atrai-casais-pelo-charme-de-vilas-europeias\/\" \/>\n<meta property=\"og:site_name\" content=\"Correio Braziliense - Radar\" \/>\n<meta property=\"article:published_time\" content=\"2026-01-19T15:45:00+00:00\" \/>\n<meta property=\"og:image\" content=\"https:\/\/www.correiobraziliense.com.br\/cbradar\/wp-content\/uploads\/2025\/12\/Design-sem-nome-96-2.png\" \/>\n\t<meta property=\"og:image:width\" content=\"1280\" \/>\n\t<meta property=\"og:image:height\" content=\"720\" \/>\n\t<meta property=\"og:image:type\" content=\"image\/png\" \/>\n<meta name=\"author\" content=\"Maura Pereira\" \/>\n<meta name=\"twitter:card\" content=\"summary_large_image\" \/>\n<meta name=\"twitter:label1\" content=\"Escrito por\" \/>\n\t<meta name=\"twitter:data1\" content=\"Maura Pereira\" \/>\n\t<meta name=\"twitter:label2\" content=\"Est. tempo de leitura\" \/>\n\t<meta name=\"twitter:data2\" content=\"6 minutos\" \/>\n<!-- \/ Yoast SEO plugin. -->","yoast_head_json":{"title":"A cidade a 60 km de S\u00e3o Paulo conhecida como Terra do Vinho que atrai casais pelo charme de vilas europeias - Correio Braziliense - Radar","description":"Vilas europeias, bons vinhos e clima acolhedor fazem da Terra do Vinho um dos destinos mais rom\u00e2nticos do interior paulista. Conhe\u00e7a.","robots":{"index":"index","follow":"follow","max-snippet":"max-snippet:-1","max-image-preview":"max-image-preview:large","max-video-preview":"max-video-preview:-1"},"canonical":"https:\/\/www.correiobraziliense.com.br\/cbradar\/a-cidade-a-60-km-de-sao-paulo-conhecida-como-terra-do-vinho-que-atrai-casais-pelo-charme-de-vilas-europeias\/","og_locale":"pt_BR","og_type":"article","og_title":"A cidade a 60 km de S\u00e3o Paulo conhecida como Terra do Vinho que atrai casais pelo charme de vilas europeias - Correio Braziliense - Radar","og_description":"Vilas europeias, bons vinhos e clima acolhedor fazem da Terra do Vinho um dos destinos mais rom\u00e2nticos do interior paulista. Conhe\u00e7a.","og_url":"https:\/\/www.correiobraziliense.com.br\/cbradar\/a-cidade-a-60-km-de-sao-paulo-conhecida-como-terra-do-vinho-que-atrai-casais-pelo-charme-de-vilas-europeias\/","og_site_name":"Correio Braziliense - Radar","article_published_time":"2026-01-19T15:45:00+00:00","og_image":[{"width":1280,"height":720,"url":"https:\/\/www.correiobraziliense.com.br\/cbradar\/wp-content\/uploads\/2025\/12\/Design-sem-nome-96-2.png","type":"image\/png"}],"author":"Maura Pereira","twitter_card":"summary_large_image","twitter_misc":{"Escrito por":"Maura Pereira","Est. tempo de leitura":"6 minutos"},"schema":{"@context":"https:\/\/schema.org","@graph":[{"@type":"WebPage","@id":"https:\/\/www.correiobraziliense.com.br\/cbradar\/a-cidade-a-60-km-de-sao-paulo-conhecida-como-terra-do-vinho-que-atrai-casais-pelo-charme-de-vilas-europeias\/","url":"https:\/\/www.correiobraziliense.com.br\/cbradar\/a-cidade-a-60-km-de-sao-paulo-conhecida-como-terra-do-vinho-que-atrai-casais-pelo-charme-de-vilas-europeias\/","name":"A cidade a 60 km de S\u00e3o Paulo conhecida como Terra do Vinho que atrai casais pelo charme de vilas europeias - Correio Braziliense - Radar","isPartOf":{"@id":"https:\/\/www.correiobraziliense.com.br\/cbradar\/#website"},"primaryImageOfPage":{"@id":"https:\/\/www.correiobraziliense.com.br\/cbradar\/a-cidade-a-60-km-de-sao-paulo-conhecida-como-terra-do-vinho-que-atrai-casais-pelo-charme-de-vilas-europeias\/#primaryimage"},"image":{"@id":"https:\/\/www.correiobraziliense.com.br\/cbradar\/a-cidade-a-60-km-de-sao-paulo-conhecida-como-terra-do-vinho-que-atrai-casais-pelo-charme-de-vilas-europeias\/#primaryimage"},"thumbnailUrl":"https:\/\/www.correiobraziliense.com.br\/cbradar\/wp-content\/uploads\/2025\/12\/Design-sem-nome-96-2.png","datePublished":"2026-01-19T15:45:00+00:00","author":{"@id":"https:\/\/www.correiobraziliense.com.br\/cbradar\/#\/schema\/person\/4053c651a9bfc785afc6f4cbc9032fd3"},"description":"Vilas europeias, bons vinhos e clima acolhedor fazem da Terra do Vinho um dos destinos mais rom\u00e2nticos do interior paulista. Conhe\u00e7a.","breadcrumb":{"@id":"https:\/\/www.correiobraziliense.com.br\/cbradar\/a-cidade-a-60-km-de-sao-paulo-conhecida-como-terra-do-vinho-que-atrai-casais-pelo-charme-de-vilas-europeias\/#breadcrumb"},"inLanguage":"pt-BR","potentialAction":[{"@type":"ReadAction","target":["https:\/\/www.correiobraziliense.com.br\/cbradar\/a-cidade-a-60-km-de-sao-paulo-conhecida-como-terra-do-vinho-que-atrai-casais-pelo-charme-de-vilas-europeias\/"]}]},{"@type":"ImageObject","inLanguage":"pt-BR","@id":"https:\/\/www.correiobraziliense.com.br\/cbradar\/a-cidade-a-60-km-de-sao-paulo-conhecida-como-terra-do-vinho-que-atrai-casais-pelo-charme-de-vilas-europeias\/#primaryimage","url":"https:\/\/www.correiobraziliense.com.br\/cbradar\/wp-content\/uploads\/2025\/12\/Design-sem-nome-96-2.png","contentUrl":"https:\/\/www.correiobraziliense.com.br\/cbradar\/wp-content\/uploads\/2025\/12\/Design-sem-nome-96-2.png","width":1280,"height":720,"caption":"S\u00e3o Roque-SP revela Rota do Vinho, Ski Mountain Park e Mata da C\u00e2mara na capital paulista do enoturismo serrano preservado. \/\/ Cr\u00e9ditos: Wikip\u00e9dia"},{"@type":"BreadcrumbList","@id":"https:\/\/www.correiobraziliense.com.br\/cbradar\/a-cidade-a-60-km-de-sao-paulo-conhecida-como-terra-do-vinho-que-atrai-casais-pelo-charme-de-vilas-europeias\/#breadcrumb","itemListElement":[{"@type":"ListItem","position":1,"name":"In\u00edcio","item":"https:\/\/www.correiobraziliense.com.br\/cbradar\/"},{"@type":"ListItem","position":2,"name":"A cidade a 60 km de S\u00e3o Paulo conhecida como Terra do Vinho que atrai casais pelo charme de vilas europeias"}]},{"@type":"WebSite","@id":"https:\/\/www.correiobraziliense.com.br\/cbradar\/#website","url":"https:\/\/www.correiobraziliense.com.br\/cbradar\/","name":"Correio Braziliense - Radar","description":"Acompanhe as \u00faltimas not\u00edcias e fique bem informado sobre tudo o que acontece no Brasil e no mundo.","potentialAction":[{"@type":"SearchAction","target":{"@type":"EntryPoint","urlTemplate":"https:\/\/www.correiobraziliense.com.br\/cbradar\/?s={search_term_string}"},"query-input":{"@type":"PropertyValueSpecification","valueRequired":true,"valueName":"search_term_string"}}],"inLanguage":"pt-BR"},{"@type":"Person","@id":"https:\/\/www.correiobraziliense.com.br\/cbradar\/#\/schema\/person\/4053c651a9bfc785afc6f4cbc9032fd3","name":"Maura Pereira","image":{"@type":"ImageObject","inLanguage":"pt-BR","@id":"https:\/\/www.correiobraziliense.com.br\/cbradar\/#\/schema\/person\/image\/","url":"https:\/\/secure.gravatar.com\/avatar\/3effd6bdadfa447f15089c7f7144eaa6?s=96&d=mm&r=g","contentUrl":"https:\/\/secure.gravatar.com\/avatar\/3effd6bdadfa447f15089c7f7144eaa6?s=96&d=mm&r=g","caption":"Maura Pereira"},"sameAs":["https:\/\/www.correiobraziliense.com.br\/"],"url":"https:\/\/www.correiobraziliense.com.br\/cbradar\/author\/mauramyth\/"}]}},"_links":{"self":[{"href":"https:\/\/www.correiobraziliense.com.br\/cbradar\/wp-json\/wp\/v2\/posts\/174926","targetHints":{"allow":["GET"]}}],"collection":[{"href":"https:\/\/www.correiobraziliense.com.br\/cbradar\/wp-json\/wp\/v2\/posts"}],"about":[{"href":"https:\/\/www.correiobraziliense.com.br\/cbradar\/wp-json\/wp\/v2\/types\/post"}],"author":[{"embeddable":true,"href":"https:\/\/www.correiobraziliense.com.br\/cbradar\/wp-json\/wp\/v2\/users\/8"}],"replies":[{"embeddable":true,"href":"https:\/\/www.correiobraziliense.com.br\/cbradar\/wp-json\/wp\/v2\/comments?post=174926"}],"version-history":[{"count":14,"href":"https:\/\/www.correiobraziliense.com.br\/cbradar\/wp-json\/wp\/v2\/posts\/174926\/revisions"}],"predecessor-version":[{"id":176574,"href":"https:\/\/www.correiobraziliense.com.br\/cbradar\/wp-json\/wp\/v2\/posts\/174926\/revisions\/176574"}],"wp:featuredmedia":[{"embeddable":true,"href":"https:\/\/www.correiobraziliense.com.br\/cbradar\/wp-json\/wp\/v2\/media\/158833"}],"wp:attachment":[{"href":"https:\/\/www.correiobraziliense.com.br\/cbradar\/wp-json\/wp\/v2\/media?parent=174926"}],"wp:term":[{"taxonomy":"category","embeddable":true,"href":"https:\/\/www.correiobraziliense.com.br\/cbradar\/wp-json\/wp\/v2\/categories?post=174926"},{"taxonomy":"post_tag","embeddable":true,"href":"https:\/\/www.correiobraziliense.com.br\/cbradar\/wp-json\/wp\/v2\/post_tag?post=174926"}],"curies":[{"name":"wp","href":"https:\/\/api.w.org\/{rel}","templated":true}]}}