{"id":174947,"date":"2026-01-20T08:25:00","date_gmt":"2026-01-20T11:25:00","guid":{"rendered":"https:\/\/www.correiobraziliense.com.br\/cbradar\/?p=174947"},"modified":"2026-01-19T20:18:06","modified_gmt":"2026-01-19T23:18:06","slug":"a-macchu-picchu-brasileira-mistica-fundada-em-1963-acima-de-uma-mina-de-quartzos-valiosos-atrai-viajantes-por-ser-um-portal-energico-natural","status":"publish","type":"post","link":"https:\/\/www.correiobraziliense.com.br\/cbradar\/a-macchu-picchu-brasileira-mistica-fundada-em-1963-acima-de-uma-mina-de-quartzos-valiosos-atrai-viajantes-por-ser-um-portal-energico-natural\/","title":{"rendered":"A Macchu Picchu brasileira m\u00edstica fundada em 1963 acima de uma mina de quartzos valiosos atra\u00ed viajantes por ser um portal en\u00e9rgico natural"},"content":{"rendered":"\n<p>Localizada no pico de uma montanha de quartzito a<strong> 1.440 metros de altitude<\/strong>, no sul de <strong>Minas Gerais<\/strong>, <strong>S\u00e3o Thom\u00e9 das Letras<\/strong> \u00e9 um destino envolto em lendas e magnetismo. Conhecida como \u201cCidade das Pedras\u201d ou \u201cMontanha M\u00e1gica\u201d, foi fundada em 1963 e \u00e9 famosa mundialmente por ser considerada um dos sete pontos energ\u00e9ticos da Terra (chacra planet\u00e1rio), atraindo de uf\u00f3logos a mochileiros em busca de conex\u00e3o espiritual e contato com a natureza bruta.<\/p>\n\n\n\n<h2 class=\"wp-block-heading\">Por que a cidade \u00e9 um \u00edcone do misticismo?<\/h2>\n\n\n\n<p>A fama esot\u00e9rica da cidade n\u00e3o \u00e9 por acaso. Constru\u00edda sobre uma imensa jazida de quartzito (a &#8220;Pedra S\u00e3o Thom\u00e9&#8221;), acredita-se que a composi\u00e7\u00e3o mineral do solo altere a energia local, facilitando experi\u00eancias espirituais e avistamentos de <strong>OVNIs<\/strong>. A lenda mais famosa envolve a <strong>Gruta do Carimbado<\/strong>, que, segundo a tradi\u00e7\u00e3o oral, seria um portal dimensional que conecta a cidade diretamente a <strong>Machu Picchu<\/strong>, no <strong>Peru<\/strong>.<\/p>\n\n\n\n<p>Essa atmosfera atrai comunidades alternativas, hippies e magos, criando uma cultura \u00fanica onde o p\u00f4r do sol \u00e9 aplaudido todos os dias como um ritual sagrado e as conversas giram em torno de cristais, gnomos e energias c\u00f3smicas. A cidade \u00e9 um santu\u00e1rio para quem busca fugir da l\u00f3gica urbana e mergulhar no ins\u00f3lito.<\/p>\n\n\n<div class=\"wp-block-image\">\n<figure class=\"aligncenter size-large\"><img decoding=\"async\" width=\"1024\" height=\"576\" src=\"https:\/\/www.correiobraziliense.com.br\/cbradar\/wp-content\/uploads\/2025\/12\/Design-sem-nome-99-1-1024x576.png\" alt=\"A Macchu Picchu brasileira m\u00edstica fundada em 1963 acima de uma mina de quartzos valiosos atra\u00ed viajantes por ser um portal en\u00e9rgico natural\" class=\"wp-image-158859\" srcset=\"https:\/\/www.correiobraziliense.com.br\/cbradar\/wp-content\/uploads\/2025\/12\/Design-sem-nome-99-1-1024x576.png 1024w, https:\/\/www.correiobraziliense.com.br\/cbradar\/wp-content\/uploads\/2025\/12\/Design-sem-nome-99-1-300x169.png 300w, https:\/\/www.correiobraziliense.com.br\/cbradar\/wp-content\/uploads\/2025\/12\/Design-sem-nome-99-1-768x432.png 768w, https:\/\/www.correiobraziliense.com.br\/cbradar\/wp-content\/uploads\/2025\/12\/Design-sem-nome-99-1-750x422.png 750w, https:\/\/www.correiobraziliense.com.br\/cbradar\/wp-content\/uploads\/2025\/12\/Design-sem-nome-99-1-1140x641.png 1140w, https:\/\/www.correiobraziliense.com.br\/cbradar\/wp-content\/uploads\/2025\/12\/Design-sem-nome-99-1.png 1280w\" sizes=\"(max-width: 1024px) 100vw, 1024px\" \/><figcaption class=\"wp-element-caption\">S\u00e3o Thom\u00e9 das Letras-MG revela Cachoeira V\u00e9u de Noiva, Gruta do Carimbado e trilhas m\u00edsticas na Serra da Mantiqueira preservada. \/\/ Cr\u00e9ditos: Wikip\u00e9dia<\/figcaption><\/figure><\/div>\n\n\n<h2 class=\"wp-block-heading\">Onde a arquitetura brota da terra?<\/h2>\n\n\n\n<p>O visual de <strong>S\u00e3o Thom\u00e9<\/strong> \u00e9 inconfund\u00edvel. O Centro Hist\u00f3rico, tombado pelo Iepha-MG, exibe um casario r\u00fastico constru\u00eddo com pedras empilhadas sem argamassa, uma t\u00e9cnica trazida pelos escravos e adaptada \u00e0 abund\u00e2ncia de quartzito da regi\u00e3o. A <strong>Igreja Matriz de S\u00e3o Thom\u00e9<\/strong>, iniciada em 1785, \u00e9 o cora\u00e7\u00e3o desse conjunto, com seu interior adornado por pinturas em estilo rococ\u00f3.<\/p>\n\n\n\n<p>No alto da cidade, o <strong>Parque Municipal Ant\u00f4nio Rosa<\/strong> oferece uma vis\u00e3o panor\u00e2mica de 360 graus do &#8220;Mar de Minas&#8221;, as montanhas onduladas que cercam a regi\u00e3o. \u00c9 l\u00e1 que ficam os \u00edcones arquitet\u00f4nicos e naturais mais visitados, como a <strong>Casa da Pir\u00e2mide<\/strong>, uma constru\u00e7\u00e3o de pedra abandonada que se tornou o observat\u00f3rio oficial das estrelas e do vale.<\/p>\n\n\n\n<p><strong>Explore os mist\u00e9rios e a energia \u00fanica de S\u00e3o Thom\u00e9 das Letras atrav\u00e9s de um papo psicod\u00e9lico e revelador sobre a cidade das pedras. <\/strong>O v\u00eddeo \u00e9 do canal <strong>Kaio D&#8217;Elaqua<\/strong>, que conta com mais de <strong>13 mil curtidas<\/strong>, e apresenta uma jornada guiada por Zamba, um guia local que detalha lendas sobre lobisomens, cavernas m\u00edsticas e o intrigante fen\u00f4meno do magnetismo que atrai carros ladeira acima:<\/p>\n\n\n\n<figure class=\"wp-block-embed aligncenter is-type-video is-provider-youtube wp-block-embed-youtube wp-embed-aspect-16-9 wp-has-aspect-ratio\"><div class=\"wp-block-embed__wrapper\">\n<div class=\"jeg_video_container jeg_video_content\"><iframe loading=\"lazy\" title=\"S\u00e3o Thom\u00e9 das Letras (+ papo psicod\u00e9lico)\" width=\"500\" height=\"281\" src=\"https:\/\/www.youtube.com\/embed\/eOfsFuDQntQ?feature=oembed\" frameborder=\"0\" allow=\"accelerometer; autoplay; clipboard-write; encrypted-media; gyroscope; picture-in-picture; web-share\" referrerpolicy=\"strict-origin-when-cross-origin\" allowfullscreen><\/iframe><\/div>\n<\/div><\/figure>\n\n\n\n<h2 class=\"wp-block-heading\">Quais cachoeiras e grutas s\u00e3o imperd\u00edveis?<\/h2>\n\n\n\n<p>O turismo em <strong>S\u00e3o Thom\u00e9 das Letras<\/strong> exige disposi\u00e7\u00e3o para trilhas e banhos gelados. A regi\u00e3o \u00e9 repleta de grutas misteriosas e quedas d&#8217;\u00e1gua cristalinas.<\/p>\n\n\n\n<p>Para um roteiro de energiza\u00e7\u00e3o completo, inclua:<\/p>\n\n\n\n<ul class=\"wp-block-list\">\n<li><strong>Vale das Borboletas<\/strong>: Um cart\u00e3o-postal natural onde uma cachoeira forma uma piscina cercada por mata, famosa pela revoada de borboletas em certas \u00e9pocas do ano (principalmente janeiro).<\/li>\n\n\n\n<li><strong>Gruta de Sobradinho<\/strong>: Uma caverna com mais de 100 metros de extens\u00e3o que conta com riacho interno e leva a uma cachoeira refrescante na sa\u00edda; exige guia e lanterna.<\/li>\n\n\n\n<li><strong>Cachoeira da Eubiose<\/strong>: Conhecida por suas \u00e1guas puras e f\u00e1cil acesso, \u00e9 o local preferido para quem busca um banho revigorante sem grandes dificuldades de trilha.<\/li>\n\n\n\n<li><strong>Ladeira do Amendoim<\/strong>: Um ponto curioso onde carros desligados parecem subir a ladeira sozinhos, desafiando a gravidade (uma ilus\u00e3o de \u00f3ptica ou fen\u00f4meno magn\u00e9tico, a depender de quem conta).<\/li>\n\n\n\n<li><strong>Casa da Pir\u00e2mide<\/strong>: O local obrigat\u00f3rio para ver o p\u00f4r do sol e sentir a &#8220;vibe&#8221; da cidade, cercado por m\u00fasicos e artistas de rua.<\/li>\n<\/ul>\n\n\n\n<p><strong>Leia tamb\u00e9m: <a href=\"https:\/\/www.correiobraziliense.com.br\/cbradar\/a-fruta-tropical-com-efeitos-calmantes-que-fortalece-o-sistema-imunologico-e-rica-em-magnesio-e-facil-de-plantar\/\" target=\"_blank\" rel=\"noreferrer noopener\">A fruta tropical com efeitos calmantes que fortalece o sistema imunol\u00f3gico, \u00e9 rica em magn\u00e9sio e f\u00e1cil de plantar.<\/a><\/strong><\/p>\n\n\n<div class=\"wp-block-image\">\n<figure class=\"aligncenter size-large\"><img decoding=\"async\" width=\"1024\" height=\"576\" src=\"https:\/\/www.correiobraziliense.com.br\/cbradar\/wp-content\/uploads\/2025\/12\/Design-sem-nome-2025-12-19T054721.019-1024x576.png\" alt=\"Uma cidade brasileira m\u00edstica fundada em 1963 acima de uma mina de quartzos valiosos est\u00e1 atraindo visitantes por ser um portal en\u00e9rgico natural\" class=\"wp-image-158861\" srcset=\"https:\/\/www.correiobraziliense.com.br\/cbradar\/wp-content\/uploads\/2025\/12\/Design-sem-nome-2025-12-19T054721.019-1024x576.png 1024w, https:\/\/www.correiobraziliense.com.br\/cbradar\/wp-content\/uploads\/2025\/12\/Design-sem-nome-2025-12-19T054721.019-300x169.png 300w, https:\/\/www.correiobraziliense.com.br\/cbradar\/wp-content\/uploads\/2025\/12\/Design-sem-nome-2025-12-19T054721.019-768x432.png 768w, https:\/\/www.correiobraziliense.com.br\/cbradar\/wp-content\/uploads\/2025\/12\/Design-sem-nome-2025-12-19T054721.019-750x422.png 750w, https:\/\/www.correiobraziliense.com.br\/cbradar\/wp-content\/uploads\/2025\/12\/Design-sem-nome-2025-12-19T054721.019-1140x641.png 1140w, https:\/\/www.correiobraziliense.com.br\/cbradar\/wp-content\/uploads\/2025\/12\/Design-sem-nome-2025-12-19T054721.019.png 1280w\" sizes=\"(max-width: 1024px) 100vw, 1024px\" \/><figcaption class=\"wp-element-caption\">S\u00e3o Thom\u00e9 das Letras-MG atrai ecoturismo com festival m\u00edstico e restaura\u00e7\u00f5es, elevando visitas na Estrada Real atual. \/\/ Cr\u00e9ditos: Wikip\u00e9dia<\/figcaption><\/figure><\/div>\n\n\n<h2 class=\"wp-block-heading\">O frio da montanha \u00e9 constante?<\/h2>\n\n\n\n<p><strong>O clima tropical de altitude garante noites frescas durante todo o ano<\/strong>, mas o inverno pode ser rigoroso, com temperaturas pr\u00f3ximas a zero grau. As esta\u00e7\u00f5es ditam o tipo de turismo: o ver\u00e3o \u00e9 para cachoeiras, e o inverno para vinhos, fogueiras e observa\u00e7\u00e3o do c\u00e9u.<\/p>\n\n\n\n<p>Segundo o <strong><a href=\"https:\/\/www.climatempo.com.br\/previsao-do-tempo\/cidade\/4064\/saothomedasletras-mg\" target=\"_blank\" rel=\"noreferrer noopener\">Climatempo<\/a><\/strong>, a cidade possui invernos muito secos, garantindo c\u00e9us estrelados perfeitos.<\/p>\n\n\n\n<figure class=\"wp-block-table\"><table class=\"has-fixed-layout\"><thead><tr><th>Esta\u00e7\u00e3o\/Meses<\/th><th>Temperatura M\u00e9dia<\/th><th>O que esperar<\/th><\/tr><\/thead><tbody><tr><td>Ver\u00e3o (Dez-Mar)<\/td><td>18\u00b0C a 28\u00b0C<\/td><td>Chuvas frequentes e cachoeiras cheias; dias quentes e noites agrad\u00e1veis.<\/td><\/tr><tr><td>Outono (Abr-Jun)<\/td><td>12\u00b0C a 24\u00b0C<\/td><td>Fim das chuvas e in\u00edcio do frio noturno; a paisagem fica dourada.<\/td><\/tr><tr><td>Inverno (Jun-Set)<\/td><td>8\u00b0C a 22\u00b0C<\/td><td>Frio intenso \u00e0 noite, dias de c\u00e9u azul l\u00edmpido e seco; ideal para ver a Via L\u00e1ctea.<\/td><\/tr><tr><td>Primavera (Set-Dez)<\/td><td>15\u00b0C a 26\u00b0C<\/td><td>Aquecimento e retorno do verde; a cidade se enche de flores silvestres.<\/td><\/tr><\/tbody><\/table><\/figure>\n\n\n<div class=\"wp-block-image\">\n<figure class=\"aligncenter size-large\"><img decoding=\"async\" width=\"1024\" height=\"576\" src=\"https:\/\/www.correiobraziliense.com.br\/cbradar\/wp-content\/uploads\/2025\/12\/Design-sem-nome-2025-12-19T054735.673-1024x576.png\" alt=\"\" class=\"wp-image-158935\" srcset=\"https:\/\/www.correiobraziliense.com.br\/cbradar\/wp-content\/uploads\/2025\/12\/Design-sem-nome-2025-12-19T054735.673-1024x576.png 1024w, https:\/\/www.correiobraziliense.com.br\/cbradar\/wp-content\/uploads\/2025\/12\/Design-sem-nome-2025-12-19T054735.673-300x169.png 300w, https:\/\/www.correiobraziliense.com.br\/cbradar\/wp-content\/uploads\/2025\/12\/Design-sem-nome-2025-12-19T054735.673-768x432.png 768w, https:\/\/www.correiobraziliense.com.br\/cbradar\/wp-content\/uploads\/2025\/12\/Design-sem-nome-2025-12-19T054735.673-750x422.png 750w, https:\/\/www.correiobraziliense.com.br\/cbradar\/wp-content\/uploads\/2025\/12\/Design-sem-nome-2025-12-19T054735.673-1140x641.png 1140w, https:\/\/www.correiobraziliense.com.br\/cbradar\/wp-content\/uploads\/2025\/12\/Design-sem-nome-2025-12-19T054735.673.png 1280w\" sizes=\"(max-width: 1024px) 100vw, 1024px\" \/><figcaption class=\"wp-element-caption\">S\u00e3o Thom\u00e9 das Letras-MG revela V\u00e9u de Noiva, Portal da Pir\u00e2mide e grutas esot\u00e9ricas na vila m\u00edstica da Serra da Mantiqueira preservada. \/\/ Cr\u00e9ditos: Wikip\u00e9dia<\/figcaption><\/figure><\/div>\n\n\n<h2 class=\"wp-block-heading\">Motivos para subir a Montanha M\u00e1gica<\/h2>\n\n\n\n<p><strong>S\u00e3o Thom\u00e9 das Letras<\/strong> oferece uma viagem que transcende o turismo comum, misturando aventura e espiritualidade.<\/p>\n\n\n\n<ul class=\"wp-block-list\">\n<li>A lenda do portal para Machu Picchu na Gruta do Carimbado desperta a imagina\u00e7\u00e3o e o mist\u00e9rio.<\/li>\n\n\n\n<li>A arquitetura de pedras sobrepostas cria um cen\u00e1rio de &#8220;cidade dos incas&#8221; brasileira \u00fanico no pa\u00eds.<\/li>\n\n\n\n<li>O p\u00f4r do sol na Pir\u00e2mide \u00e9 uma experi\u00eancia coletiva de celebra\u00e7\u00e3o \u00e0 natureza que emociona at\u00e9 os c\u00e9ticos.<\/li>\n<\/ul>\n\n\n\n<p>Voc\u00ea precisa entrar numa gruta de quartzito e assistir ao sol se esconder atr\u00e1s das montanhas de Minas para entender por que esta cidade \u00e9 considerada m\u00e1gica.<\/p>\n","protected":false},"excerpt":{"rendered":"<p>Localizada no pico de uma montanha de quartzito a 1.440 metros de altitude, no sul de Minas Gerais, S\u00e3o Thom\u00e9 das Letras \u00e9 um destino envolto em lendas e magnetismo. Conhecida como \u201cCidade das Pedras\u201d ou \u201cMontanha M\u00e1gica\u201d, foi fundada em 1963 e \u00e9 famosa mundialmente por ser considerada um dos sete pontos energ\u00e9ticos da [&hellip;]<\/p>\n","protected":false},"author":8,"featured_media":158956,"comment_status":"open","ping_status":"open","sticky":false,"template":"","format":"standard","meta":{"_yoast_wpseo_focuskw":"cidade m\u00edstica no brasil","_yoast_wpseo_title":"","_yoast_wpseo_metadesc":"Essa cidade m\u00edstica constru\u00edda sobre cristais \u00e9 vista como portal energ\u00e9tico e virou destino de quem busca conex\u00e3o espiritual no Brasil.","jnews-multi-image_gallery":[],"jnews_single_post":{"format":"standard"},"jnews_primary_category":[],"jnews_social_meta":[],"jnews_override_counter":[],"footnotes":""},"categories":[108,111],"tags":[14233,388,12985],"class_list":["post-174947","post","type-post","status-publish","format-standard","has-post-thumbnail","hentry","category-cidades","category-turismo","tag-cidade-mistica","tag-minas-gerais","tag-sao-thome-das-letras"],"yoast_head":"<!-- This site is optimized with the Yoast SEO plugin v24.6 - https:\/\/yoast.com\/wordpress\/plugins\/seo\/ -->\n<title>A Macchu Picchu brasileira m\u00edstica fundada em 1963 acima de uma mina de quartzos valiosos atra\u00ed viajantes por ser um portal en\u00e9rgico natural - Correio Braziliense - Radar<\/title>\n<meta name=\"description\" content=\"Essa cidade m\u00edstica constru\u00edda sobre cristais \u00e9 vista como portal energ\u00e9tico e virou destino de quem busca conex\u00e3o espiritual no Brasil.\" \/>\n<meta name=\"robots\" content=\"index, follow, max-snippet:-1, max-image-preview:large, max-video-preview:-1\" \/>\n<link rel=\"canonical\" href=\"https:\/\/www.correiobraziliense.com.br\/cbradar\/a-macchu-picchu-brasileira-mistica-fundada-em-1963-acima-de-uma-mina-de-quartzos-valiosos-atrai-viajantes-por-ser-um-portal-energico-natural\/\" \/>\n<meta property=\"og:locale\" content=\"pt_BR\" \/>\n<meta property=\"og:type\" content=\"article\" \/>\n<meta property=\"og:title\" content=\"A Macchu Picchu brasileira m\u00edstica fundada em 1963 acima de uma mina de quartzos valiosos atra\u00ed viajantes por ser um portal en\u00e9rgico natural - Correio Braziliense - Radar\" \/>\n<meta property=\"og:description\" content=\"Essa cidade m\u00edstica constru\u00edda sobre cristais \u00e9 vista como portal energ\u00e9tico e virou destino de quem busca conex\u00e3o espiritual no Brasil.\" \/>\n<meta property=\"og:url\" content=\"https:\/\/www.correiobraziliense.com.br\/cbradar\/a-macchu-picchu-brasileira-mistica-fundada-em-1963-acima-de-uma-mina-de-quartzos-valiosos-atrai-viajantes-por-ser-um-portal-energico-natural\/\" \/>\n<meta property=\"og:site_name\" content=\"Correio Braziliense - Radar\" \/>\n<meta property=\"article:published_time\" content=\"2026-01-20T11:25:00+00:00\" \/>\n<meta property=\"og:image\" content=\"https:\/\/www.correiobraziliense.com.br\/cbradar\/wp-content\/uploads\/2025\/12\/Design-sem-nome-83.png\" \/>\n\t<meta property=\"og:image:width\" content=\"1280\" \/>\n\t<meta property=\"og:image:height\" content=\"720\" \/>\n\t<meta property=\"og:image:type\" content=\"image\/png\" \/>\n<meta name=\"author\" content=\"Maura Pereira\" \/>\n<meta name=\"twitter:card\" content=\"summary_large_image\" \/>\n<meta name=\"twitter:label1\" content=\"Escrito por\" \/>\n\t<meta name=\"twitter:data1\" content=\"Maura Pereira\" \/>\n\t<meta name=\"twitter:label2\" content=\"Est. tempo de leitura\" \/>\n\t<meta name=\"twitter:data2\" content=\"6 minutos\" \/>\n<!-- \/ Yoast SEO plugin. -->","yoast_head_json":{"title":"A Macchu Picchu brasileira m\u00edstica fundada em 1963 acima de uma mina de quartzos valiosos atra\u00ed viajantes por ser um portal en\u00e9rgico natural - Correio Braziliense - Radar","description":"Essa cidade m\u00edstica constru\u00edda sobre cristais \u00e9 vista como portal energ\u00e9tico e virou destino de quem busca conex\u00e3o espiritual no Brasil.","robots":{"index":"index","follow":"follow","max-snippet":"max-snippet:-1","max-image-preview":"max-image-preview:large","max-video-preview":"max-video-preview:-1"},"canonical":"https:\/\/www.correiobraziliense.com.br\/cbradar\/a-macchu-picchu-brasileira-mistica-fundada-em-1963-acima-de-uma-mina-de-quartzos-valiosos-atrai-viajantes-por-ser-um-portal-energico-natural\/","og_locale":"pt_BR","og_type":"article","og_title":"A Macchu Picchu brasileira m\u00edstica fundada em 1963 acima de uma mina de quartzos valiosos atra\u00ed viajantes por ser um portal en\u00e9rgico natural - Correio Braziliense - Radar","og_description":"Essa cidade m\u00edstica constru\u00edda sobre cristais \u00e9 vista como portal energ\u00e9tico e virou destino de quem busca conex\u00e3o espiritual no Brasil.","og_url":"https:\/\/www.correiobraziliense.com.br\/cbradar\/a-macchu-picchu-brasileira-mistica-fundada-em-1963-acima-de-uma-mina-de-quartzos-valiosos-atrai-viajantes-por-ser-um-portal-energico-natural\/","og_site_name":"Correio Braziliense - Radar","article_published_time":"2026-01-20T11:25:00+00:00","og_image":[{"width":1280,"height":720,"url":"https:\/\/www.correiobraziliense.com.br\/cbradar\/wp-content\/uploads\/2025\/12\/Design-sem-nome-83.png","type":"image\/png"}],"author":"Maura Pereira","twitter_card":"summary_large_image","twitter_misc":{"Escrito por":"Maura Pereira","Est. tempo de leitura":"6 minutos"},"schema":{"@context":"https:\/\/schema.org","@graph":[{"@type":"WebPage","@id":"https:\/\/www.correiobraziliense.com.br\/cbradar\/a-macchu-picchu-brasileira-mistica-fundada-em-1963-acima-de-uma-mina-de-quartzos-valiosos-atrai-viajantes-por-ser-um-portal-energico-natural\/","url":"https:\/\/www.correiobraziliense.com.br\/cbradar\/a-macchu-picchu-brasileira-mistica-fundada-em-1963-acima-de-uma-mina-de-quartzos-valiosos-atrai-viajantes-por-ser-um-portal-energico-natural\/","name":"A Macchu Picchu brasileira m\u00edstica fundada em 1963 acima de uma mina de quartzos valiosos atra\u00ed viajantes por ser um portal en\u00e9rgico natural - Correio Braziliense - Radar","isPartOf":{"@id":"https:\/\/www.correiobraziliense.com.br\/cbradar\/#website"},"primaryImageOfPage":{"@id":"https:\/\/www.correiobraziliense.com.br\/cbradar\/a-macchu-picchu-brasileira-mistica-fundada-em-1963-acima-de-uma-mina-de-quartzos-valiosos-atrai-viajantes-por-ser-um-portal-energico-natural\/#primaryimage"},"image":{"@id":"https:\/\/www.correiobraziliense.com.br\/cbradar\/a-macchu-picchu-brasileira-mistica-fundada-em-1963-acima-de-uma-mina-de-quartzos-valiosos-atrai-viajantes-por-ser-um-portal-energico-natural\/#primaryimage"},"thumbnailUrl":"https:\/\/www.correiobraziliense.com.br\/cbradar\/wp-content\/uploads\/2025\/12\/Design-sem-nome-83.png","datePublished":"2026-01-20T11:25:00+00:00","author":{"@id":"https:\/\/www.correiobraziliense.com.br\/cbradar\/#\/schema\/person\/4053c651a9bfc785afc6f4cbc9032fd3"},"description":"Essa cidade m\u00edstica constru\u00edda sobre cristais \u00e9 vista como portal energ\u00e9tico e virou destino de quem busca conex\u00e3o espiritual no Brasil.","breadcrumb":{"@id":"https:\/\/www.correiobraziliense.com.br\/cbradar\/a-macchu-picchu-brasileira-mistica-fundada-em-1963-acima-de-uma-mina-de-quartzos-valiosos-atrai-viajantes-por-ser-um-portal-energico-natural\/#breadcrumb"},"inLanguage":"pt-BR","potentialAction":[{"@type":"ReadAction","target":["https:\/\/www.correiobraziliense.com.br\/cbradar\/a-macchu-picchu-brasileira-mistica-fundada-em-1963-acima-de-uma-mina-de-quartzos-valiosos-atrai-viajantes-por-ser-um-portal-energico-natural\/"]}]},{"@type":"ImageObject","inLanguage":"pt-BR","@id":"https:\/\/www.correiobraziliense.com.br\/cbradar\/a-macchu-picchu-brasileira-mistica-fundada-em-1963-acima-de-uma-mina-de-quartzos-valiosos-atrai-viajantes-por-ser-um-portal-energico-natural\/#primaryimage","url":"https:\/\/www.correiobraziliense.com.br\/cbradar\/wp-content\/uploads\/2025\/12\/Design-sem-nome-83.png","contentUrl":"https:\/\/www.correiobraziliense.com.br\/cbradar\/wp-content\/uploads\/2025\/12\/Design-sem-nome-83.png","width":1280,"height":720,"caption":"S\u00e3o Thom\u00e9 das Letras-MG oferece passeios guiados acess\u00edveis com grutas e mirantes para fam\u00edlias explorarem lendas naturais."},{"@type":"BreadcrumbList","@id":"https:\/\/www.correiobraziliense.com.br\/cbradar\/a-macchu-picchu-brasileira-mistica-fundada-em-1963-acima-de-uma-mina-de-quartzos-valiosos-atrai-viajantes-por-ser-um-portal-energico-natural\/#breadcrumb","itemListElement":[{"@type":"ListItem","position":1,"name":"In\u00edcio","item":"https:\/\/www.correiobraziliense.com.br\/cbradar\/"},{"@type":"ListItem","position":2,"name":"A Macchu Picchu brasileira m\u00edstica fundada em 1963 acima de uma mina de quartzos valiosos atra\u00ed viajantes por ser um portal en\u00e9rgico natural"}]},{"@type":"WebSite","@id":"https:\/\/www.correiobraziliense.com.br\/cbradar\/#website","url":"https:\/\/www.correiobraziliense.com.br\/cbradar\/","name":"Correio Braziliense - Radar","description":"Acompanhe as \u00faltimas not\u00edcias e fique bem informado sobre tudo o que acontece no Brasil e no mundo.","potentialAction":[{"@type":"SearchAction","target":{"@type":"EntryPoint","urlTemplate":"https:\/\/www.correiobraziliense.com.br\/cbradar\/?s={search_term_string}"},"query-input":{"@type":"PropertyValueSpecification","valueRequired":true,"valueName":"search_term_string"}}],"inLanguage":"pt-BR"},{"@type":"Person","@id":"https:\/\/www.correiobraziliense.com.br\/cbradar\/#\/schema\/person\/4053c651a9bfc785afc6f4cbc9032fd3","name":"Maura Pereira","image":{"@type":"ImageObject","inLanguage":"pt-BR","@id":"https:\/\/www.correiobraziliense.com.br\/cbradar\/#\/schema\/person\/image\/","url":"https:\/\/secure.gravatar.com\/avatar\/3effd6bdadfa447f15089c7f7144eaa6?s=96&d=mm&r=g","contentUrl":"https:\/\/secure.gravatar.com\/avatar\/3effd6bdadfa447f15089c7f7144eaa6?s=96&d=mm&r=g","caption":"Maura Pereira"},"sameAs":["https:\/\/www.correiobraziliense.com.br\/"],"url":"https:\/\/www.correiobraziliense.com.br\/cbradar\/author\/mauramyth\/"}]}},"_links":{"self":[{"href":"https:\/\/www.correiobraziliense.com.br\/cbradar\/wp-json\/wp\/v2\/posts\/174947","targetHints":{"allow":["GET"]}}],"collection":[{"href":"https:\/\/www.correiobraziliense.com.br\/cbradar\/wp-json\/wp\/v2\/posts"}],"about":[{"href":"https:\/\/www.correiobraziliense.com.br\/cbradar\/wp-json\/wp\/v2\/types\/post"}],"author":[{"embeddable":true,"href":"https:\/\/www.correiobraziliense.com.br\/cbradar\/wp-json\/wp\/v2\/users\/8"}],"replies":[{"embeddable":true,"href":"https:\/\/www.correiobraziliense.com.br\/cbradar\/wp-json\/wp\/v2\/comments?post=174947"}],"version-history":[{"count":13,"href":"https:\/\/www.correiobraziliense.com.br\/cbradar\/wp-json\/wp\/v2\/posts\/174947\/revisions"}],"predecessor-version":[{"id":178332,"href":"https:\/\/www.correiobraziliense.com.br\/cbradar\/wp-json\/wp\/v2\/posts\/174947\/revisions\/178332"}],"wp:featuredmedia":[{"embeddable":true,"href":"https:\/\/www.correiobraziliense.com.br\/cbradar\/wp-json\/wp\/v2\/media\/158956"}],"wp:attachment":[{"href":"https:\/\/www.correiobraziliense.com.br\/cbradar\/wp-json\/wp\/v2\/media?parent=174947"}],"wp:term":[{"taxonomy":"category","embeddable":true,"href":"https:\/\/www.correiobraziliense.com.br\/cbradar\/wp-json\/wp\/v2\/categories?post=174947"},{"taxonomy":"post_tag","embeddable":true,"href":"https:\/\/www.correiobraziliense.com.br\/cbradar\/wp-json\/wp\/v2\/tags?post=174947"}],"curies":[{"name":"wp","href":"https:\/\/api.w.org\/{rel}","templated":true}]}}