{"id":174953,"date":"2026-01-20T15:25:00","date_gmt":"2026-01-20T18:25:00","guid":{"rendered":"https:\/\/www.correiobraziliense.com.br\/cbradar\/?p=174953"},"modified":"2026-01-19T20:57:38","modified_gmt":"2026-01-19T23:57:38","slug":"a-cidade-barroca-brasileira-marcada-pela-corrida-do-ouro-que-preserva-a-historia-e-ainda-se-destaca-pela-excelencia-na-qualidade-de-vida","status":"publish","type":"post","link":"https:\/\/www.correiobraziliense.com.br\/cbradar\/a-cidade-barroca-brasileira-marcada-pela-corrida-do-ouro-que-preserva-a-historia-e-ainda-se-destaca-pela-excelencia-na-qualidade-de-vida\/","title":{"rendered":"A cidade barroca brasileira marcada pela corrida do ouro que preserva a hist\u00f3ria e ainda se destaca pela excel\u00eancia na qualidade de vida"},"content":{"rendered":"\n<p>Localizada a cerca de 100 km de <strong>Belo Horizonte<\/strong>, <strong>Ouro Preto<\/strong> \u00e9 o ber\u00e7o da hist\u00f3ria mineira e o primeiro s\u00edtio brasileiro a ser declarado<strong> Patrim\u00f4nio Mundial pela UNESCO <\/strong>(1980). A antiga Vila Rica, o centro da corrida do ouro no s\u00e9culo XVIII, hoje reinventa-se como uma cidade vibrante, onde a arquitetura colonial preservada serve de cen\u00e1rio para uma das vidas universit\u00e1rias mais intensas do <strong>Brasil<\/strong>.<\/p>\n\n\n\n<h2 class=\"wp-block-heading\">Como \u00e9 viver num museu a c\u00e9u aberto?<\/h2>\n\n\n\n<p>Viver em <strong>Ouro Preto<\/strong> \u00e9 um exerc\u00edcio di\u00e1rio de pernas e f\u00f4lego. A cidade \u00e9 famosa pelo seu relevo acidentado, repleto de ladeiras \u00edngremes de paralelep\u00edpedos (p\u00e9 de moleque). A rotina local \u00e9 marcada pela dualidade: de um lado, a solenidade dos sinos das igrejas e a n\u00e9voa que cobre as montanhas pela manh\u00e3; do outro, a agita\u00e7\u00e3o das <strong>Rep\u00fablicas Estudantis<\/strong>.<\/p>\n\n\n\n<p>A cidade abriga a<a href=\"https:\/\/ufop.br\/mostrar-em\/pagina-inicial\" target=\"_blank\" rel=\"noreferrer noopener\"> <strong>UFOP (Universidade Federal de Ouro Preto)<\/strong><\/a>, que atrai milhares de jovens de todo o pa\u00eds. Isso cria uma atmosfera \u00fanica onde tradi\u00e7\u00f5es seculares convivem com festas universit\u00e1rias, bares lotados e um calend\u00e1rio cultural ativo, que inclui o famoso<strong> Festival de Inverno e o CineOP.<\/strong> A infraestrutura \u00e9 completa, mas adaptada \u00e0 geografia: o tr\u00e2nsito \u00e9 lento e muitas ruas s\u00e3o de m\u00e3o \u00fanica, o que faz com que a vida a p\u00e9 seja a norma.<\/p>\n\n\n<div class=\"wp-block-image\">\n<figure class=\"aligncenter size-large\"><img decoding=\"async\" width=\"1024\" height=\"576\" src=\"https:\/\/www.correiobraziliense.com.br\/cbradar\/wp-content\/uploads\/2025\/02\/Ouro-Preto_1740200160283-1024x576.jpg\" alt=\"A cidade barroca brasileira marcada pela corrida do ouro que preserva a hist\u00f3ria e ainda se destaca pela excel\u00eancia na qualidade de vida\" class=\"wp-image-4930\" srcset=\"https:\/\/www.correiobraziliense.com.br\/cbradar\/wp-content\/uploads\/2025\/02\/Ouro-Preto_1740200160283-1024x576.jpg 1024w, https:\/\/www.correiobraziliense.com.br\/cbradar\/wp-content\/uploads\/2025\/02\/Ouro-Preto_1740200160283-300x169.jpg 300w, https:\/\/www.correiobraziliense.com.br\/cbradar\/wp-content\/uploads\/2025\/02\/Ouro-Preto_1740200160283-768x432.jpg 768w, https:\/\/www.correiobraziliense.com.br\/cbradar\/wp-content\/uploads\/2025\/02\/Ouro-Preto_1740200160283-750x422.jpg 750w, https:\/\/www.correiobraziliense.com.br\/cbradar\/wp-content\/uploads\/2025\/02\/Ouro-Preto_1740200160283-1140x641.jpg 1140w, https:\/\/www.correiobraziliense.com.br\/cbradar\/wp-content\/uploads\/2025\/02\/Ouro-Preto_1740200160283.jpg 1280w\" sizes=\"(max-width: 1024px) 100vw, 1024px\" \/><figcaption class=\"wp-element-caption\">Ouro Preto, MG, \u00e9 uma cidade hist\u00f3rica do ciclo do ouro, com arquitetura colonial preservada. \/\/ Cr\u00e9ditos: depositphotos.com \/ diegograndi<\/figcaption><\/figure><\/div>\n\n\n<h2 class=\"wp-block-heading\">Quais indicadores sustentam a cidade?<\/h2>\n\n\n\n<p>Com um<strong> \u00cdndice de Desenvolvimento Humano Municipal (IDHM<\/strong>) de 0,741, a cidade ostenta um alto n\u00edvel de desenvolvimento. Segundo dados do <strong><a href=\"https:\/\/cidades.ibge.gov.br\/brasil\/mg\/ouro-preto\/panorama\" target=\"_blank\" rel=\"noreferrer noopener\">IBGE<\/a><\/strong>, a economia n\u00e3o vive apenas do passado. Embora o turismo seja vital, a extra\u00e7\u00e3o mineral (ferro, bauxita e top\u00e1zio na regi\u00e3o) e a ind\u00fastria metal\u00fargica s\u00e3o motores econ\u00f4micos potentes que garantem uma renda per capita elevada.<\/p>\n\n\n\n<p>A <strong>UFOP <\/strong>desempenha um papel crucial no <strong>IDHM<\/strong>, elevando os \u00edndices de educa\u00e7\u00e3o e atraindo pesquisadores, movimentando o setor de servi\u00e7os e imobili\u00e1rio. A cidade \u00e9 um polo de conhecimento que exporta ci\u00eancia e arte.<\/p>\n\n\n\n<p><strong>Descubra os encantos de Ouro Preto, uma cidade que respira hist\u00f3ria e arte em cada ladeira de seu preservado centro colonial. <\/strong>O v\u00eddeo \u00e9 do canal <strong>Traz o Passaporte <\/strong>e apresenta um roteiro completo, passando por marcos como a <strong>Pra\u00e7a Tiradentes<\/strong>, o Museu da Inconfid\u00eancia e a impressionante Igreja S\u00e3o Francisco de Assis, obra-prima de Aleijadinho.<\/p>\n\n\n\n<figure class=\"wp-block-embed aligncenter is-type-video is-provider-youtube wp-block-embed-youtube wp-embed-aspect-16-9 wp-has-aspect-ratio\"><div class=\"wp-block-embed__wrapper\">\n<div class=\"jeg_video_container jeg_video_content\"><iframe loading=\"lazy\" title=\"O que fazer em OURO PRETO com PRE\u00c7OS - Um Roteiro fora da \u00f3bvio na cidade mais hist\u00f3rica do Brasil.\" width=\"500\" height=\"281\" src=\"https:\/\/www.youtube.com\/embed\/PjuQnDrDtDU?feature=oembed\" frameborder=\"0\" allow=\"accelerometer; autoplay; clipboard-write; encrypted-media; gyroscope; picture-in-picture; web-share\" referrerpolicy=\"strict-origin-when-cross-origin\" allowfullscreen><\/iframe><\/div>\n<\/div><\/figure>\n\n\n\n<h2 class=\"wp-block-heading\">Onde ver a genialidade de Aleijadinho?<\/h2>\n\n\n\n<p>O turismo em <strong>Ouro Preto<\/strong> \u00e9 a experi\u00eancia definitiva do barroco brasileiro. A cidade possui a maior concentra\u00e7\u00e3o de obras de <strong>Aleijadinho<\/strong> (Ant\u00f4nio Francisco Lisboa) e pinturas de <strong>Mestre Ata\u00edde<\/strong>.<\/p>\n\n\n\n<p>Para uma imers\u00e3o na Era do Ouro, o roteiro \u00e9 obrigat\u00f3rio:<\/p>\n\n\n\n<ul class=\"wp-block-list\">\n<li><strong>Igreja de S\u00e3o Francisco de Assis<\/strong>: A obra-prima de Aleijadinho e Ata\u00edde. A fachada com pedra-sab\u00e3o esculpida e o teto pintado que cria a ilus\u00e3o de um c\u00e9u aberto com a Virgem Maria s\u00e3o o auge da arte colonial.<\/li>\n\n\n\n<li><strong>Pra\u00e7a Tiradentes<\/strong>: O cora\u00e7\u00e3o da cidade, onde a cabe\u00e7a do m\u00e1rtir da Inconfid\u00eancia foi exposta. Abriga o imponente <strong>Museu da Inconfid\u00eancia<\/strong> (antiga Casa de C\u00e2mara e Cadeia).<\/li>\n\n\n\n<li><strong>Minas de Ouro (Mina do Chico Rei ou da Passagem)<\/strong>: Descer ao subsolo \u00e9 essencial para entender a realidade dura dos escravizados que constru\u00edram a riqueza da cidade. A Mina da Passagem (na vizinha Mariana) \u00e9 a \u00fanica visit\u00e1vel por trole (carrinho sobre trilhos).<\/li>\n\n\n\n<li><strong>Igreja Matriz de Nossa Senhora do Pilar<\/strong>: O oposto da simplicidade franciscana; \u00e9 a igreja com maior quantidade de ouro (cerca de 400 kg) em sua decora\u00e7\u00e3o interna no pa\u00eds.<\/li>\n<\/ul>\n\n\n\n<p><strong>Leia tamb\u00e9m: <a href=\"https:\/\/www.correiobraziliense.com.br\/cbradar\/a-fruta-tropical-com-efeitos-calmantes-que-fortalece-o-sistema-imunologico-e-rica-em-magnesio-e-facil-de-plantar\/\" target=\"_blank\" rel=\"noreferrer noopener\">A fruta tropical com efeitos calmantes que fortalece o sistema imunol\u00f3gico, \u00e9 rica em magn\u00e9sio e f\u00e1cil de plantar.<\/a><\/strong><\/p>\n\n\n<div class=\"wp-block-image\">\n<figure class=\"aligncenter size-large\"><img decoding=\"async\" width=\"1024\" height=\"576\" src=\"https:\/\/www.correiobraziliense.com.br\/cbradar\/wp-content\/uploads\/2025\/06\/ouro-preto_1749324894304-1024x576.jpg\" alt=\"\" class=\"wp-image-49816\" srcset=\"https:\/\/www.correiobraziliense.com.br\/cbradar\/wp-content\/uploads\/2025\/06\/ouro-preto_1749324894304-1024x576.jpg 1024w, https:\/\/www.correiobraziliense.com.br\/cbradar\/wp-content\/uploads\/2025\/06\/ouro-preto_1749324894304-300x169.jpg 300w, https:\/\/www.correiobraziliense.com.br\/cbradar\/wp-content\/uploads\/2025\/06\/ouro-preto_1749324894304-768x432.jpg 768w, https:\/\/www.correiobraziliense.com.br\/cbradar\/wp-content\/uploads\/2025\/06\/ouro-preto_1749324894304-750x422.jpg 750w, https:\/\/www.correiobraziliense.com.br\/cbradar\/wp-content\/uploads\/2025\/06\/ouro-preto_1749324894304-1140x641.jpg 1140w, https:\/\/www.correiobraziliense.com.br\/cbradar\/wp-content\/uploads\/2025\/06\/ouro-preto_1749324894304.jpg 1280w\" sizes=\"(max-width: 1024px) 100vw, 1024px\" \/><figcaption class=\"wp-element-caption\">A cidade foi a primeira no Brasil a ser Patrim\u00f4nio Cultural da Humanidade pela UNESCO. \/\/ Cr\u00e9ditos: depositphotos.com \/ fredpinheiro.hotmail.com.br<\/figcaption><\/figure><\/div>\n\n\n<h2 class=\"wp-block-heading\">O clima nas montanhas \u00e9 frio?<\/h2>\n\n\n\n<p><strong>O clima tropical de altitude garante temperaturas amenas. <\/strong>O destaque \u00e9 a amplitude t\u00e9rmica e a nebulosidade. N\u00e3o \u00e9 raro a cidade amanhecer coberta por uma \u201ccerra\u00e7\u00e3o\u201d densa que d\u00e1 um ar de mist\u00e9rio \u00e0s torres das igrejas.<\/p>\n\n\n\n<p>Segundo o <strong><a href=\"https:\/\/www.climatempo.com.br\/previsao-do-tempo\/cidade\/170\/ouropreto-mg\" target=\"_blank\" rel=\"noreferrer noopener\">Climatempo<\/a><\/strong>, a \u00e9poca seca \u00e9 a melhor para caminhar nas ladeiras sem escorregar.<\/p>\n\n\n\n<figure class=\"wp-block-table\"><table class=\"has-fixed-layout\"><thead><tr><th>Esta\u00e7\u00e3o\/Meses<\/th><th>Temperatura M\u00e9dia<\/th><th>O que esperar<\/th><\/tr><\/thead><tbody><tr><td>Ver\u00e3o (Dez-Mar)<\/td><td>19\u00b0C a 28\u00b0C<\/td><td>Chuvas frequentes e fortes; cuidado redobrado nas ladeiras de pedra lisa.<\/td><\/tr><tr><td>Outono (Abr-Jun)<\/td><td>13\u00b0C a 24\u00b0C<\/td><td>Clima agrad\u00e1vel e c\u00e9us azuis; a Semana Santa \u00e9 um espet\u00e1culo com tapetes de serragem.<\/td><\/tr><tr><td>Inverno (Jun-Set)<\/td><td>8\u00b0C a 23\u00b0C<\/td><td>Frio seco (pode gear); auge do Festival de Inverno e turismo cultural.<\/td><\/tr><tr><td>Primavera (Set-Dez)<\/td><td>16\u00b0C a 26\u00b0C<\/td><td>Aquecimento e retorno das chuvas no final da esta\u00e7\u00e3o; cidade florida.<\/td><\/tr><\/tbody><\/table><\/figure>\n\n\n<div class=\"wp-block-image\">\n<figure class=\"aligncenter size-large\"><img decoding=\"async\" width=\"1024\" height=\"576\" src=\"https:\/\/www.correiobraziliense.com.br\/cbradar\/wp-content\/uploads\/2025\/06\/ouro-preto_1749324881923-1024x576.jpg\" alt=\"As 3 cidades hist\u00f3ricas que guardam os maiores tesouros do Brasil Imp\u00e9rio\" class=\"wp-image-49817\" srcset=\"https:\/\/www.correiobraziliense.com.br\/cbradar\/wp-content\/uploads\/2025\/06\/ouro-preto_1749324881923-1024x576.jpg 1024w, https:\/\/www.correiobraziliense.com.br\/cbradar\/wp-content\/uploads\/2025\/06\/ouro-preto_1749324881923-300x169.jpg 300w, https:\/\/www.correiobraziliense.com.br\/cbradar\/wp-content\/uploads\/2025\/06\/ouro-preto_1749324881923-768x432.jpg 768w, https:\/\/www.correiobraziliense.com.br\/cbradar\/wp-content\/uploads\/2025\/06\/ouro-preto_1749324881923-750x422.jpg 750w, https:\/\/www.correiobraziliense.com.br\/cbradar\/wp-content\/uploads\/2025\/06\/ouro-preto_1749324881923-1140x641.jpg 1140w, https:\/\/www.correiobraziliense.com.br\/cbradar\/wp-content\/uploads\/2025\/06\/ouro-preto_1749324881923.jpg 1280w\" sizes=\"(max-width: 1024px) 100vw, 1024px\" \/><figcaption class=\"wp-element-caption\">Encante-se com Ouro Preto, onde arte barroca e hist\u00f3ria viva se unem em ruas de pedra \u00fanicas. \/\/ Cr\u00e9ditos: depositphotos.com \/ fredpinheiro.hotmail.com.br<\/figcaption><\/figure><\/div>\n\n\n<h2 class=\"wp-block-heading\">Motivos para subir a serra<\/h2>\n\n\n\n<p><strong>Ouro Preto<\/strong> \u00e9 um destino que mexe com o intelecto e os sentidos.<\/p>\n\n\n\n<ul class=\"wp-block-list\">\n<li>A fus\u00e3o entre a arquitetura barroca intacta e a energia jovem das rep\u00fablicas cria uma atmosfera que n\u00e3o existe em outro lugar do mundo.<\/li>\n\n\n\n<li>Entrar na Igreja de S\u00e3o Francisco de Assis \u00e9 testemunhar o apogeu da arte brasileira.<\/li>\n\n\n\n<li>O <strong>Carnaval de Ouro Preto<\/strong> \u00e9 uma experi\u00eancia \u00fanica: blocos de rua organizados pelas rep\u00fablicas que misturam tradi\u00e7\u00e3o e festa universit\u00e1ria.<\/li>\n<\/ul>\n\n\n\n<p>Voc\u00ea precisa contemplar o p\u00f4r do sol do adro da Igreja de S\u00e3o Francisco de Paula e ver as luzes da cidade acenderem no vale para sentir a magia de Vila Rica.<\/p>\n","protected":false},"excerpt":{"rendered":"<p>Localizada a cerca de 100 km de Belo Horizonte, Ouro Preto \u00e9 o ber\u00e7o da hist\u00f3ria mineira e o primeiro s\u00edtio brasileiro a ser declarado Patrim\u00f4nio Mundial pela UNESCO (1980). A antiga Vila Rica, o centro da corrida do ouro no s\u00e9culo XVIII, hoje reinventa-se como uma cidade vibrante, onde a arquitetura colonial preservada serve [&hellip;]<\/p>\n","protected":false},"author":8,"featured_media":4931,"comment_status":"open","ping_status":"open","sticky":false,"template":"","format":"standard","meta":{"_yoast_wpseo_focuskw":"cidade barroca","_yoast_wpseo_title":"","_yoast_wpseo_metadesc":"Casar\u00f5es, igrejas e um estilo de vida tranquilo fazem dessa cidade barroca e hist\u00f3rica um dos destinos mais completos do Brasil.","jnews-multi-image_gallery":[],"jnews_single_post":{"format":"standard"},"jnews_primary_category":[],"jnews_social_meta":[],"jnews_override_counter":[],"footnotes":""},"categories":[108,111],"post_tag":[225,963],"class_list":["post-174953","post","type-post","status-publish","format-standard","has-post-thumbnail","hentry","category-cidades","category-turismo","tag-brasil","tag-ouro-preto"],"yoast_head":"<!-- This site is optimized with the Yoast SEO plugin v24.6 - https:\/\/yoast.com\/wordpress\/plugins\/seo\/ -->\n<title>A cidade barroca brasileira marcada pela corrida do ouro que preserva a hist\u00f3ria e ainda se destaca pela excel\u00eancia na qualidade de vida - Correio Braziliense - Radar<\/title>\n<meta name=\"description\" content=\"Casar\u00f5es, igrejas e um estilo de vida tranquilo fazem dessa cidade barroca e hist\u00f3rica um dos destinos mais completos do Brasil.\" \/>\n<meta name=\"robots\" content=\"index, follow, max-snippet:-1, max-image-preview:large, max-video-preview:-1\" \/>\n<link rel=\"canonical\" href=\"https:\/\/www.correiobraziliense.com.br\/cbradar\/a-cidade-barroca-brasileira-marcada-pela-corrida-do-ouro-que-preserva-a-historia-e-ainda-se-destaca-pela-excelencia-na-qualidade-de-vida\/\" \/>\n<meta property=\"og:locale\" content=\"pt_BR\" \/>\n<meta property=\"og:type\" content=\"article\" \/>\n<meta property=\"og:title\" content=\"A cidade barroca brasileira marcada pela corrida do ouro que preserva a hist\u00f3ria e ainda se destaca pela excel\u00eancia na qualidade de vida - Correio Braziliense - Radar\" \/>\n<meta property=\"og:description\" content=\"Casar\u00f5es, igrejas e um estilo de vida tranquilo fazem dessa cidade barroca e hist\u00f3rica um dos destinos mais completos do Brasil.\" \/>\n<meta property=\"og:url\" content=\"https:\/\/www.correiobraziliense.com.br\/cbradar\/a-cidade-barroca-brasileira-marcada-pela-corrida-do-ouro-que-preserva-a-historia-e-ainda-se-destaca-pela-excelencia-na-qualidade-de-vida\/\" \/>\n<meta property=\"og:site_name\" content=\"Correio Braziliense - Radar\" \/>\n<meta property=\"article:published_time\" content=\"2026-01-20T18:25:00+00:00\" \/>\n<meta property=\"og:image\" content=\"https:\/\/www.correiobraziliense.com.br\/cbradar\/wp-content\/uploads\/2025\/02\/Ouro-Preto_1740200148774.jpg\" \/>\n\t<meta property=\"og:image:width\" content=\"1280\" \/>\n\t<meta property=\"og:image:height\" content=\"720\" \/>\n\t<meta property=\"og:image:type\" content=\"image\/jpeg\" \/>\n<meta name=\"author\" content=\"Maura Pereira\" \/>\n<meta name=\"twitter:card\" content=\"summary_large_image\" \/>\n<meta name=\"twitter:label1\" content=\"Escrito por\" \/>\n\t<meta name=\"twitter:data1\" content=\"Maura Pereira\" \/>\n\t<meta name=\"twitter:label2\" content=\"Est. tempo de leitura\" \/>\n\t<meta name=\"twitter:data2\" content=\"6 minutos\" \/>\n<!-- \/ Yoast SEO plugin. -->","yoast_head_json":{"title":"A cidade barroca brasileira marcada pela corrida do ouro que preserva a hist\u00f3ria e ainda se destaca pela excel\u00eancia na qualidade de vida - Correio Braziliense - Radar","description":"Casar\u00f5es, igrejas e um estilo de vida tranquilo fazem dessa cidade barroca e hist\u00f3rica um dos destinos mais completos do Brasil.","robots":{"index":"index","follow":"follow","max-snippet":"max-snippet:-1","max-image-preview":"max-image-preview:large","max-video-preview":"max-video-preview:-1"},"canonical":"https:\/\/www.correiobraziliense.com.br\/cbradar\/a-cidade-barroca-brasileira-marcada-pela-corrida-do-ouro-que-preserva-a-historia-e-ainda-se-destaca-pela-excelencia-na-qualidade-de-vida\/","og_locale":"pt_BR","og_type":"article","og_title":"A cidade barroca brasileira marcada pela corrida do ouro que preserva a hist\u00f3ria e ainda se destaca pela excel\u00eancia na qualidade de vida - Correio Braziliense - Radar","og_description":"Casar\u00f5es, igrejas e um estilo de vida tranquilo fazem dessa cidade barroca e hist\u00f3rica um dos destinos mais completos do Brasil.","og_url":"https:\/\/www.correiobraziliense.com.br\/cbradar\/a-cidade-barroca-brasileira-marcada-pela-corrida-do-ouro-que-preserva-a-historia-e-ainda-se-destaca-pela-excelencia-na-qualidade-de-vida\/","og_site_name":"Correio Braziliense - Radar","article_published_time":"2026-01-20T18:25:00+00:00","og_image":[{"width":1280,"height":720,"url":"https:\/\/www.correiobraziliense.com.br\/cbradar\/wp-content\/uploads\/2025\/02\/Ouro-Preto_1740200148774.jpg","type":"image\/jpeg"}],"author":"Maura Pereira","twitter_card":"summary_large_image","twitter_misc":{"Escrito por":"Maura Pereira","Est. tempo de leitura":"6 minutos"},"schema":{"@context":"https:\/\/schema.org","@graph":[{"@type":"WebPage","@id":"https:\/\/www.correiobraziliense.com.br\/cbradar\/a-cidade-barroca-brasileira-marcada-pela-corrida-do-ouro-que-preserva-a-historia-e-ainda-se-destaca-pela-excelencia-na-qualidade-de-vida\/","url":"https:\/\/www.correiobraziliense.com.br\/cbradar\/a-cidade-barroca-brasileira-marcada-pela-corrida-do-ouro-que-preserva-a-historia-e-ainda-se-destaca-pela-excelencia-na-qualidade-de-vida\/","name":"A cidade barroca brasileira marcada pela corrida do ouro que preserva a hist\u00f3ria e ainda se destaca pela excel\u00eancia na qualidade de vida - Correio Braziliense - Radar","isPartOf":{"@id":"https:\/\/www.correiobraziliense.com.br\/cbradar\/#website"},"primaryImageOfPage":{"@id":"https:\/\/www.correiobraziliense.com.br\/cbradar\/a-cidade-barroca-brasileira-marcada-pela-corrida-do-ouro-que-preserva-a-historia-e-ainda-se-destaca-pela-excelencia-na-qualidade-de-vida\/#primaryimage"},"image":{"@id":"https:\/\/www.correiobraziliense.com.br\/cbradar\/a-cidade-barroca-brasileira-marcada-pela-corrida-do-ouro-que-preserva-a-historia-e-ainda-se-destaca-pela-excelencia-na-qualidade-de-vida\/#primaryimage"},"thumbnailUrl":"https:\/\/www.correiobraziliense.com.br\/cbradar\/wp-content\/uploads\/2025\/02\/Ouro-Preto_1740200148774.jpg","datePublished":"2026-01-20T18:25:00+00:00","author":{"@id":"https:\/\/www.correiobraziliense.com.br\/cbradar\/#\/schema\/person\/4053c651a9bfc785afc6f4cbc9032fd3"},"description":"Casar\u00f5es, igrejas e um estilo de vida tranquilo fazem dessa cidade barroca e hist\u00f3rica um dos destinos mais completos do Brasil.","breadcrumb":{"@id":"https:\/\/www.correiobraziliense.com.br\/cbradar\/a-cidade-barroca-brasileira-marcada-pela-corrida-do-ouro-que-preserva-a-historia-e-ainda-se-destaca-pela-excelencia-na-qualidade-de-vida\/#breadcrumb"},"inLanguage":"pt-BR","potentialAction":[{"@type":"ReadAction","target":["https:\/\/www.correiobraziliense.com.br\/cbradar\/a-cidade-barroca-brasileira-marcada-pela-corrida-do-ouro-que-preserva-a-historia-e-ainda-se-destaca-pela-excelencia-na-qualidade-de-vida\/"]}]},{"@type":"ImageObject","inLanguage":"pt-BR","@id":"https:\/\/www.correiobraziliense.com.br\/cbradar\/a-cidade-barroca-brasileira-marcada-pela-corrida-do-ouro-que-preserva-a-historia-e-ainda-se-destaca-pela-excelencia-na-qualidade-de-vida\/#primaryimage","url":"https:\/\/www.correiobraziliense.com.br\/cbradar\/wp-content\/uploads\/2025\/02\/Ouro-Preto_1740200148774.jpg","contentUrl":"https:\/\/www.correiobraziliense.com.br\/cbradar\/wp-content\/uploads\/2025\/02\/Ouro-Preto_1740200148774.jpg","width":1280,"height":720,"caption":"Em Ouro Preto, explore igrejas barrocas, museus e o charme das ladeiras cheias de hist\u00f3ria. \/\/ Cr\u00e9ditos: depositphotos.com \/ diegograndi"},{"@type":"BreadcrumbList","@id":"https:\/\/www.correiobraziliense.com.br\/cbradar\/a-cidade-barroca-brasileira-marcada-pela-corrida-do-ouro-que-preserva-a-historia-e-ainda-se-destaca-pela-excelencia-na-qualidade-de-vida\/#breadcrumb","itemListElement":[{"@type":"ListItem","position":1,"name":"In\u00edcio","item":"https:\/\/www.correiobraziliense.com.br\/cbradar\/"},{"@type":"ListItem","position":2,"name":"A cidade barroca brasileira marcada pela corrida do ouro que preserva a hist\u00f3ria e ainda se destaca pela excel\u00eancia na qualidade de vida"}]},{"@type":"WebSite","@id":"https:\/\/www.correiobraziliense.com.br\/cbradar\/#website","url":"https:\/\/www.correiobraziliense.com.br\/cbradar\/","name":"Correio Braziliense - Radar","description":"Acompanhe as \u00faltimas not\u00edcias e fique bem informado sobre tudo o que acontece no Brasil e no mundo.","potentialAction":[{"@type":"SearchAction","target":{"@type":"EntryPoint","urlTemplate":"https:\/\/www.correiobraziliense.com.br\/cbradar\/?s={search_term_string}"},"query-input":{"@type":"PropertyValueSpecification","valueRequired":true,"valueName":"search_term_string"}}],"inLanguage":"pt-BR"},{"@type":"Person","@id":"https:\/\/www.correiobraziliense.com.br\/cbradar\/#\/schema\/person\/4053c651a9bfc785afc6f4cbc9032fd3","name":"Maura Pereira","image":{"@type":"ImageObject","inLanguage":"pt-BR","@id":"https:\/\/www.correiobraziliense.com.br\/cbradar\/#\/schema\/person\/image\/","url":"https:\/\/secure.gravatar.com\/avatar\/3effd6bdadfa447f15089c7f7144eaa6?s=96&d=mm&r=g","contentUrl":"https:\/\/secure.gravatar.com\/avatar\/3effd6bdadfa447f15089c7f7144eaa6?s=96&d=mm&r=g","caption":"Maura Pereira"},"sameAs":["https:\/\/www.correiobraziliense.com.br\/"],"url":"https:\/\/www.correiobraziliense.com.br\/cbradar\/author\/mauramyth\/"}]}},"_links":{"self":[{"href":"https:\/\/www.correiobraziliense.com.br\/cbradar\/wp-json\/wp\/v2\/posts\/174953","targetHints":{"allow":["GET"]}}],"collection":[{"href":"https:\/\/www.correiobraziliense.com.br\/cbradar\/wp-json\/wp\/v2\/posts"}],"about":[{"href":"https:\/\/www.correiobraziliense.com.br\/cbradar\/wp-json\/wp\/v2\/types\/post"}],"author":[{"embeddable":true,"href":"https:\/\/www.correiobraziliense.com.br\/cbradar\/wp-json\/wp\/v2\/users\/8"}],"replies":[{"embeddable":true,"href":"https:\/\/www.correiobraziliense.com.br\/cbradar\/wp-json\/wp\/v2\/comments?post=174953"}],"version-history":[{"count":19,"href":"https:\/\/www.correiobraziliense.com.br\/cbradar\/wp-json\/wp\/v2\/posts\/174953\/revisions"}],"predecessor-version":[{"id":178404,"href":"https:\/\/www.correiobraziliense.com.br\/cbradar\/wp-json\/wp\/v2\/posts\/174953\/revisions\/178404"}],"wp:featuredmedia":[{"embeddable":true,"href":"https:\/\/www.correiobraziliense.com.br\/cbradar\/wp-json\/wp\/v2\/media\/4931"}],"wp:attachment":[{"href":"https:\/\/www.correiobraziliense.com.br\/cbradar\/wp-json\/wp\/v2\/media?parent=174953"}],"wp:term":[{"taxonomy":"category","embeddable":true,"href":"https:\/\/www.correiobraziliense.com.br\/cbradar\/wp-json\/wp\/v2\/categories?post=174953"},{"taxonomy":"post_tag","embeddable":true,"href":"https:\/\/www.correiobraziliense.com.br\/cbradar\/wp-json\/wp\/v2\/post_tag?post=174953"}],"curies":[{"name":"wp","href":"https:\/\/api.w.org\/{rel}","templated":true}]}}