{"id":17507,"date":"2025-04-01T08:10:49","date_gmt":"2025-04-01T11:10:49","guid":{"rendered":"https:\/\/www.correiobraziliense.com.br\/cbradar\/?p=17507"},"modified":"2025-03-31T15:22:33","modified_gmt":"2025-03-31T18:22:33","slug":"o-segredo-para-ter-couve-sempre-verdinha-e-saborosa","status":"publish","type":"post","link":"https:\/\/www.correiobraziliense.com.br\/cbradar\/o-segredo-para-ter-couve-sempre-verdinha-e-saborosa\/","title":{"rendered":"O segredo para ter couve sempre verdinha e saborosa em casa"},"content":{"rendered":"\n<p>A <strong>couve<\/strong> \u00e9 uma hortali\u00e7a rica em nutrientes, f\u00e1cil de cultivar e altamente produtiva. Seja para consumo pr\u00f3prio ou para cultivo comercial, aprender a plantar corretamente garante folhas mais saborosas e uma <a href=\"https:\/\/www.correiobraziliense.com.br\/cbradar\/como-cultivar-hortela-em-casa-de-forma-pratica\/\" target=\"_blank\" rel=\"noreferrer noopener\">colheita <\/a>abundante. Veja a seguir todas as etapas necess\u00e1rias para um cultivo de sucesso.<\/p>\n\n\n\n<h2 class=\"wp-block-heading\">Qual \u00e9 o melhor clima e solo para o cultivo da couve?<\/h2>\n\n\n\n<p>A <strong>couve<\/strong> se adapta bem a diversas condi\u00e7\u00f5es clim\u00e1ticas, mas prefere temperaturas entre <strong>15\u00b0C e 22\u00b0C<\/strong>. Em regi\u00f5es quentes, pode ser cultivada em locais com sombra parcial para evitar o estresse das folhas.<\/p>\n\n\n\n<p>O solo ideal deve ser <strong>rico em mat\u00e9ria org\u00e2nica, bem drenado e com pH entre 6,0 e 6,8<\/strong>. Antes do plantio, recomenda-se adubar com <strong>composto org\u00e2nico, esterco curtido ou h\u00famus de minhoca<\/strong> para garantir um crescimento vigoroso.<\/p>\n\n\n\n<h2 class=\"wp-block-heading\">Como fazer o plantio da couve corretamente?<\/h2>\n\n\n\n<p>Existem duas formas principais de plantar <strong>couve<\/strong>: por <strong>sementes<\/strong> ou por <strong>mudas<\/strong>.<\/p>\n\n\n\n<ul class=\"wp-block-list\">\n<li><strong>Por sementes<\/strong>:\n<ul class=\"wp-block-list\">\n<li>Fa\u00e7a sulcos de aproximadamente <strong>1 cm de profundidade<\/strong>.<\/li>\n\n\n\n<li>Plante as sementes com <strong>espa\u00e7amento de 30 cm entre cada uma<\/strong>.<\/li>\n\n\n\n<li>Cubra com uma fina camada de terra e regue delicadamente.<\/li>\n\n\n\n<li>A germina\u00e7\u00e3o ocorre entre <strong>5 e 10 dias<\/strong>.<\/li>\n<\/ul>\n<\/li>\n\n\n\n<li><strong>Por mudas<\/strong>:\n<ul class=\"wp-block-list\">\n<li>Plante mudas j\u00e1 desenvolvidas em <strong>covas de 30 cm de dist\u00e2ncia<\/strong> umas das outras.<\/li>\n\n\n\n<li>Certifique-se de enterrar a raiz sem sufocar o caule.<\/li>\n\n\n\n<li>Regue logo ap\u00f3s o transplante para melhor adapta\u00e7\u00e3o.<\/li>\n<\/ul>\n<\/li>\n<\/ul>\n\n\n\n<h2 class=\"wp-block-heading\">Qual \u00e9 a frequ\u00eancia ideal de rega para a couve?<\/h2>\n\n\n\n<p>A <strong>couve<\/strong> gosta de solo \u00famido, mas n\u00e3o encharcado. O ideal \u00e9 regar <strong>de 2 a 3 vezes por semana<\/strong> em per\u00edodos frios e <strong>diariamente<\/strong> em \u00e9pocas mais secas. O melhor hor\u00e1rio para regar \u00e9 <strong>pela manh\u00e3 ou no final da tarde<\/strong>, evitando as horas mais quentes do dia.<\/p>\n\n\n\n<p>Para evitar doen\u00e7as, evite molhar diretamente as folhas e prefira a rega na base da planta.<\/p>\n\n\n<div class=\"wp-block-image\">\n<figure class=\"aligncenter size-large\"><img decoding=\"async\" width=\"1024\" height=\"576\" src=\"https:\/\/www.correiobraziliense.com.br\/cbradar\/wp-content\/uploads\/2025\/03\/couve-planta_1743445158603-1024x576.jpg\" alt=\"\" class=\"wp-image-17515\" srcset=\"https:\/\/www.correiobraziliense.com.br\/cbradar\/wp-content\/uploads\/2025\/03\/couve-planta_1743445158603-1024x576.jpg 1024w, https:\/\/www.correiobraziliense.com.br\/cbradar\/wp-content\/uploads\/2025\/03\/couve-planta_1743445158603-300x169.jpg 300w, https:\/\/www.correiobraziliense.com.br\/cbradar\/wp-content\/uploads\/2025\/03\/couve-planta_1743445158603-768x432.jpg 768w, https:\/\/www.correiobraziliense.com.br\/cbradar\/wp-content\/uploads\/2025\/03\/couve-planta_1743445158603-750x422.jpg 750w, https:\/\/www.correiobraziliense.com.br\/cbradar\/wp-content\/uploads\/2025\/03\/couve-planta_1743445158603-1140x641.jpg 1140w, https:\/\/www.correiobraziliense.com.br\/cbradar\/wp-content\/uploads\/2025\/03\/couve-planta_1743445158603.jpg 1280w\" sizes=\"(max-width: 1024px) 100vw, 1024px\" \/><figcaption class=\"wp-element-caption\">Couve &#8211; Cr\u00e9ditos: depositphotos.com \/ bedobedo<\/figcaption><\/figure><\/div>\n\n\n<h2 class=\"wp-block-heading\">Como adubar a couve para um crescimento saud\u00e1vel?<\/h2>\n\n\n\n<p>A <strong>aduba\u00e7\u00e3o<\/strong> correta garante folhas mais verdes e saborosas. Recomenda-se adubar a cada <strong>15 dias<\/strong> com mat\u00e9ria org\u00e2nica, como:<\/p>\n\n\n\n<ul class=\"wp-block-list\">\n<li><strong>Composto org\u00e2nico ou h\u00famus de minhoca<\/strong>: mant\u00e9m o solo f\u00e9rtil e saud\u00e1vel.<\/li>\n\n\n\n<li><strong>Esterco bovino ou de galinha curtido<\/strong>: fonte natural de nitrog\u00eanio.<\/li>\n\n\n\n<li><strong>Farinha de ossos e cinzas de madeira<\/strong>: fornecem c\u00e1lcio e pot\u00e1ssio.<\/li>\n<\/ul>\n\n\n\n<p>Caso prefira fertilizantes qu\u00edmicos, opte por <strong>NPK 10-10-10<\/strong> para estimular o crescimento equilibrado da planta.<\/p>\n\n\n\n<h2 class=\"wp-block-heading\">Quais pragas e doen\u00e7as podem afetar a couve?<\/h2>\n\n\n\n<p>A <strong>couve<\/strong> pode ser atacada por diversas pragas e doen\u00e7as. As mais comuns s\u00e3o:<\/p>\n\n\n\n<ul class=\"wp-block-list\">\n<li><strong>Pulg\u00f5es<\/strong>: pequenos insetos sugadores que enfraquecem as folhas. Controle com calda de fumo ou \u00f3leo de neem.<\/li>\n\n\n\n<li><strong>Lagartas<\/strong>: devoram as folhas rapidamente. Remova manualmente e utilize bioinseticidas.<\/li>\n\n\n\n<li><strong>Ferrugem-branca<\/strong>: doen\u00e7a f\u00fangica que causa manchas brancas. Evite molhar as folhas e use fungicidas naturais, como ch\u00e1 de cavalinha.<\/li>\n<\/ul>\n\n\n\n<p>O monitoramento constante e o uso de repelentes naturais ajudam a manter a planta saud\u00e1vel.<\/p>\n\n\n\n<h2 class=\"wp-block-heading\">Quando e como colher a couve?<\/h2>\n\n\n\n<p>A <strong>couve<\/strong> pode ser colhida de forma cont\u00ednua. Ap\u00f3s <strong>60 a 90 dias do plantio<\/strong>, as folhas j\u00e1 est\u00e3o prontas para consumo.<\/p>\n\n\n\n<p>Para colher corretamente:<\/p>\n\n\n\n<ul class=\"wp-block-list\">\n<li>Retire as folhas externas, deixando as mais jovens no centro para continuar o crescimento.<\/li>\n\n\n\n<li>Evite arrancar toda a planta, pois a <strong>couve<\/strong> pode produzir novas folhas por v\u00e1rios meses.<\/li>\n\n\n\n<li>Se quiser colher a planta inteira, corte-a na base do caule.<\/li>\n<\/ul>\n\n\n\n<h2 class=\"wp-block-heading\">Como armazenar a couve ap\u00f3s a colheita?<\/h2>\n\n\n\n<p>Para manter a <strong>couve<\/strong> fresca por mais tempo, siga estas dicas:<\/p>\n\n\n\n<ul class=\"wp-block-list\">\n<li>Guarde as folhas em um saco pl\u00e1stico na geladeira por at\u00e9 <strong>uma semana<\/strong>.<\/li>\n\n\n\n<li>Se desejar armazenar por mais tempo, <strong>branqueie as folhas<\/strong> (fervura r\u00e1pida seguida de choque t\u00e9rmico em \u00e1gua gelada) e congele.<\/li>\n<\/ul>\n\n\n\n<p>Assim, a couve mant\u00e9m sabor e nutrientes por at\u00e9 <strong>6 meses<\/strong> no freezer.<\/p>\n\n\n\n<h2 class=\"wp-block-heading\">FAQ<\/h2>\n\n\n\n<h3 class=\"wp-block-heading\">1. A couve precisa de sol ou sombra?<\/h3>\n\n\n\n<p>A <strong>couve<\/strong> cresce melhor em <strong>sol pleno<\/strong>, mas pode tolerar sombra parcial em regi\u00f5es muito quentes.<\/p>\n\n\n\n<h3 class=\"wp-block-heading\">2. Posso plantar couve em vasos?<\/h3>\n\n\n\n<p>Sim! Escolha um vaso de <strong>pelo menos 30 cm de profundidade<\/strong>, use um solo rico em nutrientes e regue regularmente.<\/p>\n\n\n\n<h3 class=\"wp-block-heading\">3. A couve cresce o ano todo?<\/h3>\n\n\n\n<p>Sim, mas em regi\u00f5es de inverno rigoroso o crescimento pode ser mais lento. O outono e a primavera s\u00e3o as melhores \u00e9pocas para o plantio.<\/p>\n\n\n\n<h3 class=\"wp-block-heading\">4. Como evitar que a couve fique amarga?<\/h3>\n\n\n\n<p>A <strong>aduba\u00e7\u00e3o adequada e a colheita no momento certo<\/strong> evitam o sabor amargo. Evite colher folhas muito velhas ou expostas a sol excessivo.<\/p>\n\n\n\n<h3 class=\"wp-block-heading\">5. Qual \u00e9 o melhor tipo de couve para plantar?<\/h3>\n\n\n\n<p>As variedades mais comuns s\u00e3o a <strong>couve-manteiga, couve-galega e couve-roxa<\/strong>. Escolha de acordo com seu gosto e condi\u00e7\u00f5es de cultivo.<\/p>\n","protected":false},"excerpt":{"rendered":"<p>A couve \u00e9 uma hortali\u00e7a rica em nutrientes, f\u00e1cil de cultivar e altamente produtiva. Seja para consumo pr\u00f3prio ou para cultivo comercial, aprender a plantar corretamente garante folhas mais saborosas e uma colheita abundante. Veja a seguir todas as etapas necess\u00e1rias para um cultivo de sucesso. Qual \u00e9 o melhor clima e solo para o [&hellip;]<\/p>\n","protected":false},"author":9,"featured_media":17518,"comment_status":"open","ping_status":"open","sticky":false,"template":"","format":"standard","meta":{"_yoast_wpseo_focuskw":"couve","_yoast_wpseo_title":"%%title%% %%page%%","_yoast_wpseo_metadesc":"Saiba como plantar couve com sucesso, garantindo folhas saud\u00e1veis e nutritivas com os melhores cuidados e aduba\u00e7\u00e3o correta.","jnews-multi-image_gallery":[],"jnews_single_post":{"format":"standard"},"jnews_primary_category":[],"jnews_social_meta":[],"jnews_override_counter":[],"footnotes":""},"categories":[136],"post_tag":[2656,2654,943,2655],"class_list":["post-17507","post","type-post","status-publish","format-standard","has-post-thumbnail","hentry","category-jardinagem","tag-como-cultivar-couve","tag-cultivo-de-couve","tag-horta","tag-plantar-couve"],"yoast_head":"<!-- This site is optimized with the Yoast SEO plugin v24.6 - https:\/\/yoast.com\/wordpress\/plugins\/seo\/ -->\n<title>O segredo para ter couve sempre verdinha e saborosa em casa<\/title>\n<meta name=\"description\" content=\"Saiba como plantar couve com sucesso, garantindo folhas saud\u00e1veis e nutritivas com os melhores cuidados e aduba\u00e7\u00e3o correta.\" \/>\n<meta name=\"robots\" content=\"index, follow, max-snippet:-1, max-image-preview:large, max-video-preview:-1\" \/>\n<link rel=\"canonical\" href=\"https:\/\/www.correiobraziliense.com.br\/cbradar\/o-segredo-para-ter-couve-sempre-verdinha-e-saborosa\/\" \/>\n<meta property=\"og:locale\" content=\"pt_BR\" \/>\n<meta property=\"og:type\" content=\"article\" \/>\n<meta property=\"og:title\" content=\"O segredo para ter couve sempre verdinha e saborosa em casa\" \/>\n<meta property=\"og:description\" content=\"Saiba como plantar couve com sucesso, garantindo folhas saud\u00e1veis e nutritivas com os melhores cuidados e aduba\u00e7\u00e3o correta.\" \/>\n<meta property=\"og:url\" content=\"https:\/\/www.correiobraziliense.com.br\/cbradar\/o-segredo-para-ter-couve-sempre-verdinha-e-saborosa\/\" \/>\n<meta property=\"og:site_name\" content=\"Correio Braziliense - Radar\" \/>\n<meta property=\"article:published_time\" content=\"2025-04-01T11:10:49+00:00\" \/>\n<meta property=\"og:image\" content=\"https:\/\/www.correiobraziliense.com.br\/cbradar\/wp-content\/uploads\/2025\/03\/couve-planta_1743445190183.jpg\" \/>\n\t<meta property=\"og:image:width\" content=\"1280\" \/>\n\t<meta property=\"og:image:height\" content=\"720\" \/>\n\t<meta property=\"og:image:type\" content=\"image\/jpeg\" \/>\n<meta name=\"author\" content=\"Daniely Cardoso\" \/>\n<meta name=\"twitter:card\" content=\"summary_large_image\" \/>\n<meta name=\"twitter:label1\" content=\"Escrito por\" \/>\n\t<meta name=\"twitter:data1\" content=\"Daniely Cardoso\" \/>\n\t<meta name=\"twitter:label2\" content=\"Est. tempo de leitura\" \/>\n\t<meta name=\"twitter:data2\" content=\"5 minutos\" \/>\n<!-- \/ Yoast SEO plugin. -->","yoast_head_json":{"title":"O segredo para ter couve sempre verdinha e saborosa em casa","description":"Saiba como plantar couve com sucesso, garantindo folhas saud\u00e1veis e nutritivas com os melhores cuidados e aduba\u00e7\u00e3o correta.","robots":{"index":"index","follow":"follow","max-snippet":"max-snippet:-1","max-image-preview":"max-image-preview:large","max-video-preview":"max-video-preview:-1"},"canonical":"https:\/\/www.correiobraziliense.com.br\/cbradar\/o-segredo-para-ter-couve-sempre-verdinha-e-saborosa\/","og_locale":"pt_BR","og_type":"article","og_title":"O segredo para ter couve sempre verdinha e saborosa em casa","og_description":"Saiba como plantar couve com sucesso, garantindo folhas saud\u00e1veis e nutritivas com os melhores cuidados e aduba\u00e7\u00e3o correta.","og_url":"https:\/\/www.correiobraziliense.com.br\/cbradar\/o-segredo-para-ter-couve-sempre-verdinha-e-saborosa\/","og_site_name":"Correio Braziliense - Radar","article_published_time":"2025-04-01T11:10:49+00:00","og_image":[{"width":1280,"height":720,"url":"https:\/\/www.correiobraziliense.com.br\/cbradar\/wp-content\/uploads\/2025\/03\/couve-planta_1743445190183.jpg","type":"image\/jpeg"}],"author":"Daniely Cardoso","twitter_card":"summary_large_image","twitter_misc":{"Escrito por":"Daniely Cardoso","Est. tempo de leitura":"5 minutos"},"schema":{"@context":"https:\/\/schema.org","@graph":[{"@type":"WebPage","@id":"https:\/\/www.correiobraziliense.com.br\/cbradar\/o-segredo-para-ter-couve-sempre-verdinha-e-saborosa\/","url":"https:\/\/www.correiobraziliense.com.br\/cbradar\/o-segredo-para-ter-couve-sempre-verdinha-e-saborosa\/","name":"O segredo para ter couve sempre verdinha e saborosa em casa","isPartOf":{"@id":"https:\/\/www.correiobraziliense.com.br\/cbradar\/#website"},"primaryImageOfPage":{"@id":"https:\/\/www.correiobraziliense.com.br\/cbradar\/o-segredo-para-ter-couve-sempre-verdinha-e-saborosa\/#primaryimage"},"image":{"@id":"https:\/\/www.correiobraziliense.com.br\/cbradar\/o-segredo-para-ter-couve-sempre-verdinha-e-saborosa\/#primaryimage"},"thumbnailUrl":"https:\/\/www.correiobraziliense.com.br\/cbradar\/wp-content\/uploads\/2025\/03\/couve-planta_1743445190183.jpg","datePublished":"2025-04-01T11:10:49+00:00","author":{"@id":"https:\/\/www.correiobraziliense.com.br\/cbradar\/#\/schema\/person\/7356666e12ec0ee53f348ee5db227032"},"description":"Saiba como plantar couve com sucesso, garantindo folhas saud\u00e1veis e nutritivas com os melhores cuidados e aduba\u00e7\u00e3o correta.","breadcrumb":{"@id":"https:\/\/www.correiobraziliense.com.br\/cbradar\/o-segredo-para-ter-couve-sempre-verdinha-e-saborosa\/#breadcrumb"},"inLanguage":"pt-BR","potentialAction":[{"@type":"ReadAction","target":["https:\/\/www.correiobraziliense.com.br\/cbradar\/o-segredo-para-ter-couve-sempre-verdinha-e-saborosa\/"]}]},{"@type":"ImageObject","inLanguage":"pt-BR","@id":"https:\/\/www.correiobraziliense.com.br\/cbradar\/o-segredo-para-ter-couve-sempre-verdinha-e-saborosa\/#primaryimage","url":"https:\/\/www.correiobraziliense.com.br\/cbradar\/wp-content\/uploads\/2025\/03\/couve-planta_1743445190183.jpg","contentUrl":"https:\/\/www.correiobraziliense.com.br\/cbradar\/wp-content\/uploads\/2025\/03\/couve-planta_1743445190183.jpg","width":1280,"height":720,"caption":"Uma das hortali\u00e7as mais utilizadas na alimenta\u00e7\u00e3o brasileira - Cr\u00e9ditos: depositphotos.com \/ mvg68"},{"@type":"BreadcrumbList","@id":"https:\/\/www.correiobraziliense.com.br\/cbradar\/o-segredo-para-ter-couve-sempre-verdinha-e-saborosa\/#breadcrumb","itemListElement":[{"@type":"ListItem","position":1,"name":"In\u00edcio","item":"https:\/\/www.correiobraziliense.com.br\/cbradar\/"},{"@type":"ListItem","position":2,"name":"O segredo para ter couve sempre verdinha e saborosa em casa"}]},{"@type":"WebSite","@id":"https:\/\/www.correiobraziliense.com.br\/cbradar\/#website","url":"https:\/\/www.correiobraziliense.com.br\/cbradar\/","name":"Correio Braziliense - Radar","description":"Acompanhe as \u00faltimas not\u00edcias e fique bem informado sobre tudo o que acontece no Brasil e no mundo.","potentialAction":[{"@type":"SearchAction","target":{"@type":"EntryPoint","urlTemplate":"https:\/\/www.correiobraziliense.com.br\/cbradar\/?s={search_term_string}"},"query-input":{"@type":"PropertyValueSpecification","valueRequired":true,"valueName":"search_term_string"}}],"inLanguage":"pt-BR"},{"@type":"Person","@id":"https:\/\/www.correiobraziliense.com.br\/cbradar\/#\/schema\/person\/7356666e12ec0ee53f348ee5db227032","name":"Daniely Cardoso","image":{"@type":"ImageObject","inLanguage":"pt-BR","@id":"https:\/\/www.correiobraziliense.com.br\/cbradar\/#\/schema\/person\/image\/","url":"https:\/\/secure.gravatar.com\/avatar\/4b80ddbd124d1f071b626d52d62e5dff?s=96&d=mm&r=g","contentUrl":"https:\/\/secure.gravatar.com\/avatar\/4b80ddbd124d1f071b626d52d62e5dff?s=96&d=mm&r=g","caption":"Daniely Cardoso"},"description":"Redatora nos portais CB Radar e EM Foco, formada pela Universidade Federal de Goi\u00e1s, em Goi\u00e2nia. Apaixonada por comunica\u00e7\u00e3o, arte, decora\u00e7\u00e3o e tend\u00eancias, atuo na produ\u00e7\u00e3o de conte\u00fados envolventes sobre curiosidades, moda, beleza e paisagismo, sempre com um olhar atento \u00e0s novidades do momento.","sameAs":["https:\/\/www.correiobraziliense.com.br\/cbradar"],"url":"https:\/\/www.correiobraziliense.com.br\/cbradar\/author\/danielymyth\/"}]}},"_links":{"self":[{"href":"https:\/\/www.correiobraziliense.com.br\/cbradar\/wp-json\/wp\/v2\/posts\/17507","targetHints":{"allow":["GET"]}}],"collection":[{"href":"https:\/\/www.correiobraziliense.com.br\/cbradar\/wp-json\/wp\/v2\/posts"}],"about":[{"href":"https:\/\/www.correiobraziliense.com.br\/cbradar\/wp-json\/wp\/v2\/types\/post"}],"author":[{"embeddable":true,"href":"https:\/\/www.correiobraziliense.com.br\/cbradar\/wp-json\/wp\/v2\/users\/9"}],"replies":[{"embeddable":true,"href":"https:\/\/www.correiobraziliense.com.br\/cbradar\/wp-json\/wp\/v2\/comments?post=17507"}],"version-history":[{"count":3,"href":"https:\/\/www.correiobraziliense.com.br\/cbradar\/wp-json\/wp\/v2\/posts\/17507\/revisions"}],"predecessor-version":[{"id":17520,"href":"https:\/\/www.correiobraziliense.com.br\/cbradar\/wp-json\/wp\/v2\/posts\/17507\/revisions\/17520"}],"wp:featuredmedia":[{"embeddable":true,"href":"https:\/\/www.correiobraziliense.com.br\/cbradar\/wp-json\/wp\/v2\/media\/17518"}],"wp:attachment":[{"href":"https:\/\/www.correiobraziliense.com.br\/cbradar\/wp-json\/wp\/v2\/media?parent=17507"}],"wp:term":[{"taxonomy":"category","embeddable":true,"href":"https:\/\/www.correiobraziliense.com.br\/cbradar\/wp-json\/wp\/v2\/categories?post=17507"},{"taxonomy":"post_tag","embeddable":true,"href":"https:\/\/www.correiobraziliense.com.br\/cbradar\/wp-json\/wp\/v2\/post_tag?post=17507"}],"curies":[{"name":"wp","href":"https:\/\/api.w.org\/{rel}","templated":true}]}}