{"id":175242,"date":"2026-01-16T08:55:29","date_gmt":"2026-01-16T11:55:29","guid":{"rendered":"https:\/\/www.correiobraziliense.com.br\/cbradar\/?p=175242"},"modified":"2026-01-15T14:36:42","modified_gmt":"2026-01-15T17:36:42","slug":"o-fruto-tradicional-do-nordeste-que-hidrata-nutre-e-ainda-fortalece-a-rotina","status":"publish","type":"post","link":"https:\/\/www.correiobraziliense.com.br\/cbradar\/o-fruto-tradicional-do-nordeste-que-hidrata-nutre-e-ainda-fortalece-a-rotina\/","title":{"rendered":"O fruto tradicional do Nordeste que hidrata, nutre e ainda fortalece a rotina"},"content":{"rendered":"\n<p>Em um fim de tarde quente no sert\u00e3o, muita gente ainda lembra da inf\u00e2ncia pegando umbu no p\u00e9 para fazer suco gelado e matar a sede depois de brincar no terreiro. Esse fruto, t\u00e3o simples e presente na rotina do semi\u00e1rido, hoje chama aten\u00e7\u00e3o n\u00e3o s\u00f3 pela mem\u00f3ria afetiva, mas tamb\u00e9m pelo seu potencial como op\u00e7\u00e3o natural para <strong>hidrata\u00e7\u00e3o<\/strong> e reposi\u00e7\u00e3o de <b>eletr\u00f3litos<\/b>. Rico em \u00e1gua, minerais e compostos bioativos, o umbu costuma ser consumido in natura, em sucos, polpas congeladas e preparos artesanais, integrando h\u00e1 gera\u00e7\u00f5es a alimenta\u00e7\u00e3o de diversas fam\u00edlias do Nordeste, principalmente nos per\u00edodos mais quentes do ano.<\/p>\n\n\n\n<h2 class=\"wp-block-heading\">Por que o umbu \u00e9 uma boa op\u00e7\u00e3o para hidrata\u00e7\u00e3o<\/h2>\n\n\n\n<p>O principal diferencial do <strong>umbu para hidrata\u00e7\u00e3o<\/strong> est\u00e1 na elevada quantidade de <b>\u00e1gua<\/b> presente em sua polpa, somada \u00e0 presen\u00e7a de eletr\u00f3litos como pot\u00e1ssio e s\u00f3dio em menores propor\u00e7\u00f5es. Essa composi\u00e7\u00e3o ajuda a repor parte dos l\u00edquidos e sais minerais perdidos pelo suor, especialmente em dias muito quentes ou ap\u00f3s atividades do dia a dia que exigem mais do corpo.<\/p>\n\n\n\n<p>Al\u00e9m disso, o sabor levemente \u00e1cido e adocicado favorece o consumo em forma de suco, tornando a ingest\u00e3o de l\u00edquidos mais agrad\u00e1vel. O teor de carboidratos simples proporciona energia r\u00e1pida, e o umbu ainda oferece pequenas quantidades de vitaminas, como a <strong>vitamina C<\/strong>, que participa de processos antioxidantes e de defesa do organismo, compondo um perfil interessante para quem busca algo natural e regional.<\/p>\n\n\n<div class=\"wp-block-image\">\n<figure class=\"aligncenter size-large\"><img decoding=\"async\" width=\"1024\" height=\"576\" src=\"https:\/\/www.correiobraziliense.com.br\/cbradar\/wp-content\/uploads\/2026\/01\/umbu_1768474268109-1024x576.jpg\" alt=\"\" class=\"wp-image-175460\" srcset=\"https:\/\/www.correiobraziliense.com.br\/cbradar\/wp-content\/uploads\/2026\/01\/umbu_1768474268109-1024x576.jpg 1024w, https:\/\/www.correiobraziliense.com.br\/cbradar\/wp-content\/uploads\/2026\/01\/umbu_1768474268109-300x169.jpg 300w, https:\/\/www.correiobraziliense.com.br\/cbradar\/wp-content\/uploads\/2026\/01\/umbu_1768474268109-768x432.jpg 768w, https:\/\/www.correiobraziliense.com.br\/cbradar\/wp-content\/uploads\/2026\/01\/umbu_1768474268109-750x422.jpg 750w, https:\/\/www.correiobraziliense.com.br\/cbradar\/wp-content\/uploads\/2026\/01\/umbu_1768474268109-1140x641.jpg 1140w, https:\/\/www.correiobraziliense.com.br\/cbradar\/wp-content\/uploads\/2026\/01\/umbu_1768474268109.jpg 1280w\" sizes=\"(max-width: 1024px) 100vw, 1024px\" \/><figcaption class=\"wp-element-caption\">O principal diferencial do umbu para hidrata\u00e7\u00e3o est\u00e1 na elevada quantidade de \u00e1gua presente em sua polpa &#8211; Cr\u00e9ditos: depositphotos.com \/ V_Nikitenko<\/figcaption><\/figure><\/div>\n\n\n<p>Leia tamb\u00e9m:&nbsp;<a href=\"https:\/\/www.correiobraziliense.com.br\/cbradar\/a-planta-que-muita-gente-usa-para-aliviar-irritacoes-na-pele-sem-complicacao\/\" target=\"_blank\" rel=\"noopener\">A planta que muita gente usa para aliviar irrita\u00e7\u00f5es na pele sem complica\u00e7\u00e3o<\/a><\/p>\n\n\n\n<h2 class=\"wp-block-heading\">Como o umbu ajuda na reposi\u00e7\u00e3o de eletr\u00f3litos de forma natural<\/h2>\n\n\n\n<p>Os <strong>eletr\u00f3litos naturais do umbu<\/strong> atuam diretamente no equil\u00edbrio dos fluidos corporais de maneira simples e acess\u00edvel. O pot\u00e1ssio, presente em quantidade significativa, participa da regula\u00e7\u00e3o da contra\u00e7\u00e3o muscular, da fun\u00e7\u00e3o card\u00edaca e do controle da <b>press\u00e3o<\/b> arterial, sendo \u00fatil principalmente em locais de clima quente, onde a perda de l\u00edquidos pelo suor \u00e9 maior.<\/p>\n\n\n\n<p>Embora o teor de s\u00f3dio do umbu seja mais baixo que o de bebidas esportivas industrializadas, a fruta contribui com uma pequena fra\u00e7\u00e3o desse mineral, importante para o equil\u00edbrio h\u00eddrico e o funcionamento adequado dos nervos e m\u00fasculos. Em conjunto, \u00e1gua, pot\u00e1ssio, s\u00f3dio e carboidratos transformam o suco de umbu em uma op\u00e7\u00e3o simples, mas funcional, especialmente quando consumido fresco e com pouco a\u00e7\u00facar adicionado.<\/p>\n\n\n\n<h2 class=\"wp-block-heading\">Quais s\u00e3o os principais benef\u00edcios do umbu para uma hidrata\u00e7\u00e3o mais natural<\/h2>\n\n\n\n<p>O uso do <strong>umbu como fonte de hidrata\u00e7\u00e3o<\/strong> vai al\u00e9m de matar a sede, pois tamb\u00e9m oferece nutrientes que enriquecem a alimenta\u00e7\u00e3o di\u00e1ria. Para muitas fam\u00edlias do semi\u00e1rido, o fruto representa uma alternativa acess\u00edvel e sazonal \u00e0s bebidas prontas, ajudando a reduzir o consumo de produtos com muito a\u00e7\u00facar, ado\u00e7antes artificiais, corantes e conservantes.<\/p>\n\n\n\n<p>Entre os pontos mais lembrados por nutricionistas, pesquisadores e moradores da regi\u00e3o, destacam-se alguns benef\u00edcios que mostram como o umbu pode ser um grande aliado na rotina:<\/p>\n\n\n\n<ul class=\"wp-block-list\">\n<li>Conte\u00fado elevado de <strong>\u00e1gua<\/strong>, favorecendo a reposi\u00e7\u00e3o de l\u00edquidos ao longo do dia.<\/li>\n\n\n\n<li>Presen\u00e7a de <b>pot\u00e1ssio<\/b>, importante para o funcionamento muscular e card\u00edaco.<\/li>\n\n\n\n<li>Carboidratos simples, que ajudam a fornecer energia r\u00e1pida ao organismo.<\/li>\n\n\n\n<li>Vitamina C e outros antioxidantes em quantidades moderadas, colaborando na prote\u00e7\u00e3o do corpo.<\/li>\n\n\n\n<li>Baixo custo em regi\u00f5es produtoras, estimulando o consumo regional e fortalecendo a economia local.<\/li>\n<\/ul>\n\n\n\n<p>Se voc\u00ea gosta e ouvir opini\u00e3o de especialistas, separamos esse v\u00eddeo da <a href=\"https:\/\/www.youtube.com\/@NutricionistaPatriciaLeite\" target=\"_blank\" rel=\"noreferrer noopener\">Nutricionista Patricia Leite<\/a> mostrando os benef\u00edcios do umb\u00fa:<\/p>\n\n\n\n<figure class=\"wp-block-embed is-type-video is-provider-youtube wp-block-embed-youtube wp-embed-aspect-16-9 wp-has-aspect-ratio\"><div class=\"wp-block-embed__wrapper\">\n<div class=\"jeg_video_container jeg_video_content\"><iframe loading=\"lazy\" title=\"Benef\u00edcios da UMB\u00da que TODOS DEVERIAM CONHECER! Como Usar e Dicas\" width=\"500\" height=\"281\" src=\"https:\/\/www.youtube.com\/embed\/FAlTmSQ2noA?feature=oembed\" frameborder=\"0\" allow=\"accelerometer; autoplay; clipboard-write; encrypted-media; gyroscope; picture-in-picture; web-share\" referrerpolicy=\"strict-origin-when-cross-origin\" allowfullscreen><\/iframe><\/div>\n<\/div><\/figure>\n\n\n\n<h2 class=\"wp-block-heading\">Quais s\u00e3o as melhores formas de consumo do umbu para hidrata\u00e7\u00e3o e eletr\u00f3litos<\/h2>\n\n\n\n<p>Para aproveitar o <strong>umbu para hidrata\u00e7\u00e3o<\/strong> e eletr\u00f3litos naturais no dia a dia, a forma mais comum \u00e9 o suco ou refresco, preparado em casa de forma simples. A polpa pode ser batida com <b>\u00e1gua gelada<\/b>, coada ou n\u00e3o, de acordo com o costume de cada fam\u00edlia, mantendo o sabor marcante do fruto.<\/p>\n\n\n\n<p>Em alguns casos, pequenas quantidades de sal e a\u00e7\u00facar s\u00e3o acrescentadas para ajustar o sabor e intensificar a reposi\u00e7\u00e3o de s\u00f3dio e carboidratos, criando uma bebida caseira semelhante a um \u201csoro saborizado\u201d. Em contextos de pr\u00e1tica esportiva leve a moderada, algumas pessoas utilizam o suco de umbu como op\u00e7\u00e3o complementar de hidrata\u00e7\u00e3o antes ou depois das atividades, sempre lembrando que, em situa\u00e7\u00f5es de esfor\u00e7o intenso ou desidrata\u00e7\u00e3o severa, \u00e9 importante seguir a orienta\u00e7\u00e3o de um <strong>profissional<\/strong> de sa\u00fade.<\/p>\n\n\n\n<h2 class=\"wp-block-heading\">Quais s\u00e3o os principais nutrientes do umbu in natura por 100 g<\/h2>\n\n\n\n<p>Os valores abaixo s\u00e3o estimativas m\u00e9dias, podendo variar conforme a regi\u00e3o, o solo, o grau de matura\u00e7\u00e3o e o manejo agr\u00edcola do fruto. Mesmo com essas varia\u00e7\u00f5es, o umbu se mant\u00e9m como uma fruta leve, com boa quantidade de <strong>\u00e1gua<\/strong> e minerais importantes.<\/p>\n\n\n\n<div style=\"font-family: 'Segoe UI', Tahoma, Geneva, Verdana, sans-serif; max-width: 800px; margin: 20px auto; border: 2px solid #722f37; border-radius: 30px; overflow: hidden; background-color: #ffffff; box-shadow: 0 4px 15px rgba(114, 47, 55, 0.1);\">\n    <table style=\"width: 100%; border-collapse: collapse; text-align: left; font-size: 14px;\">\n        <thead>\n            <tr style=\"background-color: #722f37;\">\n                <th style=\"padding: 15px; color: #ffffff; border-bottom: 2px solid #f9d8e6; width: 50%;\">Componente<\/th>\n                <th style=\"padding: 15px; color: #ffffff; border-bottom: 2px solid #f9d8e6; width: 50%;\">Quantidade aproximada por 100 g<\/th>\n            <\/tr>\n        <\/thead>\n        <tbody>\n            <tr>\n                <td style=\"padding: 12px 15px; border-bottom: 1px solid #ffe3ee; color: #4a4a4a; font-weight: bold;\">Energia<\/td>\n                <td style=\"padding: 12px 15px; border-bottom: 1px solid #ffe3ee; color: #4a4a4a;\">40\u201355 kcal<\/td>\n            <\/tr>\n            <tr style=\"background-color: #fffafa;\">\n                <td style=\"padding: 12px 15px; border-bottom: 1px solid #ffe3ee; color: #4a4a4a; font-weight: bold;\">\u00c1gua<\/td>\n                <td style=\"padding: 12px 15px; border-bottom: 1px solid #ffe3ee; color: #4a4a4a;\">cerca de 80\u201385 g<\/td>\n            <\/tr>\n            <tr>\n                <td style=\"padding: 12px 15px; border-bottom: 1px solid #ffe3ee; color: #4a4a4a; font-weight: bold;\">Carboidratos totais<\/td>\n                <td style=\"padding: 12px 15px; border-bottom: 1px solid #ffe3ee; color: #4a4a4a;\">10\u201313 g<\/td>\n            <\/tr>\n            <tr style=\"background-color: #fffafa;\">\n                <td style=\"padding: 12px 15px; border-bottom: 1px solid #ffe3ee; color: #4a4a4a; font-weight: bold;\">Prote\u00ednas<\/td>\n                <td style=\"padding: 12px 15px; border-bottom: 1px solid #ffe3ee; color: #4a4a4a;\">0,5\u20131,0 g<\/td>\n            <\/tr>\n            <tr>\n                <td style=\"padding: 12px 15px; border-bottom: 1px solid #ffe3ee; color: #4a4a4a; font-weight: bold;\">Gorduras totais<\/td>\n                <td style=\"padding: 12px 15px; border-bottom: 1px solid #ffe3ee; color: #4a4a4a;\">&lt; 0,5 g<\/td>\n            <\/tr>\n            <tr style=\"background-color: #fffafa;\">\n                <td style=\"padding: 12px 15px; border-bottom: 1px solid #ffe3ee; color: #4a4a4a; font-weight: bold;\">Fibras<\/td>\n                <td style=\"padding: 12px 15px; border-bottom: 1px solid #ffe3ee; color: #4a4a4a;\">1,0\u20132,0 g<\/td>\n            <\/tr>\n            <tr>\n                <td style=\"padding: 12px 15px; border-bottom: 1px solid #ffe3ee; color: #4a4a4a; font-weight: bold;\">Vitamina C<\/td>\n                <td style=\"padding: 12px 15px; border-bottom: 1px solid #ffe3ee; color: #4a4a4a;\">8\u201320 mg<\/td>\n            <\/tr>\n            <tr style=\"background-color: #fffafa;\">\n                <td style=\"padding: 12px 15px; border-bottom: 1px solid #ffe3ee; color: #4a4a4a; font-weight: bold;\">Pot\u00e1ssio<\/td>\n                <td style=\"padding: 12px 15px; border-bottom: 1px solid #ffe3ee; color: #4a4a4a;\">150\u2013250 mg<\/td>\n            <\/tr>\n            <tr>\n                <td style=\"padding: 12px 15px; color: #4a4a4a; font-weight: bold;\">S\u00f3dio<\/td>\n                <td style=\"padding: 12px 15px; color: #4a4a4a;\">1\u20135 mg<\/td>\n            <\/tr>\n        <\/tbody>\n    <\/table>\n<\/div>\n\n\n\n<p>Com esse perfil nutricional, o <b>umbu<\/b> se consolida, em 2026, como um fruto de interesse crescente em estrat\u00e9gias de hidrata\u00e7\u00e3o mais naturais, especialmente em regi\u00f5es quentes. A combina\u00e7\u00e3o de tradi\u00e7\u00e3o, disponibilidade regional e composi\u00e7\u00e3o rica em \u00e1gua e minerais torna o fruto uma alternativa relevante para quem busca valorizar recursos locais e alimentos com menor grau de processamento.<\/p>\n\n\n\n<h2 class=\"wp-block-heading\">Como incluir o umbu na sua rotina hoje mesmo<\/h2>\n\n\n\n<p>Ao olhar para o <strong>umbu<\/strong> al\u00e9m da lembran\u00e7a afetiva, fica claro como ele pode ser um aliado simples e poderoso na hidrata\u00e7\u00e3o di\u00e1ria, seja para enfrentar o calor, seja para acompanhar pequenas atividades f\u00edsicas. Incluir o suco ou a polpa de umbu no card\u00e1pio \u00e9 uma forma de cuidar do corpo, apoiar produtores locais e manter viva uma parte importante da cultura do semi\u00e1rido brasileiro.<\/p>\n\n\n\n<p>Se voc\u00ea vive em regi\u00e3o produtora ou tem acesso \u00e0 <b>polpa congelada<\/b>, experimente preparar um suco de umbu gelado nos pr\u00f3ximos dias e observar como seu corpo responde. Sempre que poss\u00edvel, converse com um nutricionista para ajustar o consumo \u00e0s suas necessidades e compartilhe essa op\u00e7\u00e3o natural com a fam\u00edlia, escolas ou grupos de treino, ajudando a espalhar o h\u00e1bito de uma hidrata\u00e7\u00e3o mais regional e consciente.<\/p>\n","protected":false},"excerpt":{"rendered":"<p>Em um fim de tarde quente no sert\u00e3o, muita gente ainda lembra da inf\u00e2ncia pegando umbu no p\u00e9 para fazer suco gelado e matar a sede depois de brincar no terreiro. Esse fruto, t\u00e3o simples e presente na rotina do semi\u00e1rido, hoje chama aten\u00e7\u00e3o n\u00e3o s\u00f3 pela mem\u00f3ria afetiva, mas tamb\u00e9m pelo seu potencial como [&hellip;]<\/p>\n","protected":false},"author":9,"featured_media":175546,"comment_status":"open","ping_status":"open","sticky":false,"template":"","format":"standard","meta":{"_yoast_wpseo_focuskw":"benef\u00edcios do umb\u00fa","_yoast_wpseo_title":"","_yoast_wpseo_metadesc":"Fruto rico em \u00e1gua, pot\u00e1ssio e s\u00f3dio ajuda na hidrata\u00e7\u00e3o, reposi\u00e7\u00e3o de eletr\u00f3litos e fornece energia r\u00e1pida de forma natural.","jnews-multi-image_gallery":[],"jnews_single_post":{"format":"standard"},"jnews_primary_category":[],"jnews_social_meta":[],"jnews_override_counter":[],"footnotes":""},"categories":[119,4404],"post_tag":[14019,565,14018],"class_list":["post-175242","post","type-post","status-publish","format-standard","has-post-thumbnail","hentry","category-bem-estar","category-saude","tag-isotonico-brasileiro","tag-saude","tag-umbu"],"yoast_head":"<!-- This site is optimized with the Yoast SEO plugin v24.6 - https:\/\/yoast.com\/wordpress\/plugins\/seo\/ -->\n<title>O fruto tradicional do Nordeste que hidrata, nutre e ainda fortalece a rotina - Correio Braziliense - Radar<\/title>\n<meta name=\"description\" content=\"Fruto rico em \u00e1gua, pot\u00e1ssio e s\u00f3dio ajuda na hidrata\u00e7\u00e3o, reposi\u00e7\u00e3o de eletr\u00f3litos e fornece energia r\u00e1pida de forma natural.\" \/>\n<meta name=\"robots\" content=\"index, follow, max-snippet:-1, max-image-preview:large, max-video-preview:-1\" \/>\n<link rel=\"canonical\" href=\"https:\/\/www.correiobraziliense.com.br\/cbradar\/o-fruto-tradicional-do-nordeste-que-hidrata-nutre-e-ainda-fortalece-a-rotina\/\" \/>\n<meta property=\"og:locale\" content=\"pt_BR\" \/>\n<meta property=\"og:type\" content=\"article\" \/>\n<meta property=\"og:title\" content=\"O fruto tradicional do Nordeste que hidrata, nutre e ainda fortalece a rotina - Correio Braziliense - Radar\" \/>\n<meta property=\"og:description\" content=\"Fruto rico em \u00e1gua, pot\u00e1ssio e s\u00f3dio ajuda na hidrata\u00e7\u00e3o, reposi\u00e7\u00e3o de eletr\u00f3litos e fornece energia r\u00e1pida de forma natural.\" \/>\n<meta property=\"og:url\" content=\"https:\/\/www.correiobraziliense.com.br\/cbradar\/o-fruto-tradicional-do-nordeste-que-hidrata-nutre-e-ainda-fortalece-a-rotina\/\" \/>\n<meta property=\"og:site_name\" content=\"Correio Braziliense - Radar\" \/>\n<meta property=\"article:published_time\" content=\"2026-01-16T11:55:29+00:00\" \/>\n<meta property=\"og:image\" content=\"https:\/\/www.correiobraziliense.com.br\/cbradar\/wp-content\/uploads\/2026\/01\/freepik__imagem-realista-da-fruta-umbu__58765.png\" \/>\n\t<meta property=\"og:image:width\" content=\"1280\" \/>\n\t<meta property=\"og:image:height\" content=\"720\" \/>\n\t<meta property=\"og:image:type\" content=\"image\/png\" \/>\n<meta name=\"author\" content=\"Daniely Cardoso\" \/>\n<meta name=\"twitter:card\" content=\"summary_large_image\" \/>\n<meta name=\"twitter:label1\" content=\"Escrito por\" \/>\n\t<meta name=\"twitter:data1\" content=\"Daniely Cardoso\" \/>\n\t<meta name=\"twitter:label2\" content=\"Est. tempo de leitura\" \/>\n\t<meta name=\"twitter:data2\" content=\"6 minutos\" \/>\n<!-- \/ Yoast SEO plugin. -->","yoast_head_json":{"title":"O fruto tradicional do Nordeste que hidrata, nutre e ainda fortalece a rotina - Correio Braziliense - Radar","description":"Fruto rico em \u00e1gua, pot\u00e1ssio e s\u00f3dio ajuda na hidrata\u00e7\u00e3o, reposi\u00e7\u00e3o de eletr\u00f3litos e fornece energia r\u00e1pida de forma natural.","robots":{"index":"index","follow":"follow","max-snippet":"max-snippet:-1","max-image-preview":"max-image-preview:large","max-video-preview":"max-video-preview:-1"},"canonical":"https:\/\/www.correiobraziliense.com.br\/cbradar\/o-fruto-tradicional-do-nordeste-que-hidrata-nutre-e-ainda-fortalece-a-rotina\/","og_locale":"pt_BR","og_type":"article","og_title":"O fruto tradicional do Nordeste que hidrata, nutre e ainda fortalece a rotina - Correio Braziliense - Radar","og_description":"Fruto rico em \u00e1gua, pot\u00e1ssio e s\u00f3dio ajuda na hidrata\u00e7\u00e3o, reposi\u00e7\u00e3o de eletr\u00f3litos e fornece energia r\u00e1pida de forma natural.","og_url":"https:\/\/www.correiobraziliense.com.br\/cbradar\/o-fruto-tradicional-do-nordeste-que-hidrata-nutre-e-ainda-fortalece-a-rotina\/","og_site_name":"Correio Braziliense - Radar","article_published_time":"2026-01-16T11:55:29+00:00","og_image":[{"width":1280,"height":720,"url":"https:\/\/www.correiobraziliense.com.br\/cbradar\/wp-content\/uploads\/2026\/01\/freepik__imagem-realista-da-fruta-umbu__58765.png","type":"image\/png"}],"author":"Daniely Cardoso","twitter_card":"summary_large_image","twitter_misc":{"Escrito por":"Daniely Cardoso","Est. tempo de leitura":"6 minutos"},"schema":{"@context":"https:\/\/schema.org","@graph":[{"@type":"WebPage","@id":"https:\/\/www.correiobraziliense.com.br\/cbradar\/o-fruto-tradicional-do-nordeste-que-hidrata-nutre-e-ainda-fortalece-a-rotina\/","url":"https:\/\/www.correiobraziliense.com.br\/cbradar\/o-fruto-tradicional-do-nordeste-que-hidrata-nutre-e-ainda-fortalece-a-rotina\/","name":"O fruto tradicional do Nordeste que hidrata, nutre e ainda fortalece a rotina - Correio Braziliense - Radar","isPartOf":{"@id":"https:\/\/www.correiobraziliense.com.br\/cbradar\/#website"},"primaryImageOfPage":{"@id":"https:\/\/www.correiobraziliense.com.br\/cbradar\/o-fruto-tradicional-do-nordeste-que-hidrata-nutre-e-ainda-fortalece-a-rotina\/#primaryimage"},"image":{"@id":"https:\/\/www.correiobraziliense.com.br\/cbradar\/o-fruto-tradicional-do-nordeste-que-hidrata-nutre-e-ainda-fortalece-a-rotina\/#primaryimage"},"thumbnailUrl":"https:\/\/www.correiobraziliense.com.br\/cbradar\/wp-content\/uploads\/2026\/01\/freepik__imagem-realista-da-fruta-umbu__58765.png","datePublished":"2026-01-16T11:55:29+00:00","author":{"@id":"https:\/\/www.correiobraziliense.com.br\/cbradar\/#\/schema\/person\/7356666e12ec0ee53f348ee5db227032"},"description":"Fruto rico em \u00e1gua, pot\u00e1ssio e s\u00f3dio ajuda na hidrata\u00e7\u00e3o, reposi\u00e7\u00e3o de eletr\u00f3litos e fornece energia r\u00e1pida de forma natural.","breadcrumb":{"@id":"https:\/\/www.correiobraziliense.com.br\/cbradar\/o-fruto-tradicional-do-nordeste-que-hidrata-nutre-e-ainda-fortalece-a-rotina\/#breadcrumb"},"inLanguage":"pt-BR","potentialAction":[{"@type":"ReadAction","target":["https:\/\/www.correiobraziliense.com.br\/cbradar\/o-fruto-tradicional-do-nordeste-que-hidrata-nutre-e-ainda-fortalece-a-rotina\/"]}]},{"@type":"ImageObject","inLanguage":"pt-BR","@id":"https:\/\/www.correiobraziliense.com.br\/cbradar\/o-fruto-tradicional-do-nordeste-que-hidrata-nutre-e-ainda-fortalece-a-rotina\/#primaryimage","url":"https:\/\/www.correiobraziliense.com.br\/cbradar\/wp-content\/uploads\/2026\/01\/freepik__imagem-realista-da-fruta-umbu__58765.png","contentUrl":"https:\/\/www.correiobraziliense.com.br\/cbradar\/wp-content\/uploads\/2026\/01\/freepik__imagem-realista-da-fruta-umbu__58765.png","width":1280,"height":720,"caption":"Fruto t\u00edpico do semi\u00e1rido brasileiro com alto teor de \u00e1gua"},{"@type":"BreadcrumbList","@id":"https:\/\/www.correiobraziliense.com.br\/cbradar\/o-fruto-tradicional-do-nordeste-que-hidrata-nutre-e-ainda-fortalece-a-rotina\/#breadcrumb","itemListElement":[{"@type":"ListItem","position":1,"name":"In\u00edcio","item":"https:\/\/www.correiobraziliense.com.br\/cbradar\/"},{"@type":"ListItem","position":2,"name":"O fruto tradicional do Nordeste que hidrata, nutre e ainda fortalece a rotina"}]},{"@type":"WebSite","@id":"https:\/\/www.correiobraziliense.com.br\/cbradar\/#website","url":"https:\/\/www.correiobraziliense.com.br\/cbradar\/","name":"Correio Braziliense - Radar","description":"Acompanhe as \u00faltimas not\u00edcias e fique bem informado sobre tudo o que acontece no Brasil e no mundo.","potentialAction":[{"@type":"SearchAction","target":{"@type":"EntryPoint","urlTemplate":"https:\/\/www.correiobraziliense.com.br\/cbradar\/?s={search_term_string}"},"query-input":{"@type":"PropertyValueSpecification","valueRequired":true,"valueName":"search_term_string"}}],"inLanguage":"pt-BR"},{"@type":"Person","@id":"https:\/\/www.correiobraziliense.com.br\/cbradar\/#\/schema\/person\/7356666e12ec0ee53f348ee5db227032","name":"Daniely Cardoso","image":{"@type":"ImageObject","inLanguage":"pt-BR","@id":"https:\/\/www.correiobraziliense.com.br\/cbradar\/#\/schema\/person\/image\/","url":"https:\/\/secure.gravatar.com\/avatar\/4b80ddbd124d1f071b626d52d62e5dff?s=96&d=mm&r=g","contentUrl":"https:\/\/secure.gravatar.com\/avatar\/4b80ddbd124d1f071b626d52d62e5dff?s=96&d=mm&r=g","caption":"Daniely Cardoso"},"description":"Redatora nos portais CB Radar e EM Foco, formada pela Universidade Federal de Goi\u00e1s, em Goi\u00e2nia. Apaixonada por comunica\u00e7\u00e3o, arte, decora\u00e7\u00e3o e tend\u00eancias, atuo na produ\u00e7\u00e3o de conte\u00fados envolventes sobre curiosidades, moda, beleza e paisagismo, sempre com um olhar atento \u00e0s novidades do momento.","sameAs":["https:\/\/www.correiobraziliense.com.br\/cbradar"],"url":"https:\/\/www.correiobraziliense.com.br\/cbradar\/author\/danielymyth\/"}]}},"_links":{"self":[{"href":"https:\/\/www.correiobraziliense.com.br\/cbradar\/wp-json\/wp\/v2\/posts\/175242","targetHints":{"allow":["GET"]}}],"collection":[{"href":"https:\/\/www.correiobraziliense.com.br\/cbradar\/wp-json\/wp\/v2\/posts"}],"about":[{"href":"https:\/\/www.correiobraziliense.com.br\/cbradar\/wp-json\/wp\/v2\/types\/post"}],"author":[{"embeddable":true,"href":"https:\/\/www.correiobraziliense.com.br\/cbradar\/wp-json\/wp\/v2\/users\/9"}],"replies":[{"embeddable":true,"href":"https:\/\/www.correiobraziliense.com.br\/cbradar\/wp-json\/wp\/v2\/comments?post=175242"}],"version-history":[{"count":2,"href":"https:\/\/www.correiobraziliense.com.br\/cbradar\/wp-json\/wp\/v2\/posts\/175242\/revisions"}],"predecessor-version":[{"id":175481,"href":"https:\/\/www.correiobraziliense.com.br\/cbradar\/wp-json\/wp\/v2\/posts\/175242\/revisions\/175481"}],"wp:featuredmedia":[{"embeddable":true,"href":"https:\/\/www.correiobraziliense.com.br\/cbradar\/wp-json\/wp\/v2\/media\/175546"}],"wp:attachment":[{"href":"https:\/\/www.correiobraziliense.com.br\/cbradar\/wp-json\/wp\/v2\/media?parent=175242"}],"wp:term":[{"taxonomy":"category","embeddable":true,"href":"https:\/\/www.correiobraziliense.com.br\/cbradar\/wp-json\/wp\/v2\/categories?post=175242"},{"taxonomy":"post_tag","embeddable":true,"href":"https:\/\/www.correiobraziliense.com.br\/cbradar\/wp-json\/wp\/v2\/post_tag?post=175242"}],"curies":[{"name":"wp","href":"https:\/\/api.w.org\/{rel}","templated":true}]}}