{"id":175251,"date":"2026-01-16T16:35:31","date_gmt":"2026-01-16T19:35:31","guid":{"rendered":"https:\/\/www.correiobraziliense.com.br\/cbradar\/?p=175251"},"modified":"2026-01-15T14:41:20","modified_gmt":"2026-01-15T17:41:20","slug":"comece-o-dia-com-um-alimento-simples-que-deixa-seu-intestino-funcionando-melhor-e-voce-mais-leve","status":"publish","type":"post","link":"https:\/\/www.correiobraziliense.com.br\/cbradar\/comece-o-dia-com-um-alimento-simples-que-deixa-seu-intestino-funcionando-melhor-e-voce-mais-leve\/","title":{"rendered":"Comece o dia com um alimento simples que deixa seu intestino funcionando melhor e voc\u00ea mais leve"},"content":{"rendered":"\n<p>J\u00e1 sentiu aquela sensa\u00e7\u00e3o de bem-estar quando o intestino est\u00e1 funcionando direitinho ao longo da semana? Muita gente tem descoberto na <strong>aveia<\/strong> uma forma simples e acess\u00edvel de chegar a esse equil\u00edbrio, sem precisar de grandes mudan\u00e7as na rotina. Presente no caf\u00e9 da manh\u00e3, lanches e at\u00e9 em pratos salgados, esse cereal vem ganhando ainda mais espa\u00e7o em 2026, principalmente pela boa quantidade de fibras, que ajudam a manter o intestino regulado e a alimenta\u00e7\u00e3o mais organizada no dia a dia.<\/p>\n\n\n\n<h2 class=\"wp-block-heading\">Como a aveia ajuda a deixar o intestino regulado de forma simples<\/h2>\n\n\n\n<p>A rela\u00e7\u00e3o entre <strong>aveia<\/strong> e intestino regulado est\u00e1 ligada \u00e0 presen\u00e7a de fibras sol\u00faveis e insol\u00faveis, que atuam em conjunto no tr\u00e2nsito intestinal. As fibras insol\u00faveis aumentam o volume das fezes e estimulam os movimentos naturais do intestino, favorecendo evacua\u00e7\u00f5es mais frequentes e com menos esfor\u00e7o.<\/p>\n\n\n\n<p>J\u00e1 as fibras sol\u00faveis formam um tipo de \u201cgel\u201d em contato com a \u00e1gua, ajudando na textura adequada das fezes e em uma passagem mais suave pelo trato digestivo. Entre elas, a <strong>beta-glucana<\/strong> se destaca por reter \u00e1gua no intestino e aliviar o desconforto de quem sofre com intestino preso, principalmente quando combinada com boa hidrata\u00e7\u00e3o ao longo do dia.<\/p>\n\n\n<div class=\"wp-block-image\">\n<figure class=\"aligncenter size-large\"><img decoding=\"async\" width=\"1024\" height=\"576\" src=\"https:\/\/www.correiobraziliense.com.br\/cbradar\/wp-content\/uploads\/2025\/11\/Gemini_Generated_Image_b70l19b70l19b70l-1-1024x576.png\" alt=\"\" class=\"wp-image-145047\" srcset=\"https:\/\/www.correiobraziliense.com.br\/cbradar\/wp-content\/uploads\/2025\/11\/Gemini_Generated_Image_b70l19b70l19b70l-1-1024x576.png 1024w, https:\/\/www.correiobraziliense.com.br\/cbradar\/wp-content\/uploads\/2025\/11\/Gemini_Generated_Image_b70l19b70l19b70l-1-300x169.png 300w, https:\/\/www.correiobraziliense.com.br\/cbradar\/wp-content\/uploads\/2025\/11\/Gemini_Generated_Image_b70l19b70l19b70l-1-768x432.png 768w, https:\/\/www.correiobraziliense.com.br\/cbradar\/wp-content\/uploads\/2025\/11\/Gemini_Generated_Image_b70l19b70l19b70l-1-750x422.png 750w, https:\/\/www.correiobraziliense.com.br\/cbradar\/wp-content\/uploads\/2025\/11\/Gemini_Generated_Image_b70l19b70l19b70l-1-1140x641.png 1140w, https:\/\/www.correiobraziliense.com.br\/cbradar\/wp-content\/uploads\/2025\/11\/Gemini_Generated_Image_b70l19b70l19b70l-1.png 1280w\" sizes=\"(max-width: 1024px) 100vw, 1024px\" \/><figcaption class=\"wp-element-caption\">Al\u00e9m da sa\u00fade do cora\u00e7\u00e3o, a aveia fornece energia de maneira prolongada devido aos seus carboidratos complexos<\/figcaption><\/figure><\/div>\n\n\n<p>Leia tamb\u00e9m:&nbsp;<a href=\"https:\/\/www.correiobraziliense.com.br\/cbradar\/a-planta-que-muita-gente-usa-para-aliviar-irritacoes-na-pele-sem-complicacao\/\" target=\"_blank\" rel=\"noopener\">A planta que muita gente usa para aliviar irrita\u00e7\u00f5es na pele sem complica\u00e7\u00e3o<\/a><\/p>\n\n\n\n<h2 class=\"wp-block-heading\">De que outras formas a aveia pode cuidar da sua sa\u00fade<\/h2>\n\n\n\n<p>Al\u00e9m de ajudar o intestino, a aveia est\u00e1 associada a uma sensa\u00e7\u00e3o de saciedade prolongada, o que pode reduzir aquela vontade de beliscar toda hora. Por isso, muitas pessoas substituem produtos ultraprocessados por prepara\u00e7\u00f5es com aveia, deixando o card\u00e1pio mais equilibrado sem abrir m\u00e3o do sabor.<\/p>\n\n\n\n<p>A aveia tamb\u00e9m atua como um tipo de <strong>prebi\u00f3tico<\/strong>, servindo de alimento para bact\u00e9rias ben\u00e9ficas do intestino e ajudando no equil\u00edbrio da microbiota intestinal. Esse equil\u00edbrio tem sido muito estudado por estar ligado n\u00e3o s\u00f3 \u00e0 sa\u00fade digestiva, mas tamb\u00e9m ao metabolismo, \u00e0 imunidade e at\u00e9 ao bem-estar emocional.<\/p>\n\n\n\n<h2 class=\"wp-block-heading\">Quais s\u00e3o os tipos de aveia e como usar cada um no dia a dia<\/h2>\n\n\n\n<p>No mercado, a aveia aparece principalmente em tr\u00eas vers\u00f5es: flocos grossos, flocos finos e farinha, todas capazes de contribuir para um intestino mais regulado. Os flocos grossos costumam ser usados em mingaus, granolas e receitas em que uma textura mais firme \u00e9 bem-vinda, preservando mais a estrutura do gr\u00e3o.<\/p>\n\n\n\n<p>Os flocos finos se misturam melhor em vitaminas, panquecas e combina\u00e7\u00f5es com frutas, deixando tudo mais homog\u00eaneo e cremoso. J\u00e1 a farinha de <strong>aveia<\/strong> entra em bolos, p\u00e3es e biscoitos, substituindo parcialmente outras farinhas; quanto menos processada, maior costuma ser a percep\u00e7\u00e3o de fibra nas refei\u00e7\u00f5es. Se voc\u00ea gosta e ouvir opini\u00e3o de especialistas, separamos esse v\u00eddeo da <a href=\"https:\/\/www.youtube.com\/@NutricionistaPatriciaLeite\" target=\"_blank\" rel=\"noreferrer noopener\">Nutricionista Patricia Leite<\/a> mostrando os benef\u00edcios da aveia:<\/p>\n\n\n\n<figure class=\"wp-block-embed is-type-video is-provider-youtube wp-block-embed-youtube wp-embed-aspect-16-9 wp-has-aspect-ratio\"><div class=\"wp-block-embed__wrapper\">\n<div class=\"jeg_video_container jeg_video_content\"><iframe loading=\"lazy\" title=\"Benef\u00edcios da AVEIA - Para Que Serve? Propriedades para Sa\u00fade e Boa Forma [DICAS DE USO]\" width=\"500\" height=\"281\" src=\"https:\/\/www.youtube.com\/embed\/nahyyvJkxY0?start=1&#038;feature=oembed\" frameborder=\"0\" allow=\"accelerometer; autoplay; clipboard-write; encrypted-media; gyroscope; picture-in-picture; web-share\" referrerpolicy=\"strict-origin-when-cross-origin\" allowfullscreen><\/iframe><\/div>\n<\/div><\/figure>\n\n\n\n<h2 class=\"wp-block-heading\">Como consumir aveia no dia a dia para regular o intestino<\/h2>\n\n\n\n<p>Para que a aveia realmente ajude o intestino a funcionar melhor, \u00e9 importante ajustar tanto a quantidade quanto a forma de consumo \u00e0 rotina de cada pessoa. Em geral, recomenda-se come\u00e7ar com pequenas por\u00e7\u00f5es e aumentar aos poucos, permitindo que o organismo se acostume ao aumento de fibras e evitando gases e estufamento.<\/p>\n\n\n\n<p>Outro ponto essencial \u00e9 a ingest\u00e3o de l\u00edquidos, pois as fibras da <strong>aveia<\/strong> precisam de \u00e1gua para agir corretamente no intestino. Sem hidrata\u00e7\u00e3o suficiente, o efeito pode ser o contr\u00e1rio do esperado, com fezes mais ressecadas, por isso vale priorizar \u00e1gua, ch\u00e1s sem a\u00e7\u00facar e outras bebidas adequadas ao longo do dia.<\/p>\n\n\n\n<h2 class=\"wp-block-heading\">Quais h\u00e1bitos ajudam a incluir aveia na rotina de forma pr\u00e1tica<\/h2>\n\n\n\n<p>Para facilitar, vale pensar em formas simples de colocar a aveia em refei\u00e7\u00f5es que voc\u00ea j\u00e1 faz normalmente, sem transformar completamente seu card\u00e1pio. Assim, o consumo se torna um h\u00e1bito, e o intestino sente os benef\u00edcios de maneira gradual e constante.<\/p>\n\n\n\n<ul class=\"wp-block-list\">\n<li>Come\u00e7ar o dia com um prato de frutas com aveia em flocos;<\/li>\n\n\n\n<li>Usar aveia em receitas de biscoitos caseiros para lanches intermedi\u00e1rios;<\/li>\n\n\n\n<li>Substituir parte da farinha de trigo por farinha de aveia em bolos;<\/li>\n\n\n\n<li>Preparar \u201covernight oats\u201d com leite ou bebida vegetal, hidratando de um dia para o outro;<\/li>\n\n\n\n<li>Acrescentar aveia a sopas ou caldos para engrossar a prepara\u00e7\u00e3o e aumentar as fibras.<\/li>\n<\/ul>\n\n\n\n<h2 class=\"wp-block-heading\">Quais cuidados s\u00e3o importantes ao consumir aveia regularmente<\/h2>\n\n\n\n<p>Mesmo sendo bem aceita pela maioria das pessoas, a aveia exige aten\u00e7\u00e3o em casos espec\u00edficos, como em quem tem doen\u00e7a cel\u00edaca ou intoler\u00e2ncia ao gl\u00faten. A aveia, em sua forma pura, naturalmente n\u00e3o cont\u00e9m gl\u00faten, mas pode ser contaminada durante o processamento, por isso \u00e9 importante buscar produtos identificados como \u201csem gl\u00faten\u201d e ter acompanhamento profissional.<\/p>\n\n\n\n<p>Tamb\u00e9m \u00e9 fundamental lembrar que um intestino regulado n\u00e3o depende apenas da <strong>aveia<\/strong>, mas de um conjunto de h\u00e1bitos ao longo do tempo. Uma alimenta\u00e7\u00e3o variada, rica em frutas, legumes, verduras e gr\u00e3os integrais, aliada \u00e0 atividade f\u00edsica, ao sono de qualidade e ao manejo do estresse, completa o cuidado com a sa\u00fade intestinal.<\/p>\n\n\n\n<h2 class=\"wp-block-heading\">Quais s\u00e3o os principais nutrientes da aveia em flocos<\/h2>\n\n\n\n<p>A tabela abaixo mostra uma estimativa dos nutrientes da aveia em flocos em uma por\u00e7\u00e3o de 30 g, equivalente a cerca de 2 colheres de sopa cheias. Os valores podem variar conforme a marca e o tipo de processamento, mas j\u00e1 ajudam a visualizar como esse cereal \u00e9 nutritivo e equilibrado.<\/p>\n\n\n\n<div style=\"font-family: 'Segoe UI', Tahoma, Geneva, Verdana, sans-serif; max-width: 800px; margin: 20px auto; border: 2px solid #722f37; border-radius: 30px; overflow: hidden; background-color: #ffffff; box-shadow: 0 4px 15px rgba(114, 47, 55, 0.1);\">\n    <table style=\"width: 100%; border-collapse: collapse; text-align: left; font-size: 14px;\">\n        <thead>\n            <tr style=\"background-color: #722f37;\">\n                <th style=\"padding: 15px; color: #ffffff; border-bottom: 2px solid #f9d8e6; width: 50%;\">Nutriente<\/th>\n                <th style=\"padding: 15px; color: #ffffff; border-bottom: 2px solid #f9d8e6; width: 50%;\">Quantidade aproximada por 30 g<\/th>\n            <\/tr>\n        <\/thead>\n        <tbody>\n            <tr>\n                <td style=\"padding: 12px 15px; border-bottom: 1px solid #ffe3ee; color: #4a4a4a; font-weight: bold;\">Calorias<\/td>\n                <td style=\"padding: 12px 15px; border-bottom: 1px solid #ffe3ee; color: #4a4a4a;\">cerca de 110 kcal<\/td>\n            <\/tr>\n            <tr style=\"background-color: #fffafa;\">\n                <td style=\"padding: 12px 15px; border-bottom: 1px solid #ffe3ee; color: #4a4a4a; font-weight: bold;\">Carboidratos totais<\/td>\n                <td style=\"padding: 12px 15px; border-bottom: 1px solid #ffe3ee; color: #4a4a4a;\">aprox. 19 g<\/td>\n            <\/tr>\n            <tr>\n                <td style=\"padding: 12px 15px; border-bottom: 1px solid #ffe3ee; color: #4a4a4a; font-weight: bold;\">Fibras totais<\/td>\n                <td style=\"padding: 12px 15px; border-bottom: 1px solid #ffe3ee; color: #4a4a4a;\">entre 3 g e 4 g<\/td>\n            <\/tr>\n            <tr style=\"background-color: #fffafa;\">\n                <td style=\"padding: 12px 15px; border-bottom: 1px solid #ffe3ee; color: #4a4a4a; font-weight: bold;\">Prote\u00ednas<\/td>\n                <td style=\"padding: 12px 15px; border-bottom: 1px solid #ffe3ee; color: #4a4a4a;\">cerca de 4 g<\/td>\n            <\/tr>\n            <tr>\n                <td style=\"padding: 12px 15px; border-bottom: 1px solid #ffe3ee; color: #4a4a4a; font-weight: bold;\">Gorduras totais<\/td>\n                <td style=\"padding: 12px 15px; border-bottom: 1px solid #ffe3ee; color: #4a4a4a;\">aprox. 2 g<\/td>\n            <\/tr>\n            <tr style=\"background-color: #fffafa;\">\n                <td style=\"padding: 12px 15px; border-bottom: 1px solid #ffe3ee; color: #4a4a4a; font-weight: bold;\">Beta-glucana (fibra sol\u00favel)<\/td>\n                <td style=\"padding: 12px 15px; border-bottom: 1px solid #ffe3ee; color: #4a4a4a;\">em torno de 1 g<\/td>\n            <\/tr>\n            <tr>\n                <td style=\"padding: 12px 15px; border-bottom: 1px solid #ffe3ee; color: #4a4a4a; font-weight: bold;\">Ferro<\/td>\n                <td style=\"padding: 12px 15px; border-bottom: 1px solid #ffe3ee; color: #4a4a4a;\">0,9 mg a 1,2 mg<\/td>\n            <\/tr>\n            <tr style=\"background-color: #fffafa;\">\n                <td style=\"padding: 12px 15px; border-bottom: 1px solid #ffe3ee; color: #4a4a4a; font-weight: bold;\">Magn\u00e9sio<\/td>\n                <td style=\"padding: 12px 15px; border-bottom: 1px solid #ffe3ee; color: #4a4a4a;\">cerca de 35 mg<\/td>\n            <\/tr>\n            <tr>\n                <td style=\"padding: 12px 15px; border-bottom: 1px solid #ffe3ee; color: #4a4a4a; font-weight: bold;\">F\u00f3sforo<\/td>\n                <td style=\"padding: 12px 15px; border-bottom: 1px solid #ffe3ee; color: #4a4a4a;\">aprox. 90 mg<\/td>\n            <\/tr>\n            <tr style=\"background-color: #fffafa;\">\n                <td style=\"padding: 12px 15px; color: #4a4a4a; font-weight: bold;\">Zinco<\/td>\n                <td style=\"padding: 12px 15px; color: #4a4a4a;\">0,8 mg a 1 mg<\/td>\n            <\/tr>\n        <\/tbody>\n    <\/table>\n<\/div>\n\n\n\n<h2 class=\"wp-block-heading\">Sobre a aveia e convite para cuidar melhor do seu intestino<\/h2>\n\n\n\n<p>Em resumo, a <strong>aveia<\/strong> \u00e9 uma aliada pr\u00e1tica para quem busca um intestino mais regulado, com evacua\u00e7\u00f5es frequentes e menos desconforto no dia a dia. Quando combinada com boa hidrata\u00e7\u00e3o e um padr\u00e3o alimentar variado, essa rotina simples com o cereal pode transformar sua rela\u00e7\u00e3o com a sa\u00fade digestiva.<\/p>\n\n\n\n<p>Se voc\u00ea quer come\u00e7ar a sentir esses benef\u00edcios, experimente escolher uma forma de usar <strong>aveia<\/strong> hoje mesmo e mant\u00ea-la por algumas semanas. E, sempre que poss\u00edvel, conte com a orienta\u00e7\u00e3o de um nutricionista para adaptar as quantidades \u00e0 sua realidade e dar o pr\u00f3ximo passo rumo a um bem-estar mais duradouro.<\/p>\n","protected":false},"excerpt":{"rendered":"<p>J\u00e1 sentiu aquela sensa\u00e7\u00e3o de bem-estar quando o intestino est\u00e1 funcionando direitinho ao longo da semana? Muita gente tem descoberto na aveia uma forma simples e acess\u00edvel de chegar a esse equil\u00edbrio, sem precisar de grandes mudan\u00e7as na rotina. Presente no caf\u00e9 da manh\u00e3, lanches e at\u00e9 em pratos salgados, esse cereal vem ganhando ainda [&hellip;]<\/p>\n","protected":false},"author":9,"featured_media":175563,"comment_status":"open","ping_status":"open","sticky":false,"template":"","format":"standard","meta":{"_yoast_wpseo_focuskw":"nutrientes da aveia em flocos","_yoast_wpseo_title":"","_yoast_wpseo_metadesc":"Inclua fibras na rotina e veja seu intestino funcionar melhor, reduzindo desconfortos e mantendo o bem-estar di\u00e1rio.","jnews-multi-image_gallery":[],"jnews_single_post":{"format":"standard"},"jnews_primary_category":[],"jnews_social_meta":[],"jnews_override_counter":[],"footnotes":""},"categories":[119,4404],"post_tag":[8066,14024,1422,565],"class_list":["post-175251","post","type-post","status-publish","format-standard","has-post-thumbnail","hentry","category-bem-estar","category-saude","tag-aveia","tag-beneficios-da-aveia","tag-intestino","tag-saude"],"yoast_head":"<!-- This site is optimized with the Yoast SEO plugin v24.6 - https:\/\/yoast.com\/wordpress\/plugins\/seo\/ -->\n<title>Comece o dia com um alimento simples que deixa seu intestino funcionando melhor e voc\u00ea mais leve - Correio Braziliense - Radar<\/title>\n<meta name=\"description\" content=\"Inclua fibras na rotina e veja seu intestino funcionar melhor, reduzindo desconfortos e mantendo o bem-estar di\u00e1rio.\" \/>\n<meta name=\"robots\" content=\"index, follow, max-snippet:-1, max-image-preview:large, max-video-preview:-1\" \/>\n<link rel=\"canonical\" href=\"https:\/\/www.correiobraziliense.com.br\/cbradar\/comece-o-dia-com-um-alimento-simples-que-deixa-seu-intestino-funcionando-melhor-e-voce-mais-leve\/\" \/>\n<meta property=\"og:locale\" content=\"pt_BR\" \/>\n<meta property=\"og:type\" content=\"article\" \/>\n<meta property=\"og:title\" content=\"Comece o dia com um alimento simples que deixa seu intestino funcionando melhor e voc\u00ea mais leve - Correio Braziliense - Radar\" \/>\n<meta property=\"og:description\" content=\"Inclua fibras na rotina e veja seu intestino funcionar melhor, reduzindo desconfortos e mantendo o bem-estar di\u00e1rio.\" \/>\n<meta property=\"og:url\" content=\"https:\/\/www.correiobraziliense.com.br\/cbradar\/comece-o-dia-com-um-alimento-simples-que-deixa-seu-intestino-funcionando-melhor-e-voce-mais-leve\/\" \/>\n<meta property=\"og:site_name\" content=\"Correio Braziliense - Radar\" \/>\n<meta property=\"article:published_time\" content=\"2026-01-16T19:35:31+00:00\" \/>\n<meta property=\"og:image\" content=\"https:\/\/www.correiobraziliense.com.br\/cbradar\/wp-content\/uploads\/2026\/01\/freepik__imagem-realista-de-uma-pessoa-brasileira-mos-e-boc__58775.png\" \/>\n\t<meta property=\"og:image:width\" content=\"1280\" \/>\n\t<meta property=\"og:image:height\" content=\"720\" \/>\n\t<meta property=\"og:image:type\" content=\"image\/png\" \/>\n<meta name=\"author\" content=\"Daniely Cardoso\" \/>\n<meta name=\"twitter:card\" content=\"summary_large_image\" \/>\n<meta name=\"twitter:label1\" content=\"Escrito por\" \/>\n\t<meta name=\"twitter:data1\" content=\"Daniely Cardoso\" \/>\n\t<meta name=\"twitter:label2\" content=\"Est. tempo de leitura\" \/>\n\t<meta name=\"twitter:data2\" content=\"7 minutos\" \/>\n<!-- \/ Yoast SEO plugin. -->","yoast_head_json":{"title":"Comece o dia com um alimento simples que deixa seu intestino funcionando melhor e voc\u00ea mais leve - Correio Braziliense - Radar","description":"Inclua fibras na rotina e veja seu intestino funcionar melhor, reduzindo desconfortos e mantendo o bem-estar di\u00e1rio.","robots":{"index":"index","follow":"follow","max-snippet":"max-snippet:-1","max-image-preview":"max-image-preview:large","max-video-preview":"max-video-preview:-1"},"canonical":"https:\/\/www.correiobraziliense.com.br\/cbradar\/comece-o-dia-com-um-alimento-simples-que-deixa-seu-intestino-funcionando-melhor-e-voce-mais-leve\/","og_locale":"pt_BR","og_type":"article","og_title":"Comece o dia com um alimento simples que deixa seu intestino funcionando melhor e voc\u00ea mais leve - Correio Braziliense - Radar","og_description":"Inclua fibras na rotina e veja seu intestino funcionar melhor, reduzindo desconfortos e mantendo o bem-estar di\u00e1rio.","og_url":"https:\/\/www.correiobraziliense.com.br\/cbradar\/comece-o-dia-com-um-alimento-simples-que-deixa-seu-intestino-funcionando-melhor-e-voce-mais-leve\/","og_site_name":"Correio Braziliense - Radar","article_published_time":"2026-01-16T19:35:31+00:00","og_image":[{"width":1280,"height":720,"url":"https:\/\/www.correiobraziliense.com.br\/cbradar\/wp-content\/uploads\/2026\/01\/freepik__imagem-realista-de-uma-pessoa-brasileira-mos-e-boc__58775.png","type":"image\/png"}],"author":"Daniely Cardoso","twitter_card":"summary_large_image","twitter_misc":{"Escrito por":"Daniely Cardoso","Est. tempo de leitura":"7 minutos"},"schema":{"@context":"https:\/\/schema.org","@graph":[{"@type":"WebPage","@id":"https:\/\/www.correiobraziliense.com.br\/cbradar\/comece-o-dia-com-um-alimento-simples-que-deixa-seu-intestino-funcionando-melhor-e-voce-mais-leve\/","url":"https:\/\/www.correiobraziliense.com.br\/cbradar\/comece-o-dia-com-um-alimento-simples-que-deixa-seu-intestino-funcionando-melhor-e-voce-mais-leve\/","name":"Comece o dia com um alimento simples que deixa seu intestino funcionando melhor e voc\u00ea mais leve - Correio Braziliense - Radar","isPartOf":{"@id":"https:\/\/www.correiobraziliense.com.br\/cbradar\/#website"},"primaryImageOfPage":{"@id":"https:\/\/www.correiobraziliense.com.br\/cbradar\/comece-o-dia-com-um-alimento-simples-que-deixa-seu-intestino-funcionando-melhor-e-voce-mais-leve\/#primaryimage"},"image":{"@id":"https:\/\/www.correiobraziliense.com.br\/cbradar\/comece-o-dia-com-um-alimento-simples-que-deixa-seu-intestino-funcionando-melhor-e-voce-mais-leve\/#primaryimage"},"thumbnailUrl":"https:\/\/www.correiobraziliense.com.br\/cbradar\/wp-content\/uploads\/2026\/01\/freepik__imagem-realista-de-uma-pessoa-brasileira-mos-e-boc__58775.png","datePublished":"2026-01-16T19:35:31+00:00","author":{"@id":"https:\/\/www.correiobraziliense.com.br\/cbradar\/#\/schema\/person\/7356666e12ec0ee53f348ee5db227032"},"description":"Inclua fibras na rotina e veja seu intestino funcionar melhor, reduzindo desconfortos e mantendo o bem-estar di\u00e1rio.","breadcrumb":{"@id":"https:\/\/www.correiobraziliense.com.br\/cbradar\/comece-o-dia-com-um-alimento-simples-que-deixa-seu-intestino-funcionando-melhor-e-voce-mais-leve\/#breadcrumb"},"inLanguage":"pt-BR","potentialAction":[{"@type":"ReadAction","target":["https:\/\/www.correiobraziliense.com.br\/cbradar\/comece-o-dia-com-um-alimento-simples-que-deixa-seu-intestino-funcionando-melhor-e-voce-mais-leve\/"]}]},{"@type":"ImageObject","inLanguage":"pt-BR","@id":"https:\/\/www.correiobraziliense.com.br\/cbradar\/comece-o-dia-com-um-alimento-simples-que-deixa-seu-intestino-funcionando-melhor-e-voce-mais-leve\/#primaryimage","url":"https:\/\/www.correiobraziliense.com.br\/cbradar\/wp-content\/uploads\/2026\/01\/freepik__imagem-realista-de-uma-pessoa-brasileira-mos-e-boc__58775.png","contentUrl":"https:\/\/www.correiobraziliense.com.br\/cbradar\/wp-content\/uploads\/2026\/01\/freepik__imagem-realista-de-uma-pessoa-brasileira-mos-e-boc__58775.png","width":1280,"height":720,"caption":"Aux\u00edlio no funcionamento regular do intestino ao longo da semana"},{"@type":"BreadcrumbList","@id":"https:\/\/www.correiobraziliense.com.br\/cbradar\/comece-o-dia-com-um-alimento-simples-que-deixa-seu-intestino-funcionando-melhor-e-voce-mais-leve\/#breadcrumb","itemListElement":[{"@type":"ListItem","position":1,"name":"In\u00edcio","item":"https:\/\/www.correiobraziliense.com.br\/cbradar\/"},{"@type":"ListItem","position":2,"name":"Comece o dia com um alimento simples que deixa seu intestino funcionando melhor e voc\u00ea mais leve"}]},{"@type":"WebSite","@id":"https:\/\/www.correiobraziliense.com.br\/cbradar\/#website","url":"https:\/\/www.correiobraziliense.com.br\/cbradar\/","name":"Correio Braziliense - Radar","description":"Acompanhe as \u00faltimas not\u00edcias e fique bem informado sobre tudo o que acontece no Brasil e no mundo.","potentialAction":[{"@type":"SearchAction","target":{"@type":"EntryPoint","urlTemplate":"https:\/\/www.correiobraziliense.com.br\/cbradar\/?s={search_term_string}"},"query-input":{"@type":"PropertyValueSpecification","valueRequired":true,"valueName":"search_term_string"}}],"inLanguage":"pt-BR"},{"@type":"Person","@id":"https:\/\/www.correiobraziliense.com.br\/cbradar\/#\/schema\/person\/7356666e12ec0ee53f348ee5db227032","name":"Daniely Cardoso","image":{"@type":"ImageObject","inLanguage":"pt-BR","@id":"https:\/\/www.correiobraziliense.com.br\/cbradar\/#\/schema\/person\/image\/","url":"https:\/\/secure.gravatar.com\/avatar\/4b80ddbd124d1f071b626d52d62e5dff?s=96&d=mm&r=g","contentUrl":"https:\/\/secure.gravatar.com\/avatar\/4b80ddbd124d1f071b626d52d62e5dff?s=96&d=mm&r=g","caption":"Daniely Cardoso"},"description":"Redatora nos portais CB Radar e EM Foco, formada pela Universidade Federal de Goi\u00e1s, em Goi\u00e2nia. Apaixonada por comunica\u00e7\u00e3o, arte, decora\u00e7\u00e3o e tend\u00eancias, atuo na produ\u00e7\u00e3o de conte\u00fados envolventes sobre curiosidades, moda, beleza e paisagismo, sempre com um olhar atento \u00e0s novidades do momento.","sameAs":["https:\/\/www.correiobraziliense.com.br\/cbradar"],"url":"https:\/\/www.correiobraziliense.com.br\/cbradar\/author\/danielymyth\/"}]}},"_links":{"self":[{"href":"https:\/\/www.correiobraziliense.com.br\/cbradar\/wp-json\/wp\/v2\/posts\/175251","targetHints":{"allow":["GET"]}}],"collection":[{"href":"https:\/\/www.correiobraziliense.com.br\/cbradar\/wp-json\/wp\/v2\/posts"}],"about":[{"href":"https:\/\/www.correiobraziliense.com.br\/cbradar\/wp-json\/wp\/v2\/types\/post"}],"author":[{"embeddable":true,"href":"https:\/\/www.correiobraziliense.com.br\/cbradar\/wp-json\/wp\/v2\/users\/9"}],"replies":[{"embeddable":true,"href":"https:\/\/www.correiobraziliense.com.br\/cbradar\/wp-json\/wp\/v2\/comments?post=175251"}],"version-history":[{"count":2,"href":"https:\/\/www.correiobraziliense.com.br\/cbradar\/wp-json\/wp\/v2\/posts\/175251\/revisions"}],"predecessor-version":[{"id":175514,"href":"https:\/\/www.correiobraziliense.com.br\/cbradar\/wp-json\/wp\/v2\/posts\/175251\/revisions\/175514"}],"wp:featuredmedia":[{"embeddable":true,"href":"https:\/\/www.correiobraziliense.com.br\/cbradar\/wp-json\/wp\/v2\/media\/175563"}],"wp:attachment":[{"href":"https:\/\/www.correiobraziliense.com.br\/cbradar\/wp-json\/wp\/v2\/media?parent=175251"}],"wp:term":[{"taxonomy":"category","embeddable":true,"href":"https:\/\/www.correiobraziliense.com.br\/cbradar\/wp-json\/wp\/v2\/categories?post=175251"},{"taxonomy":"post_tag","embeddable":true,"href":"https:\/\/www.correiobraziliense.com.br\/cbradar\/wp-json\/wp\/v2\/post_tag?post=175251"}],"curies":[{"name":"wp","href":"https:\/\/api.w.org\/{rel}","templated":true}]}}