{"id":175288,"date":"2026-01-16T16:25:17","date_gmt":"2026-01-16T19:25:17","guid":{"rendered":"https:\/\/www.correiobraziliense.com.br\/cbradar\/?p=175288"},"modified":"2026-01-15T14:40:55","modified_gmt":"2026-01-15T17:40:55","slug":"pouca-gente-sabe-mas-esse-fruto-cresce-facil-e-rende-pratos-que-lembram-comida-de-vo","status":"publish","type":"post","link":"https:\/\/www.correiobraziliense.com.br\/cbradar\/pouca-gente-sabe-mas-esse-fruto-cresce-facil-e-rende-pratos-que-lembram-comida-de-vo\/","title":{"rendered":"Pouca gente sabe, mas esse fruto cresce f\u00e1cil e rende pratos que lembram comida de v\u00f3"},"content":{"rendered":"\n<p>Imagine chegar em casa em um dia chuvoso e sentir o cheiro de uma sopa de <strong>ab\u00f3bora-moranga<\/strong> feita na hora, com aquele sabor aconchegante que lembra comida de fam\u00edlia. Essa hortali\u00e7a t\u00e3o presente na culin\u00e1ria brasileira n\u00e3o \u00e9 s\u00f3 gostosa: ela tamb\u00e9m re\u00fane propriedades <strong>nutricionais<\/strong> importantes e pode ser cultivada em hortas simples, at\u00e9 mesmo em pequenos espa\u00e7os.<\/p>\n\n\n\n<h2 class=\"wp-block-heading\">Ab\u00f3bora-moranga faz parte do dia a dia e das festas brasileiras<\/h2>\n\n\n\n<p>A <strong>ab\u00f3bora-moranga<\/strong> est\u00e1 presente em diferentes regi\u00f5es do Brasil, tanto na culin\u00e1ria do dia a dia quanto em prepara\u00e7\u00f5es festivas. Al\u00e9m do uso em pratos tradicionais, esse tipo de ab\u00f3bora chama aten\u00e7\u00e3o pelas propriedades antioxidantes, que ganham destaque em pesquisas recentes sobre alimenta\u00e7\u00e3o mais <strong>saud\u00e1vel<\/strong>.<\/p>\n\n\n\n<p>Ao mesmo tempo, o cultivo da moranga pode ser feito em pequenas hortas, tornando-se uma alternativa acess\u00edvel para quem deseja produzir o pr\u00f3prio alimento. Em muitas casas de interior, \u00e9 comum ver as ramas se espalhando pelos quintais, garantindo um ingrediente vers\u00e1til e com pouco desperd\u00edcio.<\/p>\n\n\n<div class=\"wp-block-image\">\n<figure class=\"aligncenter size-large\"><img decoding=\"async\" width=\"1024\" height=\"576\" src=\"https:\/\/www.correiobraziliense.com.br\/cbradar\/wp-content\/uploads\/2025\/12\/Gemini_Generated_Image_hr4sk4hr4sk4hr4s-1-1024x576.png\" alt=\"\" class=\"wp-image-162268\" srcset=\"https:\/\/www.correiobraziliense.com.br\/cbradar\/wp-content\/uploads\/2025\/12\/Gemini_Generated_Image_hr4sk4hr4sk4hr4s-1-1024x576.png 1024w, https:\/\/www.correiobraziliense.com.br\/cbradar\/wp-content\/uploads\/2025\/12\/Gemini_Generated_Image_hr4sk4hr4sk4hr4s-1-300x169.png 300w, https:\/\/www.correiobraziliense.com.br\/cbradar\/wp-content\/uploads\/2025\/12\/Gemini_Generated_Image_hr4sk4hr4sk4hr4s-1-768x432.png 768w, https:\/\/www.correiobraziliense.com.br\/cbradar\/wp-content\/uploads\/2025\/12\/Gemini_Generated_Image_hr4sk4hr4sk4hr4s-1-750x422.png 750w, https:\/\/www.correiobraziliense.com.br\/cbradar\/wp-content\/uploads\/2025\/12\/Gemini_Generated_Image_hr4sk4hr4sk4hr4s-1-1140x641.png 1140w, https:\/\/www.correiobraziliense.com.br\/cbradar\/wp-content\/uploads\/2025\/12\/Gemini_Generated_Image_hr4sk4hr4sk4hr4s-1.png 1280w\" sizes=\"(max-width: 1024px) 100vw, 1024px\" \/><figcaption class=\"wp-element-caption\">Entre os diversos vegetais alaranjados dispon\u00edveis no mercado, a ab\u00f3bora moranga se destaca pela alta concentra\u00e7\u00e3o de carotenoides<\/figcaption><\/figure><\/div>\n\n\n<p>Leia tamb\u00e9m:&nbsp;<a href=\"https:\/\/www.correiobraziliense.com.br\/cbradar\/essa-fruta-nordestina-ajuda-na-digestao-e-deixa-sucos-e-sobremesas-mais-nutritivos-e-e-facil-de-plantar-em-casa\/\" target=\"_blank\" rel=\"noopener\">Essa fruta nordestina ajuda na digest\u00e3o e deixa sucos e sobremesas mais nutritivos e \u00e9 f\u00e1cil de plantar em casa<\/a><\/p>\n\n\n\n<h2 class=\"wp-block-heading\">O que torna a ab\u00f3bora-moranga t\u00e3o especial na cozinha<\/h2>\n\n\n\n<p>Entre as hortali\u00e7as mais consumidas, a <strong>ab\u00f3bora-moranga<\/strong> se diferencia pelo sabor suave, pela textura cremosa e pela versatilidade na cozinha. A polpa, as sementes e at\u00e9 a casca podem ser aproveitadas em receitas simples ou elaboradas, o que aumenta o interesse de agricultores familiares e de consumidores que buscam reduzir o <strong>desperd\u00edcio<\/strong>.<\/p>\n\n\n\n<p>Esse cen\u00e1rio faz com que o estudo sobre seus nutrientes e a forma correta de plantio ganhe relev\u00e2ncia em 2026. Al\u00e9m disso, receitas como pur\u00eas, sopas, recheios de tortas e doces caseiros ajudam a tornar a moranga presen\u00e7a frequente na mesa de muitas fam\u00edlias brasileiras.<\/p>\n\n\n\n<h2 class=\"wp-block-heading\">Quais s\u00e3o as propriedades antioxidantes e o valor nutricional<\/h2>\n\n\n\n<p>A palavra-chave principal neste tema \u00e9 <strong>ab\u00f3bora-moranga<\/strong>, frequentemente associada a nutrientes que atuam como antioxidantes naturais. Essa hortali\u00e7a apresenta compostos que contribuem para combater o chamado estresse oxidativo, processo ligado ao excesso de radicais livres no organismo, algo muito discutido em cuidados com a <strong>sa\u00fade<\/strong>.<\/p>\n\n\n\n<p>Entre esses componentes, destacam-se carotenoides, vitamina C, vitamina E e alguns polifen\u00f3is presentes na polpa e nas sementes. No dia a dia, incluir a moranga nas refei\u00e7\u00f5es pode ser uma forma simples de somar cor ao prato e, ao mesmo tempo, refor\u00e7ar a ingest\u00e3o de micronutrientes importantes.<\/p>\n\n\n\n<p>Se voc\u00ea gosta de cultivo, separamos esse v\u00eddeo do canal <a href=\"https:\/\/www.youtube.com\/@plantandoeaprendendo90\" target=\"_blank\" rel=\"noreferrer noopener\">Plantando e Aprendendo<\/a> ensinando a plantar esse fruto em casa:<\/p>\n\n\n\n<figure class=\"wp-block-embed is-type-video is-provider-youtube wp-block-embed-youtube wp-embed-aspect-16-9 wp-has-aspect-ratio\"><div class=\"wp-block-embed__wrapper\">\n<div class=\"jeg_video_container jeg_video_content\"><iframe loading=\"lazy\" title=\"Como plantar ab\u00f3bora moranga + superdica de aduba\u00e7\u00e3o\" width=\"500\" height=\"281\" src=\"https:\/\/www.youtube.com\/embed\/Ay4jWOBhgr8?feature=oembed\" frameborder=\"0\" allow=\"accelerometer; autoplay; clipboard-write; encrypted-media; gyroscope; picture-in-picture; web-share\" referrerpolicy=\"strict-origin-when-cross-origin\" allowfullscreen><\/iframe><\/div>\n<\/div><\/figure>\n\n\n\n<h2 class=\"wp-block-heading\">Quais antioxidantes se destacam na ab\u00f3bora-moranga<\/h2>\n\n\n\n<p>Entre os diversos compostos presentes na <strong>ab\u00f3bora-moranga<\/strong>, alguns se destacam pela a\u00e7\u00e3o antioxidante mais estudada e tamb\u00e9m mais comentada em conversas sobre alimenta\u00e7\u00e3o. De forma geral, esses nutrientes ajudam a neutralizar radicais livres, mol\u00e9culas inst\u00e1veis produzidas naturalmente pelo metabolismo e tamb\u00e9m por fatores externos, como exposi\u00e7\u00e3o excessiva ao sol e polui\u00e7\u00e3o do <strong>ambiente<\/strong>.<\/p>\n\n\n\n<ul class=\"wp-block-list\">\n<li><strong>Carotenoides:<\/strong> beta-caroteno, alfa-caroteno e outros pigmentos que conferem cor intensa \u00e0 polpa.<\/li>\n\n\n\n<li><strong>Vitamina C:<\/strong> presente em quantidade moderada, contribui para a prote\u00e7\u00e3o de c\u00e9lulas e tecidos.<\/li>\n\n\n\n<li><strong>Vitamina E:<\/strong> lipossol\u00favel, associada \u00e0 preserva\u00e7\u00e3o das membranas celulares.<\/li>\n\n\n\n<li><strong>Polifen\u00f3is:<\/strong> compostos encontrados em menores quantidades, mas que somam efeito antioxidante.<\/li>\n\n\n\n<li><strong>Compostos das sementes:<\/strong> \u00f3leos, tocofer\u00f3is e minerais que complementam o perfil antioxidante.<\/li>\n<\/ul>\n\n\n\n<h2 class=\"wp-block-heading\">Como plantar ab\u00f3bora-moranga em casa com poucos recursos<\/h2>\n\n\n\n<p>O cultivo da <strong>ab\u00f3bora-moranga<\/strong> pode ser feito tanto em quintais amplos quanto em pequenas \u00e1reas, desde que haja espa\u00e7o para o desenvolvimento das ramas. A planta \u00e9 de clima quente, preferindo temperaturas amenas a elevadas e boa incid\u00eancia de luz solar, algo comum em grande parte do territ\u00f3rio <strong>brasileiro<\/strong>.<\/p>\n\n\n\n<p>Em geral, recomenda-se que o local de plantio receba sol direto por pelo menos algumas horas do dia. Mesmo em \u00e1reas urbanas, algumas pessoas t\u00eam sucesso plantando em canteiros elevados, fundos de quintal ou pequenos espa\u00e7os compartilhados em hortas comunit\u00e1rias.<\/p>\n\n\n\n<h2 class=\"wp-block-heading\">Qual \u00e9 o passo a passo simples para plantar ab\u00f3bora-moranga<\/h2>\n\n\n\n<p>O solo ideal para plantar moranga \u00e9 bem drenado, f\u00e9rtil e com boa quantidade de mat\u00e9ria org\u00e2nica. Muitos produtores utilizam esterco curtido, composto org\u00e2nico ou restos vegetais j\u00e1 decompostos para melhorar a estrutura do solo e garantir uma colheita mais <strong>saud\u00e1vel<\/strong>.<\/p>\n\n\n\n<p>A seguir, um passo a passo simples para o plantio dom\u00e9stico, que pode ser adaptado tanto para s\u00edtios quanto para pequenos quintais urbanos:<\/p>\n\n\n\n<ol class=\"wp-block-list\">\n<li><strong>Escolha das sementes:<\/strong> podem ser adquiridas em lojas especializadas ou retiradas de frutos maduros e saud\u00e1veis.<\/li>\n\n\n\n<li><strong>Preparo do solo:<\/strong> revolver a terra, retirar pedras e adicionar composto org\u00e2nico ou esterco bem curtido.<\/li>\n\n\n\n<li><strong>Plantio:<\/strong> abrir pequenas covas com cerca de 3 a 5 cm de profundidade e depositar 2 a 3 sementes em cada uma.<\/li>\n\n\n\n<li><strong>Espa\u00e7amento:<\/strong> manter dist\u00e2ncia entre 1,5 m e 2 m entre as covas, pois as ramas se espalham pelo terreno.<\/li>\n\n\n\n<li><strong>Irriga\u00e7\u00e3o:<\/strong> manter o solo \u00famido, mas sem encharcar; reduzir a frequ\u00eancia de regas em per\u00edodos chuvosos.<\/li>\n\n\n\n<li><strong>Manejo:<\/strong> controlar plantas invasoras, observar sinais de pragas e doen\u00e7as e, se necess\u00e1rio, buscar orienta\u00e7\u00e3o t\u00e9cnica.<\/li>\n<\/ol>\n\n\n\n<h2 class=\"wp-block-heading\">Quando acontece a colheita da ab\u00f3bora-moranga<\/h2>\n\n\n\n<p>O ciclo da <strong>ab\u00f3bora-moranga<\/strong> varia conforme a variedade e as condi\u00e7\u00f5es clim\u00e1ticas, mas em muitos casos a colheita ocorre entre 90 e 150 dias ap\u00f3s a germina\u00e7\u00e3o. A fruta costuma ser colhida quando a casca est\u00e1 firme, com cor bem definida e o ped\u00fanculo (cabo) come\u00e7a a secar, sinal de que o fruto est\u00e1 bem formado.<\/p>\n\n\n\n<p>Ap\u00f3s a colheita, \u00e9 comum realizar uma cura em local seco e ventilado por alguns dias para prolongar a conserva\u00e7\u00e3o. Assim, a moranga pode ser armazenada por mais tempo, permitindo planejar receitas com calma e aproveitar bem cada parte do <strong>alimento<\/strong>.<\/p>\n\n\n\n<h2 class=\"wp-block-heading\">Quais s\u00e3o os principais nutrientes da ab\u00f3bora-moranga cozida<\/h2>\n\n\n\n<p>A tabela a seguir apresenta uma estimativa de composi\u00e7\u00e3o nutricional da <strong>ab\u00f3bora-moranga<\/strong> cozida, sem sal, por 100 g de por\u00e7\u00e3o. Os valores s\u00e3o aproximados e podem variar de acordo com o tipo de solo, clima, variedade e modo de preparo utilizado no dia a dia da <strong>cozinha<\/strong>.<\/p>\n\n\n\n<figure class=\"wp-block-table\"><table class=\"has-fixed-layout\"><tbody><tr><th>Componente<\/th><th>Quantidade (por 100 g)<\/th><\/tr><tr><td>Energia<\/td><td>cerca de 30 kcal<\/td><\/tr><tr><td>Carboidratos<\/td><td>aprox. 7 g<\/td><\/tr><tr><td>Prote\u00ednas<\/td><td>cerca de 1 g<\/td><\/tr><tr><td>Gorduras totais<\/td><td>menos de 0,5 g<\/td><\/tr><tr><td>Fibras<\/td><td>em torno de 2 g<\/td><\/tr><tr><td>Vitamina A (como beta-caroteno)<\/td><td>valor elevado, podendo ultrapassar 2500 \u00b5g de carotenoides<\/td><\/tr><tr><td>Vitamina C<\/td><td>cerca de 9 mg<\/td><\/tr><tr><td>Vitamina E<\/td><td>tra\u00e7os a valores moderados<\/td><\/tr><tr><td>Pot\u00e1ssio<\/td><td>em torno de 200 mg<\/td><\/tr><tr><td>C\u00e1lcio<\/td><td>aprox. 20 mg<\/td><\/tr><tr><td>Magn\u00e9sio<\/td><td>cerca de 10 mg<\/td><\/tr><\/tbody><\/table><\/figure>\n\n\n\n<h2 class=\"wp-block-heading\">Convite para incluir a ab\u00f3bora-moranga no seu dia a dia<\/h2>\n\n\n\n<p>Combinando propriedades antioxidantes, sabor marcante e facilidade de cultivo, a <strong>ab\u00f3bora-moranga<\/strong> permanece como um alimento relevante na alimenta\u00e7\u00e3o cotidiana e na agricultura de pequena escala. O conhecimento sobre nutrientes e t\u00e9cnicas de plantio auxilia tanto quem produz quanto quem consome, favorecendo escolhas mais informadas e o aproveitamento integral desse <strong>fruto<\/strong>.<\/p>\n\n\n\n<p>Se voc\u00ea gostou de conhecer melhor a ab\u00f3bora-moranga, que tal testar uma receita nova ou come\u00e7ar um pequeno canteiro em casa? Dar o primeiro passo, seja na cozinha ou na horta, \u00e9 uma forma simples de se aproximar de uma alimenta\u00e7\u00e3o mais caseira, colorida e consciente; use essas informa\u00e7\u00f5es como guia e comece hoje mesmo a valorizar mais esse ingrediente t\u00e3o <strong>brasileiro<\/strong>.<\/p>\n","protected":false},"excerpt":{"rendered":"<p>Imagine chegar em casa em um dia chuvoso e sentir o cheiro de uma sopa de ab\u00f3bora-moranga feita na hora, com aquele sabor aconchegante que lembra comida de fam\u00edlia. Essa hortali\u00e7a t\u00e3o presente na culin\u00e1ria brasileira n\u00e3o \u00e9 s\u00f3 gostosa: ela tamb\u00e9m re\u00fane propriedades nutricionais importantes e pode ser cultivada em hortas simples, at\u00e9 mesmo [&hellip;]<\/p>\n","protected":false},"author":9,"featured_media":175561,"comment_status":"open","ping_status":"open","sticky":false,"template":"","format":"standard","meta":{"_yoast_wpseo_focuskw":"plantar Ab\u00f3bora-moranga","_yoast_wpseo_title":"","_yoast_wpseo_metadesc":"Hortali\u00e7a de cor vibrante rica em antioxidantes pode ser cultivada em pequenos espa\u00e7os e usada em diversas receitas do dia a dia.","jnews-multi-image_gallery":[],"jnews_single_post":{"format":"standard"},"jnews_primary_category":[],"jnews_social_meta":[],"jnews_override_counter":[],"footnotes":""},"categories":[119,136],"post_tag":[11818,14033,14032],"class_list":["post-175288","post","type-post","status-publish","format-standard","has-post-thumbnail","hentry","category-bem-estar","category-jardinagem","tag-abobora-moranga","tag-cultivo-de-abobora-moranga","tag-plantar-abobora-moranga"],"yoast_head":"<!-- This site is optimized with the Yoast SEO plugin v24.6 - https:\/\/yoast.com\/wordpress\/plugins\/seo\/ -->\n<title>Pouca gente sabe, mas esse fruto cresce f\u00e1cil e rende pratos que lembram comida de v\u00f3 - Correio Braziliense - Radar<\/title>\n<meta name=\"description\" content=\"Hortali\u00e7a de cor vibrante rica em antioxidantes pode ser cultivada em pequenos espa\u00e7os e usada em diversas receitas do dia a dia.\" \/>\n<meta name=\"robots\" content=\"index, follow, max-snippet:-1, max-image-preview:large, max-video-preview:-1\" \/>\n<link rel=\"canonical\" href=\"https:\/\/www.correiobraziliense.com.br\/cbradar\/pouca-gente-sabe-mas-esse-fruto-cresce-facil-e-rende-pratos-que-lembram-comida-de-vo\/\" \/>\n<meta property=\"og:locale\" content=\"pt_BR\" \/>\n<meta property=\"og:type\" content=\"article\" \/>\n<meta property=\"og:title\" content=\"Pouca gente sabe, mas esse fruto cresce f\u00e1cil e rende pratos que lembram comida de v\u00f3 - Correio Braziliense - Radar\" \/>\n<meta property=\"og:description\" content=\"Hortali\u00e7a de cor vibrante rica em antioxidantes pode ser cultivada em pequenos espa\u00e7os e usada em diversas receitas do dia a dia.\" \/>\n<meta property=\"og:url\" content=\"https:\/\/www.correiobraziliense.com.br\/cbradar\/pouca-gente-sabe-mas-esse-fruto-cresce-facil-e-rende-pratos-que-lembram-comida-de-vo\/\" \/>\n<meta property=\"og:site_name\" content=\"Correio Braziliense - Radar\" \/>\n<meta property=\"article:published_time\" content=\"2026-01-16T19:25:17+00:00\" \/>\n<meta property=\"og:image\" content=\"https:\/\/www.correiobraziliense.com.br\/cbradar\/wp-content\/uploads\/2026\/01\/freepik__imagem-realista-da-abboramoranga__58773.png\" \/>\n\t<meta property=\"og:image:width\" content=\"1280\" \/>\n\t<meta property=\"og:image:height\" content=\"720\" \/>\n\t<meta property=\"og:image:type\" content=\"image\/png\" \/>\n<meta name=\"author\" content=\"Daniely Cardoso\" \/>\n<meta name=\"twitter:card\" content=\"summary_large_image\" \/>\n<meta name=\"twitter:label1\" content=\"Escrito por\" \/>\n\t<meta name=\"twitter:data1\" content=\"Daniely Cardoso\" \/>\n\t<meta name=\"twitter:label2\" content=\"Est. tempo de leitura\" \/>\n\t<meta name=\"twitter:data2\" content=\"7 minutos\" \/>\n<!-- \/ Yoast SEO plugin. -->","yoast_head_json":{"title":"Pouca gente sabe, mas esse fruto cresce f\u00e1cil e rende pratos que lembram comida de v\u00f3 - Correio Braziliense - Radar","description":"Hortali\u00e7a de cor vibrante rica em antioxidantes pode ser cultivada em pequenos espa\u00e7os e usada em diversas receitas do dia a dia.","robots":{"index":"index","follow":"follow","max-snippet":"max-snippet:-1","max-image-preview":"max-image-preview:large","max-video-preview":"max-video-preview:-1"},"canonical":"https:\/\/www.correiobraziliense.com.br\/cbradar\/pouca-gente-sabe-mas-esse-fruto-cresce-facil-e-rende-pratos-que-lembram-comida-de-vo\/","og_locale":"pt_BR","og_type":"article","og_title":"Pouca gente sabe, mas esse fruto cresce f\u00e1cil e rende pratos que lembram comida de v\u00f3 - Correio Braziliense - Radar","og_description":"Hortali\u00e7a de cor vibrante rica em antioxidantes pode ser cultivada em pequenos espa\u00e7os e usada em diversas receitas do dia a dia.","og_url":"https:\/\/www.correiobraziliense.com.br\/cbradar\/pouca-gente-sabe-mas-esse-fruto-cresce-facil-e-rende-pratos-que-lembram-comida-de-vo\/","og_site_name":"Correio Braziliense - Radar","article_published_time":"2026-01-16T19:25:17+00:00","og_image":[{"width":1280,"height":720,"url":"https:\/\/www.correiobraziliense.com.br\/cbradar\/wp-content\/uploads\/2026\/01\/freepik__imagem-realista-da-abboramoranga__58773.png","type":"image\/png"}],"author":"Daniely Cardoso","twitter_card":"summary_large_image","twitter_misc":{"Escrito por":"Daniely Cardoso","Est. tempo de leitura":"7 minutos"},"schema":{"@context":"https:\/\/schema.org","@graph":[{"@type":"WebPage","@id":"https:\/\/www.correiobraziliense.com.br\/cbradar\/pouca-gente-sabe-mas-esse-fruto-cresce-facil-e-rende-pratos-que-lembram-comida-de-vo\/","url":"https:\/\/www.correiobraziliense.com.br\/cbradar\/pouca-gente-sabe-mas-esse-fruto-cresce-facil-e-rende-pratos-que-lembram-comida-de-vo\/","name":"Pouca gente sabe, mas esse fruto cresce f\u00e1cil e rende pratos que lembram comida de v\u00f3 - Correio Braziliense - Radar","isPartOf":{"@id":"https:\/\/www.correiobraziliense.com.br\/cbradar\/#website"},"primaryImageOfPage":{"@id":"https:\/\/www.correiobraziliense.com.br\/cbradar\/pouca-gente-sabe-mas-esse-fruto-cresce-facil-e-rende-pratos-que-lembram-comida-de-vo\/#primaryimage"},"image":{"@id":"https:\/\/www.correiobraziliense.com.br\/cbradar\/pouca-gente-sabe-mas-esse-fruto-cresce-facil-e-rende-pratos-que-lembram-comida-de-vo\/#primaryimage"},"thumbnailUrl":"https:\/\/www.correiobraziliense.com.br\/cbradar\/wp-content\/uploads\/2026\/01\/freepik__imagem-realista-da-abboramoranga__58773.png","datePublished":"2026-01-16T19:25:17+00:00","author":{"@id":"https:\/\/www.correiobraziliense.com.br\/cbradar\/#\/schema\/person\/7356666e12ec0ee53f348ee5db227032"},"description":"Hortali\u00e7a de cor vibrante rica em antioxidantes pode ser cultivada em pequenos espa\u00e7os e usada em diversas receitas do dia a dia.","breadcrumb":{"@id":"https:\/\/www.correiobraziliense.com.br\/cbradar\/pouca-gente-sabe-mas-esse-fruto-cresce-facil-e-rende-pratos-que-lembram-comida-de-vo\/#breadcrumb"},"inLanguage":"pt-BR","potentialAction":[{"@type":"ReadAction","target":["https:\/\/www.correiobraziliense.com.br\/cbradar\/pouca-gente-sabe-mas-esse-fruto-cresce-facil-e-rende-pratos-que-lembram-comida-de-vo\/"]}]},{"@type":"ImageObject","inLanguage":"pt-BR","@id":"https:\/\/www.correiobraziliense.com.br\/cbradar\/pouca-gente-sabe-mas-esse-fruto-cresce-facil-e-rende-pratos-que-lembram-comida-de-vo\/#primaryimage","url":"https:\/\/www.correiobraziliense.com.br\/cbradar\/wp-content\/uploads\/2026\/01\/freepik__imagem-realista-da-abboramoranga__58773.png","contentUrl":"https:\/\/www.correiobraziliense.com.br\/cbradar\/wp-content\/uploads\/2026\/01\/freepik__imagem-realista-da-abboramoranga__58773.png","width":1280,"height":720,"caption":"A ab\u00f3bora-moranga \u00e9 muito usada em sopas e receitas caseiras no Brasil"},{"@type":"BreadcrumbList","@id":"https:\/\/www.correiobraziliense.com.br\/cbradar\/pouca-gente-sabe-mas-esse-fruto-cresce-facil-e-rende-pratos-que-lembram-comida-de-vo\/#breadcrumb","itemListElement":[{"@type":"ListItem","position":1,"name":"In\u00edcio","item":"https:\/\/www.correiobraziliense.com.br\/cbradar\/"},{"@type":"ListItem","position":2,"name":"Pouca gente sabe, mas esse fruto cresce f\u00e1cil e rende pratos que lembram comida de v\u00f3"}]},{"@type":"WebSite","@id":"https:\/\/www.correiobraziliense.com.br\/cbradar\/#website","url":"https:\/\/www.correiobraziliense.com.br\/cbradar\/","name":"Correio Braziliense - Radar","description":"Acompanhe as \u00faltimas not\u00edcias e fique bem informado sobre tudo o que acontece no Brasil e no mundo.","potentialAction":[{"@type":"SearchAction","target":{"@type":"EntryPoint","urlTemplate":"https:\/\/www.correiobraziliense.com.br\/cbradar\/?s={search_term_string}"},"query-input":{"@type":"PropertyValueSpecification","valueRequired":true,"valueName":"search_term_string"}}],"inLanguage":"pt-BR"},{"@type":"Person","@id":"https:\/\/www.correiobraziliense.com.br\/cbradar\/#\/schema\/person\/7356666e12ec0ee53f348ee5db227032","name":"Daniely Cardoso","image":{"@type":"ImageObject","inLanguage":"pt-BR","@id":"https:\/\/www.correiobraziliense.com.br\/cbradar\/#\/schema\/person\/image\/","url":"https:\/\/secure.gravatar.com\/avatar\/4b80ddbd124d1f071b626d52d62e5dff?s=96&d=mm&r=g","contentUrl":"https:\/\/secure.gravatar.com\/avatar\/4b80ddbd124d1f071b626d52d62e5dff?s=96&d=mm&r=g","caption":"Daniely Cardoso"},"description":"Redatora nos portais CB Radar e EM Foco, formada pela Universidade Federal de Goi\u00e1s, em Goi\u00e2nia. Apaixonada por comunica\u00e7\u00e3o, arte, decora\u00e7\u00e3o e tend\u00eancias, atuo na produ\u00e7\u00e3o de conte\u00fados envolventes sobre curiosidades, moda, beleza e paisagismo, sempre com um olhar atento \u00e0s novidades do momento.","sameAs":["https:\/\/www.correiobraziliense.com.br\/cbradar"],"url":"https:\/\/www.correiobraziliense.com.br\/cbradar\/author\/danielymyth\/"}]}},"_links":{"self":[{"href":"https:\/\/www.correiobraziliense.com.br\/cbradar\/wp-json\/wp\/v2\/posts\/175288","targetHints":{"allow":["GET"]}}],"collection":[{"href":"https:\/\/www.correiobraziliense.com.br\/cbradar\/wp-json\/wp\/v2\/posts"}],"about":[{"href":"https:\/\/www.correiobraziliense.com.br\/cbradar\/wp-json\/wp\/v2\/types\/post"}],"author":[{"embeddable":true,"href":"https:\/\/www.correiobraziliense.com.br\/cbradar\/wp-json\/wp\/v2\/users\/9"}],"replies":[{"embeddable":true,"href":"https:\/\/www.correiobraziliense.com.br\/cbradar\/wp-json\/wp\/v2\/comments?post=175288"}],"version-history":[{"count":2,"href":"https:\/\/www.correiobraziliense.com.br\/cbradar\/wp-json\/wp\/v2\/posts\/175288\/revisions"}],"predecessor-version":[{"id":175522,"href":"https:\/\/www.correiobraziliense.com.br\/cbradar\/wp-json\/wp\/v2\/posts\/175288\/revisions\/175522"}],"wp:featuredmedia":[{"embeddable":true,"href":"https:\/\/www.correiobraziliense.com.br\/cbradar\/wp-json\/wp\/v2\/media\/175561"}],"wp:attachment":[{"href":"https:\/\/www.correiobraziliense.com.br\/cbradar\/wp-json\/wp\/v2\/media?parent=175288"}],"wp:term":[{"taxonomy":"category","embeddable":true,"href":"https:\/\/www.correiobraziliense.com.br\/cbradar\/wp-json\/wp\/v2\/categories?post=175288"},{"taxonomy":"post_tag","embeddable":true,"href":"https:\/\/www.correiobraziliense.com.br\/cbradar\/wp-json\/wp\/v2\/post_tag?post=175288"}],"curies":[{"name":"wp","href":"https:\/\/api.w.org\/{rel}","templated":true}]}}