{"id":175297,"date":"2026-01-15T07:45:00","date_gmt":"2026-01-15T10:45:00","guid":{"rendered":"https:\/\/www.correiobraziliense.com.br\/cbradar\/?p=175297"},"modified":"2026-01-14T16:16:12","modified_gmt":"2026-01-14T19:16:12","slug":"a-teoria-surpreendente-que-muda-tudo-sobre-o-autismo","status":"publish","type":"post","link":"https:\/\/www.correiobraziliense.com.br\/cbradar\/a-teoria-surpreendente-que-muda-tudo-sobre-o-autismo\/","title":{"rendered":"A teoria surpreendente que muda tudo sobre o autismo"},"content":{"rendered":"\n<p>A compreens\u00e3o do <strong>Transtorno do Espectro Autista (TEA)<\/strong> tem passado por transforma\u00e7\u00f5es significativas nos \u00faltimos anos. Tradicionalmente, o autismo era interpretado principalmente por suas dificuldades, principalmente em comunica\u00e7\u00e3o e intera\u00e7\u00e3o social. No entanto, novas abordagens nas \u00e1reas da Psicologia Evolucionista e Gen\u00e9tica de Popula\u00e7\u00f5es sugerem que o autismo pode ser uma varia\u00e7\u00e3o estrat\u00e9gica mantida pela sele\u00e7\u00e3o natural.<\/p>\n\n\n\n<p>Essa perspectiva considera que, apesar das dificuldades inerentes ao TEA, muitos autistas exibem habilidades not\u00e1veis, especialmente em sistematiza\u00e7\u00e3o e reconhecimento de padr\u00f5es. Para v\u00e1rios pesquisadores, essas capacidades extraordin\u00e1rias podem ter desempenhado um papel importante na evolu\u00e7\u00e3o social e cognitiva humana, sugerindo uma vantagem evolutiva no passado.<\/p>\n\n\n\n<h2 class=\"wp-block-heading\">Como a Gen\u00e9tica Contribui para o Entendimento do TEA?<\/h2>\n\n\n\n<p>Estudos gen\u00e9ticos recentes trazem \u00e0 tona informa\u00e7\u00f5es cruciais sobre a evolu\u00e7\u00e3o do c\u00e9rebro humano em rela\u00e7\u00e3o ao autismo. Pesquisa de Starr e Fraser, publicada na revista&nbsp;<em>Molecular Biology and Evolution<\/em>, explorou a evolu\u00e7\u00e3o de neur\u00f4nios excitat\u00f3rios no neoc\u00f3rtex humano, que desempenham um papel vital na cogni\u00e7\u00e3o complexa. Esses neur\u00f4nios aparentemente evolu\u00edram de maneira r\u00e1pida em humanos em compara\u00e7\u00e3o com outros primatas, sugerindo um impulso para fun\u00e7\u00f5es cognitivas superiores.<\/p>\n\n\n\n<figure class=\"wp-block-image aligncenter size-large\"><img decoding=\"async\" width=\"1024\" height=\"576\" src=\"https:\/\/www.correiobraziliense.com.br\/cbradar\/wp-content\/uploads\/2025\/05\/autismo_1748208033281-1024x576.jpg\" alt=\"\" class=\"wp-image-42924\" srcset=\"https:\/\/www.correiobraziliense.com.br\/cbradar\/wp-content\/uploads\/2025\/05\/autismo_1748208033281-1024x576.jpg 1024w, https:\/\/www.correiobraziliense.com.br\/cbradar\/wp-content\/uploads\/2025\/05\/autismo_1748208033281-300x169.jpg 300w, https:\/\/www.correiobraziliense.com.br\/cbradar\/wp-content\/uploads\/2025\/05\/autismo_1748208033281-768x432.jpg 768w, https:\/\/www.correiobraziliense.com.br\/cbradar\/wp-content\/uploads\/2025\/05\/autismo_1748208033281-750x422.jpg 750w, https:\/\/www.correiobraziliense.com.br\/cbradar\/wp-content\/uploads\/2025\/05\/autismo_1748208033281-1140x641.jpg 1140w, https:\/\/www.correiobraziliense.com.br\/cbradar\/wp-content\/uploads\/2025\/05\/autismo_1748208033281.jpg 1280w\" sizes=\"(max-width: 1024px) 100vw, 1024px\" \/><figcaption class=\"wp-element-caption\">Autismo &#8211; Cr\u00e9ditos: depositphotos.com \/ IgorVetushko\n\n<\/figcaption><\/figure>\n\n\n\n<p>O estudo tamb\u00e9m revelou um fato surpreendente: essa evolu\u00e7\u00e3o acelerada coincidiu com uma diminui\u00e7\u00e3o na express\u00e3o de genes associados ao desenvolvimento do TEA. Isso levanta a hip\u00f3tese de que a evolu\u00e7\u00e3o de nossa intelig\u00eancia possa ter vindo com a redu\u00e7\u00e3o de genes protetores do neurodesenvolvimento, sugerindo um impacto no aumento dos tra\u00e7os aut\u00edsticos.<\/p>\n\n\n\n<h2 class=\"wp-block-heading\">Quais Fatores Contribuem para o Aumento da Preval\u00eancia do Autismo?<\/h2>\n\n\n\n<p>Relat\u00f3rios do Centro de Controle e Preven\u00e7\u00e3o de Doen\u00e7as dos EUA indicam uma preval\u00eancia crescente do TEA, com um diagn\u00f3stico a cada 36 crian\u00e7as. Parte desse aumento pode ser atribu\u00eddo a mudan\u00e7as nos crit\u00e9rios de diagn\u00f3stico e maior conscientiza\u00e7\u00e3o. Entretanto, h\u00e1 discuss\u00f5es sobre fatores adicionais que podem desempenhar papel nesse crescimento, como fatores gen\u00e9ticos discutidos anteriormente.<\/p>\n\n\n\n<p>A hip\u00f3tese de acasalamento assortativo, proposta por Simon Baron-Cohen, sugere que a sociedade moderna pode estar facilitando uni\u00f5es entre pessoas com tra\u00e7os cognitivos semelhantes, resultando em maior probabilidade de autismo na prole. Essa ideia levanta quest\u00f5es sobre a influ\u00eancia das rela\u00e7\u00f5es sociais e profissionais na heran\u00e7a gen\u00e9tica.<\/p>\n\n\n\n<h2 class=\"wp-block-heading\">O Que o Futuro Reserva para uma Sociedade Neurodiversa?<\/h2>\n\n\n\n<p>A possibilidade de um futuro dominado por indiv\u00edduos com perfis neurodivergentes levanta quest\u00f5es socioculturais importantes. Al\u00e9m do potencial impacto de uma elite cognitiva emergente, a discuss\u00e3o destaca a necessidade de combater conceitos preconceituosos e capacitistas. A aceita\u00e7\u00e3o da neurodiversidade como um componente essencial da diversidade humana \u00e9 crucial para garantir uma sociedade inclusiva e evolu\u00edda.<\/p>\n\n\n\n<p>Para enfrentar esses desafios, os sistemas educacionais devem ser adaptados para atender \u00e0s necessidades de crian\u00e7as e adolescentes com TEA. Esta abordagem inclusiva n\u00e3o s\u00f3 promove uma sociedade mais equitativa, mas tamb\u00e9m reconhece o valor intr\u00ednseco de todos os indiv\u00edduos, independentemente de suas capacidades <a href=\"https:\/\/www.correiobraziliense.com.br\/cbradar\/dra-carlucci-ventura-nefrologista-a-forma-mais-confortavel-de-hemodialise-conquista-pacientes\/\" target=\"_blank\" rel=\"noreferrer noopener\">cognitivas<\/a>.<\/p>\n\n\n\n<p>Em \u00faltima an\u00e1lise, o autismo deve ser visto como uma parte essencial e crescente do desenvolvimento evolutivo humano. Ao abra\u00e7ar a diversidade e promover a equidade, as sociedades podem se fortalecer, assegurando oportunidades para todos. Essa perspectiva coloca a inclus\u00e3o como pe\u00e7a fundamental para o sucesso e progresso humano.<\/p>\n\n\n<a href=\"https:\/\/www.instagram.com\/dra.annaluisabf\/\" target=\"_blank\" rel=\"noopener\" style=\"text-decoration: none; color: inherit;\">\n    <span style=\"display: inline-block; border: 1px solid #ccc; border-radius: 10px; padding: 15px; max-width: 550px; font-family: sans-serif; box-shadow: 0 2px 5px rgba(0,0,0,0.1); width: 100%;\">\n\n      <!-- T\u00edtulo -->\n      <span style=\"display: block; margin: 0 0 15px 0; font-weight: bold; color: #2c3e50; text-align: center;\">\n        Entre em contato:\n      <\/span>\n\n      <!-- Linha do perfil -->\n      <span style=\"display: flex; align-items: center; gap: 15px;\">\n        <img decoding=\"async\"\n          src=\"https:\/\/www.correiobraziliense.com.br\/cbradar\/wp-content\/uploads\/2025\/08\/dra_anna_luisa.jpeg\"\n          alt=\"Foto da Dra. Anna Lu\u00edsa\"\n          style=\"border-radius: 50%; width: 80px; height: 80px; object-fit: cover;\"\n        \/>\n        <span style=\"display: flex; flex-direction: column;\">\n          <span style=\"font-size: 18px; font-weight: 700; color: #2c3e50;\">Dra. Anna Lu\u00edsa Barbosa Fernandes<\/span>\n          <span style=\"color: #555;\">CRM-GO 33.271<\/span>\n        <\/span>\n      <\/span>\n\n      <!-- Redes -->\n      <span style=\"display: flex; align-items: center; gap: 10px; margin-top: 12px;\">\n        <img decoding=\"async\" src=\"https:\/\/cdn-icons-png.flaticon.com\/24\/1384\/1384063.png\" alt=\"Instagram\" width=\"24\" height=\"24\" \/>\n        <span style=\"text-decoration: underline; color: #2c3e50;\">@dra.annaluisabf<\/span>\n      <\/span>\n\n    <\/span>\n  <\/a>","protected":false},"excerpt":{"rendered":"<p>A compreens\u00e3o do Transtorno do Espectro Autista (TEA) tem passado por transforma\u00e7\u00f5es significativas nos \u00faltimos anos. Tradicionalmente, o autismo era interpretado principalmente por suas dificuldades, principalmente em comunica\u00e7\u00e3o e intera\u00e7\u00e3o social. No entanto, novas abordagens nas \u00e1reas da Psicologia Evolucionista e Gen\u00e9tica de Popula\u00e7\u00f5es sugerem que o autismo pode ser uma varia\u00e7\u00e3o estrat\u00e9gica mantida pela [&hellip;]<\/p>\n","protected":false},"author":14,"featured_media":42923,"comment_status":"open","ping_status":"open","sticky":false,"template":"","format":"standard","meta":{"_yoast_wpseo_focuskw":"Transtorno do Espectro Autista (TEA)","_yoast_wpseo_title":"","_yoast_wpseo_metadesc":"O autismo pode representar uma varia\u00e7\u00e3o evolutiva com vantagens cognitivas que a ci\u00eancia come\u00e7a a compreender.","jnews-multi-image_gallery":[],"jnews_single_post":{"format":"standard"},"jnews_primary_category":[],"jnews_social_meta":[],"jnews_override_counter":[],"footnotes":""},"categories":[4404],"post_tag":[120,1318],"class_list":["post-175297","post","type-post","status-publish","format-standard","has-post-thumbnail","hentry","category-saude","tag-bem-estar","tag-saude-2"],"yoast_head":"<!-- This site is optimized with the Yoast SEO plugin v24.6 - https:\/\/yoast.com\/wordpress\/plugins\/seo\/ -->\n<title>A teoria surpreendente que muda tudo sobre o autismo - Correio Braziliense - Radar<\/title>\n<meta name=\"description\" content=\"O autismo pode representar uma varia\u00e7\u00e3o evolutiva com vantagens cognitivas que a ci\u00eancia come\u00e7a a compreender.\" \/>\n<meta name=\"robots\" content=\"index, follow, max-snippet:-1, max-image-preview:large, max-video-preview:-1\" \/>\n<link rel=\"canonical\" href=\"https:\/\/www.correiobraziliense.com.br\/cbradar\/a-teoria-surpreendente-que-muda-tudo-sobre-o-autismo\/\" \/>\n<meta property=\"og:locale\" content=\"pt_BR\" \/>\n<meta property=\"og:type\" content=\"article\" \/>\n<meta property=\"og:title\" content=\"A teoria surpreendente que muda tudo sobre o autismo - Correio Braziliense - Radar\" \/>\n<meta property=\"og:description\" content=\"O autismo pode representar uma varia\u00e7\u00e3o evolutiva com vantagens cognitivas que a ci\u00eancia come\u00e7a a compreender.\" \/>\n<meta property=\"og:url\" content=\"https:\/\/www.correiobraziliense.com.br\/cbradar\/a-teoria-surpreendente-que-muda-tudo-sobre-o-autismo\/\" \/>\n<meta property=\"og:site_name\" content=\"Correio Braziliense - Radar\" \/>\n<meta property=\"article:published_time\" content=\"2026-01-15T10:45:00+00:00\" \/>\n<meta property=\"og:image\" content=\"https:\/\/www.correiobraziliense.com.br\/cbradar\/wp-content\/uploads\/2025\/05\/autismo_1748208000746.jpg\" \/>\n\t<meta property=\"og:image:width\" content=\"1280\" \/>\n\t<meta property=\"og:image:height\" content=\"720\" \/>\n\t<meta property=\"og:image:type\" content=\"image\/jpeg\" \/>\n<meta name=\"author\" content=\"guilherme_saude\" \/>\n<meta name=\"twitter:card\" content=\"summary_large_image\" \/>\n<meta name=\"twitter:label1\" content=\"Escrito por\" \/>\n\t<meta name=\"twitter:data1\" content=\"guilherme_saude\" \/>\n\t<meta name=\"twitter:label2\" content=\"Est. tempo de leitura\" \/>\n\t<meta name=\"twitter:data2\" content=\"4 minutos\" \/>\n<!-- \/ Yoast SEO plugin. -->","yoast_head_json":{"title":"A teoria surpreendente que muda tudo sobre o autismo - Correio Braziliense - Radar","description":"O autismo pode representar uma varia\u00e7\u00e3o evolutiva com vantagens cognitivas que a ci\u00eancia come\u00e7a a compreender.","robots":{"index":"index","follow":"follow","max-snippet":"max-snippet:-1","max-image-preview":"max-image-preview:large","max-video-preview":"max-video-preview:-1"},"canonical":"https:\/\/www.correiobraziliense.com.br\/cbradar\/a-teoria-surpreendente-que-muda-tudo-sobre-o-autismo\/","og_locale":"pt_BR","og_type":"article","og_title":"A teoria surpreendente que muda tudo sobre o autismo - Correio Braziliense - Radar","og_description":"O autismo pode representar uma varia\u00e7\u00e3o evolutiva com vantagens cognitivas que a ci\u00eancia come\u00e7a a compreender.","og_url":"https:\/\/www.correiobraziliense.com.br\/cbradar\/a-teoria-surpreendente-que-muda-tudo-sobre-o-autismo\/","og_site_name":"Correio Braziliense - Radar","article_published_time":"2026-01-15T10:45:00+00:00","og_image":[{"width":1280,"height":720,"url":"https:\/\/www.correiobraziliense.com.br\/cbradar\/wp-content\/uploads\/2025\/05\/autismo_1748208000746.jpg","type":"image\/jpeg"}],"author":"guilherme_saude","twitter_card":"summary_large_image","twitter_misc":{"Escrito por":"guilherme_saude","Est. tempo de leitura":"4 minutos"},"schema":{"@context":"https:\/\/schema.org","@graph":[{"@type":"WebPage","@id":"https:\/\/www.correiobraziliense.com.br\/cbradar\/a-teoria-surpreendente-que-muda-tudo-sobre-o-autismo\/","url":"https:\/\/www.correiobraziliense.com.br\/cbradar\/a-teoria-surpreendente-que-muda-tudo-sobre-o-autismo\/","name":"A teoria surpreendente que muda tudo sobre o autismo - Correio Braziliense - Radar","isPartOf":{"@id":"https:\/\/www.correiobraziliense.com.br\/cbradar\/#website"},"primaryImageOfPage":{"@id":"https:\/\/www.correiobraziliense.com.br\/cbradar\/a-teoria-surpreendente-que-muda-tudo-sobre-o-autismo\/#primaryimage"},"image":{"@id":"https:\/\/www.correiobraziliense.com.br\/cbradar\/a-teoria-surpreendente-que-muda-tudo-sobre-o-autismo\/#primaryimage"},"thumbnailUrl":"https:\/\/www.correiobraziliense.com.br\/cbradar\/wp-content\/uploads\/2025\/05\/autismo_1748208000746.jpg","datePublished":"2026-01-15T10:45:00+00:00","author":{"@id":"https:\/\/www.correiobraziliense.com.br\/cbradar\/#\/schema\/person\/5aa4bf3c8fa699c267933611de12978b"},"description":"O autismo pode representar uma varia\u00e7\u00e3o evolutiva com vantagens cognitivas que a ci\u00eancia come\u00e7a a compreender.","breadcrumb":{"@id":"https:\/\/www.correiobraziliense.com.br\/cbradar\/a-teoria-surpreendente-que-muda-tudo-sobre-o-autismo\/#breadcrumb"},"inLanguage":"pt-BR","potentialAction":[{"@type":"ReadAction","target":["https:\/\/www.correiobraziliense.com.br\/cbradar\/a-teoria-surpreendente-que-muda-tudo-sobre-o-autismo\/"]}]},{"@type":"ImageObject","inLanguage":"pt-BR","@id":"https:\/\/www.correiobraziliense.com.br\/cbradar\/a-teoria-surpreendente-que-muda-tudo-sobre-o-autismo\/#primaryimage","url":"https:\/\/www.correiobraziliense.com.br\/cbradar\/wp-content\/uploads\/2025\/05\/autismo_1748208000746.jpg","contentUrl":"https:\/\/www.correiobraziliense.com.br\/cbradar\/wp-content\/uploads\/2025\/05\/autismo_1748208000746.jpg","width":1280,"height":720,"caption":"Autismo - Cr\u00e9ditos: depositphotos.com \/ HayDmitriy"},{"@type":"BreadcrumbList","@id":"https:\/\/www.correiobraziliense.com.br\/cbradar\/a-teoria-surpreendente-que-muda-tudo-sobre-o-autismo\/#breadcrumb","itemListElement":[{"@type":"ListItem","position":1,"name":"In\u00edcio","item":"https:\/\/www.correiobraziliense.com.br\/cbradar\/"},{"@type":"ListItem","position":2,"name":"A teoria surpreendente que muda tudo sobre o autismo"}]},{"@type":"WebSite","@id":"https:\/\/www.correiobraziliense.com.br\/cbradar\/#website","url":"https:\/\/www.correiobraziliense.com.br\/cbradar\/","name":"Correio Braziliense - Radar","description":"Acompanhe as \u00faltimas not\u00edcias e fique bem informado sobre tudo o que acontece no Brasil e no mundo.","potentialAction":[{"@type":"SearchAction","target":{"@type":"EntryPoint","urlTemplate":"https:\/\/www.correiobraziliense.com.br\/cbradar\/?s={search_term_string}"},"query-input":{"@type":"PropertyValueSpecification","valueRequired":true,"valueName":"search_term_string"}}],"inLanguage":"pt-BR"},{"@type":"Person","@id":"https:\/\/www.correiobraziliense.com.br\/cbradar\/#\/schema\/person\/5aa4bf3c8fa699c267933611de12978b","name":"guilherme_saude","image":{"@type":"ImageObject","inLanguage":"pt-BR","@id":"https:\/\/www.correiobraziliense.com.br\/cbradar\/#\/schema\/person\/image\/","url":"https:\/\/secure.gravatar.com\/avatar\/df9adfb835d344bc0af109d41756253f?s=96&d=mm&r=g","contentUrl":"https:\/\/secure.gravatar.com\/avatar\/df9adfb835d344bc0af109d41756253f?s=96&d=mm&r=g","caption":"guilherme_saude"},"url":"https:\/\/www.correiobraziliense.com.br\/cbradar\/author\/guilherme_saude\/"}]}},"_links":{"self":[{"href":"https:\/\/www.correiobraziliense.com.br\/cbradar\/wp-json\/wp\/v2\/posts\/175297","targetHints":{"allow":["GET"]}}],"collection":[{"href":"https:\/\/www.correiobraziliense.com.br\/cbradar\/wp-json\/wp\/v2\/posts"}],"about":[{"href":"https:\/\/www.correiobraziliense.com.br\/cbradar\/wp-json\/wp\/v2\/types\/post"}],"author":[{"embeddable":true,"href":"https:\/\/www.correiobraziliense.com.br\/cbradar\/wp-json\/wp\/v2\/users\/14"}],"replies":[{"embeddable":true,"href":"https:\/\/www.correiobraziliense.com.br\/cbradar\/wp-json\/wp\/v2\/comments?post=175297"}],"version-history":[{"count":1,"href":"https:\/\/www.correiobraziliense.com.br\/cbradar\/wp-json\/wp\/v2\/posts\/175297\/revisions"}],"predecessor-version":[{"id":175356,"href":"https:\/\/www.correiobraziliense.com.br\/cbradar\/wp-json\/wp\/v2\/posts\/175297\/revisions\/175356"}],"wp:featuredmedia":[{"embeddable":true,"href":"https:\/\/www.correiobraziliense.com.br\/cbradar\/wp-json\/wp\/v2\/media\/42923"}],"wp:attachment":[{"href":"https:\/\/www.correiobraziliense.com.br\/cbradar\/wp-json\/wp\/v2\/media?parent=175297"}],"wp:term":[{"taxonomy":"category","embeddable":true,"href":"https:\/\/www.correiobraziliense.com.br\/cbradar\/wp-json\/wp\/v2\/categories?post=175297"},{"taxonomy":"post_tag","embeddable":true,"href":"https:\/\/www.correiobraziliense.com.br\/cbradar\/wp-json\/wp\/v2\/post_tag?post=175297"}],"curies":[{"name":"wp","href":"https:\/\/api.w.org\/{rel}","templated":true}]}}