{"id":175372,"date":"2026-01-16T11:05:00","date_gmt":"2026-01-16T14:05:00","guid":{"rendered":"https:\/\/www.correiobraziliense.com.br\/cbradar\/?p=175372"},"modified":"2026-01-15T16:40:58","modified_gmt":"2026-01-15T19:40:58","slug":"pesquisadores-brasileiros-encontram-nova-esperanca-contra-o-alzheimer","status":"publish","type":"post","link":"https:\/\/www.correiobraziliense.com.br\/cbradar\/pesquisadores-brasileiros-encontram-nova-esperanca-contra-o-alzheimer\/","title":{"rendered":"Pesquisadores brasileiros encontram nova esperan\u00e7a contra o Alzheimer"},"content":{"rendered":"\n<p>A busca por novas estrat\u00e9gias para conter o avan\u00e7o do Alzheimer tem sido uma preocupa\u00e7\u00e3o crescente na comunidade cient\u00edfica. Um projeto interdisciplinar liderado pela<strong> Universidade de Bras\u00edlia (UnB)<\/strong> prop\u00f5e uma abordagem inovadora ao investigar mol\u00e9culas derivadas do veneno do marimbondo-estrela. Essa pesquisa tem o potencial de revolucionar o tratamento ao interferir na forma\u00e7\u00e3o das placas de prote\u00edna beta-amiloide, um dos principais respons\u00e1veis pela progress\u00e3o da doen\u00e7a.<\/p>\n\n\n\n<p>O Alzheimer \u00e9 uma doen\u00e7a neurodegenerativa caracterizada pelo ac\u00famulo dessas placas entre os neur\u00f4nios, levando \u00e0 inflama\u00e7\u00e3o e interrup\u00e7\u00e3o da comunica\u00e7\u00e3o celular. Esse processo resulta em morte neural e decl\u00ednio cognitivo. Estudos recentes apontam que as mol\u00e9culas octovespin e fraternina-10, inspiradas no veneno do marimbondo, podem ser eficazes ao prevenir a forma\u00e7\u00e3o dessas placas, oferecendo uma nova esperan\u00e7a no tratamento preventivo da doen\u00e7a.<\/p>\n\n\n\n<h2 class=\"wp-block-heading\">Como as Novas Mol\u00e9culas Podem Influenciar o Tratamento do Alzheimer?<\/h2>\n\n\n\n<p>Os pept\u00eddeos octovespin e fraternina-10 s\u00e3o o resultado de anos de pesquisa minuciosa. O projeto teve in\u00edcio com a observa\u00e7\u00e3o do efeito paralisante do veneno de marimbondo em pequenas presas, o que indicava a presen\u00e7a de subst\u00e2ncias com a\u00e7\u00e3o no sistema nervoso. Ao longo de 25 anos, pesquisadores da UnB isolaram e caracterizaram v\u00e1rios compostos, desenvolvendo mol\u00e9culas modificadas que trouxeram avan\u00e7os significativos no combate ao Alzheimer.<\/p>\n\n\n\n<figure class=\"wp-block-image aligncenter size-large\"><img decoding=\"async\" width=\"1024\" height=\"576\" src=\"https:\/\/www.correiobraziliense.com.br\/cbradar\/wp-content\/uploads\/2025\/05\/alzheimer_1743429715051-1024x576.jpg\" alt=\"\" class=\"wp-image-34613\" srcset=\"https:\/\/www.correiobraziliense.com.br\/cbradar\/wp-content\/uploads\/2025\/05\/alzheimer_1743429715051-1024x576.jpg 1024w, https:\/\/www.correiobraziliense.com.br\/cbradar\/wp-content\/uploads\/2025\/05\/alzheimer_1743429715051-300x169.jpg 300w, https:\/\/www.correiobraziliense.com.br\/cbradar\/wp-content\/uploads\/2025\/05\/alzheimer_1743429715051-768x432.jpg 768w, https:\/\/www.correiobraziliense.com.br\/cbradar\/wp-content\/uploads\/2025\/05\/alzheimer_1743429715051-750x422.jpg 750w, https:\/\/www.correiobraziliense.com.br\/cbradar\/wp-content\/uploads\/2025\/05\/alzheimer_1743429715051-1140x641.jpg 1140w, https:\/\/www.correiobraziliense.com.br\/cbradar\/wp-content\/uploads\/2025\/05\/alzheimer_1743429715051.jpg 1280w\" sizes=\"(max-width: 1024px) 100vw, 1024px\" \/><figcaption class=\"wp-element-caption\"> Alzheimer  &#8211; Cr\u00e9ditos: depositphotos.com \/ AndrewLozovyi\n\n<\/figcaption><\/figure>\n\n\n\n<p>Simula\u00e7\u00f5es computacionais lideradas por professores da UnB mostraram que esses pept\u00eddeos causam altera\u00e7\u00f5es estruturais nas placas proteicas, sugerindo um potencial de desagrega\u00e7\u00e3o. Os testes demonstraram que, quando aplicados diretamente no c\u00e9rebro de camundongos, as mol\u00e9culas n\u00e3o s\u00f3 reduziram a aglomera\u00e7\u00e3o de beta-amiloides como tamb\u00e9m minimizaram sintomas como perda de mem\u00f3ria. Essa abordagem representa uma diferen\u00e7a crucial em compara\u00e7\u00e3o aos tratamentos atualmente dispon\u00edveis, que muitas vezes focam apenas em retardar o progresso dos sintomas.<\/p>\n\n\n\n<h2 class=\"wp-block-heading\">Quais Limita\u00e7\u00f5es Ainda Precisam Ser Superadas?<\/h2>\n\n\n\n<p>Apesar dos avan\u00e7os, a pesquisa enfrenta desafios. Os resultados promissores das simula\u00e7\u00f5es computacionais e testes in vitro n\u00e3o foram totalmente replicados em estudos com animais. As simula\u00e7\u00f5es tendem a simplificar processos complexos, o que pode n\u00e3o refletir com precis\u00e3o as condi\u00e7\u00f5es biol\u00f3gicas reais. Al\u00e9m disso, os testes in vitro n\u00e3o reproduzem as complexidades de um organismo vivo. Essa disparidade ressalta a necessidade de mais estudos para validar a efic\u00e1cia das mol\u00e9culas em condi\u00e7\u00f5es biol\u00f3gicas reais.<\/p>\n\n\n\n<p>Para que essas mol\u00e9culas avancem para etapas pr\u00e9-cl\u00ednicas mais amplas, ser\u00e1 crucial determinar a melhor via de administra\u00e7\u00e3o, visto que a aplica\u00e7\u00e3o direta no c\u00e9rebro n\u00e3o \u00e9 clinicamente vi\u00e1vel. Estudos adicionais sobre dosagem, toxicidade e farmacocin\u00e9tica ser\u00e3o essenciais para assegurar a seguran\u00e7a e efic\u00e1cia dos compostos antes de qualquer teste em humanos.<\/p>\n\n\n\n<h2 class=\"wp-block-heading\">O Impacto do Envelhecimento Populacional e a Relev\u00e2ncia dos Estudos<\/h2>\n\n\n\n<p>Com o envelhecimento crescente da popula\u00e7\u00e3o, a incid\u00eancia de doen\u00e7as neurodegenerativas, como o Alzheimer, torna-se uma preocupa\u00e7\u00e3o de <a href=\"https:\/\/www.correiobraziliense.com.br\/cbradar\/dra-carlucci-ventura-nefrologista-a-forma-mais-confortavel-de-hemodialise-conquista-pacientes\/\" target=\"_blank\" rel=\"noreferrer noopener\">sa\u00fade <\/a>p\u00fablica. Dados do Minist\u00e9rio da <a href=\"https:\/\/www.correiobraziliense.com.br\/cbradar\/dra-carlucci-ventura-nefrologista-a-forma-mais-confortavel-de-hemodialise-conquista-pacientes\/\" target=\"_blank\" rel=\"noreferrer noopener\">Sa\u00fade <\/a>projetam um aumento dram\u00e1tico no n\u00famero de casos no Brasil nas pr\u00f3ximas d\u00e9cadas. Tal cen\u00e1rio intensifica a urg\u00eancia de pesquisas como a conduzida pela UnB, destacando a import\u00e2ncia de desenvolver tratamentos que possam frear ou reverter o curso da doen\u00e7a.<\/p>\n\n\n\n<p>Apesar dos desafios inerentes, os avan\u00e7os nessa \u00e1rea destacam o potencial de terapias antiamiloides como uma abordagem promissora no tratamento do Alzheimer. Ao focar na estabiliza\u00e7\u00e3o do cen\u00e1rio de degenera\u00e7\u00e3o cognitiva, essas terapias podem proporcionar aos pacientes uma melhor qualidade de vida, mantendo sua autonomia e capacidade de intera\u00e7\u00e3o social por mais tempo.<\/p>\n\n\n<a href=\"https:\/\/www.instagram.com\/dra.annaluisabf\/\" target=\"_blank\" rel=\"noopener\" style=\"text-decoration: none; color: inherit;\">\n    <span style=\"display: inline-block; border: 1px solid #ccc; border-radius: 10px; padding: 15px; max-width: 550px; font-family: sans-serif; box-shadow: 0 2px 5px rgba(0,0,0,0.1); width: 100%;\">\n\n      <!-- T\u00edtulo -->\n      <span style=\"display: block; margin: 0 0 15px 0; font-weight: bold; color: #2c3e50; text-align: center;\">\n        Entre em contato:\n      <\/span>\n\n      <!-- Linha do perfil -->\n      <span style=\"display: flex; align-items: center; gap: 15px;\">\n        <img decoding=\"async\"\n          src=\"https:\/\/www.correiobraziliense.com.br\/cbradar\/wp-content\/uploads\/2025\/08\/dra_anna_luisa.jpeg\"\n          alt=\"Foto da Dra. Anna Lu\u00edsa\"\n          style=\"border-radius: 50%; width: 80px; height: 80px; object-fit: cover;\"\n        \/>\n        <span style=\"display: flex; flex-direction: column;\">\n          <span style=\"font-size: 18px; font-weight: 700; color: #2c3e50;\">Dra. Anna Lu\u00edsa Barbosa Fernandes<\/span>\n          <span style=\"color: #555;\">CRM-GO 33.271<\/span>\n        <\/span>\n      <\/span>\n\n      <!-- Redes -->\n      <span style=\"display: flex; align-items: center; gap: 10px; margin-top: 12px;\">\n        <img decoding=\"async\" src=\"https:\/\/cdn-icons-png.flaticon.com\/24\/1384\/1384063.png\" alt=\"Instagram\" width=\"24\" height=\"24\" \/>\n        <span style=\"text-decoration: underline; color: #2c3e50;\">@dra.annaluisabf<\/span>\n      <\/span>\n\n    <\/span>\n  <\/a>\n\n\n<p><\/p>\n","protected":false},"excerpt":{"rendered":"<p>A busca por novas estrat\u00e9gias para conter o avan\u00e7o do Alzheimer tem sido uma preocupa\u00e7\u00e3o crescente na comunidade cient\u00edfica. Um projeto interdisciplinar liderado pela Universidade de Bras\u00edlia (UnB) prop\u00f5e uma abordagem inovadora ao investigar mol\u00e9culas derivadas do veneno do marimbondo-estrela. Essa pesquisa tem o potencial de revolucionar o tratamento ao interferir na forma\u00e7\u00e3o das placas [&hellip;]<\/p>\n","protected":false},"author":14,"featured_media":34612,"comment_status":"open","ping_status":"open","sticky":false,"template":"","format":"standard","meta":{"_yoast_wpseo_focuskw":"Alzheimer","_yoast_wpseo_title":"","_yoast_wpseo_metadesc":"Pesquisa brasileira investiga mol\u00e9culas in\u00e9ditas que podem impedir a progress\u00e3o do Alzheimer.","jnews-multi-image_gallery":[],"jnews_single_post":{"format":"standard"},"jnews_primary_category":[],"jnews_social_meta":[],"jnews_override_counter":[],"footnotes":""},"categories":[4404],"tags":[120,247,565],"class_list":["post-175372","post","type-post","status-publish","format-standard","has-post-thumbnail","hentry","category-saude","tag-bem-estar","tag-qualidade-de-vida","tag-saude"],"yoast_head":"<!-- This site is optimized with the Yoast SEO plugin v24.6 - https:\/\/yoast.com\/wordpress\/plugins\/seo\/ -->\n<title>Pesquisadores brasileiros encontram nova esperan\u00e7a contra o Alzheimer - Correio Braziliense - Radar<\/title>\n<meta name=\"description\" content=\"Pesquisa brasileira investiga mol\u00e9culas in\u00e9ditas que podem impedir a progress\u00e3o do Alzheimer.\" \/>\n<meta name=\"robots\" content=\"index, follow, max-snippet:-1, max-image-preview:large, max-video-preview:-1\" \/>\n<link rel=\"canonical\" href=\"https:\/\/www.correiobraziliense.com.br\/cbradar\/pesquisadores-brasileiros-encontram-nova-esperanca-contra-o-alzheimer\/\" \/>\n<meta property=\"og:locale\" content=\"pt_BR\" \/>\n<meta property=\"og:type\" content=\"article\" \/>\n<meta property=\"og:title\" content=\"Pesquisadores brasileiros encontram nova esperan\u00e7a contra o Alzheimer - Correio Braziliense - Radar\" \/>\n<meta property=\"og:description\" content=\"Pesquisa brasileira investiga mol\u00e9culas in\u00e9ditas que podem impedir a progress\u00e3o do Alzheimer.\" \/>\n<meta property=\"og:url\" content=\"https:\/\/www.correiobraziliense.com.br\/cbradar\/pesquisadores-brasileiros-encontram-nova-esperanca-contra-o-alzheimer\/\" \/>\n<meta property=\"og:site_name\" content=\"Correio Braziliense - Radar\" \/>\n<meta property=\"article:published_time\" content=\"2026-01-16T14:05:00+00:00\" \/>\n<meta property=\"og:image\" content=\"https:\/\/www.correiobraziliense.com.br\/cbradar\/wp-content\/uploads\/2025\/05\/alzheimer_1741783839871.jpg\" \/>\n\t<meta property=\"og:image:width\" content=\"1280\" \/>\n\t<meta property=\"og:image:height\" content=\"720\" \/>\n\t<meta property=\"og:image:type\" content=\"image\/jpeg\" \/>\n<meta name=\"author\" content=\"guilherme_saude\" \/>\n<meta name=\"twitter:card\" content=\"summary_large_image\" \/>\n<meta name=\"twitter:label1\" content=\"Escrito por\" \/>\n\t<meta name=\"twitter:data1\" content=\"guilherme_saude\" \/>\n\t<meta name=\"twitter:label2\" content=\"Est. tempo de leitura\" \/>\n\t<meta name=\"twitter:data2\" content=\"7 minutos\" \/>\n<!-- \/ Yoast SEO plugin. -->","yoast_head_json":{"title":"Pesquisadores brasileiros encontram nova esperan\u00e7a contra o Alzheimer - Correio Braziliense - Radar","description":"Pesquisa brasileira investiga mol\u00e9culas in\u00e9ditas que podem impedir a progress\u00e3o do Alzheimer.","robots":{"index":"index","follow":"follow","max-snippet":"max-snippet:-1","max-image-preview":"max-image-preview:large","max-video-preview":"max-video-preview:-1"},"canonical":"https:\/\/www.correiobraziliense.com.br\/cbradar\/pesquisadores-brasileiros-encontram-nova-esperanca-contra-o-alzheimer\/","og_locale":"pt_BR","og_type":"article","og_title":"Pesquisadores brasileiros encontram nova esperan\u00e7a contra o Alzheimer - Correio Braziliense - Radar","og_description":"Pesquisa brasileira investiga mol\u00e9culas in\u00e9ditas que podem impedir a progress\u00e3o do Alzheimer.","og_url":"https:\/\/www.correiobraziliense.com.br\/cbradar\/pesquisadores-brasileiros-encontram-nova-esperanca-contra-o-alzheimer\/","og_site_name":"Correio Braziliense - Radar","article_published_time":"2026-01-16T14:05:00+00:00","og_image":[{"width":1280,"height":720,"url":"https:\/\/www.correiobraziliense.com.br\/cbradar\/wp-content\/uploads\/2025\/05\/alzheimer_1741783839871.jpg","type":"image\/jpeg"}],"author":"guilherme_saude","twitter_card":"summary_large_image","twitter_misc":{"Escrito por":"guilherme_saude","Est. tempo de leitura":"7 minutos"},"schema":{"@context":"https:\/\/schema.org","@graph":[{"@type":"WebPage","@id":"https:\/\/www.correiobraziliense.com.br\/cbradar\/pesquisadores-brasileiros-encontram-nova-esperanca-contra-o-alzheimer\/","url":"https:\/\/www.correiobraziliense.com.br\/cbradar\/pesquisadores-brasileiros-encontram-nova-esperanca-contra-o-alzheimer\/","name":"Pesquisadores brasileiros encontram nova esperan\u00e7a contra o Alzheimer - Correio Braziliense - Radar","isPartOf":{"@id":"https:\/\/www.correiobraziliense.com.br\/cbradar\/#website"},"primaryImageOfPage":{"@id":"https:\/\/www.correiobraziliense.com.br\/cbradar\/pesquisadores-brasileiros-encontram-nova-esperanca-contra-o-alzheimer\/#primaryimage"},"image":{"@id":"https:\/\/www.correiobraziliense.com.br\/cbradar\/pesquisadores-brasileiros-encontram-nova-esperanca-contra-o-alzheimer\/#primaryimage"},"thumbnailUrl":"https:\/\/www.correiobraziliense.com.br\/cbradar\/wp-content\/uploads\/2025\/05\/alzheimer_1741783839871.jpg","datePublished":"2026-01-16T14:05:00+00:00","author":{"@id":"https:\/\/www.correiobraziliense.com.br\/cbradar\/#\/schema\/person\/5aa4bf3c8fa699c267933611de12978b"},"description":"Pesquisa brasileira investiga mol\u00e9culas in\u00e9ditas que podem impedir a progress\u00e3o do Alzheimer.","breadcrumb":{"@id":"https:\/\/www.correiobraziliense.com.br\/cbradar\/pesquisadores-brasileiros-encontram-nova-esperanca-contra-o-alzheimer\/#breadcrumb"},"inLanguage":"pt-BR","potentialAction":[{"@type":"ReadAction","target":["https:\/\/www.correiobraziliense.com.br\/cbradar\/pesquisadores-brasileiros-encontram-nova-esperanca-contra-o-alzheimer\/"]}]},{"@type":"ImageObject","inLanguage":"pt-BR","@id":"https:\/\/www.correiobraziliense.com.br\/cbradar\/pesquisadores-brasileiros-encontram-nova-esperanca-contra-o-alzheimer\/#primaryimage","url":"https:\/\/www.correiobraziliense.com.br\/cbradar\/wp-content\/uploads\/2025\/05\/alzheimer_1741783839871.jpg","contentUrl":"https:\/\/www.correiobraziliense.com.br\/cbradar\/wp-content\/uploads\/2025\/05\/alzheimer_1741783839871.jpg","width":1280,"height":720,"caption":"O exame que ajuda a diferenciar Alzheimer de esquecimento comum - Cr\u00e9ditos: depositphotos.com \/ AndrewLozovyi"},{"@type":"BreadcrumbList","@id":"https:\/\/www.correiobraziliense.com.br\/cbradar\/pesquisadores-brasileiros-encontram-nova-esperanca-contra-o-alzheimer\/#breadcrumb","itemListElement":[{"@type":"ListItem","position":1,"name":"In\u00edcio","item":"https:\/\/www.correiobraziliense.com.br\/cbradar\/"},{"@type":"ListItem","position":2,"name":"Pesquisadores brasileiros encontram nova esperan\u00e7a contra o Alzheimer"}]},{"@type":"WebSite","@id":"https:\/\/www.correiobraziliense.com.br\/cbradar\/#website","url":"https:\/\/www.correiobraziliense.com.br\/cbradar\/","name":"Correio Braziliense - Radar","description":"Acompanhe as \u00faltimas not\u00edcias e fique bem informado sobre tudo o que acontece no Brasil e no mundo.","potentialAction":[{"@type":"SearchAction","target":{"@type":"EntryPoint","urlTemplate":"https:\/\/www.correiobraziliense.com.br\/cbradar\/?s={search_term_string}"},"query-input":{"@type":"PropertyValueSpecification","valueRequired":true,"valueName":"search_term_string"}}],"inLanguage":"pt-BR"},{"@type":"Person","@id":"https:\/\/www.correiobraziliense.com.br\/cbradar\/#\/schema\/person\/5aa4bf3c8fa699c267933611de12978b","name":"guilherme_saude","image":{"@type":"ImageObject","inLanguage":"pt-BR","@id":"https:\/\/www.correiobraziliense.com.br\/cbradar\/#\/schema\/person\/image\/","url":"https:\/\/secure.gravatar.com\/avatar\/df9adfb835d344bc0af109d41756253f?s=96&d=mm&r=g","contentUrl":"https:\/\/secure.gravatar.com\/avatar\/df9adfb835d344bc0af109d41756253f?s=96&d=mm&r=g","caption":"guilherme_saude"},"url":"https:\/\/www.correiobraziliense.com.br\/cbradar\/author\/guilherme_saude\/"}]}},"_links":{"self":[{"href":"https:\/\/www.correiobraziliense.com.br\/cbradar\/wp-json\/wp\/v2\/posts\/175372","targetHints":{"allow":["GET"]}}],"collection":[{"href":"https:\/\/www.correiobraziliense.com.br\/cbradar\/wp-json\/wp\/v2\/posts"}],"about":[{"href":"https:\/\/www.correiobraziliense.com.br\/cbradar\/wp-json\/wp\/v2\/types\/post"}],"author":[{"embeddable":true,"href":"https:\/\/www.correiobraziliense.com.br\/cbradar\/wp-json\/wp\/v2\/users\/14"}],"replies":[{"embeddable":true,"href":"https:\/\/www.correiobraziliense.com.br\/cbradar\/wp-json\/wp\/v2\/comments?post=175372"}],"version-history":[{"count":1,"href":"https:\/\/www.correiobraziliense.com.br\/cbradar\/wp-json\/wp\/v2\/posts\/175372\/revisions"}],"predecessor-version":[{"id":175375,"href":"https:\/\/www.correiobraziliense.com.br\/cbradar\/wp-json\/wp\/v2\/posts\/175372\/revisions\/175375"}],"wp:featuredmedia":[{"embeddable":true,"href":"https:\/\/www.correiobraziliense.com.br\/cbradar\/wp-json\/wp\/v2\/media\/34612"}],"wp:attachment":[{"href":"https:\/\/www.correiobraziliense.com.br\/cbradar\/wp-json\/wp\/v2\/media?parent=175372"}],"wp:term":[{"taxonomy":"category","embeddable":true,"href":"https:\/\/www.correiobraziliense.com.br\/cbradar\/wp-json\/wp\/v2\/categories?post=175372"},{"taxonomy":"post_tag","embeddable":true,"href":"https:\/\/www.correiobraziliense.com.br\/cbradar\/wp-json\/wp\/v2\/tags?post=175372"}],"curies":[{"name":"wp","href":"https:\/\/api.w.org\/{rel}","templated":true}]}}