{"id":17540,"date":"2025-04-01T13:10:30","date_gmt":"2025-04-01T16:10:30","guid":{"rendered":"https:\/\/www.correiobraziliense.com.br\/cbradar\/?p=17540"},"modified":"2025-03-31T15:56:02","modified_gmt":"2025-03-31T18:56:02","slug":"guia-completo-para-cultivar-abobora-e-colher-frutos-gigantes","status":"publish","type":"post","link":"https:\/\/www.correiobraziliense.com.br\/cbradar\/guia-completo-para-cultivar-abobora-e-colher-frutos-gigantes\/","title":{"rendered":"Guia completo para cultivar ab\u00f3bora e colher frutos gigantes"},"content":{"rendered":"\n<p>A <strong>ab\u00f3bora<\/strong> \u00e9 uma hortali\u00e7a vers\u00e1til e de f\u00e1cil <a href=\"https:\/\/www.correiobraziliense.com.br\/cbradar\/dicas-essenciais-para-plantar-cebola-roxa-em-casa\/\" target=\"_blank\" rel=\"noreferrer noopener\">cultivo<\/a>, sendo uma excelente op\u00e7\u00e3o para hortas caseiras. Com uma grande variedade de tipos, desde as pequenas ab\u00f3boras japonesas at\u00e9 as gigantes, essa planta se adapta bem a diferentes climas e solos. Aprenda como plantar <strong>ab\u00f3bora<\/strong> corretamente e tenha colheitas fartas e saud\u00e1veis.<\/p>\n\n\n\n<h2 class=\"wp-block-heading\">Qual \u00e9 o clima e o solo ideal para plantar?<\/h2>\n\n\n\n<p>A <strong>ab\u00f3bora<\/strong> cresce melhor em <strong>clima quente<\/strong>, preferindo temperaturas entre <strong>20\u00b0C e 30\u00b0C<\/strong>. Ela n\u00e3o tolera geadas e seu desenvolvimento pode ser prejudicado por temperaturas muito baixas.<\/p>\n\n\n\n<p>O solo ideal deve ser <strong>bem drenado, f\u00e9rtil e rico em mat\u00e9ria org\u00e2nica<\/strong>, com um <strong>pH entre 5,5 e 6,8<\/strong>. Para um crescimento saud\u00e1vel, adicione <strong>composto org\u00e2nico, esterco curtido ou h\u00famus de minhoca<\/strong> antes do plantio.<\/p>\n\n\n\n<h2 class=\"wp-block-heading\">Como plantar por sementes ou mudas?<\/h2>\n\n\n\n<p>A <strong>ab\u00f3bora<\/strong> pode ser cultivada por <strong>sementes<\/strong>, que devem ser plantadas diretamente no local definitivo, pois a planta n\u00e3o tolera bem o transplante de mudas.<\/p>\n\n\n\n<p>Passo a passo do plantio:<\/p>\n\n\n\n<ol class=\"wp-block-list\">\n<li><strong>Abra covas de 3 a 5 cm de profundidade<\/strong> e coloque <strong>de 2 a 3 sementes<\/strong> em cada uma.<\/li>\n\n\n\n<li><strong>Mantenha um espa\u00e7amento de 1,5 a 2 metros entre as plantas<\/strong>, pois a aboboreira se espalha bastante.<\/li>\n\n\n\n<li><strong>Cubra levemente as sementes com terra<\/strong> e regue sem encharcar.<\/li>\n\n\n\n<li>A germina\u00e7\u00e3o ocorre entre <strong>5 e 10 dias<\/strong>.<\/li>\n<\/ol>\n\n\n\n<p>Quando as mudas tiverem <strong>15 cm de altura<\/strong>, fa\u00e7a o <strong>desbaste<\/strong>, removendo as mais fracas e deixando apenas a mais vigorosa em cada cova.<\/p>\n\n\n\n<h2 class=\"wp-block-heading\">Com que frequ\u00eancia devo regar?<\/h2>\n\n\n\n<p>A <strong>ab\u00f3bora<\/strong> precisa de <strong>umidade moderada<\/strong>, sem encharcamento. O ideal \u00e9 regar <strong>de 2 a 3 vezes por semana<\/strong> em climas amenos e <strong>diariamente<\/strong> em per\u00edodos muito secos.<\/p>\n\n\n\n<p>Evite molhar as folhas para prevenir doen\u00e7as f\u00fangicas. O melhor hor\u00e1rio para regar \u00e9 <strong>pela manh\u00e3 ou no final da tarde<\/strong>.<\/p>\n\n\n\n<h2 class=\"wp-block-heading\">Como adubar para um crescimento saud\u00e1vel?<\/h2>\n\n\n\n<p>A <strong>aduba\u00e7\u00e3o<\/strong> \u00e9 essencial para um crescimento vigoroso e uma boa frutifica\u00e7\u00e3o. Utilize:<\/p>\n\n\n\n<ul class=\"wp-block-list\">\n<li><strong>Composto org\u00e2nico ou h\u00famus de minhoca<\/strong> \u2013 Melhora a fertilidade do solo.<\/li>\n\n\n\n<li><strong>Esterco de galinha ou bovino curtido<\/strong> \u2013 Rico em nitrog\u00eanio, essencial no crescimento inicial.<\/li>\n\n\n\n<li><strong>Farinha de ossos e cinzas de madeira<\/strong> \u2013 Fornecem f\u00f3sforo e pot\u00e1ssio, importantes para o desenvolvimento dos frutos.<\/li>\n<\/ul>\n\n\n\n<p>Caso utilize fertilizantes qu\u00edmicos, aplique <strong>NPK 10-10-10<\/strong> no in\u00edcio do cultivo e <strong>NPK 4-14-8<\/strong> na fase de frutifica\u00e7\u00e3o.<\/p>\n\n\n<div class=\"wp-block-image\">\n<figure class=\"aligncenter size-large\"><img decoding=\"async\" width=\"1024\" height=\"576\" src=\"https:\/\/www.correiobraziliense.com.br\/cbradar\/wp-content\/uploads\/2025\/04\/abobora_1743447276393-1024x576.jpg\" alt=\"\" class=\"wp-image-17562\" srcset=\"https:\/\/www.correiobraziliense.com.br\/cbradar\/wp-content\/uploads\/2025\/04\/abobora_1743447276393-1024x576.jpg 1024w, https:\/\/www.correiobraziliense.com.br\/cbradar\/wp-content\/uploads\/2025\/04\/abobora_1743447276393-300x169.jpg 300w, https:\/\/www.correiobraziliense.com.br\/cbradar\/wp-content\/uploads\/2025\/04\/abobora_1743447276393-768x432.jpg 768w, https:\/\/www.correiobraziliense.com.br\/cbradar\/wp-content\/uploads\/2025\/04\/abobora_1743447276393-750x422.jpg 750w, https:\/\/www.correiobraziliense.com.br\/cbradar\/wp-content\/uploads\/2025\/04\/abobora_1743447276393-1140x641.jpg 1140w, https:\/\/www.correiobraziliense.com.br\/cbradar\/wp-content\/uploads\/2025\/04\/abobora_1743447276393.jpg 1280w\" sizes=\"(max-width: 1024px) 100vw, 1024px\" \/><figcaption class=\"wp-element-caption\">Planta\u00e7\u00e3o de ab\u00f3bora &#8211; Cr\u00e9ditos: depositphotos.com \/ docbombay<\/figcaption><\/figure><\/div>\n\n\n<h2 class=\"wp-block-heading\">Quais s\u00e3o as principais pragas e doen\u00e7as?<\/h2>\n\n\n\n<p>A <strong>ab\u00f3bora<\/strong> pode ser atacada por algumas pragas e doen\u00e7as, como:<\/p>\n\n\n\n<ul class=\"wp-block-list\">\n<li><strong>Pulg\u00f5es<\/strong> \u2013 Insetos que sugam a seiva e enfraquecem a planta. Controle com <strong>\u00f3leo de neem<\/strong> ou calda de fumo.<\/li>\n\n\n\n<li><strong>Broca-das-cucurbit\u00e1ceas<\/strong> \u2013 Uma lagarta que ataca os frutos e caules. Fa\u00e7a inspe\u00e7\u00f5es frequentes e remova manualmente.<\/li>\n\n\n\n<li><strong>M\u00edldio e o\u00eddio<\/strong> \u2013 Fungos que causam manchas brancas nas folhas. Evite molhar as folhas e aplique ch\u00e1 de cavalinha como preven\u00e7\u00e3o.<\/li>\n<\/ul>\n\n\n\n<p>Monitorar a planta\u00e7\u00e3o regularmente e adotar pr\u00e1ticas de cultivo saud\u00e1veis ajudam a evitar esses problemas.<\/p>\n\n\n\n<h2 class=\"wp-block-heading\">Quando e como colher?<\/h2>\n\n\n\n<p>O tempo para colheita varia conforme a variedade, mas geralmente ocorre entre <strong>80 e 150 dias ap\u00f3s o plantio<\/strong>.<\/p>\n\n\n\n<p>Para colher corretamente:<\/p>\n\n\n\n<ul class=\"wp-block-list\">\n<li>Observe se a <strong>casca est\u00e1 firme e a cor bem definida<\/strong>.<\/li>\n\n\n\n<li><strong>Bata levemente no fruto<\/strong> \u2013 se o som for oco, est\u00e1 no ponto certo.<\/li>\n\n\n\n<li>Use uma <strong>faca ou tesoura afiada<\/strong> para cortar o caule, deixando <strong>cerca de 5 cm do talo<\/strong>, o que aumenta a durabilidade.<\/li>\n<\/ul>\n\n\n\n<p>A ab\u00f3bora pode ser armazenada em local fresco e seco por <strong>semanas ou at\u00e9 meses<\/strong>, dependendo da variedade.<\/p>\n\n\n\n<h2 class=\"wp-block-heading\">Como armazenar depois da colheita?<\/h2>\n\n\n\n<p>Para manter a <strong>ab\u00f3bora fresca<\/strong> por mais tempo:<\/p>\n\n\n\n<ul class=\"wp-block-list\">\n<li><strong>Se inteira<\/strong>, armazene em um local <strong>seco, arejado e \u00e0 sombra<\/strong>, onde pode durar at\u00e9 <strong>3 meses<\/strong>.<\/li>\n\n\n\n<li><strong>Se cortada<\/strong>, mantenha na geladeira por at\u00e9 <strong>5 dias<\/strong>, envolta em pl\u00e1stico filme.<\/li>\n\n\n\n<li><strong>Para armazenamento prolongado<\/strong>, congele a polpa cozida ou transformada em pur\u00ea.<\/li>\n<\/ul>\n\n\n\n<h2 class=\"wp-block-heading\">FAQ<\/h2>\n\n\n\n<h3 class=\"wp-block-heading\">1. A ab\u00f3bora precisa de sol pleno ou meia sombra?<\/h3>\n\n\n\n<p>A <strong>ab\u00f3bora<\/strong> cresce melhor em <strong>sol pleno<\/strong>, recebendo pelo menos <strong>6 horas de luz solar por dia<\/strong>.<\/p>\n\n\n\n<h3 class=\"wp-block-heading\">2. Posso plantar ab\u00f3bora em vasos?<\/h3>\n\n\n\n<p>Sim, desde que o vaso tenha <strong>pelo menos 40 cm de profundidade e largura<\/strong>, pois a planta se espalha bastante.<\/p>\n\n\n\n<h3 class=\"wp-block-heading\">3. O que fazer para a ab\u00f3bora produzir mais frutos?<\/h3>\n\n\n\n<p>Al\u00e9m de uma <strong>aduba\u00e7\u00e3o rica em f\u00f3sforo e pot\u00e1ssio<\/strong>, fa\u00e7a a <strong>poliniza\u00e7\u00e3o manual<\/strong> caso note baixa frutifica\u00e7\u00e3o, transferindo o p\u00f3len das flores masculinas para as femininas com um pincel.<\/p>\n\n\n\n<h3 class=\"wp-block-heading\">4. Como evitar que a ab\u00f3bora apodre\u00e7a antes da colheita?<\/h3>\n\n\n\n<p>Evite que os frutos fiquem em contato direto com o solo, colocando uma t\u00e1bua ou palha sob eles para evitar umidade excessiva.<\/p>\n\n\n\n<h3 class=\"wp-block-heading\">5. Qual \u00e9 a melhor variedade de ab\u00f3bora para plantar?<\/h3>\n\n\n\n<p>As mais cultivadas s\u00e3o <strong>ab\u00f3bora japonesa (kaboti\u00e1), ab\u00f3bora moranga, ab\u00f3bora menina e ab\u00f3bora paulista<\/strong>, cada uma com caracter\u00edsticas espec\u00edficas de sabor e textura.<\/p>\n","protected":false},"excerpt":{"rendered":"<p>A ab\u00f3bora \u00e9 uma hortali\u00e7a vers\u00e1til e de f\u00e1cil cultivo, sendo uma excelente op\u00e7\u00e3o para hortas caseiras. Com uma grande variedade de tipos, desde as pequenas ab\u00f3boras japonesas at\u00e9 as gigantes, essa planta se adapta bem a diferentes climas e solos. Aprenda como plantar ab\u00f3bora corretamente e tenha colheitas fartas e saud\u00e1veis. Qual \u00e9 o [&hellip;]<\/p>\n","protected":false},"author":9,"featured_media":17559,"comment_status":"open","ping_status":"open","sticky":false,"template":"","format":"standard","meta":{"_yoast_wpseo_focuskw":"ab\u00f3bora","_yoast_wpseo_title":"%%title%% %%page%%","_yoast_wpseo_metadesc":"Veja como plantar ab\u00f3bora e colher frutos grandes e saud\u00e1veis, com dicas de solo, rega e aduba\u00e7\u00e3o para um cultivo produtivo.","jnews-multi-image_gallery":[],"jnews_single_post":{"format":"standard"},"jnews_primary_category":[],"jnews_social_meta":[],"jnews_override_counter":[],"footnotes":""},"categories":[136],"post_tag":[2670,2668,943,2669],"class_list":["post-17540","post","type-post","status-publish","format-standard","has-post-thumbnail","hentry","category-jardinagem","tag-como-cultivar-abobora","tag-cultivo-de-abobora","tag-horta","tag-plantar-abobora"],"yoast_head":"<!-- This site is optimized with the Yoast SEO plugin v24.6 - https:\/\/yoast.com\/wordpress\/plugins\/seo\/ -->\n<title>Guia completo para cultivar ab\u00f3bora e colher frutos gigantes<\/title>\n<meta name=\"description\" content=\"Veja como plantar ab\u00f3bora e colher frutos grandes e saud\u00e1veis, com dicas de solo, rega e aduba\u00e7\u00e3o para um cultivo produtivo.\" \/>\n<meta name=\"robots\" content=\"index, follow, max-snippet:-1, max-image-preview:large, max-video-preview:-1\" \/>\n<link rel=\"canonical\" href=\"https:\/\/www.correiobraziliense.com.br\/cbradar\/guia-completo-para-cultivar-abobora-e-colher-frutos-gigantes\/\" \/>\n<meta property=\"og:locale\" content=\"pt_BR\" \/>\n<meta property=\"og:type\" content=\"article\" \/>\n<meta property=\"og:title\" content=\"Guia completo para cultivar ab\u00f3bora e colher frutos gigantes\" \/>\n<meta property=\"og:description\" content=\"Veja como plantar ab\u00f3bora e colher frutos grandes e saud\u00e1veis, com dicas de solo, rega e aduba\u00e7\u00e3o para um cultivo produtivo.\" \/>\n<meta property=\"og:url\" content=\"https:\/\/www.correiobraziliense.com.br\/cbradar\/guia-completo-para-cultivar-abobora-e-colher-frutos-gigantes\/\" \/>\n<meta property=\"og:site_name\" content=\"Correio Braziliense - Radar\" \/>\n<meta property=\"article:published_time\" content=\"2025-04-01T16:10:30+00:00\" \/>\n<meta property=\"og:image\" content=\"https:\/\/www.correiobraziliense.com.br\/cbradar\/wp-content\/uploads\/2025\/04\/abobora_1743447215997.jpg\" \/>\n\t<meta property=\"og:image:width\" content=\"1280\" \/>\n\t<meta property=\"og:image:height\" content=\"720\" \/>\n\t<meta property=\"og:image:type\" content=\"image\/jpeg\" \/>\n<meta name=\"author\" content=\"Daniely Cardoso\" \/>\n<meta name=\"twitter:card\" content=\"summary_large_image\" \/>\n<meta name=\"twitter:label1\" content=\"Escrito por\" \/>\n\t<meta name=\"twitter:data1\" content=\"Daniely Cardoso\" \/>\n\t<meta name=\"twitter:label2\" content=\"Est. tempo de leitura\" \/>\n\t<meta name=\"twitter:data2\" content=\"5 minutos\" \/>\n<!-- \/ Yoast SEO plugin. -->","yoast_head_json":{"title":"Guia completo para cultivar ab\u00f3bora e colher frutos gigantes","description":"Veja como plantar ab\u00f3bora e colher frutos grandes e saud\u00e1veis, com dicas de solo, rega e aduba\u00e7\u00e3o para um cultivo produtivo.","robots":{"index":"index","follow":"follow","max-snippet":"max-snippet:-1","max-image-preview":"max-image-preview:large","max-video-preview":"max-video-preview:-1"},"canonical":"https:\/\/www.correiobraziliense.com.br\/cbradar\/guia-completo-para-cultivar-abobora-e-colher-frutos-gigantes\/","og_locale":"pt_BR","og_type":"article","og_title":"Guia completo para cultivar ab\u00f3bora e colher frutos gigantes","og_description":"Veja como plantar ab\u00f3bora e colher frutos grandes e saud\u00e1veis, com dicas de solo, rega e aduba\u00e7\u00e3o para um cultivo produtivo.","og_url":"https:\/\/www.correiobraziliense.com.br\/cbradar\/guia-completo-para-cultivar-abobora-e-colher-frutos-gigantes\/","og_site_name":"Correio Braziliense - Radar","article_published_time":"2025-04-01T16:10:30+00:00","og_image":[{"width":1280,"height":720,"url":"https:\/\/www.correiobraziliense.com.br\/cbradar\/wp-content\/uploads\/2025\/04\/abobora_1743447215997.jpg","type":"image\/jpeg"}],"author":"Daniely Cardoso","twitter_card":"summary_large_image","twitter_misc":{"Escrito por":"Daniely Cardoso","Est. tempo de leitura":"5 minutos"},"schema":{"@context":"https:\/\/schema.org","@graph":[{"@type":"WebPage","@id":"https:\/\/www.correiobraziliense.com.br\/cbradar\/guia-completo-para-cultivar-abobora-e-colher-frutos-gigantes\/","url":"https:\/\/www.correiobraziliense.com.br\/cbradar\/guia-completo-para-cultivar-abobora-e-colher-frutos-gigantes\/","name":"Guia completo para cultivar ab\u00f3bora e colher frutos gigantes","isPartOf":{"@id":"https:\/\/www.correiobraziliense.com.br\/cbradar\/#website"},"primaryImageOfPage":{"@id":"https:\/\/www.correiobraziliense.com.br\/cbradar\/guia-completo-para-cultivar-abobora-e-colher-frutos-gigantes\/#primaryimage"},"image":{"@id":"https:\/\/www.correiobraziliense.com.br\/cbradar\/guia-completo-para-cultivar-abobora-e-colher-frutos-gigantes\/#primaryimage"},"thumbnailUrl":"https:\/\/www.correiobraziliense.com.br\/cbradar\/wp-content\/uploads\/2025\/04\/abobora_1743447215997.jpg","datePublished":"2025-04-01T16:10:30+00:00","author":{"@id":"https:\/\/www.correiobraziliense.com.br\/cbradar\/#\/schema\/person\/7356666e12ec0ee53f348ee5db227032"},"description":"Veja como plantar ab\u00f3bora e colher frutos grandes e saud\u00e1veis, com dicas de solo, rega e aduba\u00e7\u00e3o para um cultivo produtivo.","breadcrumb":{"@id":"https:\/\/www.correiobraziliense.com.br\/cbradar\/guia-completo-para-cultivar-abobora-e-colher-frutos-gigantes\/#breadcrumb"},"inLanguage":"pt-BR","potentialAction":[{"@type":"ReadAction","target":["https:\/\/www.correiobraziliense.com.br\/cbradar\/guia-completo-para-cultivar-abobora-e-colher-frutos-gigantes\/"]}]},{"@type":"ImageObject","inLanguage":"pt-BR","@id":"https:\/\/www.correiobraziliense.com.br\/cbradar\/guia-completo-para-cultivar-abobora-e-colher-frutos-gigantes\/#primaryimage","url":"https:\/\/www.correiobraziliense.com.br\/cbradar\/wp-content\/uploads\/2025\/04\/abobora_1743447215997.jpg","contentUrl":"https:\/\/www.correiobraziliense.com.br\/cbradar\/wp-content\/uploads\/2025\/04\/abobora_1743447215997.jpg","width":1280,"height":720,"caption":"Ab\u00f3bora - Cr\u00e9ditos: depositphotos.com \/ Streaq"},{"@type":"BreadcrumbList","@id":"https:\/\/www.correiobraziliense.com.br\/cbradar\/guia-completo-para-cultivar-abobora-e-colher-frutos-gigantes\/#breadcrumb","itemListElement":[{"@type":"ListItem","position":1,"name":"In\u00edcio","item":"https:\/\/www.correiobraziliense.com.br\/cbradar\/"},{"@type":"ListItem","position":2,"name":"Guia completo para cultivar ab\u00f3bora e colher frutos gigantes"}]},{"@type":"WebSite","@id":"https:\/\/www.correiobraziliense.com.br\/cbradar\/#website","url":"https:\/\/www.correiobraziliense.com.br\/cbradar\/","name":"Correio Braziliense - Radar","description":"Acompanhe as \u00faltimas not\u00edcias e fique bem informado sobre tudo o que acontece no Brasil e no mundo.","potentialAction":[{"@type":"SearchAction","target":{"@type":"EntryPoint","urlTemplate":"https:\/\/www.correiobraziliense.com.br\/cbradar\/?s={search_term_string}"},"query-input":{"@type":"PropertyValueSpecification","valueRequired":true,"valueName":"search_term_string"}}],"inLanguage":"pt-BR"},{"@type":"Person","@id":"https:\/\/www.correiobraziliense.com.br\/cbradar\/#\/schema\/person\/7356666e12ec0ee53f348ee5db227032","name":"Daniely Cardoso","image":{"@type":"ImageObject","inLanguage":"pt-BR","@id":"https:\/\/www.correiobraziliense.com.br\/cbradar\/#\/schema\/person\/image\/","url":"https:\/\/secure.gravatar.com\/avatar\/4b80ddbd124d1f071b626d52d62e5dff?s=96&d=mm&r=g","contentUrl":"https:\/\/secure.gravatar.com\/avatar\/4b80ddbd124d1f071b626d52d62e5dff?s=96&d=mm&r=g","caption":"Daniely Cardoso"},"description":"Redatora nos portais CB Radar e EM Foco, formada pela Universidade Federal de Goi\u00e1s, em Goi\u00e2nia. Apaixonada por comunica\u00e7\u00e3o, arte, decora\u00e7\u00e3o e tend\u00eancias, atuo na produ\u00e7\u00e3o de conte\u00fados envolventes sobre curiosidades, moda, beleza e paisagismo, sempre com um olhar atento \u00e0s novidades do momento.","sameAs":["https:\/\/www.correiobraziliense.com.br\/cbradar"],"url":"https:\/\/www.correiobraziliense.com.br\/cbradar\/author\/danielymyth\/"}]}},"_links":{"self":[{"href":"https:\/\/www.correiobraziliense.com.br\/cbradar\/wp-json\/wp\/v2\/posts\/17540","targetHints":{"allow":["GET"]}}],"collection":[{"href":"https:\/\/www.correiobraziliense.com.br\/cbradar\/wp-json\/wp\/v2\/posts"}],"about":[{"href":"https:\/\/www.correiobraziliense.com.br\/cbradar\/wp-json\/wp\/v2\/types\/post"}],"author":[{"embeddable":true,"href":"https:\/\/www.correiobraziliense.com.br\/cbradar\/wp-json\/wp\/v2\/users\/9"}],"replies":[{"embeddable":true,"href":"https:\/\/www.correiobraziliense.com.br\/cbradar\/wp-json\/wp\/v2\/comments?post=17540"}],"version-history":[{"count":2,"href":"https:\/\/www.correiobraziliense.com.br\/cbradar\/wp-json\/wp\/v2\/posts\/17540\/revisions"}],"predecessor-version":[{"id":17563,"href":"https:\/\/www.correiobraziliense.com.br\/cbradar\/wp-json\/wp\/v2\/posts\/17540\/revisions\/17563"}],"wp:featuredmedia":[{"embeddable":true,"href":"https:\/\/www.correiobraziliense.com.br\/cbradar\/wp-json\/wp\/v2\/media\/17559"}],"wp:attachment":[{"href":"https:\/\/www.correiobraziliense.com.br\/cbradar\/wp-json\/wp\/v2\/media?parent=17540"}],"wp:term":[{"taxonomy":"category","embeddable":true,"href":"https:\/\/www.correiobraziliense.com.br\/cbradar\/wp-json\/wp\/v2\/categories?post=17540"},{"taxonomy":"post_tag","embeddable":true,"href":"https:\/\/www.correiobraziliense.com.br\/cbradar\/wp-json\/wp\/v2\/post_tag?post=17540"}],"curies":[{"name":"wp","href":"https:\/\/api.w.org\/{rel}","templated":true}]}}