{"id":17546,"date":"2025-04-01T17:30:00","date_gmt":"2025-04-01T20:30:00","guid":{"rendered":"https:\/\/www.correiobraziliense.com.br\/cbradar\/?p=17546"},"modified":"2025-04-01T02:59:59","modified_gmt":"2025-04-01T05:59:59","slug":"refrigerante-classico-dos-anos-80-esta-de-volta-ao-mercado","status":"publish","type":"post","link":"https:\/\/www.correiobraziliense.com.br\/cbradar\/refrigerante-classico-dos-anos-80-esta-de-volta-ao-mercado\/","title":{"rendered":"Refrigerante cl\u00e1ssico dos anos 80 est\u00e1 de volta ao mercado"},"content":{"rendered":"\n<p>Nos anos 1980, o mercado de refrigerantes nos <strong>Estados Unidos<\/strong> foi surpreendido pelo lan\u00e7amento do <strong>Slice<\/strong>, uma bebida inovadora da <strong>PepsiCo<\/strong> que prometia ser uma op\u00e7\u00e3o mais saud\u00e1vel, contendo 10% de suco de frutas reais. Este refrigerante rapidamente conquistou os consumidores, mas acabou desaparecendo das prateleiras nos anos 2000. Agora, em 2025, o Slice est\u00e1 de volta, reformulado e com uma nova proposta de sa\u00fade e sabor.<\/p>\n\n\n\n<p>A reformula\u00e7\u00e3o do <strong>Slice <\/strong>foi conduzida pela <strong>Suja Life<\/strong>, uma empresa conhecida por seus produtos naturais e saud\u00e1veis. A nova vers\u00e3o do refrigerante, chamada de Slice 2.0, promete manter a nostalgia dos anos 80, mas com um toque moderno e saud\u00e1vel. Com apenas 5 gramas de a\u00e7\u00facar por lata, o Slice 2.0 est\u00e1 dispon\u00edvel em sabores como <strong>Laranja<\/strong>, <strong>Lim\u00e3o-Lima<\/strong>,<strong> Cola Cl\u00e1ssica <\/strong>e <strong>Toranja Spritz<\/strong>, atraindo tanto os antigos f\u00e3s quanto uma nova gera\u00e7\u00e3o de consumidores.<\/p>\n\n\n\n<h2 class=\"wp-block-heading\"><strong>Quais s\u00e3o as novidades do Slice 2.0?<\/strong><\/h2>\n\n\n\n<p>O Slice 2.0 n\u00e3o \u00e9 apenas uma reedi\u00e7\u00e3o do refrigerante cl\u00e1ssico; ele representa uma evolu\u00e7\u00e3o no conceito de bebidas gaseificadas. Al\u00e9m de reduzir significativamente o teor de a\u00e7\u00facar, a nova f\u00f3rmula inclui nutrientes que visam oferecer uma experi\u00eancia de consumo mais saud\u00e1vel. Essa abordagem reflete uma tend\u00eancia crescente no mercado de bebidas, onde os consumidores est\u00e3o cada vez mais conscientes sobre os ingredientes e os impactos na sa\u00fade.<\/p>\n\n\n\n<p>Os sabores dispon\u00edveis tamb\u00e9m foram cuidadosamente selecionados para atender \u00e0s prefer\u00eancias modernas, sem perder a ess\u00eancia original que fez do Slice um sucesso. A inclus\u00e3o de op\u00e7\u00f5es como Toranja Spritz demonstra um esfor\u00e7o para diversificar e agradar paladares variados, mantendo a autenticidade da marca.<\/p>\n\n\n\n<figure class=\"wp-block-image size-large\"><img decoding=\"async\" width=\"1024\" height=\"576\" src=\"https:\/\/www.correiobraziliense.com.br\/cbradar\/wp-content\/uploads\/2025\/03\/refrigerante_1743446842390-1024x576.jpg\" alt=\"Refrigerante cl\u00e1ssico dos anos 80 est\u00e1 de volta ao mercado\" class=\"wp-image-17548\" srcset=\"https:\/\/www.correiobraziliense.com.br\/cbradar\/wp-content\/uploads\/2025\/03\/refrigerante_1743446842390-1024x576.jpg 1024w, https:\/\/www.correiobraziliense.com.br\/cbradar\/wp-content\/uploads\/2025\/03\/refrigerante_1743446842390-300x169.jpg 300w, https:\/\/www.correiobraziliense.com.br\/cbradar\/wp-content\/uploads\/2025\/03\/refrigerante_1743446842390-768x432.jpg 768w, https:\/\/www.correiobraziliense.com.br\/cbradar\/wp-content\/uploads\/2025\/03\/refrigerante_1743446842390-750x422.jpg 750w, https:\/\/www.correiobraziliense.com.br\/cbradar\/wp-content\/uploads\/2025\/03\/refrigerante_1743446842390-1140x642.jpg 1140w, https:\/\/www.correiobraziliense.com.br\/cbradar\/wp-content\/uploads\/2025\/03\/refrigerante_1743446842390.jpg 1279w\" sizes=\"(max-width: 1024px) 100vw, 1024px\" \/><figcaption class=\"wp-element-caption\">Refrigerante. Cr\u00e9ditos: depositphotos.com \/ norgallery<\/figcaption><\/figure>\n\n\n\n<h2 class=\"wp-block-heading\"><strong>Como o Slice 2.0 est\u00e1 sendo recebido no mercado?<\/strong><\/h2>\n\n\n\n<p>Desde seu relan\u00e7amento, o Slice 2.0 tem recebido uma recep\u00e7\u00e3o positiva tanto de consumidores nost\u00e1lgicos quanto de novos adeptos. A combina\u00e7\u00e3o de tradi\u00e7\u00e3o e inova\u00e7\u00e3o parece ser a chave para o sucesso desta nova fase. Al\u00e9m disso, a estrat\u00e9gia de distribui\u00e7\u00e3o nos supermercados dos Estados Unidos tem sido eficaz, garantindo que o produto esteja acess\u00edvel a um p\u00fablico amplo.<\/p>\n\n\n\n<p>O relan\u00e7amento do Slice tamb\u00e9m est\u00e1 alinhado com a crescente demanda por produtos que combinam sabor e sa\u00fade. A Suja Life planeja expandir ainda mais a linha de produtos Slice, aproveitando o impulso inicial e explorando novas oportunidades de mercado.<\/p>\n\n\n\n<h2 class=\"wp-block-heading\"><strong>Qual \u00e9 o futuro do Slice no mercado de bebidas?<\/strong><\/h2>\n\n\n\n<p>O futuro do Slice parece promissor, especialmente considerando a tend\u00eancia de consumidores em busca de op\u00e7\u00f5es mais saud\u00e1veis. A reformula\u00e7\u00e3o do produto e a estrat\u00e9gia de marketing eficaz t\u00eam potencial para consolidar o Slice 2.0 como uma escolha popular entre os refrigerantes. Al\u00e9m disso, a Suja Life est\u00e1 empenhada em continuar inovando e expandindo sua linha de produtos, o que pode garantir a relev\u00e2ncia da marca nos pr\u00f3ximos anos.<\/p>\n\n\n\n<p>Com a combina\u00e7\u00e3o de nostalgia e inova\u00e7\u00e3o, o Slice 2.0 est\u00e1 bem posicionado para capturar o interesse de consumidores em busca de uma experi\u00eancia de bebida que equilibre sabor e sa\u00fade. \u00c0 medida que a marca continua a evoluir, \u00e9 prov\u00e1vel que o Slice se torne um exemplo de sucesso na reinven\u00e7\u00e3o de produtos cl\u00e1ssicos para atender \u00e0s demandas contempor\u00e2neas.<\/p>\n","protected":false},"excerpt":{"rendered":"<p>O relan\u00e7amento do cl\u00e1ssico refrigerante Slice pela Suja Life. A nova vers\u00e3o, Slice 2.0, traz sa\u00fade e sabor \u00e0 mem\u00f3ria nost\u00e1lgica dos anos 80.<\/p>\n","protected":false},"author":3,"featured_media":17547,"comment_status":"open","ping_status":"open","sticky":false,"template":"","format":"standard","meta":{"_yoast_wpseo_focuskw":"refrigerante anos 80","_yoast_wpseo_title":"%%title%%","_yoast_wpseo_metadesc":"O relan\u00e7amento do cl\u00e1ssico refrigerante Slice pela Suja Life. A nova vers\u00e3o, Slice 2.0, traz sa\u00fade e sabor \u00e0 mem\u00f3ria nost\u00e1lgica dos anos 80.","jnews-multi-image_gallery":[],"jnews_single_post":{"format":"standard"},"jnews_primary_category":[],"jnews_social_meta":[],"jnews_override_counter":[],"footnotes":""},"categories":[112],"tags":[2683],"class_list":["post-17546","post","type-post","status-publish","format-standard","has-post-thumbnail","hentry","category-curiosidades","tag-refrigerante"],"yoast_head":"<!-- This site is optimized with the Yoast SEO plugin v24.6 - https:\/\/yoast.com\/wordpress\/plugins\/seo\/ -->\n<title>Refrigerante cl\u00e1ssico dos anos 80 est\u00e1 de volta ao mercado<\/title>\n<meta name=\"description\" content=\"O relan\u00e7amento do cl\u00e1ssico refrigerante Slice pela Suja Life. A nova vers\u00e3o, Slice 2.0, traz sa\u00fade e sabor \u00e0 mem\u00f3ria nost\u00e1lgica dos anos 80.\" \/>\n<meta name=\"robots\" content=\"index, follow, max-snippet:-1, max-image-preview:large, max-video-preview:-1\" \/>\n<link rel=\"canonical\" href=\"https:\/\/www.correiobraziliense.com.br\/cbradar\/refrigerante-classico-dos-anos-80-esta-de-volta-ao-mercado\/\" \/>\n<meta property=\"og:locale\" content=\"pt_BR\" \/>\n<meta property=\"og:type\" content=\"article\" \/>\n<meta property=\"og:title\" content=\"Refrigerante cl\u00e1ssico dos anos 80 est\u00e1 de volta ao mercado\" \/>\n<meta property=\"og:description\" content=\"O relan\u00e7amento do cl\u00e1ssico refrigerante Slice pela Suja Life. A nova vers\u00e3o, Slice 2.0, traz sa\u00fade e sabor \u00e0 mem\u00f3ria nost\u00e1lgica dos anos 80.\" \/>\n<meta property=\"og:url\" content=\"https:\/\/www.correiobraziliense.com.br\/cbradar\/refrigerante-classico-dos-anos-80-esta-de-volta-ao-mercado\/\" \/>\n<meta property=\"og:site_name\" content=\"Correio Braziliense - Radar\" \/>\n<meta property=\"article:published_time\" content=\"2025-04-01T20:30:00+00:00\" \/>\n<meta property=\"og:image\" content=\"https:\/\/www.correiobraziliense.com.br\/cbradar\/wp-content\/uploads\/2025\/03\/refrigerante_1743446798867.jpg\" \/>\n\t<meta property=\"og:image:width\" content=\"1280\" \/>\n\t<meta property=\"og:image:height\" content=\"720\" \/>\n\t<meta property=\"og:image:type\" content=\"image\/jpeg\" \/>\n<meta name=\"author\" content=\"Larissa Carvalho\" \/>\n<meta name=\"twitter:card\" content=\"summary_large_image\" \/>\n<meta name=\"twitter:label1\" content=\"Escrito por\" \/>\n\t<meta name=\"twitter:data1\" content=\"Larissa Carvalho\" \/>\n\t<meta name=\"twitter:label2\" content=\"Est. tempo de leitura\" \/>\n\t<meta name=\"twitter:data2\" content=\"4 minutos\" \/>\n<!-- \/ Yoast SEO plugin. -->","yoast_head_json":{"title":"Refrigerante cl\u00e1ssico dos anos 80 est\u00e1 de volta ao mercado","description":"O relan\u00e7amento do cl\u00e1ssico refrigerante Slice pela Suja Life. A nova vers\u00e3o, Slice 2.0, traz sa\u00fade e sabor \u00e0 mem\u00f3ria nost\u00e1lgica dos anos 80.","robots":{"index":"index","follow":"follow","max-snippet":"max-snippet:-1","max-image-preview":"max-image-preview:large","max-video-preview":"max-video-preview:-1"},"canonical":"https:\/\/www.correiobraziliense.com.br\/cbradar\/refrigerante-classico-dos-anos-80-esta-de-volta-ao-mercado\/","og_locale":"pt_BR","og_type":"article","og_title":"Refrigerante cl\u00e1ssico dos anos 80 est\u00e1 de volta ao mercado","og_description":"O relan\u00e7amento do cl\u00e1ssico refrigerante Slice pela Suja Life. A nova vers\u00e3o, Slice 2.0, traz sa\u00fade e sabor \u00e0 mem\u00f3ria nost\u00e1lgica dos anos 80.","og_url":"https:\/\/www.correiobraziliense.com.br\/cbradar\/refrigerante-classico-dos-anos-80-esta-de-volta-ao-mercado\/","og_site_name":"Correio Braziliense - Radar","article_published_time":"2025-04-01T20:30:00+00:00","og_image":[{"width":1280,"height":720,"url":"https:\/\/www.correiobraziliense.com.br\/cbradar\/wp-content\/uploads\/2025\/03\/refrigerante_1743446798867.jpg","type":"image\/jpeg"}],"author":"Larissa Carvalho","twitter_card":"summary_large_image","twitter_misc":{"Escrito por":"Larissa Carvalho","Est. tempo de leitura":"4 minutos"},"schema":{"@context":"https:\/\/schema.org","@graph":[{"@type":"WebPage","@id":"https:\/\/www.correiobraziliense.com.br\/cbradar\/refrigerante-classico-dos-anos-80-esta-de-volta-ao-mercado\/","url":"https:\/\/www.correiobraziliense.com.br\/cbradar\/refrigerante-classico-dos-anos-80-esta-de-volta-ao-mercado\/","name":"Refrigerante cl\u00e1ssico dos anos 80 est\u00e1 de volta ao mercado","isPartOf":{"@id":"https:\/\/www.correiobraziliense.com.br\/cbradar\/#website"},"primaryImageOfPage":{"@id":"https:\/\/www.correiobraziliense.com.br\/cbradar\/refrigerante-classico-dos-anos-80-esta-de-volta-ao-mercado\/#primaryimage"},"image":{"@id":"https:\/\/www.correiobraziliense.com.br\/cbradar\/refrigerante-classico-dos-anos-80-esta-de-volta-ao-mercado\/#primaryimage"},"thumbnailUrl":"https:\/\/www.correiobraziliense.com.br\/cbradar\/wp-content\/uploads\/2025\/03\/refrigerante_1743446798867.jpg","datePublished":"2025-04-01T20:30:00+00:00","author":{"@id":"https:\/\/www.correiobraziliense.com.br\/cbradar\/#\/schema\/person\/58422787644df994b53a19d3e56c1513"},"description":"O relan\u00e7amento do cl\u00e1ssico refrigerante Slice pela Suja Life. A nova vers\u00e3o, Slice 2.0, traz sa\u00fade e sabor \u00e0 mem\u00f3ria nost\u00e1lgica dos anos 80.","breadcrumb":{"@id":"https:\/\/www.correiobraziliense.com.br\/cbradar\/refrigerante-classico-dos-anos-80-esta-de-volta-ao-mercado\/#breadcrumb"},"inLanguage":"pt-BR","potentialAction":[{"@type":"ReadAction","target":["https:\/\/www.correiobraziliense.com.br\/cbradar\/refrigerante-classico-dos-anos-80-esta-de-volta-ao-mercado\/"]}]},{"@type":"ImageObject","inLanguage":"pt-BR","@id":"https:\/\/www.correiobraziliense.com.br\/cbradar\/refrigerante-classico-dos-anos-80-esta-de-volta-ao-mercado\/#primaryimage","url":"https:\/\/www.correiobraziliense.com.br\/cbradar\/wp-content\/uploads\/2025\/03\/refrigerante_1743446798867.jpg","contentUrl":"https:\/\/www.correiobraziliense.com.br\/cbradar\/wp-content\/uploads\/2025\/03\/refrigerante_1743446798867.jpg","width":1280,"height":720,"caption":"refrigerante. Cr\u00e9ditos: depositphotos.com \/ luknaja"},{"@type":"BreadcrumbList","@id":"https:\/\/www.correiobraziliense.com.br\/cbradar\/refrigerante-classico-dos-anos-80-esta-de-volta-ao-mercado\/#breadcrumb","itemListElement":[{"@type":"ListItem","position":1,"name":"In\u00edcio","item":"https:\/\/www.correiobraziliense.com.br\/cbradar\/"},{"@type":"ListItem","position":2,"name":"Refrigerante cl\u00e1ssico dos anos 80 est\u00e1 de volta ao mercado"}]},{"@type":"WebSite","@id":"https:\/\/www.correiobraziliense.com.br\/cbradar\/#website","url":"https:\/\/www.correiobraziliense.com.br\/cbradar\/","name":"Correio Braziliense - Radar","description":"Acompanhe as \u00faltimas not\u00edcias e fique bem informado sobre tudo o que acontece no Brasil e no mundo.","potentialAction":[{"@type":"SearchAction","target":{"@type":"EntryPoint","urlTemplate":"https:\/\/www.correiobraziliense.com.br\/cbradar\/?s={search_term_string}"},"query-input":{"@type":"PropertyValueSpecification","valueRequired":true,"valueName":"search_term_string"}}],"inLanguage":"pt-BR"},{"@type":"Person","@id":"https:\/\/www.correiobraziliense.com.br\/cbradar\/#\/schema\/person\/58422787644df994b53a19d3e56c1513","name":"Larissa Carvalho","image":{"@type":"ImageObject","inLanguage":"pt-BR","@id":"https:\/\/www.correiobraziliense.com.br\/cbradar\/#\/schema\/person\/image\/","url":"https:\/\/secure.gravatar.com\/avatar\/fe4f91a0de32b52a838d0d612abdc1aa?s=96&d=mm&r=g","contentUrl":"https:\/\/secure.gravatar.com\/avatar\/fe4f91a0de32b52a838d0d612abdc1aa?s=96&d=mm&r=g","caption":"Larissa Carvalho"},"url":"https:\/\/www.correiobraziliense.com.br\/cbradar\/author\/larissamyth\/"}]}},"_links":{"self":[{"href":"https:\/\/www.correiobraziliense.com.br\/cbradar\/wp-json\/wp\/v2\/posts\/17546","targetHints":{"allow":["GET"]}}],"collection":[{"href":"https:\/\/www.correiobraziliense.com.br\/cbradar\/wp-json\/wp\/v2\/posts"}],"about":[{"href":"https:\/\/www.correiobraziliense.com.br\/cbradar\/wp-json\/wp\/v2\/types\/post"}],"author":[{"embeddable":true,"href":"https:\/\/www.correiobraziliense.com.br\/cbradar\/wp-json\/wp\/v2\/users\/3"}],"replies":[{"embeddable":true,"href":"https:\/\/www.correiobraziliense.com.br\/cbradar\/wp-json\/wp\/v2\/comments?post=17546"}],"version-history":[{"count":2,"href":"https:\/\/www.correiobraziliense.com.br\/cbradar\/wp-json\/wp\/v2\/posts\/17546\/revisions"}],"predecessor-version":[{"id":17706,"href":"https:\/\/www.correiobraziliense.com.br\/cbradar\/wp-json\/wp\/v2\/posts\/17546\/revisions\/17706"}],"wp:featuredmedia":[{"embeddable":true,"href":"https:\/\/www.correiobraziliense.com.br\/cbradar\/wp-json\/wp\/v2\/media\/17547"}],"wp:attachment":[{"href":"https:\/\/www.correiobraziliense.com.br\/cbradar\/wp-json\/wp\/v2\/media?parent=17546"}],"wp:term":[{"taxonomy":"category","embeddable":true,"href":"https:\/\/www.correiobraziliense.com.br\/cbradar\/wp-json\/wp\/v2\/categories?post=17546"},{"taxonomy":"post_tag","embeddable":true,"href":"https:\/\/www.correiobraziliense.com.br\/cbradar\/wp-json\/wp\/v2\/tags?post=17546"}],"curies":[{"name":"wp","href":"https:\/\/api.w.org\/{rel}","templated":true}]}}