{"id":17550,"date":"2025-04-01T21:10:00","date_gmt":"2025-04-02T00:10:00","guid":{"rendered":"https:\/\/www.correiobraziliense.com.br\/cbradar\/?p=17550"},"modified":"2025-03-31T20:11:40","modified_gmt":"2025-03-31T23:11:40","slug":"volvo-es90-tera-tecnologia-e-alto-desempenho-veja-novidades","status":"publish","type":"post","link":"https:\/\/www.correiobraziliense.com.br\/cbradar\/volvo-es90-tera-tecnologia-e-alto-desempenho-veja-novidades\/","title":{"rendered":"Volvo ES90 ter\u00e1 tecnologia e alto desempenho, veja novidades"},"content":{"rendered":"\n<p>A <strong>Volvo<\/strong>, renomada fabricante sueca de autom\u00f3veis, introduziu o <strong>ES90<\/strong>, um sed\u00e3 totalmente el\u00e9trico que promete redefinir o mercado de ve\u00edculos sustent\u00e1veis. Este modelo representa um passo significativo na transi\u00e7\u00e3o da Volvo para uma linha de produtos mais ecol\u00f3gica, com o objetivo de ter apenas carros el\u00e9tricos at\u00e9 2030.<\/p>\n\n\n\n<p>O design do ES90 \u00e9 uma fus\u00e3o de eleg\u00e2ncia e funcionalidade, incorporando elementos caracter\u00edsticos da marca, como os far\u00f3is em forma de &#8220;<strong>martelo de Thor<\/strong>&#8220;. A ilumina\u00e7\u00e3o LED que se estende at\u00e9 a parte traseira \u00e9 um detalhe que n\u00e3o apenas melhora a est\u00e9tica, mas tamb\u00e9m a visibilidade. O sensor Lidar no teto \u00e9 uma inova\u00e7\u00e3o que contribui para a seguran\u00e7a, integrando-se ao sistema de assist\u00eancia ao motorista.<\/p>\n\n\n\n<h2 class=\"wp-block-heading\"><strong>Quais s\u00e3o as especifica\u00e7\u00f5es de espa\u00e7o e conforto do ES90?<\/strong><\/h2>\n\n\n\n<p>Com um entre-eixos de 3,10 metros, o ES90 oferece um interior espa\u00e7oso, ideal para quem busca conforto em viagens longas. Embora seja mais curto que o modelo S90, o ES90 \u00e9 mais alto, proporcionando uma cabine mais arejada. O peso do ve\u00edculo, em torno de 2.626 kg, \u00e9 resultado das baterias que alimentam o sistema el\u00e9trico.<\/p>\n\n\n\n<p>O interior do ES90 \u00e9 equipado com tecnologia de ponta, incluindo uma tela multim\u00eddia de 14,5 polegadas que centraliza as fun\u00e7\u00f5es do carro. O painel digital e o head-up display s\u00e3o projetados para facilitar o acesso \u00e0s informa\u00e7\u00f5es de condu\u00e7\u00e3o. O teto solar panor\u00e2mico, padr\u00e3o em todas as vers\u00f5es, oferece prote\u00e7\u00e3o contra raios UV e pode ser ajustado para diferentes n\u00edveis de transpar\u00eancia.<\/p>\n\n\n\n<figure class=\"wp-block-image size-large\"><img decoding=\"async\" width=\"1024\" height=\"576\" src=\"https:\/\/www.correiobraziliense.com.br\/cbradar\/wp-content\/uploads\/2025\/03\/Volvo-ES90-2-1024x576.png\" alt=\"Volvo ES90 ter\u00e1 tecnologia e alto desempenho, veja novidades\" class=\"wp-image-17556\" srcset=\"https:\/\/www.correiobraziliense.com.br\/cbradar\/wp-content\/uploads\/2025\/03\/Volvo-ES90-2-1024x576.png 1024w, https:\/\/www.correiobraziliense.com.br\/cbradar\/wp-content\/uploads\/2025\/03\/Volvo-ES90-2-300x169.png 300w, https:\/\/www.correiobraziliense.com.br\/cbradar\/wp-content\/uploads\/2025\/03\/Volvo-ES90-2-768x432.png 768w, https:\/\/www.correiobraziliense.com.br\/cbradar\/wp-content\/uploads\/2025\/03\/Volvo-ES90-2-750x422.png 750w, https:\/\/www.correiobraziliense.com.br\/cbradar\/wp-content\/uploads\/2025\/03\/Volvo-ES90-2-1140x641.png 1140w, https:\/\/www.correiobraziliense.com.br\/cbradar\/wp-content\/uploads\/2025\/03\/Volvo-ES90-2.png 1280w\" sizes=\"(max-width: 1024px) 100vw, 1024px\" \/><figcaption class=\"wp-element-caption\">Volvo ES90. Fonte: divulga\u00e7\u00e3o \/ Volvo<\/figcaption><\/figure>\n\n\n\n<h2 class=\"wp-block-heading\"><strong>Como o ES90 se destaca em desempenho e tecnologia de propuls\u00e3o?<\/strong><\/h2>\n\n\n\n<p>O ES90 est\u00e1 dispon\u00edvel em tr\u00eas configura\u00e7\u00f5es de motoriza\u00e7\u00e3o, cada uma oferecendo uma experi\u00eancia de condu\u00e7\u00e3o distinta:<\/p>\n\n\n\n<ul class=\"wp-block-list\">\n<li><strong>Single Motor RWD:<\/strong>\u00a0Com um motor traseiro de 329 cv, esta vers\u00e3o acelera de 0 a 100 km\/h em 6,7 segundos.<\/li>\n\n\n\n<li><strong>Twin Motor AWD:<\/strong>\u00a0Oferece tra\u00e7\u00e3o nas quatro rodas e 442 cv, atingindo 100 km\/h em 5,3 segundos.<\/li>\n\n\n\n<li><strong>Twin Motor Performance:<\/strong>\u00a0A configura\u00e7\u00e3o mais potente, com 670 cv, acelera de 0 a 100 km\/h em apenas 3,9 segundos.<\/li>\n<\/ul>\n\n\n\n<p>As baterias de \u00edons de l\u00edtio variam em capacidade, permitindo uma autonomia de at\u00e9 593 km no ciclo europeu WLTP. No Brasil, a autonomia pode ser menor devido \u00e0s condi\u00e7\u00f5es de teste mais rigorosas.<\/p>\n\n\n\n<h2 class=\"wp-block-heading\"><strong>Quais s\u00e3o as inova\u00e7\u00f5es em seguran\u00e7a do ES90?<\/strong><\/h2>\n\n\n\n<p>O sistema el\u00e9trico de 800V do ES90 possibilita carregamento ultrarr\u00e1pido, permitindo que a bateria seja carregada de 10% a 80% em apenas 20 minutos em esta\u00e7\u00f5es de 350 kW. Isso oferece uma conveni\u00eancia significativa para os motoristas em movimento.<\/p>\n\n\n\n<p>O ES90 inclui uma s\u00e9rie de tecnologias de seguran\u00e7a, como monitoramento do motorista para detectar sinais de cansa\u00e7o. Sensores avan\u00e7ados ajudam a prevenir colis\u00f5es, enquanto a c\u00e2mera de 360 graus facilita as manobras em espa\u00e7os apertados. O sistema tamb\u00e9m alerta sobre a presen\u00e7a de crian\u00e7as ou animais no interior do ve\u00edculo.<\/p>\n\n\n\n<h2 class=\"wp-block-heading\"><strong>Quando o ES90 estar\u00e1 dispon\u00edvel para compra?<\/strong><\/h2>\n\n\n\n<p>O Volvo ES90 j\u00e1 est\u00e1 dispon\u00edvel para encomenda em alguns mercados europeus e deve ser lan\u00e7ado em outros pa\u00edses, incluindo o Brasil, at\u00e9 2026. Este modelo \u00e9 uma prova do compromisso da Volvo com a inova\u00e7\u00e3o e a sustentabilidade, oferecendo aos consumidores uma op\u00e7\u00e3o de mobilidade el\u00e9trica que n\u00e3o compromete o desempenho ou o conforto.<\/p>\n","protected":false},"excerpt":{"rendered":"<p>A Volvo apresenta o ES90, seu novo sed\u00e3 el\u00e9trico, e d\u00e1 um passo importante em sua transi\u00e7\u00e3o para uma marca mais verde.<\/p>\n","protected":false},"author":3,"featured_media":17555,"comment_status":"open","ping_status":"open","sticky":false,"template":"","format":"standard","meta":{"_yoast_wpseo_focuskw":"Volvo ES90","_yoast_wpseo_title":"%%title%%","_yoast_wpseo_metadesc":"A Volvo apresenta o ES90, seu novo sed\u00e3 el\u00e9trico, e d\u00e1 um passo importante em sua transi\u00e7\u00e3o para uma marca mais verde.","jnews-multi-image_gallery":[],"jnews_single_post":{"format":"standard"},"jnews_primary_category":[],"jnews_social_meta":[],"jnews_override_counter":[],"footnotes":""},"categories":[122],"tags":[2677,2678],"class_list":["post-17550","post","type-post","status-publish","format-standard","has-post-thumbnail","hentry","category-automobilismo","tag-volvo","tag-volvo-es90"],"yoast_head":"<!-- This site is optimized with the Yoast SEO plugin v24.6 - https:\/\/yoast.com\/wordpress\/plugins\/seo\/ -->\n<title>Volvo ES90 ter\u00e1 tecnologia e alto desempenho, veja novidades<\/title>\n<meta name=\"description\" content=\"A Volvo apresenta o ES90, seu novo sed\u00e3 el\u00e9trico, e d\u00e1 um passo importante em sua transi\u00e7\u00e3o para uma marca mais verde.\" \/>\n<meta name=\"robots\" content=\"index, follow, max-snippet:-1, max-image-preview:large, max-video-preview:-1\" \/>\n<link rel=\"canonical\" href=\"https:\/\/www.correiobraziliense.com.br\/cbradar\/volvo-es90-tera-tecnologia-e-alto-desempenho-veja-novidades\/\" \/>\n<meta property=\"og:locale\" content=\"pt_BR\" \/>\n<meta property=\"og:type\" content=\"article\" \/>\n<meta property=\"og:title\" content=\"Volvo ES90 ter\u00e1 tecnologia e alto desempenho, veja novidades\" \/>\n<meta property=\"og:description\" content=\"A Volvo apresenta o ES90, seu novo sed\u00e3 el\u00e9trico, e d\u00e1 um passo importante em sua transi\u00e7\u00e3o para uma marca mais verde.\" \/>\n<meta property=\"og:url\" content=\"https:\/\/www.correiobraziliense.com.br\/cbradar\/volvo-es90-tera-tecnologia-e-alto-desempenho-veja-novidades\/\" \/>\n<meta property=\"og:site_name\" content=\"Correio Braziliense - Radar\" \/>\n<meta property=\"article:published_time\" content=\"2025-04-02T00:10:00+00:00\" \/>\n<meta property=\"og:image\" content=\"https:\/\/www.correiobraziliense.com.br\/cbradar\/wp-content\/uploads\/2025\/03\/Volvo-ES90.png\" \/>\n\t<meta property=\"og:image:width\" content=\"1280\" \/>\n\t<meta property=\"og:image:height\" content=\"720\" \/>\n\t<meta property=\"og:image:type\" content=\"image\/png\" \/>\n<meta name=\"author\" content=\"Larissa Carvalho\" \/>\n<meta name=\"twitter:card\" content=\"summary_large_image\" \/>\n<meta name=\"twitter:label1\" content=\"Escrito por\" \/>\n\t<meta name=\"twitter:data1\" content=\"Larissa Carvalho\" \/>\n\t<meta name=\"twitter:label2\" content=\"Est. tempo de leitura\" \/>\n\t<meta name=\"twitter:data2\" content=\"4 minutos\" \/>\n<!-- \/ Yoast SEO plugin. -->","yoast_head_json":{"title":"Volvo ES90 ter\u00e1 tecnologia e alto desempenho, veja novidades","description":"A Volvo apresenta o ES90, seu novo sed\u00e3 el\u00e9trico, e d\u00e1 um passo importante em sua transi\u00e7\u00e3o para uma marca mais verde.","robots":{"index":"index","follow":"follow","max-snippet":"max-snippet:-1","max-image-preview":"max-image-preview:large","max-video-preview":"max-video-preview:-1"},"canonical":"https:\/\/www.correiobraziliense.com.br\/cbradar\/volvo-es90-tera-tecnologia-e-alto-desempenho-veja-novidades\/","og_locale":"pt_BR","og_type":"article","og_title":"Volvo ES90 ter\u00e1 tecnologia e alto desempenho, veja novidades","og_description":"A Volvo apresenta o ES90, seu novo sed\u00e3 el\u00e9trico, e d\u00e1 um passo importante em sua transi\u00e7\u00e3o para uma marca mais verde.","og_url":"https:\/\/www.correiobraziliense.com.br\/cbradar\/volvo-es90-tera-tecnologia-e-alto-desempenho-veja-novidades\/","og_site_name":"Correio Braziliense - Radar","article_published_time":"2025-04-02T00:10:00+00:00","og_image":[{"width":1280,"height":720,"url":"https:\/\/www.correiobraziliense.com.br\/cbradar\/wp-content\/uploads\/2025\/03\/Volvo-ES90.png","type":"image\/png"}],"author":"Larissa Carvalho","twitter_card":"summary_large_image","twitter_misc":{"Escrito por":"Larissa Carvalho","Est. tempo de leitura":"4 minutos"},"schema":{"@context":"https:\/\/schema.org","@graph":[{"@type":"WebPage","@id":"https:\/\/www.correiobraziliense.com.br\/cbradar\/volvo-es90-tera-tecnologia-e-alto-desempenho-veja-novidades\/","url":"https:\/\/www.correiobraziliense.com.br\/cbradar\/volvo-es90-tera-tecnologia-e-alto-desempenho-veja-novidades\/","name":"Volvo ES90 ter\u00e1 tecnologia e alto desempenho, veja novidades","isPartOf":{"@id":"https:\/\/www.correiobraziliense.com.br\/cbradar\/#website"},"primaryImageOfPage":{"@id":"https:\/\/www.correiobraziliense.com.br\/cbradar\/volvo-es90-tera-tecnologia-e-alto-desempenho-veja-novidades\/#primaryimage"},"image":{"@id":"https:\/\/www.correiobraziliense.com.br\/cbradar\/volvo-es90-tera-tecnologia-e-alto-desempenho-veja-novidades\/#primaryimage"},"thumbnailUrl":"https:\/\/www.correiobraziliense.com.br\/cbradar\/wp-content\/uploads\/2025\/03\/Volvo-ES90.png","datePublished":"2025-04-02T00:10:00+00:00","author":{"@id":"https:\/\/www.correiobraziliense.com.br\/cbradar\/#\/schema\/person\/58422787644df994b53a19d3e56c1513"},"description":"A Volvo apresenta o ES90, seu novo sed\u00e3 el\u00e9trico, e d\u00e1 um passo importante em sua transi\u00e7\u00e3o para uma marca mais verde.","breadcrumb":{"@id":"https:\/\/www.correiobraziliense.com.br\/cbradar\/volvo-es90-tera-tecnologia-e-alto-desempenho-veja-novidades\/#breadcrumb"},"inLanguage":"pt-BR","potentialAction":[{"@type":"ReadAction","target":["https:\/\/www.correiobraziliense.com.br\/cbradar\/volvo-es90-tera-tecnologia-e-alto-desempenho-veja-novidades\/"]}]},{"@type":"ImageObject","inLanguage":"pt-BR","@id":"https:\/\/www.correiobraziliense.com.br\/cbradar\/volvo-es90-tera-tecnologia-e-alto-desempenho-veja-novidades\/#primaryimage","url":"https:\/\/www.correiobraziliense.com.br\/cbradar\/wp-content\/uploads\/2025\/03\/Volvo-ES90.png","contentUrl":"https:\/\/www.correiobraziliense.com.br\/cbradar\/wp-content\/uploads\/2025\/03\/Volvo-ES90.png","width":1280,"height":720,"caption":"Volvo ES90. Fonte: divulga\u00e7\u00e3o \/ Volvo"},{"@type":"BreadcrumbList","@id":"https:\/\/www.correiobraziliense.com.br\/cbradar\/volvo-es90-tera-tecnologia-e-alto-desempenho-veja-novidades\/#breadcrumb","itemListElement":[{"@type":"ListItem","position":1,"name":"In\u00edcio","item":"https:\/\/www.correiobraziliense.com.br\/cbradar\/"},{"@type":"ListItem","position":2,"name":"Volvo ES90 ter\u00e1 tecnologia e alto desempenho, veja novidades"}]},{"@type":"WebSite","@id":"https:\/\/www.correiobraziliense.com.br\/cbradar\/#website","url":"https:\/\/www.correiobraziliense.com.br\/cbradar\/","name":"Correio Braziliense - Radar","description":"Acompanhe as \u00faltimas not\u00edcias e fique bem informado sobre tudo o que acontece no Brasil e no mundo.","potentialAction":[{"@type":"SearchAction","target":{"@type":"EntryPoint","urlTemplate":"https:\/\/www.correiobraziliense.com.br\/cbradar\/?s={search_term_string}"},"query-input":{"@type":"PropertyValueSpecification","valueRequired":true,"valueName":"search_term_string"}}],"inLanguage":"pt-BR"},{"@type":"Person","@id":"https:\/\/www.correiobraziliense.com.br\/cbradar\/#\/schema\/person\/58422787644df994b53a19d3e56c1513","name":"Larissa Carvalho","image":{"@type":"ImageObject","inLanguage":"pt-BR","@id":"https:\/\/www.correiobraziliense.com.br\/cbradar\/#\/schema\/person\/image\/","url":"https:\/\/secure.gravatar.com\/avatar\/fe4f91a0de32b52a838d0d612abdc1aa?s=96&d=mm&r=g","contentUrl":"https:\/\/secure.gravatar.com\/avatar\/fe4f91a0de32b52a838d0d612abdc1aa?s=96&d=mm&r=g","caption":"Larissa Carvalho"},"url":"https:\/\/www.correiobraziliense.com.br\/cbradar\/author\/larissamyth\/"}]}},"_links":{"self":[{"href":"https:\/\/www.correiobraziliense.com.br\/cbradar\/wp-json\/wp\/v2\/posts\/17550","targetHints":{"allow":["GET"]}}],"collection":[{"href":"https:\/\/www.correiobraziliense.com.br\/cbradar\/wp-json\/wp\/v2\/posts"}],"about":[{"href":"https:\/\/www.correiobraziliense.com.br\/cbradar\/wp-json\/wp\/v2\/types\/post"}],"author":[{"embeddable":true,"href":"https:\/\/www.correiobraziliense.com.br\/cbradar\/wp-json\/wp\/v2\/users\/3"}],"replies":[{"embeddable":true,"href":"https:\/\/www.correiobraziliense.com.br\/cbradar\/wp-json\/wp\/v2\/comments?post=17550"}],"version-history":[{"count":1,"href":"https:\/\/www.correiobraziliense.com.br\/cbradar\/wp-json\/wp\/v2\/posts\/17550\/revisions"}],"predecessor-version":[{"id":17557,"href":"https:\/\/www.correiobraziliense.com.br\/cbradar\/wp-json\/wp\/v2\/posts\/17550\/revisions\/17557"}],"wp:featuredmedia":[{"embeddable":true,"href":"https:\/\/www.correiobraziliense.com.br\/cbradar\/wp-json\/wp\/v2\/media\/17555"}],"wp:attachment":[{"href":"https:\/\/www.correiobraziliense.com.br\/cbradar\/wp-json\/wp\/v2\/media?parent=17550"}],"wp:term":[{"taxonomy":"category","embeddable":true,"href":"https:\/\/www.correiobraziliense.com.br\/cbradar\/wp-json\/wp\/v2\/categories?post=17550"},{"taxonomy":"post_tag","embeddable":true,"href":"https:\/\/www.correiobraziliense.com.br\/cbradar\/wp-json\/wp\/v2\/tags?post=17550"}],"curies":[{"name":"wp","href":"https:\/\/api.w.org\/{rel}","templated":true}]}}