{"id":175784,"date":"2026-01-18T08:45:00","date_gmt":"2026-01-18T11:45:00","guid":{"rendered":"https:\/\/www.correiobraziliense.com.br\/cbradar\/?p=175784"},"modified":"2026-01-17T11:37:50","modified_gmt":"2026-01-17T14:37:50","slug":"a-frase-comum-que-todo-mundo-erra-no-dia-a-dia-sem-saber","status":"publish","type":"post","link":"https:\/\/www.correiobraziliense.com.br\/cbradar\/a-frase-comum-que-todo-mundo-erra-no-dia-a-dia-sem-saber\/","title":{"rendered":"A frase comum que todo mundo erra no dia a dia sem saber"},"content":{"rendered":"\n<p>Entre as express\u00f5es usadas com frequ\u00eancia na comunica\u00e7\u00e3o cotidiana, poucas chamam tanta aten\u00e7\u00e3o de especialistas em l\u00edngua portuguesa quanto <strong>\u201cmaiores informa\u00e7\u00f5es\u201d<\/strong>. A frase aparece em an\u00fancios, e-mails corporativos, avisos impressos e at\u00e9 em campanhas publicit\u00e1rias. Apesar de aparentar formalidade, trata-se de uma constru\u00e7\u00e3o considerada inadequada em contextos em que n\u00e3o h\u00e1 compara\u00e7\u00e3o expl\u00edcita.<\/p>\n\n\n\n<h2 class=\"wp-block-heading\">O que a express\u00e3o \u201cmaiores informa\u00e7\u00f5es\u201d realmente significa<\/h2>\n\n\n\n<p>A express\u00e3o <strong>\u201cmaiores informa\u00e7\u00f5es\u201d<\/strong> combina o substantivo \u201cinforma\u00e7\u00f5es\u201d com o adjetivo \u201cmaiores\u201d, que est\u00e1 no grau comparativo. Em termos gramaticais, <strong>\u201cmaior\u201d indica compara\u00e7\u00e3o<\/strong> de tamanho, quantidade ou intensidade em rela\u00e7\u00e3o a algo j\u00e1 mencionado, o que nem sempre ocorre nos textos do dia a dia.<\/p>\n\n\n\n<p>Seu uso seria mais adequado quando h\u00e1 <strong>duas ou mais informa\u00e7\u00f5es sendo comparadas<\/strong>, o que n\u00e3o acontece na frase padr\u00e3o de atendimento ao p\u00fablico. Nesses casos, o que se pretende \u00e9 simplesmente indicar <strong>quantidade adicional de dados<\/strong>, n\u00e3o uma compara\u00e7\u00e3o entre eles, o que torna a escolha por \u201cmaiores\u201d inadequada.<\/p>\n\n\n\n<h2 class=\"wp-block-heading\">Por que \u201cmaiores informa\u00e7\u00f5es\u201d \u00e9 inadequado na maioria dos contextos<\/h2>\n\n\n\n<p>Quando um aviso diz \u201cPara maiores informa\u00e7\u00f5es, acesse o site\u201d, n\u00e3o h\u00e1 refer\u00eancia a outro conjunto de informa\u00e7\u00f5es que seria <strong>menor<\/strong>. O objetivo \u00e9 apenas sugerir que, naquele endere\u00e7o, o leitor encontrar\u00e1 <strong>mais dados sobre o assunto tratado<\/strong>, sem estabelecer qualquer hierarquia ou grau de grandeza entre conjuntos de informa\u00e7\u00f5es.<\/p>\n\n\n\n<p>Por isso, a express\u00e3o correta e clara para esse contexto \u00e9 <strong>\u201cmais informa\u00e7\u00f5es\u201d<\/strong>. A substitui\u00e7\u00e3o evita ambiguidade, mant\u00e9m o enunciado alinhado \u00e0s normas gramaticais vigentes e refor\u00e7a a ideia de <strong>complemento de conte\u00fado<\/strong>, n\u00e3o de compara\u00e7\u00e3o.<\/p>\n\n\n\n<p>Para aprofundarmos no tema, trouxemos o v\u00eddeo do perfil @cintiachagassbrasil:<\/p>\n\n\n\n<blockquote class=\"tiktok-embed\" cite=\"https:\/\/www.tiktok.com\/@cintiachagassbrasil\/video\/7592405225407925525\" data-video-id=\"7592405225407925525\" style=\"max-width: 605px;min-width: 325px;\" > <section> <a target=\"_blank\" title=\"@cintiachagassbrasil\" href=\"https:\/\/www.tiktok.com\/@cintiachagassbrasil?refer=embed\">@cintiachagassbrasil<\/a> <p><\/p> <a target=\"_blank\" title=\"\u266c som original - cintiachagassbrasil\" href=\"https:\/\/www.tiktok.com\/music\/som-original-7592405373271001864?refer=embed\">\u266c som original &#8211; cintiachagassbrasil<\/a> <\/section> <\/blockquote> <script async src=\"https:\/\/www.tiktok.com\/embed.js\"><\/script>\n\n\n\n<h2 class=\"wp-block-heading\">Qual \u00e9 a forma gramaticalmente adequada: \u201cmaiores informa\u00e7\u00f5es\u201d ou \u201cmais informa\u00e7\u00f5es\u201d<\/h2>\n\n\n\n<p>Entre as duas possibilidades, a forma indicada pelos gram\u00e1ticos e manuais de reda\u00e7\u00e3o \u00e9 <strong>\u201cmais informa\u00e7\u00f5es\u201d<\/strong>. O termo \u201cmais\u201d atua como <strong>adv\u00e9rbio de intensidade ou de quantidade<\/strong>, indicando acr\u00e9scimo, complementaridade ou continuidade, sem pressupor compara\u00e7\u00e3o direta com outro elemento.<\/p>\n\n\n\n<p>J\u00e1 \u201cmaior\u201d, por ser comparativo, sugere oposi\u00e7\u00e3o entre elementos de tamanhos diferentes. Em contextos de atendimento ao p\u00fablico, essa compara\u00e7\u00e3o n\u00e3o est\u00e1 expl\u00edcita, raz\u00e3o pela qual o emprego de <strong>\u201cmaiores informa\u00e7\u00f5es\u201d<\/strong> n\u00e3o \u00e9 considerado adequado em textos formais e institucionais.<\/p>\n\n\n\n<ul class=\"wp-block-list\">\n<li><strong>Para mais informa\u00e7\u00f5es<\/strong>, entre em contato com a Central de Atendimento.<\/li>\n\n\n\n<li><strong>Para obter mais detalhes<\/strong>, consulte o regulamento dispon\u00edvel no site.<\/li>\n\n\n\n<li><strong>Em caso de d\u00favidas ou para mais esclarecimentos<\/strong>, fale com a equipe respons\u00e1vel.<\/li>\n<\/ul>\n\n\n\n<h2 class=\"wp-block-heading\">Em quais situa\u00e7\u00f5es o uso de \u201cmaior\u201d est\u00e1 correto<\/h2>\n\n\n\n<p>Embora a express\u00e3o \u201cmaiores informa\u00e7\u00f5es\u201d n\u00e3o seja recomendada nesse tipo de frase, o adjetivo <strong>\u201cmaior\u201d tem amplo uso leg\u00edtimo<\/strong> na l\u00edngua portuguesa. Ele aparece em compara\u00e7\u00f5es de tamanho, idade, dura\u00e7\u00e3o, quantidade e import\u00e2ncia, sempre com um termo de compara\u00e7\u00e3o expl\u00edcito ou impl\u00edcito.<\/p>\n\n\n\n<p>O ponto central \u00e9 justamente a presen\u00e7a de uma <strong>rela\u00e7\u00e3o de compara\u00e7\u00e3o<\/strong>, o que justifica o emprego do grau comparativo. Veja alguns exemplos em que \u201cmaior\u201d \u00e9 aplicado de forma adequada e gramaticalmente correta:<\/p>\n\n\n\n<ol class=\"wp-block-list\">\n<li>A sala do andar t\u00e9rreo \u00e9 <strong>maior<\/strong> que a do primeiro andar.<\/li>\n\n\n\n<li>O prazo de entrega deste contrato \u00e9 <strong>maior<\/strong> do que o previsto no acordo anterior.<\/li>\n\n\n\n<li>A demanda por atendimento foi <strong>maior<\/strong> no segundo semestre.<\/li>\n\n\n\n<li>Entre as op\u00e7\u00f5es analisadas, este projeto apresenta o <strong>maior n\u00famero<\/strong> de participantes.<\/li>\n<\/ol>\n\n\n\n<figure class=\"wp-block-image size-large\"><img decoding=\"async\" width=\"1024\" height=\"576\" src=\"https:\/\/www.correiobraziliense.com.br\/cbradar\/wp-content\/uploads\/2026\/01\/Featured_Image_Mais_Informacoes_1280x720-1024x576.png\" alt=\"A frase comum que todo mundo erra no dia a dia sem saber\" class=\"wp-image-175786\" srcset=\"https:\/\/www.correiobraziliense.com.br\/cbradar\/wp-content\/uploads\/2026\/01\/Featured_Image_Mais_Informacoes_1280x720-1024x576.png 1024w, https:\/\/www.correiobraziliense.com.br\/cbradar\/wp-content\/uploads\/2026\/01\/Featured_Image_Mais_Informacoes_1280x720-300x169.png 300w, https:\/\/www.correiobraziliense.com.br\/cbradar\/wp-content\/uploads\/2026\/01\/Featured_Image_Mais_Informacoes_1280x720-768x432.png 768w, https:\/\/www.correiobraziliense.com.br\/cbradar\/wp-content\/uploads\/2026\/01\/Featured_Image_Mais_Informacoes_1280x720-750x422.png 750w, https:\/\/www.correiobraziliense.com.br\/cbradar\/wp-content\/uploads\/2026\/01\/Featured_Image_Mais_Informacoes_1280x720-1140x641.png 1140w, https:\/\/www.correiobraziliense.com.br\/cbradar\/wp-content\/uploads\/2026\/01\/Featured_Image_Mais_Informacoes_1280x720.png 1280w\" sizes=\"(max-width: 1024px) 100vw, 1024px\" \/><figcaption class=\"wp-element-caption\">Especialistas em l\u00edngua portuguesa alertam: \u201cmaiores informa\u00e7\u00f5es\u201d invade textos formais sem base comparativa expl\u00edcita.<\/figcaption><\/figure>\n\n\n\n<h2 class=\"wp-block-heading\">Como evitar o erro \u201cmaiores informa\u00e7\u00f5es\u201d na escrita cotidiana<\/h2>\n\n\n\n<p>Uma forma simples de evitar o uso inadequado de <strong>\u201cmaiores informa\u00e7\u00f5es\u201d<\/strong> \u00e9 substituir mentalmente a express\u00e3o por outras equivalentes que mantenham o sentido da frase. Se a troca por <strong>\u201cmais detalhes\u201d<\/strong>, <strong>\u201cmais dados\u201d<\/strong> ou <strong>\u201cmais esclarecimentos\u201d<\/strong> funcionar sem preju\u00edzo de sentido, a escolha correta \u00e9 \u201cmais informa\u00e7\u00f5es\u201d.<\/p>\n\n\n\n<p>Esse tipo de teste r\u00e1pido auxilia na revis\u00e3o de textos profissionais, avisos internos e comunica\u00e7\u00f5es com o p\u00fablico. Ao adotar essas formas, redatores e equipes de atendimento mant\u00eam um <strong>padr\u00e3o de linguagem claro, objetivo e alinhado \u00e0 norma culta<\/strong>, favorecendo a compreens\u00e3o em diferentes contextos.<\/p>\n\n\n\n<ul class=\"wp-block-list\">\n<li>Para <strong>mais informa\u00e7\u00f5es<\/strong>, acesse o site oficial.<\/li>\n\n\n\n<li>Para <strong>mais dados<\/strong> sobre o processo de inscri\u00e7\u00e3o, consulte o edital.<\/li>\n\n\n\n<li>Para <strong>mais esclarecimentos<\/strong>, entre em contato com a Central de Atendimento.<\/li>\n\n\n\n<li>Para obter <strong>mais detalhes<\/strong>, envie uma mensagem para o canal de suporte.<\/li>\n<\/ul>\n","protected":false},"excerpt":{"rendered":"<p>Evite o erro comum \u201cmaiores informa\u00e7\u00f5es\u201d: descubra por que o correto \u00e9 \u201cmais informa\u00e7\u00f5es\u201d e aprenda a usar a norma culta no dia a dia.<\/p>\n","protected":false},"author":3,"featured_media":176995,"comment_status":"open","ping_status":"open","sticky":false,"template":"","format":"standard","meta":{"_yoast_wpseo_focuskw":"maiores informa\u00e7\u00f5es","_yoast_wpseo_title":"%%title%%","_yoast_wpseo_metadesc":"Evite o erro comum \u201cmaiores informa\u00e7\u00f5es\u201d: descubra por que o correto \u00e9 \u201cmais informa\u00e7\u00f5es\u201d e aprenda a usar a norma culta no dia a dia.","jnews-multi-image_gallery":[],"jnews_single_post":{"format":"standard"},"jnews_primary_category":[],"jnews_social_meta":[],"jnews_override_counter":[],"footnotes":""},"categories":[112],"tags":[144,10266,10902,11064,6081],"class_list":["post-175784","post","type-post","status-publish","format-standard","has-post-thumbnail","hentry","category-curiosidades","tag-curiosidades","tag-informacoes","tag-lingua-portuguesa","tag-linguas","tag-portugues"],"yoast_head":"<!-- This site is optimized with the Yoast SEO plugin v24.6 - https:\/\/yoast.com\/wordpress\/plugins\/seo\/ -->\n<title>A frase comum que todo mundo erra no dia a dia sem saber<\/title>\n<meta name=\"description\" content=\"Evite o erro comum \u201cmaiores informa\u00e7\u00f5es\u201d: descubra por que o correto \u00e9 \u201cmais informa\u00e7\u00f5es\u201d e aprenda a usar a norma culta no dia a dia.\" \/>\n<meta name=\"robots\" content=\"index, follow, max-snippet:-1, max-image-preview:large, max-video-preview:-1\" \/>\n<link rel=\"canonical\" href=\"https:\/\/www.correiobraziliense.com.br\/cbradar\/a-frase-comum-que-todo-mundo-erra-no-dia-a-dia-sem-saber\/\" \/>\n<meta property=\"og:locale\" content=\"pt_BR\" \/>\n<meta property=\"og:type\" content=\"article\" \/>\n<meta property=\"og:title\" content=\"A frase comum que todo mundo erra no dia a dia sem saber\" \/>\n<meta property=\"og:description\" content=\"Evite o erro comum \u201cmaiores informa\u00e7\u00f5es\u201d: descubra por que o correto \u00e9 \u201cmais informa\u00e7\u00f5es\u201d e aprenda a usar a norma culta no dia a dia.\" \/>\n<meta property=\"og:url\" content=\"https:\/\/www.correiobraziliense.com.br\/cbradar\/a-frase-comum-que-todo-mundo-erra-no-dia-a-dia-sem-saber\/\" \/>\n<meta property=\"og:site_name\" content=\"Correio Braziliense - Radar\" \/>\n<meta property=\"article:published_time\" content=\"2026-01-18T11:45:00+00:00\" \/>\n<meta property=\"og:image\" content=\"https:\/\/www.correiobraziliense.com.br\/cbradar\/wp-content\/uploads\/2026\/01\/pessoas-conversando_1768660657586.jpg\" \/>\n\t<meta property=\"og:image:width\" content=\"1280\" \/>\n\t<meta property=\"og:image:height\" content=\"720\" \/>\n\t<meta property=\"og:image:type\" content=\"image\/jpeg\" \/>\n<meta name=\"author\" content=\"Larissa Carvalho\" \/>\n<meta name=\"twitter:card\" content=\"summary_large_image\" \/>\n<meta name=\"twitter:label1\" content=\"Escrito por\" \/>\n\t<meta name=\"twitter:data1\" content=\"Larissa Carvalho\" \/>\n\t<meta name=\"twitter:label2\" content=\"Est. tempo de leitura\" \/>\n\t<meta name=\"twitter:data2\" content=\"5 minutos\" \/>\n<!-- \/ Yoast SEO plugin. -->","yoast_head_json":{"title":"A frase comum que todo mundo erra no dia a dia sem saber","description":"Evite o erro comum \u201cmaiores informa\u00e7\u00f5es\u201d: descubra por que o correto \u00e9 \u201cmais informa\u00e7\u00f5es\u201d e aprenda a usar a norma culta no dia a dia.","robots":{"index":"index","follow":"follow","max-snippet":"max-snippet:-1","max-image-preview":"max-image-preview:large","max-video-preview":"max-video-preview:-1"},"canonical":"https:\/\/www.correiobraziliense.com.br\/cbradar\/a-frase-comum-que-todo-mundo-erra-no-dia-a-dia-sem-saber\/","og_locale":"pt_BR","og_type":"article","og_title":"A frase comum que todo mundo erra no dia a dia sem saber","og_description":"Evite o erro comum \u201cmaiores informa\u00e7\u00f5es\u201d: descubra por que o correto \u00e9 \u201cmais informa\u00e7\u00f5es\u201d e aprenda a usar a norma culta no dia a dia.","og_url":"https:\/\/www.correiobraziliense.com.br\/cbradar\/a-frase-comum-que-todo-mundo-erra-no-dia-a-dia-sem-saber\/","og_site_name":"Correio Braziliense - Radar","article_published_time":"2026-01-18T11:45:00+00:00","og_image":[{"width":1280,"height":720,"url":"https:\/\/www.correiobraziliense.com.br\/cbradar\/wp-content\/uploads\/2026\/01\/pessoas-conversando_1768660657586.jpg","type":"image\/jpeg"}],"author":"Larissa Carvalho","twitter_card":"summary_large_image","twitter_misc":{"Escrito por":"Larissa Carvalho","Est. tempo de leitura":"5 minutos"},"schema":{"@context":"https:\/\/schema.org","@graph":[{"@type":"WebPage","@id":"https:\/\/www.correiobraziliense.com.br\/cbradar\/a-frase-comum-que-todo-mundo-erra-no-dia-a-dia-sem-saber\/","url":"https:\/\/www.correiobraziliense.com.br\/cbradar\/a-frase-comum-que-todo-mundo-erra-no-dia-a-dia-sem-saber\/","name":"A frase comum que todo mundo erra no dia a dia sem saber","isPartOf":{"@id":"https:\/\/www.correiobraziliense.com.br\/cbradar\/#website"},"primaryImageOfPage":{"@id":"https:\/\/www.correiobraziliense.com.br\/cbradar\/a-frase-comum-que-todo-mundo-erra-no-dia-a-dia-sem-saber\/#primaryimage"},"image":{"@id":"https:\/\/www.correiobraziliense.com.br\/cbradar\/a-frase-comum-que-todo-mundo-erra-no-dia-a-dia-sem-saber\/#primaryimage"},"thumbnailUrl":"https:\/\/www.correiobraziliense.com.br\/cbradar\/wp-content\/uploads\/2026\/01\/pessoas-conversando_1768660657586.jpg","datePublished":"2026-01-18T11:45:00+00:00","author":{"@id":"https:\/\/www.correiobraziliense.com.br\/cbradar\/#\/schema\/person\/58422787644df994b53a19d3e56c1513"},"description":"Evite o erro comum \u201cmaiores informa\u00e7\u00f5es\u201d: descubra por que o correto \u00e9 \u201cmais informa\u00e7\u00f5es\u201d e aprenda a usar a norma culta no dia a dia.","breadcrumb":{"@id":"https:\/\/www.correiobraziliense.com.br\/cbradar\/a-frase-comum-que-todo-mundo-erra-no-dia-a-dia-sem-saber\/#breadcrumb"},"inLanguage":"pt-BR","potentialAction":[{"@type":"ReadAction","target":["https:\/\/www.correiobraziliense.com.br\/cbradar\/a-frase-comum-que-todo-mundo-erra-no-dia-a-dia-sem-saber\/"]}]},{"@type":"ImageObject","inLanguage":"pt-BR","@id":"https:\/\/www.correiobraziliense.com.br\/cbradar\/a-frase-comum-que-todo-mundo-erra-no-dia-a-dia-sem-saber\/#primaryimage","url":"https:\/\/www.correiobraziliense.com.br\/cbradar\/wp-content\/uploads\/2026\/01\/pessoas-conversando_1768660657586.jpg","contentUrl":"https:\/\/www.correiobraziliense.com.br\/cbradar\/wp-content\/uploads\/2026\/01\/pessoas-conversando_1768660657586.jpg","width":1280,"height":720,"caption":"Especialistas em l\u00edngua portuguesa alertam: \u201cmaiores informa\u00e7\u00f5es\u201d invade textos formais sem base comparativa expl\u00edcita. - Cr\u00e9ditos: depositphotos.com \/ marish"},{"@type":"BreadcrumbList","@id":"https:\/\/www.correiobraziliense.com.br\/cbradar\/a-frase-comum-que-todo-mundo-erra-no-dia-a-dia-sem-saber\/#breadcrumb","itemListElement":[{"@type":"ListItem","position":1,"name":"In\u00edcio","item":"https:\/\/www.correiobraziliense.com.br\/cbradar\/"},{"@type":"ListItem","position":2,"name":"A frase comum que todo mundo erra no dia a dia sem saber"}]},{"@type":"WebSite","@id":"https:\/\/www.correiobraziliense.com.br\/cbradar\/#website","url":"https:\/\/www.correiobraziliense.com.br\/cbradar\/","name":"Correio Braziliense - Radar","description":"Acompanhe as \u00faltimas not\u00edcias e fique bem informado sobre tudo o que acontece no Brasil e no mundo.","potentialAction":[{"@type":"SearchAction","target":{"@type":"EntryPoint","urlTemplate":"https:\/\/www.correiobraziliense.com.br\/cbradar\/?s={search_term_string}"},"query-input":{"@type":"PropertyValueSpecification","valueRequired":true,"valueName":"search_term_string"}}],"inLanguage":"pt-BR"},{"@type":"Person","@id":"https:\/\/www.correiobraziliense.com.br\/cbradar\/#\/schema\/person\/58422787644df994b53a19d3e56c1513","name":"Larissa Carvalho","image":{"@type":"ImageObject","inLanguage":"pt-BR","@id":"https:\/\/www.correiobraziliense.com.br\/cbradar\/#\/schema\/person\/image\/","url":"https:\/\/secure.gravatar.com\/avatar\/fe4f91a0de32b52a838d0d612abdc1aa?s=96&d=mm&r=g","contentUrl":"https:\/\/secure.gravatar.com\/avatar\/fe4f91a0de32b52a838d0d612abdc1aa?s=96&d=mm&r=g","caption":"Larissa Carvalho"},"url":"https:\/\/www.correiobraziliense.com.br\/cbradar\/author\/larissamyth\/"}]}},"_links":{"self":[{"href":"https:\/\/www.correiobraziliense.com.br\/cbradar\/wp-json\/wp\/v2\/posts\/175784","targetHints":{"allow":["GET"]}}],"collection":[{"href":"https:\/\/www.correiobraziliense.com.br\/cbradar\/wp-json\/wp\/v2\/posts"}],"about":[{"href":"https:\/\/www.correiobraziliense.com.br\/cbradar\/wp-json\/wp\/v2\/types\/post"}],"author":[{"embeddable":true,"href":"https:\/\/www.correiobraziliense.com.br\/cbradar\/wp-json\/wp\/v2\/users\/3"}],"replies":[{"embeddable":true,"href":"https:\/\/www.correiobraziliense.com.br\/cbradar\/wp-json\/wp\/v2\/comments?post=175784"}],"version-history":[{"count":2,"href":"https:\/\/www.correiobraziliense.com.br\/cbradar\/wp-json\/wp\/v2\/posts\/175784\/revisions"}],"predecessor-version":[{"id":175787,"href":"https:\/\/www.correiobraziliense.com.br\/cbradar\/wp-json\/wp\/v2\/posts\/175784\/revisions\/175787"}],"wp:featuredmedia":[{"embeddable":true,"href":"https:\/\/www.correiobraziliense.com.br\/cbradar\/wp-json\/wp\/v2\/media\/176995"}],"wp:attachment":[{"href":"https:\/\/www.correiobraziliense.com.br\/cbradar\/wp-json\/wp\/v2\/media?parent=175784"}],"wp:term":[{"taxonomy":"category","embeddable":true,"href":"https:\/\/www.correiobraziliense.com.br\/cbradar\/wp-json\/wp\/v2\/categories?post=175784"},{"taxonomy":"post_tag","embeddable":true,"href":"https:\/\/www.correiobraziliense.com.br\/cbradar\/wp-json\/wp\/v2\/tags?post=175784"}],"curies":[{"name":"wp","href":"https:\/\/api.w.org\/{rel}","templated":true}]}}