{"id":175859,"date":"2026-01-17T10:45:51","date_gmt":"2026-01-17T13:45:51","guid":{"rendered":"https:\/\/www.correiobraziliense.com.br\/cbradar\/?p=175859"},"modified":"2026-01-16T13:43:58","modified_gmt":"2026-01-16T16:43:58","slug":"o-grao-leve-que-pode-transformar-a-rotina-de-quem-tem-intestino-sensivel","status":"publish","type":"post","link":"https:\/\/www.correiobraziliense.com.br\/cbradar\/o-grao-leve-que-pode-transformar-a-rotina-de-quem-tem-intestino-sensivel\/","title":{"rendered":"O gr\u00e3o leve que pode transformar a rotina de quem tem intestino sens\u00edvel"},"content":{"rendered":"\n<p>Quem tem o <b>intestino sens\u00edvel<\/b> sabe como \u00e9 chato comer algo e, pouco depois, sentir estufamento, c\u00f3licas ou aquele desconforto insistente. A aveia em flocos finos costuma aparecer como uma op\u00e7\u00e3o \u201cdo bem\u201d, mas sempre vem a d\u00favida: ser\u00e1 que ela realmente ajuda ou pode piorar a situa\u00e7\u00e3o? Quando usada com cuidado, ela pode ser uma aliada para melhorar o funcionamento intestinal e trazer mais seguran\u00e7a na hora de montar as refei\u00e7\u00f5es do dia a dia.<\/p>\n\n\n\n<h2 class=\"wp-block-heading\">O que \u00e9 aveia em flocos finos e por que ela \u00e9 t\u00e3o comentada para o intestino<\/h2>\n\n\n\n<p>A aveia em flocos finos \u00e9 feita a partir do gr\u00e3o de <b>aveia<\/b> prensado em l\u00e2minas menores e mais delicadas. Em compara\u00e7\u00e3o com os flocos grossos, ela se mistura com mais facilidade em l\u00edquidos, cremes e massas, deixando as prepara\u00e7\u00f5es com uma textura mais suave e amig\u00e1vel para quem tem o <strong>intestino sens\u00edvel<\/strong>.<\/p>\n\n\n\n<p>Mesmo sendo mais \u201cfininha\u201d, a aveia em flocos finos mant\u00e9m carboidratos complexos, prote\u00ednas vegetais e fibras importantes, como a <b>beta-glucana<\/b>. Essa fibra sol\u00favel forma um gel em contato com a \u00e1gua, ajudando na forma\u00e7\u00e3o do bolo fecal e na regulariza\u00e7\u00e3o do tr\u00e2nsito intestinal, al\u00e9m de oferecer vitaminas do complexo B, ferro e magn\u00e9sio, que colaboram com o metabolismo e a fun\u00e7\u00e3o muscular.<\/p>\n\n\n<div class=\"wp-block-image\">\n<figure class=\"aligncenter size-large\"><img decoding=\"async\" width=\"1024\" height=\"576\" src=\"https:\/\/www.correiobraziliense.com.br\/cbradar\/wp-content\/uploads\/2025\/11\/Gemini_Generated_Image_b70l19b70l19b70l-1-1024x576.png\" alt=\"\" class=\"wp-image-145047\" srcset=\"https:\/\/www.correiobraziliense.com.br\/cbradar\/wp-content\/uploads\/2025\/11\/Gemini_Generated_Image_b70l19b70l19b70l-1-1024x576.png 1024w, https:\/\/www.correiobraziliense.com.br\/cbradar\/wp-content\/uploads\/2025\/11\/Gemini_Generated_Image_b70l19b70l19b70l-1-300x169.png 300w, https:\/\/www.correiobraziliense.com.br\/cbradar\/wp-content\/uploads\/2025\/11\/Gemini_Generated_Image_b70l19b70l19b70l-1-768x432.png 768w, https:\/\/www.correiobraziliense.com.br\/cbradar\/wp-content\/uploads\/2025\/11\/Gemini_Generated_Image_b70l19b70l19b70l-1-750x422.png 750w, https:\/\/www.correiobraziliense.com.br\/cbradar\/wp-content\/uploads\/2025\/11\/Gemini_Generated_Image_b70l19b70l19b70l-1-1140x641.png 1140w, https:\/\/www.correiobraziliense.com.br\/cbradar\/wp-content\/uploads\/2025\/11\/Gemini_Generated_Image_b70l19b70l19b70l-1.png 1280w\" sizes=\"(max-width: 1024px) 100vw, 1024px\" \/><figcaption class=\"wp-element-caption\">Al\u00e9m da sa\u00fade do cora\u00e7\u00e3o, a aveia fornece energia de maneira prolongada devido aos seus carboidratos complexos<\/figcaption><\/figure><\/div>\n\n\n<p>Leia tamb\u00e9m:&nbsp;<a href=\"https:\/\/www.correiobraziliense.com.br\/cbradar\/a-planta-rasteira-que-aumenta-o-omega-3-e-ajuda-a-reduzir-inflamacoes-leves\/\" target=\"_blank\" rel=\"noopener\">A planta rasteira que aumenta o \u00f4mega-3 e ajuda a reduzir inflama\u00e7\u00f5es leves<\/a><\/p>\n\n\n\n<h2 class=\"wp-block-heading\">Aveia em flocos finos faz bem para quem tem intestino sens\u00edvel<\/h2>\n\n\n\n<p>Para quem convive com um intestino mais delicado, a aveia em flocos finos costuma ser vista como um alimento de bom custo-benef\u00edcio nutricional. A presen\u00e7a de fibras sol\u00faveis ajuda a formar um conte\u00fado intestinal mais macio, o que pode aliviar a pris\u00e3o de ventre e favorecer uma rotina de evacua\u00e7\u00f5es mais organizada e confort\u00e1vel no dia a dia.<\/p>\n\n\n\n<p>Em problemas como a s\u00edndrome do intestino irrit\u00e1vel, a toler\u00e2ncia \u00e0 <strong>aveia<\/strong> pode variar bastante de pessoa para pessoa. Quem \u00e9 mais sens\u00edvel a certos tipos de fibras ou segue uma alimenta\u00e7\u00e3o com controle de FODMAPs pode precisar ajustar a por\u00e7\u00e3o di\u00e1ria, introduzindo o alimento aos poucos e observando sinais como aumento de gases, dor abdominal ou mudan\u00e7as bruscas na consist\u00eancia das fezes.<\/p>\n\n\n\n<h2 class=\"wp-block-heading\">Estrat\u00e9gias pr\u00e1ticas para consumir aveia em flocos finos com mais conforto<\/h2>\n\n\n\n<p>Algumas estrat\u00e9gias simples no preparo da aveia em flocos finos podem deixar o consumo mais leve e amig\u00e1vel para o intestino. Pequenas mudan\u00e7as na temperatura, na hidrata\u00e7\u00e3o e nas combina\u00e7\u00f5es ajudam a reduzir o risco de desconforto, tornando o uso da <b>aveia<\/b> mais tranquilo na rotina.<\/p>\n\n\n\n<ul class=\"wp-block-list\">\n<li>Hidratar os flocos em \u00e1gua ou bebida vegetal por alguns minutos antes do consumo.<\/li>\n\n\n\n<li>Preferir prepara\u00e7\u00f5es mornas, como um mingau leve e cremoso.<\/li>\n\n\n\n<li>Associar a aveia a frutas bem maduras, como banana ou mam\u00e3o.<\/li>\n\n\n\n<li>Aumentar a ingest\u00e3o de \u00e1gua ao longo do dia para ajudar a fibra a atuar bem.<\/li>\n<\/ul>\n\n\n\n<p>Se voc\u00ea gosta de curiosidades, separamos esse v\u00eddeo da <a href=\"https:\/\/www.youtube.com\/@NutricionistaPatriciaLeite\" target=\"_blank\" rel=\"noreferrer noopener\">Nutricionista Patricia Leite<\/a> mostrando os usos e benef\u00edcios da aveia:<\/p>\n\n\n\n<figure class=\"wp-block-embed is-type-video is-provider-youtube wp-block-embed-youtube wp-embed-aspect-16-9 wp-has-aspect-ratio\"><div class=\"wp-block-embed__wrapper\">\n<div class=\"jeg_video_container jeg_video_content\"><iframe loading=\"lazy\" title=\"Benef\u00edcios da AVEIA - Para Que Serve? Propriedades para Sa\u00fade e Boa Forma [DICAS DE USO]\" width=\"500\" height=\"281\" src=\"https:\/\/www.youtube.com\/embed\/nahyyvJkxY0?start=1&#038;feature=oembed\" frameborder=\"0\" allow=\"accelerometer; autoplay; clipboard-write; encrypted-media; gyroscope; picture-in-picture; web-share\" referrerpolicy=\"strict-origin-when-cross-origin\" allowfullscreen><\/iframe><\/div>\n<\/div><\/figure>\n\n\n\n<h2 class=\"wp-block-heading\">Como inserir aveia em flocos finos na rotina de quem tem intestino sens\u00edvel<\/h2>\n\n\n\n<p>A melhor forma de come\u00e7ar \u00e9 devagar: muitas pessoas se d\u00e3o bem iniciando com 1 a 2 colheres de sopa por dia, sentindo como o organismo reage por alguns dias. Se o corpo responder bem, a quantidade de <strong>aveia<\/strong> pode ser ajustada com calma, sempre respeitando limites individuais e, quando poss\u00edvel, com orienta\u00e7\u00e3o profissional.<\/p>\n\n\n\n<p>Ela pode entrar em prepara\u00e7\u00f5es simples e afetivas do dia a dia, como um mingau suave preparado em fogo baixo, uma vitamina cremosa batida com frutas de boa toler\u00e2ncia digestiva ou misturada a frutas amassadas, como banana ou mam\u00e3o. Em receitas assadas, como bolinhos e panquecas, a aveia pode ficar ainda mais f\u00e1cil de digerir para algumas pessoas.<\/p>\n\n\n\n<h2 class=\"wp-block-heading\">Cuidados importantes ao consumir aveia em flocos finos no dia a dia<\/h2>\n\n\n\n<p>Um ponto essencial \u00e9 manter uma boa hidrata\u00e7\u00e3o, j\u00e1 que a fibra da <b>aveia<\/b> ret\u00e9m \u00e1gua no trato gastrointestinal. Quando a ingest\u00e3o de l\u00edquidos \u00e9 baixa, pode haver aumento de desconforto, principalmente em quem j\u00e1 tem tend\u00eancia \u00e0 pris\u00e3o de ventre, deixando o intestino ainda mais pregui\u00e7oso e sens\u00edvel.<\/p>\n\n\n\n<p>Tamb\u00e9m vale priorizar vers\u00f5es de aveia em flocos finos sem a\u00e7\u00facar, corantes ou aromatizantes, dando prefer\u00eancia a produtos com poucos ingredientes. Em casos de doen\u00e7a cel\u00edaca ou sensibilidade ao gl\u00faten, \u00e9 importante verificar no r\u00f3tulo se a <strong>aveia<\/strong> \u00e9 certificada como livre de contamina\u00e7\u00e3o por gl\u00faten. Se os sintomas forem persistentes, como dor abdominal frequente, altera\u00e7\u00e3o importante do h\u00e1bito intestinal ou perda de peso sem explica\u00e7\u00e3o, a avalia\u00e7\u00e3o com um profissional de sa\u00fade \u00e9 fundamental.<\/p>\n\n\n\n<h2 class=\"wp-block-heading\">Tabela nutricional aproximada da aveia em flocos finos por por\u00e7\u00e3o de 30 g<\/h2>\n\n\n\n<div style=\"font-family: 'Segoe UI', Tahoma, Geneva, Verdana, sans-serif; max-width: 800px; margin: 20px auto; border: 2px solid #722f37; border-radius: 30px; overflow: hidden; background-color: #ffffff; box-shadow: 0 4px 15px rgba(114, 47, 55, 0.1);\">\n    <table style=\"width: 100%; border-collapse: collapse; text-align: left; font-size: 14px;\">\n        <thead>\n            <tr style=\"background-color: #722f37;\">\n                <th style=\"padding: 15px; color: #ffffff; border-bottom: 2px solid #f9d8e6; width: 50%;\">Componente<\/th>\n                <th style=\"padding: 15px; color: #ffffff; border-bottom: 2px solid #f9d8e6; width: 50%;\">Quantidade aproximada<\/th>\n            <\/tr>\n        <\/thead>\n        <tbody>\n            <tr>\n                <td style=\"padding: 12px 15px; border-bottom: 1px solid #ffe3ee; color: #4a4a4a; font-weight: bold;\">Valor energ\u00e9tico<\/td>\n                <td style=\"padding: 12px 15px; border-bottom: 1px solid #ffe3ee; color: #4a4a4a;\">cerca de 110 kcal<\/td>\n            <\/tr>\n            <tr style=\"background-color: #fffafa;\">\n                <td style=\"padding: 12px 15px; border-bottom: 1px solid #ffe3ee; color: #4a4a4a; font-weight: bold;\">Carboidratos totais<\/td>\n                <td style=\"padding: 12px 15px; border-bottom: 1px solid #ffe3ee; color: #4a4a4a;\">aprox. 19 g<\/td>\n            <\/tr>\n            <tr>\n                <td style=\"padding: 12px 15px; border-bottom: 1px solid #ffe3ee; color: #4a4a4a; font-weight: bold;\">Prote\u00ednas<\/td>\n                <td style=\"padding: 12px 15px; border-bottom: 1px solid #ffe3ee; color: #4a4a4a;\">cerca de 4 g<\/td>\n            <\/tr>\n            <tr style=\"background-color: #fffafa;\">\n                <td style=\"padding: 12px 15px; border-bottom: 1px solid #ffe3ee; color: #4a4a4a; font-weight: bold;\">Gorduras totais<\/td>\n                <td style=\"padding: 12px 15px; border-bottom: 1px solid #ffe3ee; color: #4a4a4a;\">aprox. 2 g<\/td>\n            <\/tr>\n            <tr>\n                <td style=\"padding: 12px 15px; border-bottom: 1px solid #ffe3ee; color: #4a4a4a; font-weight: bold;\">Gorduras saturadas<\/td>\n                <td style=\"padding: 12px 15px; border-bottom: 1px solid #ffe3ee; color: #4a4a4a;\">menos de 0,5 g<\/td>\n            <\/tr>\n            <tr style=\"background-color: #fffafa;\">\n                <td style=\"padding: 12px 15px; border-bottom: 1px solid #ffe3ee; color: #4a4a4a; font-weight: bold;\">Fibra alimentar total<\/td>\n                <td style=\"padding: 12px 15px; border-bottom: 1px solid #ffe3ee; color: #4a4a4a;\">cerca de 3 g<\/td>\n            <\/tr>\n            <tr>\n                <td style=\"padding: 12px 15px; color: #4a4a4a; font-weight: bold;\">S\u00f3dio<\/td>\n                <td style=\"padding: 12px 15px; color: #4a4a4a;\">quantidades muito baixas, em geral inferiores a 5 mg<\/td>\n            <\/tr>\n        <\/tbody>\n    <\/table>\n<\/div>\n\n\n\n<p>Os valores s\u00e3o estimativas e podem variar conforme a marca e o processo de fabrica\u00e7\u00e3o, mas mostram por que a <b>aveia em flocos finos<\/b> se destaca. Ela oferece fibras e nutrientes que podem favorecer o funcionamento do intestino e contribuir para um equil\u00edbrio nutricional mais est\u00e1vel quando consumida com planejamento e respeito \u00e0s necessidades individuais.<\/p>\n\n\n\n<h2 class=\"wp-block-heading\">Pr\u00f3ximos passos para usar aveia em flocos finos com seguran\u00e7a<\/h2>\n\n\n\n<p>No dia a dia de quem tem o <strong>intestino sens\u00edvel<\/strong>, a aveia em flocos finos pode ser uma grande aliada, desde que seja introduzida com calma, observando as rea\u00e7\u00f5es do corpo. Ajustar a quantidade, caprichar na hidrata\u00e7\u00e3o e escolher boas combina\u00e7\u00f5es fazem diferen\u00e7a para aproveitar os benef\u00edcios sem aumentar o desconforto.<\/p>\n\n\n\n<p>Se voc\u00ea quer testar a <b>aveia em flocos finos<\/b> na sua rotina, comece com pequenas por\u00e7\u00f5es e anote como se sente ao longo dos dias. Em caso de d\u00favidas, dor frequente ou sintomas intensos, procure um nutricionista ou m\u00e9dico para montar um plano alimentar personalizado. Dar esse pr\u00f3ximo passo com acompanhamento pode transformar sua rela\u00e7\u00e3o com a alimenta\u00e7\u00e3o e com o seu intestino.<\/p>\n","protected":false},"excerpt":{"rendered":"<p>Quem tem o intestino sens\u00edvel sabe como \u00e9 chato comer algo e, pouco depois, sentir estufamento, c\u00f3licas ou aquele desconforto insistente. A aveia em flocos finos costuma aparecer como uma op\u00e7\u00e3o \u201cdo bem\u201d, mas sempre vem a d\u00favida: ser\u00e1 que ela realmente ajuda ou pode piorar a situa\u00e7\u00e3o? Quando usada com cuidado, ela pode ser [&hellip;]<\/p>\n","protected":false},"author":9,"featured_media":176317,"comment_status":"open","ping_status":"open","sticky":false,"template":"","format":"standard","meta":{"_yoast_wpseo_focuskw":"benef\u00edcios da aveia","_yoast_wpseo_title":"","_yoast_wpseo_metadesc":"Alimento suave que ajuda a melhorar digest\u00e3o, reduzir desconfortos e organizar o funcionamento intestinal com uso gradual.","jnews-multi-image_gallery":[],"jnews_single_post":{"format":"standard"},"jnews_primary_category":[],"jnews_social_meta":[],"jnews_override_counter":[],"footnotes":""},"categories":[119,4404],"post_tag":[14065,14024,14066],"class_list":["post-175859","post","type-post","status-publish","format-standard","has-post-thumbnail","hentry","category-bem-estar","category-saude","tag-aveia-em-flocos","tag-beneficios-da-aveia","tag-flocos-de-aveia"],"yoast_head":"<!-- This site is optimized with the Yoast SEO plugin v24.6 - https:\/\/yoast.com\/wordpress\/plugins\/seo\/ -->\n<title>O gr\u00e3o leve que pode transformar a rotina de quem tem intestino sens\u00edvel - Correio Braziliense - Radar<\/title>\n<meta name=\"description\" content=\"Alimento suave que ajuda a melhorar digest\u00e3o, reduzir desconfortos e organizar o funcionamento intestinal com uso gradual.\" \/>\n<meta name=\"robots\" content=\"index, follow, max-snippet:-1, max-image-preview:large, max-video-preview:-1\" \/>\n<link rel=\"canonical\" href=\"https:\/\/www.correiobraziliense.com.br\/cbradar\/o-grao-leve-que-pode-transformar-a-rotina-de-quem-tem-intestino-sensivel\/\" \/>\n<meta property=\"og:locale\" content=\"pt_BR\" \/>\n<meta property=\"og:type\" content=\"article\" \/>\n<meta property=\"og:title\" content=\"O gr\u00e3o leve que pode transformar a rotina de quem tem intestino sens\u00edvel - Correio Braziliense - Radar\" \/>\n<meta property=\"og:description\" content=\"Alimento suave que ajuda a melhorar digest\u00e3o, reduzir desconfortos e organizar o funcionamento intestinal com uso gradual.\" \/>\n<meta property=\"og:url\" content=\"https:\/\/www.correiobraziliense.com.br\/cbradar\/o-grao-leve-que-pode-transformar-a-rotina-de-quem-tem-intestino-sensivel\/\" \/>\n<meta property=\"og:site_name\" content=\"Correio Braziliense - Radar\" \/>\n<meta property=\"article:published_time\" content=\"2026-01-17T13:45:51+00:00\" \/>\n<meta property=\"og:image\" content=\"https:\/\/www.correiobraziliense.com.br\/cbradar\/wp-content\/uploads\/2026\/01\/freepik__imagem-realista-da-aveia__16942.png\" \/>\n\t<meta property=\"og:image:width\" content=\"1280\" \/>\n\t<meta property=\"og:image:height\" content=\"720\" \/>\n\t<meta property=\"og:image:type\" content=\"image\/png\" \/>\n<meta name=\"author\" content=\"Daniely Cardoso\" \/>\n<meta name=\"twitter:card\" content=\"summary_large_image\" \/>\n<meta name=\"twitter:label1\" content=\"Escrito por\" \/>\n\t<meta name=\"twitter:data1\" content=\"Daniely Cardoso\" \/>\n\t<meta name=\"twitter:label2\" content=\"Est. tempo de leitura\" \/>\n\t<meta name=\"twitter:data2\" content=\"6 minutos\" \/>\n<!-- \/ Yoast SEO plugin. -->","yoast_head_json":{"title":"O gr\u00e3o leve que pode transformar a rotina de quem tem intestino sens\u00edvel - Correio Braziliense - Radar","description":"Alimento suave que ajuda a melhorar digest\u00e3o, reduzir desconfortos e organizar o funcionamento intestinal com uso gradual.","robots":{"index":"index","follow":"follow","max-snippet":"max-snippet:-1","max-image-preview":"max-image-preview:large","max-video-preview":"max-video-preview:-1"},"canonical":"https:\/\/www.correiobraziliense.com.br\/cbradar\/o-grao-leve-que-pode-transformar-a-rotina-de-quem-tem-intestino-sensivel\/","og_locale":"pt_BR","og_type":"article","og_title":"O gr\u00e3o leve que pode transformar a rotina de quem tem intestino sens\u00edvel - Correio Braziliense - Radar","og_description":"Alimento suave que ajuda a melhorar digest\u00e3o, reduzir desconfortos e organizar o funcionamento intestinal com uso gradual.","og_url":"https:\/\/www.correiobraziliense.com.br\/cbradar\/o-grao-leve-que-pode-transformar-a-rotina-de-quem-tem-intestino-sensivel\/","og_site_name":"Correio Braziliense - Radar","article_published_time":"2026-01-17T13:45:51+00:00","og_image":[{"width":1280,"height":720,"url":"https:\/\/www.correiobraziliense.com.br\/cbradar\/wp-content\/uploads\/2026\/01\/freepik__imagem-realista-da-aveia__16942.png","type":"image\/png"}],"author":"Daniely Cardoso","twitter_card":"summary_large_image","twitter_misc":{"Escrito por":"Daniely Cardoso","Est. tempo de leitura":"6 minutos"},"schema":{"@context":"https:\/\/schema.org","@graph":[{"@type":"WebPage","@id":"https:\/\/www.correiobraziliense.com.br\/cbradar\/o-grao-leve-que-pode-transformar-a-rotina-de-quem-tem-intestino-sensivel\/","url":"https:\/\/www.correiobraziliense.com.br\/cbradar\/o-grao-leve-que-pode-transformar-a-rotina-de-quem-tem-intestino-sensivel\/","name":"O gr\u00e3o leve que pode transformar a rotina de quem tem intestino sens\u00edvel - Correio Braziliense - Radar","isPartOf":{"@id":"https:\/\/www.correiobraziliense.com.br\/cbradar\/#website"},"primaryImageOfPage":{"@id":"https:\/\/www.correiobraziliense.com.br\/cbradar\/o-grao-leve-que-pode-transformar-a-rotina-de-quem-tem-intestino-sensivel\/#primaryimage"},"image":{"@id":"https:\/\/www.correiobraziliense.com.br\/cbradar\/o-grao-leve-que-pode-transformar-a-rotina-de-quem-tem-intestino-sensivel\/#primaryimage"},"thumbnailUrl":"https:\/\/www.correiobraziliense.com.br\/cbradar\/wp-content\/uploads\/2026\/01\/freepik__imagem-realista-da-aveia__16942.png","datePublished":"2026-01-17T13:45:51+00:00","author":{"@id":"https:\/\/www.correiobraziliense.com.br\/cbradar\/#\/schema\/person\/7356666e12ec0ee53f348ee5db227032"},"description":"Alimento suave que ajuda a melhorar digest\u00e3o, reduzir desconfortos e organizar o funcionamento intestinal com uso gradual.","breadcrumb":{"@id":"https:\/\/www.correiobraziliense.com.br\/cbradar\/o-grao-leve-que-pode-transformar-a-rotina-de-quem-tem-intestino-sensivel\/#breadcrumb"},"inLanguage":"pt-BR","potentialAction":[{"@type":"ReadAction","target":["https:\/\/www.correiobraziliense.com.br\/cbradar\/o-grao-leve-que-pode-transformar-a-rotina-de-quem-tem-intestino-sensivel\/"]}]},{"@type":"ImageObject","inLanguage":"pt-BR","@id":"https:\/\/www.correiobraziliense.com.br\/cbradar\/o-grao-leve-que-pode-transformar-a-rotina-de-quem-tem-intestino-sensivel\/#primaryimage","url":"https:\/\/www.correiobraziliense.com.br\/cbradar\/wp-content\/uploads\/2026\/01\/freepik__imagem-realista-da-aveia__16942.png","contentUrl":"https:\/\/www.correiobraziliense.com.br\/cbradar\/wp-content\/uploads\/2026\/01\/freepik__imagem-realista-da-aveia__16942.png","width":1280,"height":720,"caption":"Digest\u00e3o mais equilibrada com consumo moderado de aveia em flocos finos"},{"@type":"BreadcrumbList","@id":"https:\/\/www.correiobraziliense.com.br\/cbradar\/o-grao-leve-que-pode-transformar-a-rotina-de-quem-tem-intestino-sensivel\/#breadcrumb","itemListElement":[{"@type":"ListItem","position":1,"name":"In\u00edcio","item":"https:\/\/www.correiobraziliense.com.br\/cbradar\/"},{"@type":"ListItem","position":2,"name":"O gr\u00e3o leve que pode transformar a rotina de quem tem intestino sens\u00edvel"}]},{"@type":"WebSite","@id":"https:\/\/www.correiobraziliense.com.br\/cbradar\/#website","url":"https:\/\/www.correiobraziliense.com.br\/cbradar\/","name":"Correio Braziliense - Radar","description":"Acompanhe as \u00faltimas not\u00edcias e fique bem informado sobre tudo o que acontece no Brasil e no mundo.","potentialAction":[{"@type":"SearchAction","target":{"@type":"EntryPoint","urlTemplate":"https:\/\/www.correiobraziliense.com.br\/cbradar\/?s={search_term_string}"},"query-input":{"@type":"PropertyValueSpecification","valueRequired":true,"valueName":"search_term_string"}}],"inLanguage":"pt-BR"},{"@type":"Person","@id":"https:\/\/www.correiobraziliense.com.br\/cbradar\/#\/schema\/person\/7356666e12ec0ee53f348ee5db227032","name":"Daniely Cardoso","image":{"@type":"ImageObject","inLanguage":"pt-BR","@id":"https:\/\/www.correiobraziliense.com.br\/cbradar\/#\/schema\/person\/image\/","url":"https:\/\/secure.gravatar.com\/avatar\/4b80ddbd124d1f071b626d52d62e5dff?s=96&d=mm&r=g","contentUrl":"https:\/\/secure.gravatar.com\/avatar\/4b80ddbd124d1f071b626d52d62e5dff?s=96&d=mm&r=g","caption":"Daniely Cardoso"},"description":"Redatora nos portais CB Radar e EM Foco, formada pela Universidade Federal de Goi\u00e1s, em Goi\u00e2nia. Apaixonada por comunica\u00e7\u00e3o, arte, decora\u00e7\u00e3o e tend\u00eancias, atuo na produ\u00e7\u00e3o de conte\u00fados envolventes sobre curiosidades, moda, beleza e paisagismo, sempre com um olhar atento \u00e0s novidades do momento.","sameAs":["https:\/\/www.correiobraziliense.com.br\/cbradar"],"url":"https:\/\/www.correiobraziliense.com.br\/cbradar\/author\/danielymyth\/"}]}},"_links":{"self":[{"href":"https:\/\/www.correiobraziliense.com.br\/cbradar\/wp-json\/wp\/v2\/posts\/175859","targetHints":{"allow":["GET"]}}],"collection":[{"href":"https:\/\/www.correiobraziliense.com.br\/cbradar\/wp-json\/wp\/v2\/posts"}],"about":[{"href":"https:\/\/www.correiobraziliense.com.br\/cbradar\/wp-json\/wp\/v2\/types\/post"}],"author":[{"embeddable":true,"href":"https:\/\/www.correiobraziliense.com.br\/cbradar\/wp-json\/wp\/v2\/users\/9"}],"replies":[{"embeddable":true,"href":"https:\/\/www.correiobraziliense.com.br\/cbradar\/wp-json\/wp\/v2\/comments?post=175859"}],"version-history":[{"count":2,"href":"https:\/\/www.correiobraziliense.com.br\/cbradar\/wp-json\/wp\/v2\/posts\/175859\/revisions"}],"predecessor-version":[{"id":176230,"href":"https:\/\/www.correiobraziliense.com.br\/cbradar\/wp-json\/wp\/v2\/posts\/175859\/revisions\/176230"}],"wp:featuredmedia":[{"embeddable":true,"href":"https:\/\/www.correiobraziliense.com.br\/cbradar\/wp-json\/wp\/v2\/media\/176317"}],"wp:attachment":[{"href":"https:\/\/www.correiobraziliense.com.br\/cbradar\/wp-json\/wp\/v2\/media?parent=175859"}],"wp:term":[{"taxonomy":"category","embeddable":true,"href":"https:\/\/www.correiobraziliense.com.br\/cbradar\/wp-json\/wp\/v2\/categories?post=175859"},{"taxonomy":"post_tag","embeddable":true,"href":"https:\/\/www.correiobraziliense.com.br\/cbradar\/wp-json\/wp\/v2\/post_tag?post=175859"}],"curies":[{"name":"wp","href":"https:\/\/api.w.org\/{rel}","templated":true}]}}