{"id":175860,"date":"2026-01-17T11:55:56","date_gmt":"2026-01-17T14:55:56","guid":{"rendered":"https:\/\/www.correiobraziliense.com.br\/cbradar\/?p=175860"},"modified":"2026-01-16T13:48:25","modified_gmt":"2026-01-16T16:48:25","slug":"o-lanche-crocante-que-mata-a-fome-da-tarde-e-ainda-cuida-do-coracao","status":"publish","type":"post","link":"https:\/\/www.correiobraziliense.com.br\/cbradar\/o-lanche-crocante-que-mata-a-fome-da-tarde-e-ainda-cuida-do-coracao\/","title":{"rendered":"O lanche crocante que mata a fome da tarde e ainda cuida do cora\u00e7\u00e3o"},"content":{"rendered":"\n<p>Imagine aquele momento em que bate a fome no meio da tarde e voc\u00ea quer algo gostoso, mas que tamb\u00e9m fa\u00e7a bem para o corpo. \u00c9 a\u00ed que muita gente tem apostado na <strong>castanha de macad\u00e2mia<\/strong>, um lanche pr\u00e1tico, saboroso e cheio de nutrientes, que ajuda a trazer mais equil\u00edbrio para a rotina sem abrir m\u00e3o do prazer de comer.<\/p>\n\n\n\n<h2 class=\"wp-block-heading\">O que \u00e9 a castanha de macad\u00e2mia e por que ela chama aten\u00e7\u00e3o<\/h2>\n\n\n\n<p>A castanha de macad\u00e2mia \u00e9 o fruto de uma \u00e1rvore origin\u00e1ria da <strong>Austr\u00e1lia<\/strong>, hoje cultivada em pa\u00edses como Brasil, \u00c1frica do Sul e Estados Unidos. Classificada como oleaginosa, concentra muitas gorduras boas, especialmente monoinsaturadas, parecidas com as do <strong>azeite<\/strong>, associadas ao cuidado com o cora\u00e7\u00e3o dentro de um estilo de vida saud\u00e1vel.<\/p>\n\n\n\n<p>Al\u00e9m das gorduras ben\u00e9ficas, a macad\u00e2mia oferece boas quantidades de <strong>magn\u00e9sio<\/strong>, mangan\u00eas, cobre, f\u00f3sforo e fibras. Tamb\u00e9m conta com compostos antioxidantes que ajudam a reduzir o estresse oxidativo. Por isso, aparece com frequ\u00eancia em estrat\u00e9gias voltadas para a sa\u00fade metab\u00f3lica e bem-estar no dia a dia.<\/p>\n\n\n<div class=\"wp-block-image\">\n<figure class=\"aligncenter size-large\"><img decoding=\"async\" width=\"1024\" height=\"576\" src=\"https:\/\/www.correiobraziliense.com.br\/cbradar\/wp-content\/uploads\/2026\/01\/macadamia-_1768568023654-1024x576.jpg\" alt=\"\" class=\"wp-image-176231\" srcset=\"https:\/\/www.correiobraziliense.com.br\/cbradar\/wp-content\/uploads\/2026\/01\/macadamia-_1768568023654-1024x576.jpg 1024w, https:\/\/www.correiobraziliense.com.br\/cbradar\/wp-content\/uploads\/2026\/01\/macadamia-_1768568023654-300x169.jpg 300w, https:\/\/www.correiobraziliense.com.br\/cbradar\/wp-content\/uploads\/2026\/01\/macadamia-_1768568023654-768x432.jpg 768w, https:\/\/www.correiobraziliense.com.br\/cbradar\/wp-content\/uploads\/2026\/01\/macadamia-_1768568023654-750x422.jpg 750w, https:\/\/www.correiobraziliense.com.br\/cbradar\/wp-content\/uploads\/2026\/01\/macadamia-_1768568023654-1140x641.jpg 1140w, https:\/\/www.correiobraziliense.com.br\/cbradar\/wp-content\/uploads\/2026\/01\/macadamia-_1768568023654.jpg 1280w\" sizes=\"(max-width: 1024px) 100vw, 1024px\" \/><figcaption class=\"wp-element-caption\">A forma como a macad\u00e2mia \u00e9 cultivada influencia diretamente seu potencial de contribui\u00e7\u00e3o para a energia renov\u00e1vel e para a sa\u00fade do solo &#8211; Cr\u00e9ditos: depositphotos.com \/ Andrelix<\/figcaption><\/figure><\/div>\n\n\n<p>Leia tamb\u00e9m:\u00a0<a href=\"https:\/\/www.correiobraziliense.com.br\/cbradar\/a-planta-rasteira-que-aumenta-o-omega-3-e-ajuda-a-reduzir-inflamacoes-leves\/\" target=\"_blank\" rel=\"noreferrer noopener\">A planta rasteira que aumenta o \u00f4mega-3 e ajuda a reduzir inflama\u00e7\u00f5es leves<\/a><\/p>\n\n\n\n<h2 class=\"wp-block-heading\">Quais s\u00e3o os principais benef\u00edcios da castanha de macad\u00e2mia<\/h2>\n\n\n\n<p>Os benef\u00edcios da castanha de macad\u00e2mia est\u00e3o ligados \u00e0 combina\u00e7\u00e3o de gorduras boas, fibras e micronutrientes. Entre os efeitos mais comentados, est\u00e3o o suporte \u00e0 sa\u00fade do cora\u00e7\u00e3o, o aux\u00edlio no controle da saciedade e o poss\u00edvel efeito antioxidante que protege as c\u00e9lulas.<\/p>\n\n\n\n<p>Ela tamb\u00e9m \u00e9 lembrada pelo fornecimento de energia mais constante, pelo apoio ao funcionamento do c\u00e9rebro e por contribuir com a apar\u00eancia da pele e dos cabelos. Mesmo assim, por ser um alimento cal\u00f3rico, o consumo precisa ser moderado e ajustado ao restante da alimenta\u00e7\u00e3o e ao n\u00edvel de atividade f\u00edsica.<\/p>\n\n\n\n<ul class=\"wp-block-list\">\n<li><strong>Sa\u00fade cardiovascular:<\/strong> as gorduras monoinsaturadas podem contribuir para a redu\u00e7\u00e3o do colesterol LDL (conhecido como \u201cruim\u201d) e favorecer n\u00edveis adequados de HDL, dentro de um plano alimentar globalmente saud\u00e1vel.<\/li>\n\n\n\n<li><strong>Saciedade e controle de apetite:<\/strong> a mistura de gorduras e fibras tende a prolongar a sensa\u00e7\u00e3o de est\u00f4mago preenchido, o que pode ajudar no manejo da fome ao longo do dia.<\/li>\n\n\n\n<li><strong>Energia sustentada:<\/strong> por ser rica em lip\u00eddios, a macad\u00e2mia libera energia de forma gradual, sendo op\u00e7\u00e3o comum em lanches de praticantes de atividades f\u00edsicas.<\/li>\n\n\n\n<li><strong>Apoio ao c\u00e9rebro:<\/strong> nutrientes como tiamina (vitamina B1), magn\u00e9sio e gorduras monoinsaturadas s\u00e3o relacionados ao bom funcionamento neurol\u00f3gico.<\/li>\n\n\n\n<li><strong>Pele e cabelos:<\/strong> os lip\u00eddios e antioxidantes podem colaborar com a integridade da pele e dos fios, sobretudo quando combinados com hidrata\u00e7\u00e3o e outros cuidados di\u00e1rios.<\/li>\n<\/ul>\n\n\n\n<h2 class=\"wp-block-heading\">Como consumir castanha de macad\u00e2mia no dia a dia<\/h2>\n\n\n\n<p>O consumo da castanha de macad\u00e2mia pode ser adaptado a diferentes estilos de alimenta\u00e7\u00e3o. A forma in natura, torrada ou levemente salgada (com pouco s\u00f3dio) \u00e9 comum em lanches intermedi\u00e1rios, acompanhando frutas, iogurtes ou at\u00e9 um simples caf\u00e9 passado na hora.<\/p>\n\n\n\n<p>Em receitas, ela aparece triturada em farofas, coberturas de bolos, granolas e massas de biscoitos. Especialistas costumam sugerir por\u00e7\u00f5es di\u00e1rias moderadas, em torno de 15 a 30 gramas, sempre levando em conta necessidades individuais, rotina de exerc\u00edcios e poss\u00edveis alergias a <strong>oleaginosas<\/strong>. Separamos esse v\u00eddeo do canal <a href=\"https:\/\/www.youtube.com\/@Dicasdesaudeoficial\" target=\"_blank\" rel=\"noreferrer noopener\">Dicas para Sa\u00fade Oficial<\/a> mostrando os benef\u00edcios da macad\u00e2mia:<\/p>\n\n\n\n<figure class=\"wp-block-embed is-type-video is-provider-youtube wp-block-embed-youtube wp-embed-aspect-16-9 wp-has-aspect-ratio\"><div class=\"wp-block-embed__wrapper\">\n<div class=\"jeg_video_container jeg_video_content\"><iframe loading=\"lazy\" title=\"Os 10 Benef\u00edcios da Macad\u00e2mia Para Sa\u00fade | Dicas de Sa\u00fade\" width=\"500\" height=\"281\" src=\"https:\/\/www.youtube.com\/embed\/Dv153gyZ3dk?feature=oembed\" frameborder=\"0\" allow=\"accelerometer; autoplay; clipboard-write; encrypted-media; gyroscope; picture-in-picture; web-share\" referrerpolicy=\"strict-origin-when-cross-origin\" allowfullscreen><\/iframe><\/div>\n<\/div><\/figure>\n\n\n\n<h2 class=\"wp-block-heading\">Quais s\u00e3o os principais nutrientes da castanha de macad\u00e2mia<\/h2>\n\n\n\n<p>Para entender melhor os benef\u00edcios da castanha de macad\u00e2mia, vale olhar com carinho para seus principais nutrientes. A tabela a seguir traz uma estimativa da composi\u00e7\u00e3o nutricional em uma por\u00e7\u00e3o de 30 g (cerca de um pequeno punhado), com valores m\u00e9dios aproximados usados na literatura at\u00e9 <strong>2025<\/strong>.<\/p>\n\n\n\n<p>Os valores podem mudar um pouco conforme origem, marca e processamento, mas servem como refer\u00eancia geral. A presen\u00e7a de gorduras monoinsaturadas, fibras e minerais refor\u00e7a o papel da castanha de macad\u00e2mia como alimento denso em nutrientes, desde que inserido em um contexto alimentar equilibrado e com consumo consciente.<\/p>\n\n\n\n<div style=\"font-family: 'Segoe UI', Tahoma, Geneva, Verdana, sans-serif; max-width: 1100px; margin: 20px auto; border: 2px solid #722f37; border-radius: 30px; overflow: hidden; background-color: #ffffff; box-shadow: 0 4px 15px rgba(114, 47, 55, 0.1);\">\n    <table style=\"width: 100%; border-collapse: collapse; text-align: left; font-size: 14px;\">\n        <thead>\n            <tr style=\"background-color: #722f37;\">\n                <th style=\"padding: 15px; color: #ffffff; border-bottom: 2px solid #f9d8e6; width: 20%;\">Nutriente<\/th>\n                <th style=\"padding: 15px; color: #ffffff; border-bottom: 2px solid #f9d8e6; width: 30%;\">Quantidade aproximada em 30 g<\/th>\n                <th style=\"padding: 15px; color: #ffffff; border-bottom: 2px solid #f9d8e6; width: 50%;\">Fun\u00e7\u00e3o principal no organismo<\/th>\n            <\/tr>\n        <\/thead>\n        <tbody>\n            <tr>\n                <td style=\"padding: 12px 15px; border-bottom: 1px solid #ffe3ee; color: #4a4a4a; font-weight: bold;\">Calorias<\/td>\n                <td style=\"padding: 12px 15px; border-bottom: 1px solid #ffe3ee; color: #4a4a4a;\">~ 215 kcal<\/td>\n                <td style=\"padding: 12px 15px; border-bottom: 1px solid #ffe3ee; color: #4a4a4a;\">Fornecimento de <b>energia<\/b><\/td>\n            <\/tr>\n            <tr style=\"background-color: #fffafa;\">\n                <td style=\"padding: 12px 15px; border-bottom: 1px solid #ffe3ee; color: #4a4a4a; font-weight: bold;\">Gorduras totais<\/td>\n                <td style=\"padding: 12px 15px; border-bottom: 1px solid #ffe3ee; color: #4a4a4a;\">~ 23 g<\/td>\n                <td style=\"padding: 12px 15px; border-bottom: 1px solid #ffe3ee; color: #4a4a4a;\">Fonte de energia e suporte a horm\u00f4nios<\/td>\n            <\/tr>\n            <tr>\n                <td style=\"padding: 12px 15px; border-bottom: 1px solid #ffe3ee; color: #4a4a4a; font-weight: bold;\">Gorduras monoinsaturadas<\/td>\n                <td style=\"padding: 12px 15px; border-bottom: 1px solid #ffe3ee; color: #4a4a4a;\">~ 17 g<\/td>\n                <td style=\"padding: 12px 15px; border-bottom: 1px solid #ffe3ee; color: #4a4a4a;\">Apoio \u00e0 sa\u00fade cardiovascular<\/td>\n            <\/tr>\n            <tr style=\"background-color: #fffafa;\">\n                <td style=\"padding: 12px 15px; border-bottom: 1px solid #ffe3ee; color: #4a4a4a; font-weight: bold;\">Prote\u00ednas<\/td>\n                <td style=\"padding: 12px 15px; border-bottom: 1px solid #ffe3ee; color: #4a4a4a;\">~ 2 g<\/td>\n                <td style=\"padding: 12px 15px; border-bottom: 1px solid #ffe3ee; color: #4a4a4a;\">Estrutura de m\u00fasculos e <b>tecidos<\/b><\/td>\n            <\/tr>\n            <tr>\n                <td style=\"padding: 12px 15px; border-bottom: 1px solid #ffe3ee; color: #4a4a4a; font-weight: bold;\">Carboidratos totais<\/td>\n                <td style=\"padding: 12px 15px; border-bottom: 1px solid #ffe3ee; color: #4a4a4a;\">~ 4 g<\/td>\n                <td style=\"padding: 12px 15px; border-bottom: 1px solid #ffe3ee; color: #4a4a4a;\">Energia r\u00e1pida para o corpo<\/td>\n            <\/tr>\n            <tr style=\"background-color: #fffafa;\">\n                <td style=\"padding: 12px 15px; border-bottom: 1px solid #ffe3ee; color: #4a4a4a; font-weight: bold;\">Fibras<\/td>\n                <td style=\"padding: 12px 15px; border-bottom: 1px solid #ffe3ee; color: #4a4a4a;\">~ 2 g<\/td>\n                <td style=\"padding: 12px 15px; border-bottom: 1px solid #ffe3ee; color: #4a4a4a;\">Aux\u00edlio ao tr\u00e2nsito intestinal e saciedade<\/td>\n            <\/tr>\n            <tr>\n                <td style=\"padding: 12px 15px; border-bottom: 1px solid #ffe3ee; color: #4a4a4a; font-weight: bold;\">Magn\u00e9sio<\/td>\n                <td style=\"padding: 12px 15px; border-bottom: 1px solid #ffe3ee; color: #4a4a4a;\">~ 30 mg<\/td>\n                <td style=\"padding: 12px 15px; border-bottom: 1px solid #ffe3ee; color: #4a4a4a;\">Participa\u00e7\u00e3o em rea\u00e7\u00f5es enzim\u00e1ticas e fun\u00e7\u00e3o muscular<\/td>\n            <\/tr>\n            <tr style=\"background-color: #fffafa;\">\n                <td style=\"padding: 12px 15px; border-bottom: 1px solid #ffe3ee; color: #4a4a4a; font-weight: bold;\">Mangan\u00eas<\/td>\n                <td style=\"padding: 12px 15px; border-bottom: 1px solid #ffe3ee; color: #4a4a4a;\">~ 1,3 mg<\/td>\n                <td style=\"padding: 12px 15px; border-bottom: 1px solid #ffe3ee; color: #4a4a4a;\">Atua\u00e7\u00e3o em processos antioxidantes<\/td>\n            <\/tr>\n            <tr>\n                <td style=\"padding: 12px 15px; border-bottom: 1px solid #ffe3ee; color: #4a4a4a; font-weight: bold;\">Cobre<\/td>\n                <td style=\"padding: 12px 15px; border-bottom: 1px solid #ffe3ee; color: #4a4a4a;\">~ 0,3 mg<\/td>\n                <td style=\"padding: 12px 15px; border-bottom: 1px solid #ffe3ee; color: #4a4a4a;\">Forma\u00e7\u00e3o de c\u00e9lulas sangu\u00edneas e defesa antioxidante<\/td>\n            <\/tr>\n            <tr style=\"background-color: #fffafa;\">\n                <td style=\"padding: 12px 15px; color: #4a4a4a; font-weight: bold;\">Tiaina (vitamina B1)<\/td>\n                <td style=\"padding: 12px 15px; color: #4a4a4a;\">~ 0,3 mg<\/td>\n                <td style=\"padding: 12px 15px; color: #4a4a4a;\">Metabolismo de carboidratos e funcionamento do sistema nervoso<\/td>\n            <\/tr>\n        <\/tbody>\n    <\/table>\n<\/div>\n\n\n\n<h2 class=\"wp-block-heading\">Como incluir a macad\u00e2mia na sua rotina<\/h2>\n\n\n\n<p>De forma geral, a castanha de macad\u00e2mia pode integrar uma rotina de alimenta\u00e7\u00e3o saud\u00e1vel quando consumida em quantidades adequadas. Ela n\u00e3o substitui tratamentos m\u00e9dicos ou rem\u00e9dios, mas funciona como um aliado saboroso dentro de um conjunto de h\u00e1bitos que inclui sono de qualidade, manejo do estresse e pr\u00e1tica de <strong>exerc\u00edcios<\/strong>.<\/p>\n\n\n\n<p>Se voc\u00ea ficou com vontade de experimentar, comece incluindo um pequeno punhado em um lanche do dia e observe como o seu corpo reage. Em caso de d\u00favidas, alergias ou objetivos espec\u00edficos, busque a orienta\u00e7\u00e3o de um profissional de <strong>sa\u00fade<\/strong> ou nutricionista para ajustar a quantidade e a melhor forma de consumo para o seu caso.<\/p>\n","protected":false},"excerpt":{"rendered":"<p>Imagine aquele momento em que bate a fome no meio da tarde e voc\u00ea quer algo gostoso, mas que tamb\u00e9m fa\u00e7a bem para o corpo. \u00c9 a\u00ed que muita gente tem apostado na castanha de macad\u00e2mia, um lanche pr\u00e1tico, saboroso e cheio de nutrientes, que ajuda a trazer mais equil\u00edbrio para a rotina sem abrir [&hellip;]<\/p>\n","protected":false},"author":9,"featured_media":176304,"comment_status":"open","ping_status":"open","sticky":false,"template":"","format":"standard","meta":{"_yoast_wpseo_focuskw":"castanha de macad\u00e2mia","_yoast_wpseo_title":"","_yoast_wpseo_metadesc":"Um lanche nutritivo que oferece gorduras boas, fibras e minerais, ajudando cora\u00e7\u00e3o, saciedade, energia e rotina saud\u00e1vel.","jnews-multi-image_gallery":[],"jnews_single_post":{"format":"standard"},"jnews_primary_category":[],"jnews_social_meta":[],"jnews_override_counter":[],"footnotes":""},"categories":[119,4404],"post_tag":[14069,14070,565],"class_list":["post-175860","post","type-post","status-publish","format-standard","has-post-thumbnail","hentry","category-bem-estar","category-saude","tag-castanha-de-macadamia","tag-macadamia","tag-saude"],"yoast_head":"<!-- This site is optimized with the Yoast SEO plugin v24.6 - https:\/\/yoast.com\/wordpress\/plugins\/seo\/ -->\n<title>O lanche crocante que mata a fome da tarde e ainda cuida do cora\u00e7\u00e3o - Correio Braziliense - Radar<\/title>\n<meta name=\"description\" content=\"Um lanche nutritivo que oferece gorduras boas, fibras e minerais, ajudando cora\u00e7\u00e3o, saciedade, energia e rotina saud\u00e1vel.\" \/>\n<meta name=\"robots\" content=\"index, follow, max-snippet:-1, max-image-preview:large, max-video-preview:-1\" \/>\n<link rel=\"canonical\" href=\"https:\/\/www.correiobraziliense.com.br\/cbradar\/o-lanche-crocante-que-mata-a-fome-da-tarde-e-ainda-cuida-do-coracao\/\" \/>\n<meta property=\"og:locale\" content=\"pt_BR\" \/>\n<meta property=\"og:type\" content=\"article\" \/>\n<meta property=\"og:title\" content=\"O lanche crocante que mata a fome da tarde e ainda cuida do cora\u00e7\u00e3o - Correio Braziliense - Radar\" \/>\n<meta property=\"og:description\" content=\"Um lanche nutritivo que oferece gorduras boas, fibras e minerais, ajudando cora\u00e7\u00e3o, saciedade, energia e rotina saud\u00e1vel.\" \/>\n<meta property=\"og:url\" content=\"https:\/\/www.correiobraziliense.com.br\/cbradar\/o-lanche-crocante-que-mata-a-fome-da-tarde-e-ainda-cuida-do-coracao\/\" \/>\n<meta property=\"og:site_name\" content=\"Correio Braziliense - Radar\" \/>\n<meta property=\"article:published_time\" content=\"2026-01-17T14:55:56+00:00\" \/>\n<meta property=\"og:image\" content=\"https:\/\/www.correiobraziliense.com.br\/cbradar\/wp-content\/uploads\/2026\/01\/freepik__imagem-realista-de-uma-pessoa-mos-e-boca-comendo-a__16941.png\" \/>\n\t<meta property=\"og:image:width\" content=\"1280\" \/>\n\t<meta property=\"og:image:height\" content=\"720\" \/>\n\t<meta property=\"og:image:type\" content=\"image\/png\" \/>\n<meta name=\"author\" content=\"Daniely Cardoso\" \/>\n<meta name=\"twitter:card\" content=\"summary_large_image\" \/>\n<meta name=\"twitter:label1\" content=\"Escrito por\" \/>\n\t<meta name=\"twitter:data1\" content=\"Daniely Cardoso\" \/>\n\t<meta name=\"twitter:label2\" content=\"Est. tempo de leitura\" \/>\n\t<meta name=\"twitter:data2\" content=\"6 minutos\" \/>\n<!-- \/ Yoast SEO plugin. -->","yoast_head_json":{"title":"O lanche crocante que mata a fome da tarde e ainda cuida do cora\u00e7\u00e3o - Correio Braziliense - Radar","description":"Um lanche nutritivo que oferece gorduras boas, fibras e minerais, ajudando cora\u00e7\u00e3o, saciedade, energia e rotina saud\u00e1vel.","robots":{"index":"index","follow":"follow","max-snippet":"max-snippet:-1","max-image-preview":"max-image-preview:large","max-video-preview":"max-video-preview:-1"},"canonical":"https:\/\/www.correiobraziliense.com.br\/cbradar\/o-lanche-crocante-que-mata-a-fome-da-tarde-e-ainda-cuida-do-coracao\/","og_locale":"pt_BR","og_type":"article","og_title":"O lanche crocante que mata a fome da tarde e ainda cuida do cora\u00e7\u00e3o - Correio Braziliense - Radar","og_description":"Um lanche nutritivo que oferece gorduras boas, fibras e minerais, ajudando cora\u00e7\u00e3o, saciedade, energia e rotina saud\u00e1vel.","og_url":"https:\/\/www.correiobraziliense.com.br\/cbradar\/o-lanche-crocante-que-mata-a-fome-da-tarde-e-ainda-cuida-do-coracao\/","og_site_name":"Correio Braziliense - Radar","article_published_time":"2026-01-17T14:55:56+00:00","og_image":[{"width":1280,"height":720,"url":"https:\/\/www.correiobraziliense.com.br\/cbradar\/wp-content\/uploads\/2026\/01\/freepik__imagem-realista-de-uma-pessoa-mos-e-boca-comendo-a__16941.png","type":"image\/png"}],"author":"Daniely Cardoso","twitter_card":"summary_large_image","twitter_misc":{"Escrito por":"Daniely Cardoso","Est. tempo de leitura":"6 minutos"},"schema":{"@context":"https:\/\/schema.org","@graph":[{"@type":"WebPage","@id":"https:\/\/www.correiobraziliense.com.br\/cbradar\/o-lanche-crocante-que-mata-a-fome-da-tarde-e-ainda-cuida-do-coracao\/","url":"https:\/\/www.correiobraziliense.com.br\/cbradar\/o-lanche-crocante-que-mata-a-fome-da-tarde-e-ainda-cuida-do-coracao\/","name":"O lanche crocante que mata a fome da tarde e ainda cuida do cora\u00e7\u00e3o - Correio Braziliense - Radar","isPartOf":{"@id":"https:\/\/www.correiobraziliense.com.br\/cbradar\/#website"},"primaryImageOfPage":{"@id":"https:\/\/www.correiobraziliense.com.br\/cbradar\/o-lanche-crocante-que-mata-a-fome-da-tarde-e-ainda-cuida-do-coracao\/#primaryimage"},"image":{"@id":"https:\/\/www.correiobraziliense.com.br\/cbradar\/o-lanche-crocante-que-mata-a-fome-da-tarde-e-ainda-cuida-do-coracao\/#primaryimage"},"thumbnailUrl":"https:\/\/www.correiobraziliense.com.br\/cbradar\/wp-content\/uploads\/2026\/01\/freepik__imagem-realista-de-uma-pessoa-mos-e-boca-comendo-a__16941.png","datePublished":"2026-01-17T14:55:56+00:00","author":{"@id":"https:\/\/www.correiobraziliense.com.br\/cbradar\/#\/schema\/person\/7356666e12ec0ee53f348ee5db227032"},"description":"Um lanche nutritivo que oferece gorduras boas, fibras e minerais, ajudando cora\u00e7\u00e3o, saciedade, energia e rotina saud\u00e1vel.","breadcrumb":{"@id":"https:\/\/www.correiobraziliense.com.br\/cbradar\/o-lanche-crocante-que-mata-a-fome-da-tarde-e-ainda-cuida-do-coracao\/#breadcrumb"},"inLanguage":"pt-BR","potentialAction":[{"@type":"ReadAction","target":["https:\/\/www.correiobraziliense.com.br\/cbradar\/o-lanche-crocante-que-mata-a-fome-da-tarde-e-ainda-cuida-do-coracao\/"]}]},{"@type":"ImageObject","inLanguage":"pt-BR","@id":"https:\/\/www.correiobraziliense.com.br\/cbradar\/o-lanche-crocante-que-mata-a-fome-da-tarde-e-ainda-cuida-do-coracao\/#primaryimage","url":"https:\/\/www.correiobraziliense.com.br\/cbradar\/wp-content\/uploads\/2026\/01\/freepik__imagem-realista-de-uma-pessoa-mos-e-boca-comendo-a__16941.png","contentUrl":"https:\/\/www.correiobraziliense.com.br\/cbradar\/wp-content\/uploads\/2026\/01\/freepik__imagem-realista-de-uma-pessoa-mos-e-boca-comendo-a__16941.png","width":1280,"height":720,"caption":"Fonte de gorduras saud\u00e1veis que auxiliam na sa\u00fade cardiovascular"},{"@type":"BreadcrumbList","@id":"https:\/\/www.correiobraziliense.com.br\/cbradar\/o-lanche-crocante-que-mata-a-fome-da-tarde-e-ainda-cuida-do-coracao\/#breadcrumb","itemListElement":[{"@type":"ListItem","position":1,"name":"In\u00edcio","item":"https:\/\/www.correiobraziliense.com.br\/cbradar\/"},{"@type":"ListItem","position":2,"name":"O lanche crocante que mata a fome da tarde e ainda cuida do cora\u00e7\u00e3o"}]},{"@type":"WebSite","@id":"https:\/\/www.correiobraziliense.com.br\/cbradar\/#website","url":"https:\/\/www.correiobraziliense.com.br\/cbradar\/","name":"Correio Braziliense - Radar","description":"Acompanhe as \u00faltimas not\u00edcias e fique bem informado sobre tudo o que acontece no Brasil e no mundo.","potentialAction":[{"@type":"SearchAction","target":{"@type":"EntryPoint","urlTemplate":"https:\/\/www.correiobraziliense.com.br\/cbradar\/?s={search_term_string}"},"query-input":{"@type":"PropertyValueSpecification","valueRequired":true,"valueName":"search_term_string"}}],"inLanguage":"pt-BR"},{"@type":"Person","@id":"https:\/\/www.correiobraziliense.com.br\/cbradar\/#\/schema\/person\/7356666e12ec0ee53f348ee5db227032","name":"Daniely Cardoso","image":{"@type":"ImageObject","inLanguage":"pt-BR","@id":"https:\/\/www.correiobraziliense.com.br\/cbradar\/#\/schema\/person\/image\/","url":"https:\/\/secure.gravatar.com\/avatar\/4b80ddbd124d1f071b626d52d62e5dff?s=96&d=mm&r=g","contentUrl":"https:\/\/secure.gravatar.com\/avatar\/4b80ddbd124d1f071b626d52d62e5dff?s=96&d=mm&r=g","caption":"Daniely Cardoso"},"description":"Redatora nos portais CB Radar e EM Foco, formada pela Universidade Federal de Goi\u00e1s, em Goi\u00e2nia. Apaixonada por comunica\u00e7\u00e3o, arte, decora\u00e7\u00e3o e tend\u00eancias, atuo na produ\u00e7\u00e3o de conte\u00fados envolventes sobre curiosidades, moda, beleza e paisagismo, sempre com um olhar atento \u00e0s novidades do momento.","sameAs":["https:\/\/www.correiobraziliense.com.br\/cbradar"],"url":"https:\/\/www.correiobraziliense.com.br\/cbradar\/author\/danielymyth\/"}]}},"_links":{"self":[{"href":"https:\/\/www.correiobraziliense.com.br\/cbradar\/wp-json\/wp\/v2\/posts\/175860","targetHints":{"allow":["GET"]}}],"collection":[{"href":"https:\/\/www.correiobraziliense.com.br\/cbradar\/wp-json\/wp\/v2\/posts"}],"about":[{"href":"https:\/\/www.correiobraziliense.com.br\/cbradar\/wp-json\/wp\/v2\/types\/post"}],"author":[{"embeddable":true,"href":"https:\/\/www.correiobraziliense.com.br\/cbradar\/wp-json\/wp\/v2\/users\/9"}],"replies":[{"embeddable":true,"href":"https:\/\/www.correiobraziliense.com.br\/cbradar\/wp-json\/wp\/v2\/comments?post=175860"}],"version-history":[{"count":2,"href":"https:\/\/www.correiobraziliense.com.br\/cbradar\/wp-json\/wp\/v2\/posts\/175860\/revisions"}],"predecessor-version":[{"id":176232,"href":"https:\/\/www.correiobraziliense.com.br\/cbradar\/wp-json\/wp\/v2\/posts\/175860\/revisions\/176232"}],"wp:featuredmedia":[{"embeddable":true,"href":"https:\/\/www.correiobraziliense.com.br\/cbradar\/wp-json\/wp\/v2\/media\/176304"}],"wp:attachment":[{"href":"https:\/\/www.correiobraziliense.com.br\/cbradar\/wp-json\/wp\/v2\/media?parent=175860"}],"wp:term":[{"taxonomy":"category","embeddable":true,"href":"https:\/\/www.correiobraziliense.com.br\/cbradar\/wp-json\/wp\/v2\/categories?post=175860"},{"taxonomy":"post_tag","embeddable":true,"href":"https:\/\/www.correiobraziliense.com.br\/cbradar\/wp-json\/wp\/v2\/post_tag?post=175860"}],"curies":[{"name":"wp","href":"https:\/\/api.w.org\/{rel}","templated":true}]}}