{"id":17588,"date":"2025-04-01T18:30:00","date_gmt":"2025-04-01T21:30:00","guid":{"rendered":"https:\/\/www.correiobraziliense.com.br\/cbradar\/?p=17588"},"modified":"2025-04-01T03:29:42","modified_gmt":"2025-04-01T06:29:42","slug":"conheca-a-cidade-onde-os-animais-tem-direito-a-transporte-gratuito","status":"publish","type":"post","link":"https:\/\/www.correiobraziliense.com.br\/cbradar\/conheca-a-cidade-onde-os-animais-tem-direito-a-transporte-gratuito\/","title":{"rendered":"Conhe\u00e7a a cidade onde os animais t\u00eam direito a transporte gratuito"},"content":{"rendered":"\n<p>Na charmosa e organizada <strong>Viena<\/strong>, capital da <strong>\u00c1ustria<\/strong>, a conviv\u00eancia entre humanos e animais \u00e9 levada a outro n\u00edvel: <strong>os pets t\u00eam direito garantido a utilizar o transporte p\u00fablico gratuitamente<\/strong>. A cidade \u00e9 considerada uma das mais pet-friendly da <strong>Europa<\/strong>, e essa pol\u00edtica refor\u00e7a o compromisso vienense com <strong>inclus\u00e3o, bem-estar animal e qualidade de vida urbana<\/strong>.<\/p>\n\n\n\n<p>C\u00e3es, gatos e outros animais de estima\u00e7\u00e3o fazem parte do cotidiano dos vienenses \u2014 e t\u00eam seu espa\u00e7o reservado no metr\u00f4, \u00f4nibus e bondes.<\/p>\n\n\n\n<h2 class=\"wp-block-heading\"><strong>Como funciona o transporte gratuito para animais em Viena?<\/strong><\/h2>\n\n\n\n<p>A empresa que administra o transporte p\u00fablico da cidade, a <strong>Wiener Linien<\/strong>, estabelece regras simples e inclusivas:<\/p>\n\n\n\n<ul class=\"wp-block-list\">\n<li><strong>C\u00e3es de m\u00e9dio e grande porte podem viajar gratuitamente<\/strong>, desde que estejam <strong>de focinheira e na coleira<\/strong><\/li>\n\n\n\n<li><strong>Animais pequenos (como gatos, coelhos e cachorros de colo)<\/strong> podem ser transportados em caixas ou bolsas apropriadas<\/li>\n\n\n\n<li><strong>N\u00e3o \u00e9 necess\u00e1rio pagar passagem extra nem emitir bilhete especial para o animal<\/strong><\/li>\n\n\n\n<li>Os donos s\u00e3o respons\u00e1veis por garantir <strong>boa conviv\u00eancia e seguran\u00e7a durante a viagem<\/strong><\/li>\n<\/ul>\n\n\n\n<p>Essa abordagem torna <strong>o transporte p\u00fablico mais acess\u00edvel para quem tem pets<\/strong> e incentiva o uso coletivo ao inv\u00e9s de ve\u00edculos particulares.<\/p>\n\n\n\n<figure class=\"wp-block-image size-large\"><img decoding=\"async\" width=\"1024\" height=\"576\" src=\"https:\/\/www.correiobraziliense.com.br\/cbradar\/wp-content\/uploads\/2025\/03\/Viena_1743454494336-1024x576.jpg\" alt=\"Conhe\u00e7a a cidade onde os animais t\u00eam direito a transporte gratuito\" class=\"wp-image-17591\" srcset=\"https:\/\/www.correiobraziliense.com.br\/cbradar\/wp-content\/uploads\/2025\/03\/Viena_1743454494336-1024x576.jpg 1024w, https:\/\/www.correiobraziliense.com.br\/cbradar\/wp-content\/uploads\/2025\/03\/Viena_1743454494336-300x169.jpg 300w, https:\/\/www.correiobraziliense.com.br\/cbradar\/wp-content\/uploads\/2025\/03\/Viena_1743454494336-768x432.jpg 768w, https:\/\/www.correiobraziliense.com.br\/cbradar\/wp-content\/uploads\/2025\/03\/Viena_1743454494336-750x422.jpg 750w, https:\/\/www.correiobraziliense.com.br\/cbradar\/wp-content\/uploads\/2025\/03\/Viena_1743454494336-1140x641.jpg 1140w, https:\/\/www.correiobraziliense.com.br\/cbradar\/wp-content\/uploads\/2025\/03\/Viena_1743454494336.jpg 1280w\" sizes=\"(max-width: 1024px) 100vw, 1024px\" \/><figcaption class=\"wp-element-caption\">Viena. Cr\u00e9ditos: depositphotos.com \/ pandionhiatus3<\/figcaption><\/figure>\n\n\n\n<h2 class=\"wp-block-heading\"><strong>Por que Viena adotou essa pol\u00edtica?<\/strong><\/h2>\n\n\n\n<p>Al\u00e9m de refor\u00e7ar o respeito aos animais, a pol\u00edtica tem outros objetivos:<\/p>\n\n\n\n<ul class=\"wp-block-list\">\n<li><strong>Reduzir o uso de carros para deslocamentos curtos com pets<\/strong><\/li>\n\n\n\n<li><strong>Aumentar a integra\u00e7\u00e3o entre moradores e seus animais de estima\u00e7\u00e3o<\/strong><\/li>\n\n\n\n<li><strong>Incentivar a ado\u00e7\u00e3o respons\u00e1vel<\/strong>, mostrando que o pet pode fazer parte de todos os momentos<\/li>\n\n\n\n<li><strong>Promover uma cidade mais inclusiva, segura e acolhedora para todos os seres vivos<\/strong><\/li>\n<\/ul>\n\n\n\n<h2 class=\"wp-block-heading\"><strong>Curiosidades sobre Viena e sua rela\u00e7\u00e3o com os animais<\/strong><\/h2>\n\n\n\n<ul class=\"wp-block-list\">\n<li><strong>Viena tem centenas de parques com \u00e1reas exclusivas para c\u00e3es<\/strong>, chamados \u201cHundezone\u201d<\/li>\n\n\n\n<li><strong>Veterin\u00e1rios p\u00fablicos oferecem atendimento b\u00e1sico gratuito ou a baixo custo<\/strong><\/li>\n\n\n\n<li><strong>Animais s\u00e3o permitidos em muitos restaurantes, lojas e at\u00e9 museus pet-friendly<\/strong><\/li>\n\n\n\n<li><strong>A cidade possui leis rigorosas de prote\u00e7\u00e3o e bem-estar animal<\/strong><\/li>\n\n\n\n<li><strong>A pr\u00e1tica inspirou cidades como Zurique, Munique e Copenhague a adotarem pol\u00edticas semelhantes<\/strong><\/li>\n<\/ul>\n\n\n\n<p>Viena mostra que <strong>uma cidade verdadeiramente moderna \u00e9 aquela que inclui todos \u2014 inclusive os de quatro patas<\/strong>, garantindo <strong>liberdade, respeito e mobilidade tamb\u00e9m para os animais<\/strong>.<\/p>\n","protected":false},"excerpt":{"rendered":"<p>Em Viena, animais podem andar de transporte p\u00fablico gratuitamente. Descubra como a cidade austr\u00edaca inclui os pets no dia a dia com respeito!<\/p>\n","protected":false},"author":3,"featured_media":17590,"comment_status":"open","ping_status":"open","sticky":false,"template":"","format":"standard","meta":{"_yoast_wpseo_focuskw":"cidade animais","_yoast_wpseo_title":"%%title%%","_yoast_wpseo_metadesc":"Em Viena, animais podem andar de transporte p\u00fablico gratuitamente. Descubra como a cidade austr\u00edaca inclui os pets no dia a dia com respeito!","jnews-multi-image_gallery":[],"jnews_single_post":{"format":"standard"},"jnews_primary_category":[],"jnews_social_meta":[],"jnews_override_counter":[],"footnotes":""},"categories":[108],"tags":[109],"class_list":["post-17588","post","type-post","status-publish","format-standard","has-post-thumbnail","hentry","category-cidades","tag-cidades"],"yoast_head":"<!-- This site is optimized with the Yoast SEO plugin v24.6 - https:\/\/yoast.com\/wordpress\/plugins\/seo\/ -->\n<title>Conhe\u00e7a a cidade onde os animais t\u00eam direito a transporte gratuito<\/title>\n<meta name=\"description\" content=\"Em Viena, animais podem andar de transporte p\u00fablico gratuitamente. Descubra como a cidade austr\u00edaca inclui os pets no dia a dia com respeito!\" \/>\n<meta name=\"robots\" content=\"index, follow, max-snippet:-1, max-image-preview:large, max-video-preview:-1\" \/>\n<link rel=\"canonical\" href=\"https:\/\/www.correiobraziliense.com.br\/cbradar\/conheca-a-cidade-onde-os-animais-tem-direito-a-transporte-gratuito\/\" \/>\n<meta property=\"og:locale\" content=\"pt_BR\" \/>\n<meta property=\"og:type\" content=\"article\" \/>\n<meta property=\"og:title\" content=\"Conhe\u00e7a a cidade onde os animais t\u00eam direito a transporte gratuito\" \/>\n<meta property=\"og:description\" content=\"Em Viena, animais podem andar de transporte p\u00fablico gratuitamente. Descubra como a cidade austr\u00edaca inclui os pets no dia a dia com respeito!\" \/>\n<meta property=\"og:url\" content=\"https:\/\/www.correiobraziliense.com.br\/cbradar\/conheca-a-cidade-onde-os-animais-tem-direito-a-transporte-gratuito\/\" \/>\n<meta property=\"og:site_name\" content=\"Correio Braziliense - Radar\" \/>\n<meta property=\"article:published_time\" content=\"2025-04-01T21:30:00+00:00\" \/>\n<meta property=\"og:image\" content=\"https:\/\/www.correiobraziliense.com.br\/cbradar\/wp-content\/uploads\/2025\/03\/Viena_1743453778699.jpg\" \/>\n\t<meta property=\"og:image:width\" content=\"1280\" \/>\n\t<meta property=\"og:image:height\" content=\"720\" \/>\n\t<meta property=\"og:image:type\" content=\"image\/jpeg\" \/>\n<meta name=\"author\" content=\"Larissa Carvalho\" \/>\n<meta name=\"twitter:card\" content=\"summary_large_image\" \/>\n<meta name=\"twitter:label1\" content=\"Escrito por\" \/>\n\t<meta name=\"twitter:data1\" content=\"Larissa Carvalho\" \/>\n\t<meta name=\"twitter:label2\" content=\"Est. tempo de leitura\" \/>\n\t<meta name=\"twitter:data2\" content=\"3 minutos\" \/>\n<!-- \/ Yoast SEO plugin. -->","yoast_head_json":{"title":"Conhe\u00e7a a cidade onde os animais t\u00eam direito a transporte gratuito","description":"Em Viena, animais podem andar de transporte p\u00fablico gratuitamente. Descubra como a cidade austr\u00edaca inclui os pets no dia a dia com respeito!","robots":{"index":"index","follow":"follow","max-snippet":"max-snippet:-1","max-image-preview":"max-image-preview:large","max-video-preview":"max-video-preview:-1"},"canonical":"https:\/\/www.correiobraziliense.com.br\/cbradar\/conheca-a-cidade-onde-os-animais-tem-direito-a-transporte-gratuito\/","og_locale":"pt_BR","og_type":"article","og_title":"Conhe\u00e7a a cidade onde os animais t\u00eam direito a transporte gratuito","og_description":"Em Viena, animais podem andar de transporte p\u00fablico gratuitamente. Descubra como a cidade austr\u00edaca inclui os pets no dia a dia com respeito!","og_url":"https:\/\/www.correiobraziliense.com.br\/cbradar\/conheca-a-cidade-onde-os-animais-tem-direito-a-transporte-gratuito\/","og_site_name":"Correio Braziliense - Radar","article_published_time":"2025-04-01T21:30:00+00:00","og_image":[{"width":1280,"height":720,"url":"https:\/\/www.correiobraziliense.com.br\/cbradar\/wp-content\/uploads\/2025\/03\/Viena_1743453778699.jpg","type":"image\/jpeg"}],"author":"Larissa Carvalho","twitter_card":"summary_large_image","twitter_misc":{"Escrito por":"Larissa Carvalho","Est. tempo de leitura":"3 minutos"},"schema":{"@context":"https:\/\/schema.org","@graph":[{"@type":"WebPage","@id":"https:\/\/www.correiobraziliense.com.br\/cbradar\/conheca-a-cidade-onde-os-animais-tem-direito-a-transporte-gratuito\/","url":"https:\/\/www.correiobraziliense.com.br\/cbradar\/conheca-a-cidade-onde-os-animais-tem-direito-a-transporte-gratuito\/","name":"Conhe\u00e7a a cidade onde os animais t\u00eam direito a transporte gratuito","isPartOf":{"@id":"https:\/\/www.correiobraziliense.com.br\/cbradar\/#website"},"primaryImageOfPage":{"@id":"https:\/\/www.correiobraziliense.com.br\/cbradar\/conheca-a-cidade-onde-os-animais-tem-direito-a-transporte-gratuito\/#primaryimage"},"image":{"@id":"https:\/\/www.correiobraziliense.com.br\/cbradar\/conheca-a-cidade-onde-os-animais-tem-direito-a-transporte-gratuito\/#primaryimage"},"thumbnailUrl":"https:\/\/www.correiobraziliense.com.br\/cbradar\/wp-content\/uploads\/2025\/03\/Viena_1743453778699.jpg","datePublished":"2025-04-01T21:30:00+00:00","author":{"@id":"https:\/\/www.correiobraziliense.com.br\/cbradar\/#\/schema\/person\/58422787644df994b53a19d3e56c1513"},"description":"Em Viena, animais podem andar de transporte p\u00fablico gratuitamente. Descubra como a cidade austr\u00edaca inclui os pets no dia a dia com respeito!","breadcrumb":{"@id":"https:\/\/www.correiobraziliense.com.br\/cbradar\/conheca-a-cidade-onde-os-animais-tem-direito-a-transporte-gratuito\/#breadcrumb"},"inLanguage":"pt-BR","potentialAction":[{"@type":"ReadAction","target":["https:\/\/www.correiobraziliense.com.br\/cbradar\/conheca-a-cidade-onde-os-animais-tem-direito-a-transporte-gratuito\/"]}]},{"@type":"ImageObject","inLanguage":"pt-BR","@id":"https:\/\/www.correiobraziliense.com.br\/cbradar\/conheca-a-cidade-onde-os-animais-tem-direito-a-transporte-gratuito\/#primaryimage","url":"https:\/\/www.correiobraziliense.com.br\/cbradar\/wp-content\/uploads\/2025\/03\/Viena_1743453778699.jpg","contentUrl":"https:\/\/www.correiobraziliense.com.br\/cbradar\/wp-content\/uploads\/2025\/03\/Viena_1743453778699.jpg","width":1280,"height":720,"caption":"Viena. Cr\u00e9ditos: depositphotos.com \/ csr601d"},{"@type":"BreadcrumbList","@id":"https:\/\/www.correiobraziliense.com.br\/cbradar\/conheca-a-cidade-onde-os-animais-tem-direito-a-transporte-gratuito\/#breadcrumb","itemListElement":[{"@type":"ListItem","position":1,"name":"In\u00edcio","item":"https:\/\/www.correiobraziliense.com.br\/cbradar\/"},{"@type":"ListItem","position":2,"name":"Conhe\u00e7a a cidade onde os animais t\u00eam direito a transporte gratuito"}]},{"@type":"WebSite","@id":"https:\/\/www.correiobraziliense.com.br\/cbradar\/#website","url":"https:\/\/www.correiobraziliense.com.br\/cbradar\/","name":"Correio Braziliense - Radar","description":"Acompanhe as \u00faltimas not\u00edcias e fique bem informado sobre tudo o que acontece no Brasil e no mundo.","potentialAction":[{"@type":"SearchAction","target":{"@type":"EntryPoint","urlTemplate":"https:\/\/www.correiobraziliense.com.br\/cbradar\/?s={search_term_string}"},"query-input":{"@type":"PropertyValueSpecification","valueRequired":true,"valueName":"search_term_string"}}],"inLanguage":"pt-BR"},{"@type":"Person","@id":"https:\/\/www.correiobraziliense.com.br\/cbradar\/#\/schema\/person\/58422787644df994b53a19d3e56c1513","name":"Larissa Carvalho","image":{"@type":"ImageObject","inLanguage":"pt-BR","@id":"https:\/\/www.correiobraziliense.com.br\/cbradar\/#\/schema\/person\/image\/","url":"https:\/\/secure.gravatar.com\/avatar\/fe4f91a0de32b52a838d0d612abdc1aa?s=96&d=mm&r=g","contentUrl":"https:\/\/secure.gravatar.com\/avatar\/fe4f91a0de32b52a838d0d612abdc1aa?s=96&d=mm&r=g","caption":"Larissa Carvalho"},"url":"https:\/\/www.correiobraziliense.com.br\/cbradar\/author\/larissamyth\/"}]}},"_links":{"self":[{"href":"https:\/\/www.correiobraziliense.com.br\/cbradar\/wp-json\/wp\/v2\/posts\/17588","targetHints":{"allow":["GET"]}}],"collection":[{"href":"https:\/\/www.correiobraziliense.com.br\/cbradar\/wp-json\/wp\/v2\/posts"}],"about":[{"href":"https:\/\/www.correiobraziliense.com.br\/cbradar\/wp-json\/wp\/v2\/types\/post"}],"author":[{"embeddable":true,"href":"https:\/\/www.correiobraziliense.com.br\/cbradar\/wp-json\/wp\/v2\/users\/3"}],"replies":[{"embeddable":true,"href":"https:\/\/www.correiobraziliense.com.br\/cbradar\/wp-json\/wp\/v2\/comments?post=17588"}],"version-history":[{"count":2,"href":"https:\/\/www.correiobraziliense.com.br\/cbradar\/wp-json\/wp\/v2\/posts\/17588\/revisions"}],"predecessor-version":[{"id":17708,"href":"https:\/\/www.correiobraziliense.com.br\/cbradar\/wp-json\/wp\/v2\/posts\/17588\/revisions\/17708"}],"wp:featuredmedia":[{"embeddable":true,"href":"https:\/\/www.correiobraziliense.com.br\/cbradar\/wp-json\/wp\/v2\/media\/17590"}],"wp:attachment":[{"href":"https:\/\/www.correiobraziliense.com.br\/cbradar\/wp-json\/wp\/v2\/media?parent=17588"}],"wp:term":[{"taxonomy":"category","embeddable":true,"href":"https:\/\/www.correiobraziliense.com.br\/cbradar\/wp-json\/wp\/v2\/categories?post=17588"},{"taxonomy":"post_tag","embeddable":true,"href":"https:\/\/www.correiobraziliense.com.br\/cbradar\/wp-json\/wp\/v2\/tags?post=17588"}],"curies":[{"name":"wp","href":"https:\/\/api.w.org\/{rel}","templated":true}]}}