{"id":175883,"date":"2026-01-17T16:25:15","date_gmt":"2026-01-17T19:25:15","guid":{"rendered":"https:\/\/www.correiobraziliense.com.br\/cbradar\/?p=175883"},"modified":"2026-01-16T13:50:36","modified_gmt":"2026-01-16T16:50:36","slug":"o-vegetal-roxo-que-colore-o-prato-fortalece-o-corpo-e-cresce-facil-em-casa","status":"publish","type":"post","link":"https:\/\/www.correiobraziliense.com.br\/cbradar\/o-vegetal-roxo-que-colore-o-prato-fortalece-o-corpo-e-cresce-facil-em-casa\/","title":{"rendered":"O vegetal roxo que colore o prato, fortalece o corpo e cresce f\u00e1cil em casa"},"content":{"rendered":"\n<p>Voc\u00ea j\u00e1 reparou como um simples prato de salada muda completamente de cara quando entra um punhado de <strong>repolho-roxo<\/strong>? Al\u00e9m da cor vibrante, ele traz um sabor marcante e pode ser plantado em casa, em jardim ou at\u00e9 em vasos, o que facilita ter um alimento sempre fresco, cheio de nutrientes e pronto para entrar na rotina da fam\u00edlia.<\/p>\n\n\n\n<h2 class=\"wp-block-heading\">Quais s\u00e3o os principais benef\u00edcios antioxidantes do repolho-roxo para o corpo<\/h2>\n\n\n\n<p>O <strong>repolho-roxo<\/strong> se destaca por ser muito rico em <strong>antocianinas<\/strong>, pigmentos que d\u00e3o a cor arroxeada e funcionam como fortes antioxidantes naturais. Eles ajudam a proteger as c\u00e9lulas contra os radicais livres, que podem acelerar o envelhecimento e favorecer alguns desequil\u00edbrios no organismo.<\/p>\n\n\n\n<p>Al\u00e9m disso, o <b>repolho-roxo<\/b> oferece boa quantidade de <strong>vitamina C<\/strong>, que participa da forma\u00e7\u00e3o de col\u00e1geno e da defesa do corpo, e tamb\u00e9m fornece vitamina K e fibras. Essas fibras contribuem para o bom funcionamento do intestino e ajudam na sensa\u00e7\u00e3o de saciedade, o que pode apoiar quem busca controlar o consumo de calorias no dia a dia.<\/p>\n\n\n<div class=\"wp-block-image\">\n<figure class=\"aligncenter size-large\"><img decoding=\"async\" width=\"1024\" height=\"576\" src=\"https:\/\/www.correiobraziliense.com.br\/cbradar\/wp-content\/uploads\/2025\/07\/repolho-roxo_1752165230431-1024x576.jpg\" alt=\"\" class=\"wp-image-67431\" srcset=\"https:\/\/www.correiobraziliense.com.br\/cbradar\/wp-content\/uploads\/2025\/07\/repolho-roxo_1752165230431-1024x576.jpg 1024w, https:\/\/www.correiobraziliense.com.br\/cbradar\/wp-content\/uploads\/2025\/07\/repolho-roxo_1752165230431-300x169.jpg 300w, https:\/\/www.correiobraziliense.com.br\/cbradar\/wp-content\/uploads\/2025\/07\/repolho-roxo_1752165230431-768x432.jpg 768w, https:\/\/www.correiobraziliense.com.br\/cbradar\/wp-content\/uploads\/2025\/07\/repolho-roxo_1752165230431-750x422.jpg 750w, https:\/\/www.correiobraziliense.com.br\/cbradar\/wp-content\/uploads\/2025\/07\/repolho-roxo_1752165230431-1140x641.jpg 1140w, https:\/\/www.correiobraziliense.com.br\/cbradar\/wp-content\/uploads\/2025\/07\/repolho-roxo_1752165230431.jpg 1280w\" sizes=\"(max-width: 1024px) 100vw, 1024px\" \/><figcaption class=\"wp-element-caption\">Entre as hortali\u00e7as da mesma fam\u00edlia, o repolho-roxo chama aten\u00e7\u00e3o por unir fibras, vitaminas e compostos bioativos  &#8211; Cr\u00e9ditos: depositphotos.com \/ Taiftin<\/figcaption><\/figure><\/div>\n\n\n<p>Leia tamb\u00e9m:&nbsp;<a href=\"https:\/\/www.correiobraziliense.com.br\/cbradar\/um-fruto-cremoso-rico-em-gorduras-boas-que-apoia-coracao-regula-colesterol-e-voce-ainda-pode-plantar-em-casa\/\" target=\"_blank\" rel=\"noopener\">Um fruto cremoso rico em gorduras boas que apoia cora\u00e7\u00e3o, regula colesterol e voc\u00ea ainda pode plantar em casa<\/a><\/p>\n\n\n\n<h2 class=\"wp-block-heading\">Como o repolho-roxo ajuda na alimenta\u00e7\u00e3o equilibrada e no controle de calorias<\/h2>\n\n\n\n<p>Entre as hortali\u00e7as da mesma fam\u00edlia, o <strong>repolho-roxo<\/strong> chama aten\u00e7\u00e3o por unir fibras, vitaminas e compostos bioativos em um alimento de baixo valor cal\u00f3rico. Por isso ele aparece com frequ\u00eancia em card\u00e1pios voltados \u00e0 manuten\u00e7\u00e3o de peso e a uma rotina alimentar mais equilibrada, sem abrir m\u00e3o de cor e sabor.<\/p>\n\n\n\n<p>Como tem poucas calorias, o <b>repolho-roxo<\/b> pode compor saladas volumosas, refogados e recheios sem aumentar muito o valor energ\u00e9tico do prato. Outro ponto interessante \u00e9 que quem tem um pequeno espa\u00e7o pode cultivar a pr\u00f3pria hortali\u00e7a em casa, reduzindo custos e tendo mais controle sobre o manejo do alimento que chega ao prato.<\/p>\n\n\n\n<h2 class=\"wp-block-heading\">Quais s\u00e3o os principais cuidados para plantar repolho-roxo em casa<\/h2>\n\n\n\n<p>Para quem gosta de mexer na terra, o cultivo de <strong>repolho-roxo<\/strong> em casa \u00e9 uma \u00f3tima op\u00e7\u00e3o, pois exige apenas alguns cuidados simples. A planta prefere clima mais ameno, com temperaturas moderadas, e precisa de algumas horas de sol direto por dia para se desenvolver bem e formar cabe\u00e7as firmes.<\/p>\n\n\n\n<p>O solo ideal deve ser bem drenado, f\u00e9rtil, levemente \u00e1cido e rico em mat\u00e9ria org\u00e2nica, o que pode ser conseguido com composto caseiro bem curtido. Em regi\u00f5es muito quentes, o melhor \u00e9 escolher \u00e9pocas mais frescas do ano para o plantio, evitando per\u00edodos de calor extremo que podem prejudicar o desenvolvimento do <b>repolho-roxo<\/b>. Se voc\u00ea gosta de cultivo, separamos esse v\u00eddeo do canal<a href=\"https:\/\/www.youtube.com\/@PlanteeCozinhe\" target=\"_blank\" rel=\"noreferrer noopener\"> Plante e Cozinhe<\/a> ensinando a plantar repolho roxo em casa:<\/p>\n\n\n\n<figure class=\"wp-block-embed is-type-video is-provider-youtube wp-block-embed-youtube wp-embed-aspect-16-9 wp-has-aspect-ratio\"><div class=\"wp-block-embed__wrapper\">\n<div class=\"jeg_video_container jeg_video_content\"><iframe loading=\"lazy\" title=\"NUNCA mais ERRE ao PLANTAR REPOLHO ROXO. Dicas de PLANTIO, TRATOS e CUIDADOS na HORTA\" width=\"500\" height=\"281\" src=\"https:\/\/www.youtube.com\/embed\/POzWAP04B14?start=3&#038;feature=oembed\" frameborder=\"0\" allow=\"accelerometer; autoplay; clipboard-write; encrypted-media; gyroscope; picture-in-picture; web-share\" referrerpolicy=\"strict-origin-when-cross-origin\" allowfullscreen><\/iframe><\/div>\n<\/div><\/figure>\n\n\n\n<h2 class=\"wp-block-heading\">Como plantar repolho-roxo em casa passo a passo<\/h2>\n\n\n\n<p>Para organizar o cultivo e n\u00e3o se perder nas etapas, vale seguir um pequeno passo a passo, desde o preparo da terra at\u00e9 a colheita. Isso ajuda tanto iniciantes quanto quem j\u00e1 tem alguma experi\u00eancia com horta a garantir plantas mais saud\u00e1veis e cabe\u00e7as bem formadas de <strong>repolho-roxo<\/strong>.<\/p>\n\n\n\n<ol class=\"wp-block-list\">\n<li><strong>Preparo do solo:<\/strong> revolver a terra, retirar pedras e res\u00edduos, incorporar composto org\u00e2nico bem curtido e verificar a drenagem.<\/li>\n\n\n\n<li><strong>Semeadura ou mudas:<\/strong> pode-se semear em sementeiras e transplantar as mudas com 4 a 6 folhas, ou adquirir mudas prontas em viveiros.<\/li>\n\n\n\n<li><strong>Espa\u00e7amento:<\/strong> manter, em m\u00e9dia, de 40 a 50 cm entre plantas e de 50 a 60 cm entre linhas, permitindo boa circula\u00e7\u00e3o de ar.<\/li>\n\n\n\n<li><strong>Rega:<\/strong> manter o solo \u00famido, mas n\u00e3o encharcado, com irriga\u00e7\u00e3o mais frequente em per\u00edodos secos, preferindo in\u00edcio da manh\u00e3 ou fim da tarde.<\/li>\n\n\n\n<li><strong>Aduba\u00e7\u00e3o de cobertura:<\/strong> realizar aplica\u00e7\u00f5es leves de adubo org\u00e2nico ou formulado equilibrado ao longo do ciclo, conforme orienta\u00e7\u00e3o t\u00e9cnica.<\/li>\n\n\n\n<li><strong>Controle de pragas:<\/strong> monitorar o aparecimento de <strong>lagartas<\/strong>, pulg\u00f5es e outras pragas, utilizando preferencialmente m\u00e9todos de manejo integrado, como armadilhas e extratos vegetais.<\/li>\n\n\n\n<li><strong>Colheita:<\/strong> ocorre, em geral, entre 90 e 120 dias ap\u00f3s o transplante, quando a cabe\u00e7a estiver firme e bem formada.<\/li>\n\n\n\n<li><\/li>\n<\/ol>\n\n\n\n<h2 class=\"wp-block-heading\">Como consumir e combinar repolho-roxo no dia a dia<\/h2>\n\n\n\n<p>Na rotina alimentar, o <strong>repolho-roxo<\/strong> combina bem com pratos simples e tamb\u00e9m com receitas mais elaboradas, o que facilita seu consumo frequente. Cru, costuma ser usado em saladas cortado em tiras finas, junto com cenoura, folhas verdes, sementes e molhos \u00e0 base de <strong>lim\u00e3o<\/strong> ou vinagre, preservando melhor os antioxidantes.<\/p>\n\n\n\n<p>Ele tamb\u00e9m pode ser rapidamente refogado com alho e cebola, mantendo uma leve croc\u00e2ncia, ou usado em prepara\u00e7\u00f5es fermentadas, como chucrute roxo. A fermenta\u00e7\u00e3o adequada, feita com higiene e controle de tempo e sal, pode contribuir com micro-organismos ben\u00e9ficos para o intestino, tornando o <b>repolho-roxo<\/b> ainda mais interessante na rotina.<\/p>\n\n\n\n<h2 class=\"wp-block-heading\">Quais s\u00e3o as informa\u00e7\u00f5es nutricionais e de manejo do repolho-roxo<\/h2>\n\n\n\n<p>Para quem gosta de planejar melhor as compras ou a pr\u00f3pria horta, ter uma vis\u00e3o geral das caracter\u00edsticas do <strong>repolho-roxo<\/strong> ajuda bastante. A tabela a seguir traz um resumo simples de valores nutricionais e de manejo que podem orientar tanto o consumo quanto o cultivo em casa.<\/p>\n\n\n\n<div style=\"font-family: 'Segoe UI', Tahoma, Geneva, Verdana, sans-serif; max-width: 900px; margin: 20px auto; border: 2px solid #722f37; border-radius: 30px; overflow: hidden; background-color: #ffffff; box-shadow: 0 4px 15px rgba(114, 47, 55, 0.1);\">\n    <table style=\"width: 100%; border-collapse: collapse; text-align: left; font-size: 14px;\">\n        <thead>\n            <tr style=\"background-color: #722f37;\">\n                <th style=\"padding: 15px; color: #ffffff; border-bottom: 2px solid #f9d8e6; width: 40%;\">Atributo<\/th>\n                <th style=\"padding: 15px; color: #ffffff; border-bottom: 2px solid #f9d8e6; width: 60%;\">Repolho-roxo (cru) \u2013 por\u00e7\u00e3o de 100 g<\/th>\n            <\/tr>\n        <\/thead>\n        <tbody>\n            <tr>\n                <td style=\"padding: 12px 15px; border-bottom: 1px solid #ffe3ee; color: #4a4a4a; font-weight: bold;\">Calorias aproximadas<\/td>\n                <td style=\"padding: 12px 15px; border-bottom: 1px solid #ffe3ee; color: #4a4a4a;\">cerca de <b>30 kcal<\/b><\/td>\n            <\/tr>\n            <tr style=\"background-color: #fffafa;\">\n                <td style=\"padding: 12px 15px; border-bottom: 1px solid #ffe3ee; color: #4a4a4a; font-weight: bold;\">Carboidratos<\/td>\n                <td style=\"padding: 12px 15px; border-bottom: 1px solid #ffe3ee; color: #4a4a4a;\">aprox. 7 g<\/td>\n            <\/tr>\n            <tr>\n                <td style=\"padding: 12px 15px; border-bottom: 1px solid #ffe3ee; color: #4a4a4a; font-weight: bold;\">Fibras<\/td>\n                <td style=\"padding: 12px 15px; border-bottom: 1px solid #ffe3ee; color: #4a4a4a;\">cerca de 2 g<\/td>\n            <\/tr>\n            <tr style=\"background-color: #fffafa;\">\n                <td style=\"padding: 12px 15px; border-bottom: 1px solid #ffe3ee; color: #4a4a4a; font-weight: bold;\">Vitamina C<\/td>\n                <td style=\"padding: 12px 15px; border-bottom: 1px solid #ffe3ee; color: #4a4a4a;\">teor elevado, acima de 40 mg<\/td>\n            <\/tr>\n            <tr>\n                <td style=\"padding: 12px 15px; border-bottom: 1px solid #ffe3ee; color: #4a4a4a; font-weight: bold;\">Vitamina K<\/td>\n                <td style=\"padding: 12px 15px; border-bottom: 1px solid #ffe3ee; color: #4a4a4a;\">quantidade relevante para o dia a dia<\/td>\n            <\/tr>\n            <tr style=\"background-color: #fffafa;\">\n                <td style=\"padding: 12px 15px; border-bottom: 1px solid #ffe3ee; color: #4a4a4a; font-weight: bold;\">Compostos antioxidantes<\/td>\n                <td style=\"padding: 12px 15px; border-bottom: 1px solid #ffe3ee; color: #4a4a4a;\">rico em <b>antocianinas<\/b> e outros fitoqu\u00edmicos<\/td>\n            <\/tr>\n            <tr>\n                <td style=\"padding: 12px 15px; border-bottom: 1px solid #ffe3ee; color: #4a4a4a; font-weight: bold;\">Melhor \u00e9poca de plantio<\/td>\n                <td style=\"padding: 12px 15px; border-bottom: 1px solid #ffe3ee; color: #4a4a4a;\">clima ameno, evitando calor extremo<\/td>\n            <\/tr>\n            <tr style=\"background-color: #fffafa;\">\n                <td style=\"padding: 12px 15px; color: #4a4a4a; font-weight: bold;\">Tempo m\u00e9dio at\u00e9 a colheita<\/td>\n                <td style=\"padding: 12px 15px; color: #4a4a4a;\">90\u2013120 dias ap\u00f3s o transplante das mudas<\/td>\n            <\/tr>\n        <\/tbody>\n    <\/table>\n<\/div>\n\n\n\n<h2 class=\"wp-block-heading\">Pr\u00f3ximos passos para usar mais repolho-roxo no dia a dia<\/h2>\n\n\n\n<p>No cen\u00e1rio atual, em que cresce o interesse por alimentos de origem vegetal e hortas dom\u00e9sticas, o <strong>repolho-roxo<\/strong> re\u00fane cor, textura e nutrientes em um s\u00f3 ingrediente. Com alguns cuidados simples de plantio e preparo culin\u00e1rio, ele pode se tornar presen\u00e7a constante nas refei\u00e7\u00f5es, ajudando a deixar o prato mais bonito e a alimenta\u00e7\u00e3o mais variada.<\/p>\n\n\n\n<p>Se voc\u00ea quiser aproveitar melhor o <b>repolho-roxo<\/b>, comece testando uma nova receita nesta semana ou planejando um pequeno espa\u00e7o para cultivo em casa. D\u00ea o primeiro passo: escolha uma muda, organize um vaso ou inclua o vegetal na sua pr\u00f3xima lista de compras e veja como ele pode transformar sua rela\u00e7\u00e3o com a <strong>comida<\/strong>.<\/p>\n","protected":false},"excerpt":{"rendered":"<p>Voc\u00ea j\u00e1 reparou como um simples prato de salada muda completamente de cara quando entra um punhado de repolho-roxo? Al\u00e9m da cor vibrante, ele traz um sabor marcante e pode ser plantado em casa, em jardim ou at\u00e9 em vasos, o que facilita ter um alimento sempre fresco, cheio de nutrientes e pronto para entrar [&hellip;]<\/p>\n","protected":false},"author":9,"featured_media":176311,"comment_status":"open","ping_status":"open","sticky":false,"template":"","format":"standard","meta":{"_yoast_wpseo_focuskw":"plantar repolho roxo","_yoast_wpseo_title":"","_yoast_wpseo_metadesc":"Repolho-roxo leva cor, fibras e antioxidantes ao prato e ainda pode ser cultivado facilmente em clima ameno e solo f\u00e9rtil.","jnews-multi-image_gallery":[],"jnews_single_post":{"format":"standard"},"jnews_primary_category":[],"jnews_social_meta":[],"jnews_override_counter":[],"footnotes":""},"categories":[119,136],"post_tag":[14079,14078,6229],"class_list":["post-175883","post","type-post","status-publish","format-standard","has-post-thumbnail","hentry","category-bem-estar","category-jardinagem","tag-cultivo-de-repolho-roxo","tag-plantar-repolho-roxo","tag-repolho-roxo"],"yoast_head":"<!-- This site is optimized with the Yoast SEO plugin v24.6 - https:\/\/yoast.com\/wordpress\/plugins\/seo\/ -->\n<title>O vegetal roxo que colore o prato, fortalece o corpo e cresce f\u00e1cil em casa - Correio Braziliense - Radar<\/title>\n<meta name=\"description\" content=\"Repolho-roxo leva cor, fibras e antioxidantes ao prato e ainda pode ser cultivado facilmente em clima ameno e solo f\u00e9rtil.\" \/>\n<meta name=\"robots\" content=\"index, follow, max-snippet:-1, max-image-preview:large, max-video-preview:-1\" \/>\n<link rel=\"canonical\" href=\"https:\/\/www.correiobraziliense.com.br\/cbradar\/o-vegetal-roxo-que-colore-o-prato-fortalece-o-corpo-e-cresce-facil-em-casa\/\" \/>\n<meta property=\"og:locale\" content=\"pt_BR\" \/>\n<meta property=\"og:type\" content=\"article\" \/>\n<meta property=\"og:title\" content=\"O vegetal roxo que colore o prato, fortalece o corpo e cresce f\u00e1cil em casa - Correio Braziliense - Radar\" \/>\n<meta property=\"og:description\" content=\"Repolho-roxo leva cor, fibras e antioxidantes ao prato e ainda pode ser cultivado facilmente em clima ameno e solo f\u00e9rtil.\" \/>\n<meta property=\"og:url\" content=\"https:\/\/www.correiobraziliense.com.br\/cbradar\/o-vegetal-roxo-que-colore-o-prato-fortalece-o-corpo-e-cresce-facil-em-casa\/\" \/>\n<meta property=\"og:site_name\" content=\"Correio Braziliense - Radar\" \/>\n<meta property=\"article:published_time\" content=\"2026-01-17T19:25:15+00:00\" \/>\n<meta property=\"og:image\" content=\"https:\/\/www.correiobraziliense.com.br\/cbradar\/wp-content\/uploads\/2026\/01\/freepik__imagem-realista-do-repolhoroxo-j-picadinho-pronto-__16936.png\" \/>\n\t<meta property=\"og:image:width\" content=\"1280\" \/>\n\t<meta property=\"og:image:height\" content=\"720\" \/>\n\t<meta property=\"og:image:type\" content=\"image\/png\" \/>\n<meta name=\"author\" content=\"Daniely Cardoso\" \/>\n<meta name=\"twitter:card\" content=\"summary_large_image\" \/>\n<meta name=\"twitter:label1\" content=\"Escrito por\" \/>\n\t<meta name=\"twitter:data1\" content=\"Daniely Cardoso\" \/>\n\t<meta name=\"twitter:label2\" content=\"Est. tempo de leitura\" \/>\n\t<meta name=\"twitter:data2\" content=\"6 minutos\" \/>\n<!-- \/ Yoast SEO plugin. -->","yoast_head_json":{"title":"O vegetal roxo que colore o prato, fortalece o corpo e cresce f\u00e1cil em casa - Correio Braziliense - Radar","description":"Repolho-roxo leva cor, fibras e antioxidantes ao prato e ainda pode ser cultivado facilmente em clima ameno e solo f\u00e9rtil.","robots":{"index":"index","follow":"follow","max-snippet":"max-snippet:-1","max-image-preview":"max-image-preview:large","max-video-preview":"max-video-preview:-1"},"canonical":"https:\/\/www.correiobraziliense.com.br\/cbradar\/o-vegetal-roxo-que-colore-o-prato-fortalece-o-corpo-e-cresce-facil-em-casa\/","og_locale":"pt_BR","og_type":"article","og_title":"O vegetal roxo que colore o prato, fortalece o corpo e cresce f\u00e1cil em casa - Correio Braziliense - Radar","og_description":"Repolho-roxo leva cor, fibras e antioxidantes ao prato e ainda pode ser cultivado facilmente em clima ameno e solo f\u00e9rtil.","og_url":"https:\/\/www.correiobraziliense.com.br\/cbradar\/o-vegetal-roxo-que-colore-o-prato-fortalece-o-corpo-e-cresce-facil-em-casa\/","og_site_name":"Correio Braziliense - Radar","article_published_time":"2026-01-17T19:25:15+00:00","og_image":[{"width":1280,"height":720,"url":"https:\/\/www.correiobraziliense.com.br\/cbradar\/wp-content\/uploads\/2026\/01\/freepik__imagem-realista-do-repolhoroxo-j-picadinho-pronto-__16936.png","type":"image\/png"}],"author":"Daniely Cardoso","twitter_card":"summary_large_image","twitter_misc":{"Escrito por":"Daniely Cardoso","Est. tempo de leitura":"6 minutos"},"schema":{"@context":"https:\/\/schema.org","@graph":[{"@type":"WebPage","@id":"https:\/\/www.correiobraziliense.com.br\/cbradar\/o-vegetal-roxo-que-colore-o-prato-fortalece-o-corpo-e-cresce-facil-em-casa\/","url":"https:\/\/www.correiobraziliense.com.br\/cbradar\/o-vegetal-roxo-que-colore-o-prato-fortalece-o-corpo-e-cresce-facil-em-casa\/","name":"O vegetal roxo que colore o prato, fortalece o corpo e cresce f\u00e1cil em casa - Correio Braziliense - Radar","isPartOf":{"@id":"https:\/\/www.correiobraziliense.com.br\/cbradar\/#website"},"primaryImageOfPage":{"@id":"https:\/\/www.correiobraziliense.com.br\/cbradar\/o-vegetal-roxo-que-colore-o-prato-fortalece-o-corpo-e-cresce-facil-em-casa\/#primaryimage"},"image":{"@id":"https:\/\/www.correiobraziliense.com.br\/cbradar\/o-vegetal-roxo-que-colore-o-prato-fortalece-o-corpo-e-cresce-facil-em-casa\/#primaryimage"},"thumbnailUrl":"https:\/\/www.correiobraziliense.com.br\/cbradar\/wp-content\/uploads\/2026\/01\/freepik__imagem-realista-do-repolhoroxo-j-picadinho-pronto-__16936.png","datePublished":"2026-01-17T19:25:15+00:00","author":{"@id":"https:\/\/www.correiobraziliense.com.br\/cbradar\/#\/schema\/person\/7356666e12ec0ee53f348ee5db227032"},"description":"Repolho-roxo leva cor, fibras e antioxidantes ao prato e ainda pode ser cultivado facilmente em clima ameno e solo f\u00e9rtil.","breadcrumb":{"@id":"https:\/\/www.correiobraziliense.com.br\/cbradar\/o-vegetal-roxo-que-colore-o-prato-fortalece-o-corpo-e-cresce-facil-em-casa\/#breadcrumb"},"inLanguage":"pt-BR","potentialAction":[{"@type":"ReadAction","target":["https:\/\/www.correiobraziliense.com.br\/cbradar\/o-vegetal-roxo-que-colore-o-prato-fortalece-o-corpo-e-cresce-facil-em-casa\/"]}]},{"@type":"ImageObject","inLanguage":"pt-BR","@id":"https:\/\/www.correiobraziliense.com.br\/cbradar\/o-vegetal-roxo-que-colore-o-prato-fortalece-o-corpo-e-cresce-facil-em-casa\/#primaryimage","url":"https:\/\/www.correiobraziliense.com.br\/cbradar\/wp-content\/uploads\/2026\/01\/freepik__imagem-realista-do-repolhoroxo-j-picadinho-pronto-__16936.png","contentUrl":"https:\/\/www.correiobraziliense.com.br\/cbradar\/wp-content\/uploads\/2026\/01\/freepik__imagem-realista-do-repolhoroxo-j-picadinho-pronto-__16936.png","width":1280,"height":720,"caption":"Rica em antocianinas que ajudam na prote\u00e7\u00e3o celular"},{"@type":"BreadcrumbList","@id":"https:\/\/www.correiobraziliense.com.br\/cbradar\/o-vegetal-roxo-que-colore-o-prato-fortalece-o-corpo-e-cresce-facil-em-casa\/#breadcrumb","itemListElement":[{"@type":"ListItem","position":1,"name":"In\u00edcio","item":"https:\/\/www.correiobraziliense.com.br\/cbradar\/"},{"@type":"ListItem","position":2,"name":"O vegetal roxo que colore o prato, fortalece o corpo e cresce f\u00e1cil em casa"}]},{"@type":"WebSite","@id":"https:\/\/www.correiobraziliense.com.br\/cbradar\/#website","url":"https:\/\/www.correiobraziliense.com.br\/cbradar\/","name":"Correio Braziliense - Radar","description":"Acompanhe as \u00faltimas not\u00edcias e fique bem informado sobre tudo o que acontece no Brasil e no mundo.","potentialAction":[{"@type":"SearchAction","target":{"@type":"EntryPoint","urlTemplate":"https:\/\/www.correiobraziliense.com.br\/cbradar\/?s={search_term_string}"},"query-input":{"@type":"PropertyValueSpecification","valueRequired":true,"valueName":"search_term_string"}}],"inLanguage":"pt-BR"},{"@type":"Person","@id":"https:\/\/www.correiobraziliense.com.br\/cbradar\/#\/schema\/person\/7356666e12ec0ee53f348ee5db227032","name":"Daniely Cardoso","image":{"@type":"ImageObject","inLanguage":"pt-BR","@id":"https:\/\/www.correiobraziliense.com.br\/cbradar\/#\/schema\/person\/image\/","url":"https:\/\/secure.gravatar.com\/avatar\/4b80ddbd124d1f071b626d52d62e5dff?s=96&d=mm&r=g","contentUrl":"https:\/\/secure.gravatar.com\/avatar\/4b80ddbd124d1f071b626d52d62e5dff?s=96&d=mm&r=g","caption":"Daniely Cardoso"},"description":"Redatora nos portais CB Radar e EM Foco, formada pela Universidade Federal de Goi\u00e1s, em Goi\u00e2nia. Apaixonada por comunica\u00e7\u00e3o, arte, decora\u00e7\u00e3o e tend\u00eancias, atuo na produ\u00e7\u00e3o de conte\u00fados envolventes sobre curiosidades, moda, beleza e paisagismo, sempre com um olhar atento \u00e0s novidades do momento.","sameAs":["https:\/\/www.correiobraziliense.com.br\/cbradar"],"url":"https:\/\/www.correiobraziliense.com.br\/cbradar\/author\/danielymyth\/"}]}},"_links":{"self":[{"href":"https:\/\/www.correiobraziliense.com.br\/cbradar\/wp-json\/wp\/v2\/posts\/175883","targetHints":{"allow":["GET"]}}],"collection":[{"href":"https:\/\/www.correiobraziliense.com.br\/cbradar\/wp-json\/wp\/v2\/posts"}],"about":[{"href":"https:\/\/www.correiobraziliense.com.br\/cbradar\/wp-json\/wp\/v2\/types\/post"}],"author":[{"embeddable":true,"href":"https:\/\/www.correiobraziliense.com.br\/cbradar\/wp-json\/wp\/v2\/users\/9"}],"replies":[{"embeddable":true,"href":"https:\/\/www.correiobraziliense.com.br\/cbradar\/wp-json\/wp\/v2\/comments?post=175883"}],"version-history":[{"count":2,"href":"https:\/\/www.correiobraziliense.com.br\/cbradar\/wp-json\/wp\/v2\/posts\/175883\/revisions"}],"predecessor-version":[{"id":176286,"href":"https:\/\/www.correiobraziliense.com.br\/cbradar\/wp-json\/wp\/v2\/posts\/175883\/revisions\/176286"}],"wp:featuredmedia":[{"embeddable":true,"href":"https:\/\/www.correiobraziliense.com.br\/cbradar\/wp-json\/wp\/v2\/media\/176311"}],"wp:attachment":[{"href":"https:\/\/www.correiobraziliense.com.br\/cbradar\/wp-json\/wp\/v2\/media?parent=175883"}],"wp:term":[{"taxonomy":"category","embeddable":true,"href":"https:\/\/www.correiobraziliense.com.br\/cbradar\/wp-json\/wp\/v2\/categories?post=175883"},{"taxonomy":"post_tag","embeddable":true,"href":"https:\/\/www.correiobraziliense.com.br\/cbradar\/wp-json\/wp\/v2\/post_tag?post=175883"}],"curies":[{"name":"wp","href":"https:\/\/api.w.org\/{rel}","templated":true}]}}