{"id":17608,"date":"2025-04-01T18:10:00","date_gmt":"2025-04-01T21:10:00","guid":{"rendered":"https:\/\/www.correiobraziliense.com.br\/cbradar\/?p=17608"},"modified":"2025-04-01T03:29:25","modified_gmt":"2025-04-01T06:29:25","slug":"serie-baseada-em-quadrinhos-ganha-primeiro-trailer-oficial-confira","status":"publish","type":"post","link":"https:\/\/www.correiobraziliense.com.br\/cbradar\/serie-baseada-em-quadrinhos-ganha-primeiro-trailer-oficial-confira\/","title":{"rendered":"S\u00e9rie baseada em quadrinhos ganha primeiro trailer oficial, confira"},"content":{"rendered":"\n<p>A s\u00e9rie argentina de fic\u00e7\u00e3o cient\u00edfica &#8216;<strong><a href=\"https:\/\/www.netflix.com\/br\/title\/80216888\" target=\"_blank\" rel=\"noreferrer noopener\">O Eternauta<\/a><\/strong>&#8216; est\u00e1 gerando grande expectativa com o lan\u00e7amento de seu trailer oficial na <strong>Netflix<\/strong>. Com <strong>Ricardo Dar\u00edn<\/strong> no papel principal, a produ\u00e7\u00e3o narra a hist\u00f3ria de uma nevasca mortal que amea\u00e7a <strong>Buenos Aires<\/strong>, obrigando um grupo de sobreviventes a enfrentar perigos desconhecidos. Este projeto marca a primeira adapta\u00e7\u00e3o audiovisual dos famosos quadrinhos de <strong>H\u00e9ctor Germ\u00e1n Oesterheld<\/strong> e <strong>Francisco Solano L\u00f3pez<\/strong>.<\/p>\n\n\n\n<p>Dirigida por <strong>Bruno Stagnaro,<\/strong> a s\u00e9rie \u00e9 composta por seis epis\u00f3dios que prometem capturar a ess\u00eancia dos quadrinhos originais. A narrativa se desenrola em um cen\u00e1rio apocal\u00edptico, onde uma tempestade de neve t\u00f3xica revela ser apenas o in\u00edcio de uma invas\u00e3o alien\u00edgena. A produ\u00e7\u00e3o se destaca n\u00e3o apenas pela trama envolvente, mas tamb\u00e9m pela complexidade t\u00e9cnica e art\u00edstica envolvida em sua realiza\u00e7\u00e3o.<\/p>\n\n\n\n<h2 class=\"wp-block-heading\"><strong>Como &#8216;O Eternauta&#8217; ganhou vida na tela<\/strong><\/h2>\n\n\n\n<p>A adapta\u00e7\u00e3o de &#8216;O Eternauta&#8217; para a televis\u00e3o foi um processo meticuloso que levou dois anos de desenvolvimento e escrita de roteiros. A pr\u00e9-produ\u00e7\u00e3o durou 4,5 meses, seguida por 148 dias de filmagem em mais de 50 loca\u00e7\u00f5es em Buenos Aires. A s\u00e9rie envolveu a participa\u00e7\u00e3o de 2.900 atores, incluindo elenco e figurantes, al\u00e9m de 500 m\u00e1scaras criadas para os personagens e 30 cen\u00e1rios virtuais, demonstrando a grandiosidade do projeto.<\/p>\n\n\n\n<p>A p\u00f3s-produ\u00e7\u00e3o, que se estendeu por mais de um ano e meio, foi crucial para dar vida aos elementos visuais e efeitos especiais que caracterizam a s\u00e9rie. A aten\u00e7\u00e3o aos detalhes t\u00e9cnicos e art\u00edsticos foi fundamental para garantir que a adapta\u00e7\u00e3o fizesse jus \u00e0 obra original, respeitando sua atmosfera \u00fanica e seus temas complexos.<\/p>\n\n\n\n<iframe loading=\"lazy\" width=\"560\" height=\"315\" src=\"https:\/\/www.youtube.com\/embed\/95V9sqY80K8?si=Kb8vgilmlO8CHVk4\" title=\"YouTube video player\" frameborder=\"0\" allow=\"accelerometer; autoplay; clipboard-write; encrypted-media; gyroscope; picture-in-picture; web-share\" referrerpolicy=\"strict-origin-when-cross-origin\" allowfullscreen><\/iframe>\n\n\n\n<h2 class=\"wp-block-heading\"><strong>Qual \u00e9 o impacto de &#8216;O Eternauta&#8217; na cultura pop?<\/strong><\/h2>\n\n\n\n<p>&#8216;O Eternauta&#8217; \u00e9 mais do que uma simples s\u00e9rie de fic\u00e7\u00e3o cient\u00edfica; \u00e9 um fen\u00f4meno cultural na Argentina. A obra original, publicada como quadrinhos, \u00e9 considerada um marco na literatura gr\u00e1fica do pa\u00eds, abordando temas de resist\u00eancia e sobreviv\u00eancia em tempos de adversidade. A adapta\u00e7\u00e3o para a televis\u00e3o busca n\u00e3o apenas entreter, mas tamb\u00e9m provocar reflex\u00f5es sobre a condi\u00e7\u00e3o humana diante de crises.<\/p>\n\n\n\n<p>A produ\u00e7\u00e3o \u00e9 da K&amp;S Films, conhecida por seu trabalho em filmes de sucesso internacional, como &#8216;Relatos Selvagens&#8217; e &#8216;O Cl\u00e3&#8217;. A escolha de uma produtora renomada refor\u00e7a a import\u00e2ncia de &#8216;O Eternauta&#8217; no cen\u00e1rio audiovisual, n\u00e3o apenas na Argentina, mas tamb\u00e9m no mercado global, onde h\u00e1 um crescente interesse por narrativas inovadoras e culturalmente ricas.<\/p>\n\n\n\n<figure class=\"wp-block-image size-large\"><img decoding=\"async\" width=\"1024\" height=\"576\" src=\"https:\/\/www.correiobraziliense.com.br\/cbradar\/wp-content\/uploads\/2025\/03\/O-Eternauta-2-1024x576.png\" alt=\"S\u00e9rie baseada em quadrinhos ganha primeiro trailer oficial, confira\" class=\"wp-image-17609\" srcset=\"https:\/\/www.correiobraziliense.com.br\/cbradar\/wp-content\/uploads\/2025\/03\/O-Eternauta-2-1024x576.png 1024w, https:\/\/www.correiobraziliense.com.br\/cbradar\/wp-content\/uploads\/2025\/03\/O-Eternauta-2-300x169.png 300w, https:\/\/www.correiobraziliense.com.br\/cbradar\/wp-content\/uploads\/2025\/03\/O-Eternauta-2-768x432.png 768w, https:\/\/www.correiobraziliense.com.br\/cbradar\/wp-content\/uploads\/2025\/03\/O-Eternauta-2-750x422.png 750w, https:\/\/www.correiobraziliense.com.br\/cbradar\/wp-content\/uploads\/2025\/03\/O-Eternauta-2-1140x641.png 1140w, https:\/\/www.correiobraziliense.com.br\/cbradar\/wp-content\/uploads\/2025\/03\/O-Eternauta-2.png 1280w\" sizes=\"(max-width: 1024px) 100vw, 1024px\" \/><figcaption class=\"wp-element-caption\">O Eternauta. Fonte: divulga\u00e7\u00e3o \/ Netflix<\/figcaption><\/figure>\n\n\n\n<h2 class=\"wp-block-heading\"><strong>Por que &#8216;O Eternauta&#8217; \u00e9 relevante hoje?<\/strong><\/h2>\n\n\n\n<p>Em um mundo cada vez mais incerto, hist\u00f3rias como &#8216;O Eternauta&#8217; ressoam profundamente com o p\u00fablico contempor\u00e2neo. A s\u00e9rie aborda temas universais de luta e esperan\u00e7a, refletindo sobre a capacidade humana de se adaptar e resistir frente a desafios aparentemente insuper\u00e1veis. Essa relev\u00e2ncia atemporal \u00e9 o que torna &#8216;O Eternauta&#8217; uma obra indispens\u00e1vel para aqueles que buscam mais do que entretenimento em suas escolhas de m\u00eddia.<\/p>\n\n\n\n<p>Com seu lan\u00e7amento na Netflix, &#8216;O Eternauta&#8217; tem o potencial de alcan\u00e7ar uma audi\u00eancia global, apresentando a riqueza da cultura argentina e a profundidade de suas narrativas. A s\u00e9rie promete n\u00e3o apenas cativar os f\u00e3s dos quadrinhos originais, mas tamb\u00e9m conquistar novos admiradores ao redor do mundo.<\/p>\n","protected":false},"excerpt":{"rendered":"<p>Conhe\u00e7a a s\u00e9rie argentina O Eternauta, sua jornada para as telas e por que ela \u00e9 um fen\u00f4meno cultural. Baseado em quadrinhos cl\u00e1ssicos.<\/p>\n","protected":false},"author":3,"featured_media":17610,"comment_status":"open","ping_status":"open","sticky":false,"template":"","format":"standard","meta":{"_yoast_wpseo_focuskw":"s\u00e9rie quadrinhos","_yoast_wpseo_title":"%%title%%","_yoast_wpseo_metadesc":"Conhe\u00e7a a s\u00e9rie argentina O Eternauta, sua jornada para as telas e por que ela \u00e9 um fen\u00f4meno cultural. Baseado em quadrinhos cl\u00e1ssicos.","jnews-multi-image_gallery":[],"jnews_single_post":{"format":"standard"},"jnews_primary_category":[],"jnews_social_meta":[],"jnews_override_counter":[],"footnotes":""},"categories":[140],"post_tag":[141,568],"class_list":["post-17608","post","type-post","status-publish","format-standard","has-post-thumbnail","hentry","category-entretenimento","tag-netflix","tag-series-e-filmes"],"yoast_head":"<!-- This site is optimized with the Yoast SEO plugin v24.6 - https:\/\/yoast.com\/wordpress\/plugins\/seo\/ -->\n<title>S\u00e9rie baseada em quadrinhos ganha primeiro trailer oficial, confira<\/title>\n<meta name=\"description\" content=\"Conhe\u00e7a a s\u00e9rie argentina O Eternauta, sua jornada para as telas e por que ela \u00e9 um fen\u00f4meno cultural. Baseado em quadrinhos cl\u00e1ssicos.\" \/>\n<meta name=\"robots\" content=\"index, follow, max-snippet:-1, max-image-preview:large, max-video-preview:-1\" \/>\n<link rel=\"canonical\" href=\"https:\/\/www.correiobraziliense.com.br\/cbradar\/serie-baseada-em-quadrinhos-ganha-primeiro-trailer-oficial-confira\/\" \/>\n<meta property=\"og:locale\" content=\"pt_BR\" \/>\n<meta property=\"og:type\" content=\"article\" \/>\n<meta property=\"og:title\" content=\"S\u00e9rie baseada em quadrinhos ganha primeiro trailer oficial, confira\" \/>\n<meta property=\"og:description\" content=\"Conhe\u00e7a a s\u00e9rie argentina O Eternauta, sua jornada para as telas e por que ela \u00e9 um fen\u00f4meno cultural. Baseado em quadrinhos cl\u00e1ssicos.\" \/>\n<meta property=\"og:url\" content=\"https:\/\/www.correiobraziliense.com.br\/cbradar\/serie-baseada-em-quadrinhos-ganha-primeiro-trailer-oficial-confira\/\" \/>\n<meta property=\"og:site_name\" content=\"Correio Braziliense - Radar\" \/>\n<meta property=\"article:published_time\" content=\"2025-04-01T21:10:00+00:00\" \/>\n<meta property=\"og:image\" content=\"https:\/\/www.correiobraziliense.com.br\/cbradar\/wp-content\/uploads\/2025\/03\/O-Eternauta.png\" \/>\n\t<meta property=\"og:image:width\" content=\"1280\" \/>\n\t<meta property=\"og:image:height\" content=\"720\" \/>\n\t<meta property=\"og:image:type\" content=\"image\/png\" \/>\n<meta name=\"author\" content=\"Larissa Carvalho\" \/>\n<meta name=\"twitter:card\" content=\"summary_large_image\" \/>\n<meta name=\"twitter:label1\" content=\"Escrito por\" \/>\n\t<meta name=\"twitter:data1\" content=\"Larissa Carvalho\" \/>\n\t<meta name=\"twitter:label2\" content=\"Est. tempo de leitura\" \/>\n\t<meta name=\"twitter:data2\" content=\"4 minutos\" \/>\n<!-- \/ Yoast SEO plugin. -->","yoast_head_json":{"title":"S\u00e9rie baseada em quadrinhos ganha primeiro trailer oficial, confira","description":"Conhe\u00e7a a s\u00e9rie argentina O Eternauta, sua jornada para as telas e por que ela \u00e9 um fen\u00f4meno cultural. Baseado em quadrinhos cl\u00e1ssicos.","robots":{"index":"index","follow":"follow","max-snippet":"max-snippet:-1","max-image-preview":"max-image-preview:large","max-video-preview":"max-video-preview:-1"},"canonical":"https:\/\/www.correiobraziliense.com.br\/cbradar\/serie-baseada-em-quadrinhos-ganha-primeiro-trailer-oficial-confira\/","og_locale":"pt_BR","og_type":"article","og_title":"S\u00e9rie baseada em quadrinhos ganha primeiro trailer oficial, confira","og_description":"Conhe\u00e7a a s\u00e9rie argentina O Eternauta, sua jornada para as telas e por que ela \u00e9 um fen\u00f4meno cultural. Baseado em quadrinhos cl\u00e1ssicos.","og_url":"https:\/\/www.correiobraziliense.com.br\/cbradar\/serie-baseada-em-quadrinhos-ganha-primeiro-trailer-oficial-confira\/","og_site_name":"Correio Braziliense - Radar","article_published_time":"2025-04-01T21:10:00+00:00","og_image":[{"width":1280,"height":720,"url":"https:\/\/www.correiobraziliense.com.br\/cbradar\/wp-content\/uploads\/2025\/03\/O-Eternauta.png","type":"image\/png"}],"author":"Larissa Carvalho","twitter_card":"summary_large_image","twitter_misc":{"Escrito por":"Larissa Carvalho","Est. tempo de leitura":"4 minutos"},"schema":{"@context":"https:\/\/schema.org","@graph":[{"@type":"WebPage","@id":"https:\/\/www.correiobraziliense.com.br\/cbradar\/serie-baseada-em-quadrinhos-ganha-primeiro-trailer-oficial-confira\/","url":"https:\/\/www.correiobraziliense.com.br\/cbradar\/serie-baseada-em-quadrinhos-ganha-primeiro-trailer-oficial-confira\/","name":"S\u00e9rie baseada em quadrinhos ganha primeiro trailer oficial, confira","isPartOf":{"@id":"https:\/\/www.correiobraziliense.com.br\/cbradar\/#website"},"primaryImageOfPage":{"@id":"https:\/\/www.correiobraziliense.com.br\/cbradar\/serie-baseada-em-quadrinhos-ganha-primeiro-trailer-oficial-confira\/#primaryimage"},"image":{"@id":"https:\/\/www.correiobraziliense.com.br\/cbradar\/serie-baseada-em-quadrinhos-ganha-primeiro-trailer-oficial-confira\/#primaryimage"},"thumbnailUrl":"https:\/\/www.correiobraziliense.com.br\/cbradar\/wp-content\/uploads\/2025\/03\/O-Eternauta.png","datePublished":"2025-04-01T21:10:00+00:00","author":{"@id":"https:\/\/www.correiobraziliense.com.br\/cbradar\/#\/schema\/person\/58422787644df994b53a19d3e56c1513"},"description":"Conhe\u00e7a a s\u00e9rie argentina O Eternauta, sua jornada para as telas e por que ela \u00e9 um fen\u00f4meno cultural. Baseado em quadrinhos cl\u00e1ssicos.","breadcrumb":{"@id":"https:\/\/www.correiobraziliense.com.br\/cbradar\/serie-baseada-em-quadrinhos-ganha-primeiro-trailer-oficial-confira\/#breadcrumb"},"inLanguage":"pt-BR","potentialAction":[{"@type":"ReadAction","target":["https:\/\/www.correiobraziliense.com.br\/cbradar\/serie-baseada-em-quadrinhos-ganha-primeiro-trailer-oficial-confira\/"]}]},{"@type":"ImageObject","inLanguage":"pt-BR","@id":"https:\/\/www.correiobraziliense.com.br\/cbradar\/serie-baseada-em-quadrinhos-ganha-primeiro-trailer-oficial-confira\/#primaryimage","url":"https:\/\/www.correiobraziliense.com.br\/cbradar\/wp-content\/uploads\/2025\/03\/O-Eternauta.png","contentUrl":"https:\/\/www.correiobraziliense.com.br\/cbradar\/wp-content\/uploads\/2025\/03\/O-Eternauta.png","width":1280,"height":720,"caption":"O Eternauta. Fonte: divulga\u00e7\u00e3o \/ Netflix"},{"@type":"BreadcrumbList","@id":"https:\/\/www.correiobraziliense.com.br\/cbradar\/serie-baseada-em-quadrinhos-ganha-primeiro-trailer-oficial-confira\/#breadcrumb","itemListElement":[{"@type":"ListItem","position":1,"name":"In\u00edcio","item":"https:\/\/www.correiobraziliense.com.br\/cbradar\/"},{"@type":"ListItem","position":2,"name":"S\u00e9rie baseada em quadrinhos ganha primeiro trailer oficial, confira"}]},{"@type":"WebSite","@id":"https:\/\/www.correiobraziliense.com.br\/cbradar\/#website","url":"https:\/\/www.correiobraziliense.com.br\/cbradar\/","name":"Correio Braziliense - Radar","description":"Acompanhe as \u00faltimas not\u00edcias e fique bem informado sobre tudo o que acontece no Brasil e no mundo.","potentialAction":[{"@type":"SearchAction","target":{"@type":"EntryPoint","urlTemplate":"https:\/\/www.correiobraziliense.com.br\/cbradar\/?s={search_term_string}"},"query-input":{"@type":"PropertyValueSpecification","valueRequired":true,"valueName":"search_term_string"}}],"inLanguage":"pt-BR"},{"@type":"Person","@id":"https:\/\/www.correiobraziliense.com.br\/cbradar\/#\/schema\/person\/58422787644df994b53a19d3e56c1513","name":"Larissa Carvalho","image":{"@type":"ImageObject","inLanguage":"pt-BR","@id":"https:\/\/www.correiobraziliense.com.br\/cbradar\/#\/schema\/person\/image\/","url":"https:\/\/secure.gravatar.com\/avatar\/fe4f91a0de32b52a838d0d612abdc1aa?s=96&d=mm&r=g","contentUrl":"https:\/\/secure.gravatar.com\/avatar\/fe4f91a0de32b52a838d0d612abdc1aa?s=96&d=mm&r=g","caption":"Larissa Carvalho"},"url":"https:\/\/www.correiobraziliense.com.br\/cbradar\/author\/larissamyth\/"}]}},"_links":{"self":[{"href":"https:\/\/www.correiobraziliense.com.br\/cbradar\/wp-json\/wp\/v2\/posts\/17608","targetHints":{"allow":["GET"]}}],"collection":[{"href":"https:\/\/www.correiobraziliense.com.br\/cbradar\/wp-json\/wp\/v2\/posts"}],"about":[{"href":"https:\/\/www.correiobraziliense.com.br\/cbradar\/wp-json\/wp\/v2\/types\/post"}],"author":[{"embeddable":true,"href":"https:\/\/www.correiobraziliense.com.br\/cbradar\/wp-json\/wp\/v2\/users\/3"}],"replies":[{"embeddable":true,"href":"https:\/\/www.correiobraziliense.com.br\/cbradar\/wp-json\/wp\/v2\/comments?post=17608"}],"version-history":[{"count":2,"href":"https:\/\/www.correiobraziliense.com.br\/cbradar\/wp-json\/wp\/v2\/posts\/17608\/revisions"}],"predecessor-version":[{"id":17707,"href":"https:\/\/www.correiobraziliense.com.br\/cbradar\/wp-json\/wp\/v2\/posts\/17608\/revisions\/17707"}],"wp:featuredmedia":[{"embeddable":true,"href":"https:\/\/www.correiobraziliense.com.br\/cbradar\/wp-json\/wp\/v2\/media\/17610"}],"wp:attachment":[{"href":"https:\/\/www.correiobraziliense.com.br\/cbradar\/wp-json\/wp\/v2\/media?parent=17608"}],"wp:term":[{"taxonomy":"category","embeddable":true,"href":"https:\/\/www.correiobraziliense.com.br\/cbradar\/wp-json\/wp\/v2\/categories?post=17608"},{"taxonomy":"post_tag","embeddable":true,"href":"https:\/\/www.correiobraziliense.com.br\/cbradar\/wp-json\/wp\/v2\/post_tag?post=17608"}],"curies":[{"name":"wp","href":"https:\/\/api.w.org\/{rel}","templated":true}]}}