{"id":176110,"date":"2026-01-18T06:25:00","date_gmt":"2026-01-18T09:25:00","guid":{"rendered":"https:\/\/www.correiobraziliense.com.br\/cbradar\/?p=176110"},"modified":"2026-01-17T10:54:38","modified_gmt":"2026-01-17T13:54:38","slug":"quem-e-pobre-na-suica-vive-em-favelas-com-a-qualidade-de-vida-melhor-que-a-de-muitas-cidades-pelo-mundo-todo","status":"publish","type":"post","link":"https:\/\/www.correiobraziliense.com.br\/cbradar\/quem-e-pobre-na-suica-vive-em-favelas-com-a-qualidade-de-vida-melhor-que-a-de-muitas-cidades-pelo-mundo-todo\/","title":{"rendered":"Quem \u00e9 pobre na Su\u00ed\u00e7a vive em \u201cfavelas\u201d com qualidade de vida melhor que a de muitas cidades pelo mundo todo"},"content":{"rendered":"\n<p>Para quem pensa na <strong>Su\u00ed\u00e7a <\/strong>apenas como riqueza, ordem e ao alto padr\u00e3o de vida, a ideia de uma \u201c<strong>favela<\/strong>\u201d em cidades como <strong>Basileia <\/strong>parece absurda. V\u00eddeos recentes nas redes sociais, por\u00e9m, passaram a rotular certos bairros como os mais pobres do pa\u00eds. O contraste \u00e9 evidente: mesmo nessas \u00e1reas, a infraestrutura \u00e9 completa e a dignidade dos moradores permanece intacta, muito distante da no\u00e7\u00e3o de pobreza presente no imagin\u00e1rio brasileiro.<\/p>\n\n\n\n<h2 class=\"wp-block-heading\">Uma qualidade de vida a manter acima dos r\u00f3tulos<\/h2>\n\n\n\n<p><strong>Viver em um bairro popular de Basileia n\u00e3o significa estar \u00e0 margem da cidade.<\/strong> Mesmo nessas regi\u00f5es, a <strong>qualidade de vida <\/strong>segue entre as mais altas do mundo. A Su\u00ed\u00e7a tem um dos maiores <strong>\u00cdndices de Desenvolvimento Humano (0,967)<\/strong>, com acesso universal \u00e0 sa\u00fade, educa\u00e7\u00e3o de qualidade e altos n\u00edveis de seguran\u00e7a.<\/p>\n\n\n\n<p>Em \u00e1reas como <strong>Klybeck <\/strong>e regi\u00f5es pr\u00f3ximas \u00e0 fronteira, a diferen\u00e7a em rela\u00e7\u00e3o aos bairros mais ricos n\u00e3o est\u00e1 na falta de servi\u00e7os, mas no estilo de moradia: apartamentos menores e maior densidade populacional. Enquanto zonas mais abastadas costumam ser silenciosas e pouco movimentadas, os bairros populares se destacam pela vida nas ruas, presen\u00e7a de fam\u00edlias e um forte senso de comunidade.<\/p>\n\n\n<div class=\"wp-block-image\">\n<figure class=\"aligncenter size-large\"><img decoding=\"async\" width=\"1024\" height=\"576\" src=\"https:\/\/www.correiobraziliense.com.br\/cbradar\/wp-content\/uploads\/2026\/01\/basel_1768556709418-1024x576.jpg\" alt=\"Quem \u00e9 pobre na Su\u00ed\u00e7a vive em \u201cfavelas\u201d com a qualidade de vida melhor que a de muitas cidades pelo mundo todo\" class=\"wp-image-176119\" srcset=\"https:\/\/www.correiobraziliense.com.br\/cbradar\/wp-content\/uploads\/2026\/01\/basel_1768556709418-1024x576.jpg 1024w, https:\/\/www.correiobraziliense.com.br\/cbradar\/wp-content\/uploads\/2026\/01\/basel_1768556709418-300x169.jpg 300w, https:\/\/www.correiobraziliense.com.br\/cbradar\/wp-content\/uploads\/2026\/01\/basel_1768556709418-768x432.jpg 768w, https:\/\/www.correiobraziliense.com.br\/cbradar\/wp-content\/uploads\/2026\/01\/basel_1768556709418-750x422.jpg 750w, https:\/\/www.correiobraziliense.com.br\/cbradar\/wp-content\/uploads\/2026\/01\/basel_1768556709418-1140x641.jpg 1140w, https:\/\/www.correiobraziliense.com.br\/cbradar\/wp-content\/uploads\/2026\/01\/basel_1768556709418.jpg 1280w\" sizes=\"(max-width: 1024px) 100vw, 1024px\" \/><figcaption class=\"wp-element-caption\">Basel encanta com arquitetura medieval, Rio Reno e feiras vibrantes! Descubra a alma cultural da Su\u00ed\u00e7a na tr\u00edplice fronteira. \/\/ Cr\u00e9ditos: depositphotos.com \/ OlyaSolodenko<\/figcaption><\/figure><\/div>\n\n\n<p><strong>Leia tamb\u00e9m: <a href=\"https:\/\/www.correiobraziliense.com.br\/cbradar\/os-inteligentes-da-turma-costumam-nascer-nesses-meses-segundo-pesquisa\/\" target=\"_blank\" rel=\"noreferrer noopener\">Os inteligentes da turma costumam nascer nesses meses, segundo pesquisa.<\/a><\/strong><\/p>\n\n\n\n<h2 class=\"wp-block-heading\">Quem s\u00e3o as pessoas que vivem nessas comunidades?<\/h2>\n\n\n\n<p><strong>Essas comunidades se destacam pela diversidade cultural.<\/strong> Grande parte dos moradores \u00e9 formada por imigrantes da <strong>Turquia<\/strong>, de <strong>pa\u00edses africanos<\/strong>, da <strong>\u00c1sia <\/strong>e da <strong>Am\u00e9rica Latina<\/strong>, atra\u00eddos por oportunidades de trabalho e estabilidade. Essa mistura se reflete no dia a dia: ruas mais movimentadas, com\u00e9rcios \u00e9tnicos, pequenos mercados, barbearias cheias e uma conviv\u00eancia mais aberta, em contraste com a discri\u00e7\u00e3o su\u00ed\u00e7a tradicional.<\/p>\n\n\n\n<p><strong>A escolha por esses bairros vai al\u00e9m do aluguel mais acess\u00edvel.<\/strong> Muitos est\u00e3o pr\u00f3ximos \u00e0s fronteiras com a <strong>Fran\u00e7a <\/strong>e a <strong>Alemanha<\/strong>, facilitando compras em euros e ajuda a reduzir o custo de vida \u2014 um fator importante para fam\u00edlias que buscam equil\u00edbrio financeiro.<\/p>\n\n\n\n<p>Algumas caracter\u00edsticas ajudam a definir essas regi\u00f5es:<\/p>\n\n\n\n<ul class=\"wp-block-list\">\n<li><strong>Urbanismo funcional:<\/strong> pr\u00e9dios simples e eficientes, sem foco em est\u00e9tica hist\u00f3rica.<\/li>\n\n\n\n<li><strong>Mobilidade comum:<\/strong> carros estacionados nas ruas fazem parte da rotina.<\/li>\n\n\n\n<li><strong>Rede de prote\u00e7\u00e3o social:<\/strong> mesmo com rendas mais baixas, sal\u00e1rios em torno de 4 mil francos permitem acesso a lazer, tecnologia e consumo b\u00e1sico com dignidade.<\/li>\n<\/ul>\n\n\n\n<p><strong>Descubra como \u00e9 a realidade dos bairros com menor m\u00e9dia salarial em um dos pa\u00edses mais ricos do mundo. <\/strong>O v\u00eddeo \u00e9 do canal <strong>Lima Experience,<\/strong> que conta com mais de <strong>300 mil inscritos<\/strong>, e visita os tr\u00eas bairros considerados os mais pobres de Basileia, na Su\u00ed\u00e7a, mostrando a arquitetura dos apartamentos, a grande concentra\u00e7\u00e3o de imigrantes, a vida nas ruas e como os moradores economizam fazendo compras nos pa\u00edses vizinhos:<\/p>\n\n\n\n<figure class=\"wp-block-embed aligncenter is-type-video is-provider-youtube wp-block-embed-youtube wp-embed-aspect-16-9 wp-has-aspect-ratio\"><div class=\"wp-block-embed__wrapper\">\n<div class=\"jeg_video_container jeg_video_content\"><iframe loading=\"lazy\" title=\"Como vive um POBRE na SU\u00cd\u00c7A?\" width=\"500\" height=\"281\" src=\"https:\/\/www.youtube.com\/embed\/8YeVTWVyHAU?start=2&#038;feature=oembed\" frameborder=\"0\" allow=\"accelerometer; autoplay; clipboard-write; encrypted-media; gyroscope; picture-in-picture; web-share\" referrerpolicy=\"strict-origin-when-cross-origin\" allowfullscreen><\/iframe><\/div>\n<\/div><\/figure>\n\n\n\n<h2 class=\"wp-block-heading\">A habita\u00e7\u00e3o social \u00e9 sin\u00f4nimo de abandono e como ela funciona?<\/h2>\n\n\n\n<p><strong>Na Su\u00ed\u00e7a, moradia social n\u00e3o \u00e9 sin\u00f4nimo de abandono. <\/strong>Conjuntos residenciais voltados a refugiados e trabalhadores de baixa renda seguem padr\u00f5es elevados de conserva\u00e7\u00e3o, com limpeza regular, manuten\u00e7\u00e3o constante e infraestrutura completa. N\u00e3o h\u00e1 ocupa\u00e7\u00f5es irregulares nem aus\u00eancia do Estado: <strong>a habita\u00e7\u00e3o \u00e9 subsidiada e integrada ao planejamento urbano.<\/strong><\/p>\n\n\n\n<p>O termo \u201c<strong>favela<\/strong>\u201d, usado em v\u00eddeos virais, funciona mais como provoca\u00e7\u00e3o do que como retrato fiel da realidade. O que se v\u00ea s\u00e3o detalhes pontuais, como picha\u00e7\u00f5es ou lixo ocasional, que causam estranhamento em um pa\u00eds extremamente rigoroso com a ordem urbana, mas que seriam irrelevantes diante dos desafios estruturais de cidades em pa\u00edses em desenvolvimento.<\/p>\n\n\n<div class=\"wp-block-image\">\n<figure class=\"aligncenter\"><img decoding=\"async\" src=\"https:\/\/terrabrasilnoticias.com\/wp-content\/uploads\/2025\/12\/basileia_1767047550308-1024x576.jpg\" alt=\"Na Su\u00ed\u00e7a, pobres vivem em \u201cfavelas\u201d com a qualidade de vida superior a de muitas cidades pelo mundo todo\"\/><figcaption class=\"wp-element-caption\">Basel \u00e9 passeio no Reno, queijos e chocolate! Cidade charmosa mistura velhos becos com arte moderna e vibe mediterr\u00e2nea acolhedora. \/\/ Cr\u00e9ditos: depositphotos.com \/ makasanaphoto<\/figcaption><\/figure><\/div>\n\n\n<h2 class=\"wp-block-heading\">Clima de Basileia: esta\u00e7\u00f5es bem definidas e rotina ajustada<\/h2>\n\n\n\n<p><strong>Viver em Basileia exige adapta\u00e7\u00e3o ao longo do ano.<\/strong> O clima continental marca fortemente a rotina da cidade, influenciando mobilidade, lazer e h\u00e1bitos cotidianos. Inverno frio e ver\u00e3o agrad\u00e1vel fazem parte do dia a dia, especialmente nas \u00e1reas pr\u00f3ximas ao Rio Reno.<\/p>\n\n\n\n<p>No inverno, entre dezembro e fevereiro, as temperaturas costumam ficar pr\u00f3ximas de 0 \u00b0C, exigindo roupas adequadas e mudan\u00e7as na rotina. J\u00e1 entre maio e agosto, o clima \u00e9 mais ameno, com m\u00e9dias entre 15 \u00b0C e 25 \u00b0C, per\u00edodo ideal para caminhadas, parques e atividades ao ar livre.<\/p>\n\n\n\n<p>Confira os dados baseados no monitoramento do&nbsp;<a href=\"https:\/\/www.climatempo.com.br\/previsao-do-tempo\/agora\/cidade\/9113\/basel-fr\" target=\"_blank\" rel=\"noreferrer noopener\"><strong>Climatempo<\/strong>&nbsp;<\/a>para entender a din\u00e2mica anual:<\/p>\n\n\n\n<figure class=\"wp-block-table\"><table class=\"has-fixed-layout\"><thead><tr><th>Per\u00edodo (meses)<\/th><th>Temperatura m\u00e9dia<\/th><th>Clima<\/th><th>Atividades recomendadas<\/th><\/tr><\/thead><tbody><tr><td>Maio a Agosto<\/td><td>12\u00b0C a 25\u00b0C<\/td><td>Seco e ameno<\/td><td>Caminhadas nos parques e Exposi\u00e7\u00f5es Agropecu\u00e1rias<\/td><\/tr><tr><td>Setembro a Novembro<\/td><td>20\u00b0C a 32\u00b0C<\/td><td>Quente e \u00famido<\/td><td>Pesca no lago e terer\u00e9 ao ar livre<\/td><\/tr><tr><td>Dezembro a Mar\u00e7o<\/td><td>22\u00b0C a 34\u00b0C<\/td><td>Muito quente \/ chuvoso<\/td><td>Shoppings e lazer noturno<\/td><\/tr><\/tbody><\/table><\/figure>\n\n\n\n<p><strong>Leia tamb\u00e9m:&nbsp;<a href=\"https:\/\/www.correiobraziliense.com.br\/cbradar\/uma-cidade-no-litoral-de-sao-paulo-abriga-sozinha-mais-de-100-praias-paradisiacas-e-quase-ninguem-comenta\/\" target=\"_blank\" rel=\"noreferrer noopener\">Uma cidade no litoral de S\u00e3o Paulo abriga sozinha mais de 100 praias paradis\u00edacas e quase ningu\u00e9m comenta.<\/a><\/strong><\/p>\n\n\n\n<h2 class=\"wp-block-heading\">Basileia prova que desigualdade n\u00e3o significa mis\u00e9ria<\/h2>\n\n\n\n<p><strong>Morar em bairros populares de Basileia costuma ser uma escolha estrat\u00e9gica<\/strong>, sobretudo para quem est\u00e1 come\u00e7ando a vida em um dos pa\u00edses com maior custo de vida do mundo. Essas regi\u00f5es mostram como pol\u00edticas p\u00fablicas eficientes reduzem a pobreza extrema e garantem condi\u00e7\u00f5es b\u00e1sicas de dignidade, mesmo diante de diferen\u00e7as de renda.<\/p>\n\n\n\n<p>Circular por esses bairros \u00e9 conhecer uma Su\u00ed\u00e7a menos idealizada e mais diversa, longe dos estere\u00f3tipos alpinos. O cotidiano \u00e9 marcado por servi\u00e7os p\u00fablicos eficientes, conviv\u00eancia multicultural e oportunidades reais de integra\u00e7\u00e3o social.<\/p>\n\n\n\n<ul class=\"wp-block-list\">\n<li><strong>Estere\u00f3tipos superados:<\/strong> saneamento completo, transporte eficiente e altos n\u00edveis de seguran\u00e7a.<\/li>\n\n\n\n<li><strong>Vantagem geogr\u00e1fica:<\/strong> proximidade com a Alemanha ajuda a reduzir despesas do dia a dia.<\/li>\n\n\n\n<li><strong>Vida comunit\u00e1ria ativa:<\/strong> diversidade cultural cria um ambiente acolhedor, especialmente para imigrantes brasileiros em adapta\u00e7\u00e3o.<\/li>\n<\/ul>\n","protected":false},"excerpt":{"rendered":"<p>Para quem pensa na Su\u00ed\u00e7a apenas como riqueza, ordem e ao alto padr\u00e3o de vida, a ideia de uma \u201cfavela\u201d em cidades como Basileia parece absurda. V\u00eddeos recentes nas redes sociais, por\u00e9m, passaram a rotular certos bairros como os mais pobres do pa\u00eds. O contraste \u00e9 evidente: mesmo nessas \u00e1reas, a infraestrutura \u00e9 completa e [&hellip;]<\/p>\n","protected":false},"author":8,"featured_media":176135,"comment_status":"open","ping_status":"open","sticky":false,"template":"","format":"standard","meta":{"_yoast_wpseo_focuskw":"favela na su\u00ed\u00e7a","_yoast_wpseo_title":"","_yoast_wpseo_metadesc":"As chamadas favelas na Su\u00ed\u00e7a desafiam conceitos e exibem uma qualidade de vida superior \u00e0 de muitos pa\u00edses. Descubra os detalhes.","jnews-multi-image_gallery":[],"jnews_single_post":{"format":"standard"},"jnews_primary_category":[],"jnews_social_meta":[],"jnews_override_counter":[],"footnotes":""},"categories":[108,111],"tags":[14092,12993,247,10816],"class_list":["post-176110","post","type-post","status-publish","format-standard","has-post-thumbnail","hentry","category-cidades","category-turismo","tag-basel","tag-favelas","tag-qualidade-de-vida","tag-suica-2"],"yoast_head":"<!-- This site is optimized with the Yoast SEO plugin v24.6 - https:\/\/yoast.com\/wordpress\/plugins\/seo\/ -->\n<title>Quem \u00e9 pobre na Su\u00ed\u00e7a vive em \u201cfavelas\u201d com qualidade de vida melhor que a de muitas cidades pelo mundo todo - Correio Braziliense - Radar<\/title>\n<meta name=\"description\" content=\"As chamadas favelas na Su\u00ed\u00e7a desafiam conceitos e exibem uma qualidade de vida superior \u00e0 de muitos pa\u00edses. Descubra os detalhes.\" \/>\n<meta name=\"robots\" content=\"index, follow, max-snippet:-1, max-image-preview:large, max-video-preview:-1\" \/>\n<link rel=\"canonical\" href=\"https:\/\/www.correiobraziliense.com.br\/cbradar\/quem-e-pobre-na-suica-vive-em-favelas-com-a-qualidade-de-vida-melhor-que-a-de-muitas-cidades-pelo-mundo-todo\/\" \/>\n<meta property=\"og:locale\" content=\"pt_BR\" \/>\n<meta property=\"og:type\" content=\"article\" \/>\n<meta property=\"og:title\" content=\"Quem \u00e9 pobre na Su\u00ed\u00e7a vive em \u201cfavelas\u201d com qualidade de vida melhor que a de muitas cidades pelo mundo todo - Correio Braziliense - Radar\" \/>\n<meta property=\"og:description\" content=\"As chamadas favelas na Su\u00ed\u00e7a desafiam conceitos e exibem uma qualidade de vida superior \u00e0 de muitos pa\u00edses. Descubra os detalhes.\" \/>\n<meta property=\"og:url\" content=\"https:\/\/www.correiobraziliense.com.br\/cbradar\/quem-e-pobre-na-suica-vive-em-favelas-com-a-qualidade-de-vida-melhor-que-a-de-muitas-cidades-pelo-mundo-todo\/\" \/>\n<meta property=\"og:site_name\" content=\"Correio Braziliense - Radar\" \/>\n<meta property=\"article:published_time\" content=\"2026-01-18T09:25:00+00:00\" \/>\n<meta property=\"og:image\" content=\"https:\/\/www.correiobraziliense.com.br\/cbradar\/wp-content\/uploads\/2026\/01\/aaa-2026-01-16T070552.132.png\" \/>\n\t<meta property=\"og:image:width\" content=\"1280\" \/>\n\t<meta property=\"og:image:height\" content=\"720\" \/>\n\t<meta property=\"og:image:type\" content=\"image\/png\" \/>\n<meta name=\"author\" content=\"Maura Pereira\" \/>\n<meta name=\"twitter:card\" content=\"summary_large_image\" \/>\n<meta name=\"twitter:label1\" content=\"Escrito por\" \/>\n\t<meta name=\"twitter:data1\" content=\"Maura Pereira\" \/>\n\t<meta name=\"twitter:label2\" content=\"Est. tempo de leitura\" \/>\n\t<meta name=\"twitter:data2\" content=\"6 minutos\" \/>\n<!-- \/ Yoast SEO plugin. -->","yoast_head_json":{"title":"Quem \u00e9 pobre na Su\u00ed\u00e7a vive em \u201cfavelas\u201d com qualidade de vida melhor que a de muitas cidades pelo mundo todo - Correio Braziliense - Radar","description":"As chamadas favelas na Su\u00ed\u00e7a desafiam conceitos e exibem uma qualidade de vida superior \u00e0 de muitos pa\u00edses. Descubra os detalhes.","robots":{"index":"index","follow":"follow","max-snippet":"max-snippet:-1","max-image-preview":"max-image-preview:large","max-video-preview":"max-video-preview:-1"},"canonical":"https:\/\/www.correiobraziliense.com.br\/cbradar\/quem-e-pobre-na-suica-vive-em-favelas-com-a-qualidade-de-vida-melhor-que-a-de-muitas-cidades-pelo-mundo-todo\/","og_locale":"pt_BR","og_type":"article","og_title":"Quem \u00e9 pobre na Su\u00ed\u00e7a vive em \u201cfavelas\u201d com qualidade de vida melhor que a de muitas cidades pelo mundo todo - Correio Braziliense - Radar","og_description":"As chamadas favelas na Su\u00ed\u00e7a desafiam conceitos e exibem uma qualidade de vida superior \u00e0 de muitos pa\u00edses. Descubra os detalhes.","og_url":"https:\/\/www.correiobraziliense.com.br\/cbradar\/quem-e-pobre-na-suica-vive-em-favelas-com-a-qualidade-de-vida-melhor-que-a-de-muitas-cidades-pelo-mundo-todo\/","og_site_name":"Correio Braziliense - Radar","article_published_time":"2026-01-18T09:25:00+00:00","og_image":[{"width":1280,"height":720,"url":"https:\/\/www.correiobraziliense.com.br\/cbradar\/wp-content\/uploads\/2026\/01\/aaa-2026-01-16T070552.132.png","type":"image\/png"}],"author":"Maura Pereira","twitter_card":"summary_large_image","twitter_misc":{"Escrito por":"Maura Pereira","Est. tempo de leitura":"6 minutos"},"schema":{"@context":"https:\/\/schema.org","@graph":[{"@type":"WebPage","@id":"https:\/\/www.correiobraziliense.com.br\/cbradar\/quem-e-pobre-na-suica-vive-em-favelas-com-a-qualidade-de-vida-melhor-que-a-de-muitas-cidades-pelo-mundo-todo\/","url":"https:\/\/www.correiobraziliense.com.br\/cbradar\/quem-e-pobre-na-suica-vive-em-favelas-com-a-qualidade-de-vida-melhor-que-a-de-muitas-cidades-pelo-mundo-todo\/","name":"Quem \u00e9 pobre na Su\u00ed\u00e7a vive em \u201cfavelas\u201d com qualidade de vida melhor que a de muitas cidades pelo mundo todo - Correio Braziliense - Radar","isPartOf":{"@id":"https:\/\/www.correiobraziliense.com.br\/cbradar\/#website"},"primaryImageOfPage":{"@id":"https:\/\/www.correiobraziliense.com.br\/cbradar\/quem-e-pobre-na-suica-vive-em-favelas-com-a-qualidade-de-vida-melhor-que-a-de-muitas-cidades-pelo-mundo-todo\/#primaryimage"},"image":{"@id":"https:\/\/www.correiobraziliense.com.br\/cbradar\/quem-e-pobre-na-suica-vive-em-favelas-com-a-qualidade-de-vida-melhor-que-a-de-muitas-cidades-pelo-mundo-todo\/#primaryimage"},"thumbnailUrl":"https:\/\/www.correiobraziliense.com.br\/cbradar\/wp-content\/uploads\/2026\/01\/aaa-2026-01-16T070552.132.png","datePublished":"2026-01-18T09:25:00+00:00","author":{"@id":"https:\/\/www.correiobraziliense.com.br\/cbradar\/#\/schema\/person\/4053c651a9bfc785afc6f4cbc9032fd3"},"description":"As chamadas favelas na Su\u00ed\u00e7a desafiam conceitos e exibem uma qualidade de vida superior \u00e0 de muitos pa\u00edses. Descubra os detalhes.","breadcrumb":{"@id":"https:\/\/www.correiobraziliense.com.br\/cbradar\/quem-e-pobre-na-suica-vive-em-favelas-com-a-qualidade-de-vida-melhor-que-a-de-muitas-cidades-pelo-mundo-todo\/#breadcrumb"},"inLanguage":"pt-BR","potentialAction":[{"@type":"ReadAction","target":["https:\/\/www.correiobraziliense.com.br\/cbradar\/quem-e-pobre-na-suica-vive-em-favelas-com-a-qualidade-de-vida-melhor-que-a-de-muitas-cidades-pelo-mundo-todo\/"]}]},{"@type":"ImageObject","inLanguage":"pt-BR","@id":"https:\/\/www.correiobraziliense.com.br\/cbradar\/quem-e-pobre-na-suica-vive-em-favelas-com-a-qualidade-de-vida-melhor-que-a-de-muitas-cidades-pelo-mundo-todo\/#primaryimage","url":"https:\/\/www.correiobraziliense.com.br\/cbradar\/wp-content\/uploads\/2026\/01\/aaa-2026-01-16T070552.132.png","contentUrl":"https:\/\/www.correiobraziliense.com.br\/cbradar\/wp-content\/uploads\/2026\/01\/aaa-2026-01-16T070552.132.png","width":1280,"height":720,"caption":"Morar em bairros populares de Basileia costuma ser uma escolha estrat\u00e9gica, sobretudo para quem est\u00e1 come\u00e7ando a vida em um dos pa\u00edses com maior custo de vida do mundo. \/ Imagem Ilustrativa \/ Maura"},{"@type":"BreadcrumbList","@id":"https:\/\/www.correiobraziliense.com.br\/cbradar\/quem-e-pobre-na-suica-vive-em-favelas-com-a-qualidade-de-vida-melhor-que-a-de-muitas-cidades-pelo-mundo-todo\/#breadcrumb","itemListElement":[{"@type":"ListItem","position":1,"name":"In\u00edcio","item":"https:\/\/www.correiobraziliense.com.br\/cbradar\/"},{"@type":"ListItem","position":2,"name":"Quem \u00e9 pobre na Su\u00ed\u00e7a vive em \u201cfavelas\u201d com qualidade de vida melhor que a de muitas cidades pelo mundo todo"}]},{"@type":"WebSite","@id":"https:\/\/www.correiobraziliense.com.br\/cbradar\/#website","url":"https:\/\/www.correiobraziliense.com.br\/cbradar\/","name":"Correio Braziliense - Radar","description":"Acompanhe as \u00faltimas not\u00edcias e fique bem informado sobre tudo o que acontece no Brasil e no mundo.","potentialAction":[{"@type":"SearchAction","target":{"@type":"EntryPoint","urlTemplate":"https:\/\/www.correiobraziliense.com.br\/cbradar\/?s={search_term_string}"},"query-input":{"@type":"PropertyValueSpecification","valueRequired":true,"valueName":"search_term_string"}}],"inLanguage":"pt-BR"},{"@type":"Person","@id":"https:\/\/www.correiobraziliense.com.br\/cbradar\/#\/schema\/person\/4053c651a9bfc785afc6f4cbc9032fd3","name":"Maura Pereira","image":{"@type":"ImageObject","inLanguage":"pt-BR","@id":"https:\/\/www.correiobraziliense.com.br\/cbradar\/#\/schema\/person\/image\/","url":"https:\/\/secure.gravatar.com\/avatar\/3effd6bdadfa447f15089c7f7144eaa6?s=96&d=mm&r=g","contentUrl":"https:\/\/secure.gravatar.com\/avatar\/3effd6bdadfa447f15089c7f7144eaa6?s=96&d=mm&r=g","caption":"Maura Pereira"},"sameAs":["https:\/\/www.correiobraziliense.com.br\/"],"url":"https:\/\/www.correiobraziliense.com.br\/cbradar\/author\/mauramyth\/"}]}},"_links":{"self":[{"href":"https:\/\/www.correiobraziliense.com.br\/cbradar\/wp-json\/wp\/v2\/posts\/176110","targetHints":{"allow":["GET"]}}],"collection":[{"href":"https:\/\/www.correiobraziliense.com.br\/cbradar\/wp-json\/wp\/v2\/posts"}],"about":[{"href":"https:\/\/www.correiobraziliense.com.br\/cbradar\/wp-json\/wp\/v2\/types\/post"}],"author":[{"embeddable":true,"href":"https:\/\/www.correiobraziliense.com.br\/cbradar\/wp-json\/wp\/v2\/users\/8"}],"replies":[{"embeddable":true,"href":"https:\/\/www.correiobraziliense.com.br\/cbradar\/wp-json\/wp\/v2\/comments?post=176110"}],"version-history":[{"count":23,"href":"https:\/\/www.correiobraziliense.com.br\/cbradar\/wp-json\/wp\/v2\/posts\/176110\/revisions"}],"predecessor-version":[{"id":176137,"href":"https:\/\/www.correiobraziliense.com.br\/cbradar\/wp-json\/wp\/v2\/posts\/176110\/revisions\/176137"}],"wp:featuredmedia":[{"embeddable":true,"href":"https:\/\/www.correiobraziliense.com.br\/cbradar\/wp-json\/wp\/v2\/media\/176135"}],"wp:attachment":[{"href":"https:\/\/www.correiobraziliense.com.br\/cbradar\/wp-json\/wp\/v2\/media?parent=176110"}],"wp:term":[{"taxonomy":"category","embeddable":true,"href":"https:\/\/www.correiobraziliense.com.br\/cbradar\/wp-json\/wp\/v2\/categories?post=176110"},{"taxonomy":"post_tag","embeddable":true,"href":"https:\/\/www.correiobraziliense.com.br\/cbradar\/wp-json\/wp\/v2\/tags?post=176110"}],"curies":[{"name":"wp","href":"https:\/\/api.w.org\/{rel}","templated":true}]}}