{"id":17625,"date":"2025-04-01T22:10:00","date_gmt":"2025-04-02T01:10:00","guid":{"rendered":"https:\/\/www.correiobraziliense.com.br\/cbradar\/?p=17625"},"modified":"2025-03-31T20:11:21","modified_gmt":"2025-03-31T23:11:21","slug":"abril-tera-feriado-prolongado-veja-datas","status":"publish","type":"post","link":"https:\/\/www.correiobraziliense.com.br\/cbradar\/abril-tera-feriado-prolongado-veja-datas\/","title":{"rendered":"Abril ter\u00e1 feriado prolongado, veja datas"},"content":{"rendered":"\n<p>O ano de 2025 reserva aos brasileiros algumas oportunidades de descanso prolongado, gra\u00e7as aos feriados que podem ser emendados com finais de semana. O primeiro desses per\u00edodos ocorre em abril, oferecendo a chance de quatro dias consecutivos de folga. Essa pausa come\u00e7a na <strong>Sexta-feira Santa<\/strong>, em 18 de abril, e se estende at\u00e9 o <strong>Dia de Tiradentes<\/strong>, em 21 de abril.<\/p>\n\n\n\n<p>Al\u00e9m de abril, o calend\u00e1rio de 2025 apresenta outras datas que possibilitam feriad\u00f5es, dependendo das decis\u00f5es das empresas e das legisla\u00e7\u00f5es locais. Estes per\u00edodos de descanso s\u00e3o aguardados por muitos, pois permitem momentos de lazer e recupera\u00e7\u00e3o, essenciais para o bem-estar.<\/p>\n\n\n\n<h2 class=\"wp-block-heading\"><strong>Quais s\u00e3o os principais feriad\u00f5es de 2025?<\/strong><\/h2>\n\n\n\n<p>O governo federal divulgou uma lista oficial com os feriados nacionais de 2025, destacando quatro oportunidades de feriad\u00f5es. Al\u00e9m do per\u00edodo em abril, outras datas significativas incluem o Dia do Trabalhador, em 1\u00ba de maio, o Dia da Consci\u00eancia Negra, em 20 de novembro, e o Natal, em 25 de dezembro. Esses feriados caem em quintas-feiras, permitindo a possibilidade de emenda com a sexta-feira e o fim de semana.<\/p>\n\n\n\n<p>Essas datas s\u00e3o aguardadas por muitos trabalhadores, que podem aproveitar para viajar, descansar ou passar tempo com a fam\u00edlia. No entanto, a decis\u00e3o de emendar ou n\u00e3o os feriados pode variar conforme a pol\u00edtica de cada empresa ou institui\u00e7\u00e3o.<\/p>\n\n\n\n<figure class=\"wp-block-image size-large\"><img decoding=\"async\" width=\"1024\" height=\"576\" src=\"https:\/\/www.correiobraziliense.com.br\/cbradar\/wp-content\/uploads\/2025\/03\/feriado_1743458064612-1024x576.jpg\" alt=\"Abril ter\u00e1 feriado prolongado, veja datas\" class=\"wp-image-17627\" srcset=\"https:\/\/www.correiobraziliense.com.br\/cbradar\/wp-content\/uploads\/2025\/03\/feriado_1743458064612-1024x576.jpg 1024w, https:\/\/www.correiobraziliense.com.br\/cbradar\/wp-content\/uploads\/2025\/03\/feriado_1743458064612-300x169.jpg 300w, https:\/\/www.correiobraziliense.com.br\/cbradar\/wp-content\/uploads\/2025\/03\/feriado_1743458064612-768x432.jpg 768w, https:\/\/www.correiobraziliense.com.br\/cbradar\/wp-content\/uploads\/2025\/03\/feriado_1743458064612-750x422.jpg 750w, https:\/\/www.correiobraziliense.com.br\/cbradar\/wp-content\/uploads\/2025\/03\/feriado_1743458064612-1140x641.jpg 1140w, https:\/\/www.correiobraziliense.com.br\/cbradar\/wp-content\/uploads\/2025\/03\/feriado_1743458064612.jpg 1280w\" sizes=\"(max-width: 1024px) 100vw, 1024px\" \/><figcaption class=\"wp-element-caption\">feriado. Cr\u00e9ditos: depositphotos.com \/ ArturVerkhovetskiy<\/figcaption><\/figure>\n\n\n\n<h2 class=\"wp-block-heading\"><strong>Como os feriados locais influenciam o calend\u00e1rio?<\/strong><\/h2>\n\n\n\n<p>Al\u00e9m dos feriados nacionais, estados e munic\u00edpios t\u00eam a autonomia para decretar feriados locais. Exemplos comuns incluem o Carnaval e Corpus Christi, que s\u00e3o considerados pontos facultativos em n\u00edvel nacional. Isso significa que, embora n\u00e3o sejam feriados oficiais, as empresas e \u00f3rg\u00e3os p\u00fablicos podem optar por liberar seus funcion\u00e1rios.<\/p>\n\n\n\n<p>Esses feriados locais podem variar significativamente de uma regi\u00e3o para outra, refletindo as tradi\u00e7\u00f5es e comemora\u00e7\u00f5es espec\u00edficas de cada localidade. Portanto, \u00e9 importante que os trabalhadores estejam atentos \u00e0s determina\u00e7\u00f5es de suas regi\u00f5es para planejar seus dias de folga.<\/p>\n\n\n\n<h2 class=\"wp-block-heading\"><strong>O que \u00e9 um ponto facultativo?<\/strong><\/h2>\n\n\n\n<p>O conceito de ponto facultativo refere-se a dias em que o trabalho n\u00e3o \u00e9 obrigat\u00f3rio, mas tamb\u00e9m n\u00e3o \u00e9 considerado um feriado oficial. Nesses dias, cabe \u00e0s empresas e \u00f3rg\u00e3os p\u00fablicos decidir se liberar\u00e3o ou n\u00e3o seus funcion\u00e1rios. Essa flexibilidade permite que as institui\u00e7\u00f5es ajustem suas opera\u00e7\u00f5es conforme suas necessidades e o contexto local.<\/p>\n\n\n\n<p>Os pontos facultativos s\u00e3o comuns em datas que possuem significado cultural ou religioso, mas que n\u00e3o s\u00e3o reconhecidas como feriados nacionais. Eles oferecem uma oportunidade adicional de descanso para muitos trabalhadores, dependendo das pol\u00edticas adotadas por seus empregadores.<\/p>\n\n\n\n<h2 class=\"wp-block-heading\">Planejando o descanso em 2025<\/h2>\n\n\n\n<p>Com o calend\u00e1rio de 2025 em m\u00e3os, \u00e9 poss\u00edvel planejar com anteced\u00eancia os per\u00edodos de descanso. Aproveitar os feriad\u00f5es pode ser uma excelente maneira de recarregar as energias e passar tempo de qualidade com a fam\u00edlia e amigos. Para muitos, esses momentos s\u00e3o essenciais para manter o equil\u00edbrio entre vida pessoal e profissional.<\/p>\n\n\n\n<p>Portanto, estar atento \u00e0s datas e \u00e0s possibilidades de emenda pode ajudar a maximizar o tempo de folga ao longo do ano. Seja para viajar, descansar ou simplesmente desfrutar de momentos de lazer, os feriad\u00f5es de 2025 prometem ser uma oportunidade valiosa para todos.<\/p>\n","protected":false},"excerpt":{"rendered":"<p>Descubra os feriad\u00f5es de 2025 que permitem descanso prolongado e planeje suas folgas! Informa\u00e7\u00f5es sobre feriados nacionais, locais e pontos facultativos.<\/p>\n","protected":false},"author":3,"featured_media":17626,"comment_status":"open","ping_status":"open","sticky":false,"template":"","format":"standard","meta":{"_yoast_wpseo_focuskw":"feriado Abril","_yoast_wpseo_title":"%%title%%","_yoast_wpseo_metadesc":"Descubra os feriad\u00f5es de 2025 que permitem descanso prolongado e planeje suas folgas! Informa\u00e7\u00f5es sobre feriados nacionais, locais e pontos facultativos.","jnews-multi-image_gallery":[],"jnews_single_post":{"format":"standard"},"jnews_primary_category":[],"jnews_social_meta":[],"jnews_override_counter":[],"footnotes":""},"categories":[112],"post_tag":[2099,2178],"class_list":["post-17625","post","type-post","status-publish","format-standard","has-post-thumbnail","hentry","category-curiosidades","tag-abril","tag-feriados"],"yoast_head":"<!-- This site is optimized with the Yoast SEO plugin v24.6 - https:\/\/yoast.com\/wordpress\/plugins\/seo\/ -->\n<title>Abril ter\u00e1 feriado prolongado, veja datas<\/title>\n<meta name=\"description\" content=\"Descubra os feriad\u00f5es de 2025 que permitem descanso prolongado e planeje suas folgas! Informa\u00e7\u00f5es sobre feriados nacionais, locais e pontos facultativos.\" \/>\n<meta name=\"robots\" content=\"index, follow, max-snippet:-1, max-image-preview:large, max-video-preview:-1\" \/>\n<link rel=\"canonical\" href=\"https:\/\/www.correiobraziliense.com.br\/cbradar\/abril-tera-feriado-prolongado-veja-datas\/\" \/>\n<meta property=\"og:locale\" content=\"pt_BR\" \/>\n<meta property=\"og:type\" content=\"article\" \/>\n<meta property=\"og:title\" content=\"Abril ter\u00e1 feriado prolongado, veja datas\" \/>\n<meta property=\"og:description\" content=\"Descubra os feriad\u00f5es de 2025 que permitem descanso prolongado e planeje suas folgas! Informa\u00e7\u00f5es sobre feriados nacionais, locais e pontos facultativos.\" \/>\n<meta property=\"og:url\" content=\"https:\/\/www.correiobraziliense.com.br\/cbradar\/abril-tera-feriado-prolongado-veja-datas\/\" \/>\n<meta property=\"og:site_name\" content=\"Correio Braziliense - Radar\" \/>\n<meta property=\"article:published_time\" content=\"2025-04-02T01:10:00+00:00\" \/>\n<meta property=\"og:image\" content=\"https:\/\/www.correiobraziliense.com.br\/cbradar\/wp-content\/uploads\/2025\/03\/feriado_1743458039964.jpg\" \/>\n\t<meta property=\"og:image:width\" content=\"1280\" \/>\n\t<meta property=\"og:image:height\" content=\"720\" \/>\n\t<meta property=\"og:image:type\" content=\"image\/jpeg\" \/>\n<meta name=\"author\" content=\"Larissa Carvalho\" \/>\n<meta name=\"twitter:card\" content=\"summary_large_image\" \/>\n<meta name=\"twitter:label1\" content=\"Escrito por\" \/>\n\t<meta name=\"twitter:data1\" content=\"Larissa Carvalho\" \/>\n\t<meta name=\"twitter:label2\" content=\"Est. tempo de leitura\" \/>\n\t<meta name=\"twitter:data2\" content=\"4 minutos\" \/>\n<!-- \/ Yoast SEO plugin. -->","yoast_head_json":{"title":"Abril ter\u00e1 feriado prolongado, veja datas","description":"Descubra os feriad\u00f5es de 2025 que permitem descanso prolongado e planeje suas folgas! Informa\u00e7\u00f5es sobre feriados nacionais, locais e pontos facultativos.","robots":{"index":"index","follow":"follow","max-snippet":"max-snippet:-1","max-image-preview":"max-image-preview:large","max-video-preview":"max-video-preview:-1"},"canonical":"https:\/\/www.correiobraziliense.com.br\/cbradar\/abril-tera-feriado-prolongado-veja-datas\/","og_locale":"pt_BR","og_type":"article","og_title":"Abril ter\u00e1 feriado prolongado, veja datas","og_description":"Descubra os feriad\u00f5es de 2025 que permitem descanso prolongado e planeje suas folgas! Informa\u00e7\u00f5es sobre feriados nacionais, locais e pontos facultativos.","og_url":"https:\/\/www.correiobraziliense.com.br\/cbradar\/abril-tera-feriado-prolongado-veja-datas\/","og_site_name":"Correio Braziliense - Radar","article_published_time":"2025-04-02T01:10:00+00:00","og_image":[{"width":1280,"height":720,"url":"https:\/\/www.correiobraziliense.com.br\/cbradar\/wp-content\/uploads\/2025\/03\/feriado_1743458039964.jpg","type":"image\/jpeg"}],"author":"Larissa Carvalho","twitter_card":"summary_large_image","twitter_misc":{"Escrito por":"Larissa Carvalho","Est. tempo de leitura":"4 minutos"},"schema":{"@context":"https:\/\/schema.org","@graph":[{"@type":"WebPage","@id":"https:\/\/www.correiobraziliense.com.br\/cbradar\/abril-tera-feriado-prolongado-veja-datas\/","url":"https:\/\/www.correiobraziliense.com.br\/cbradar\/abril-tera-feriado-prolongado-veja-datas\/","name":"Abril ter\u00e1 feriado prolongado, veja datas","isPartOf":{"@id":"https:\/\/www.correiobraziliense.com.br\/cbradar\/#website"},"primaryImageOfPage":{"@id":"https:\/\/www.correiobraziliense.com.br\/cbradar\/abril-tera-feriado-prolongado-veja-datas\/#primaryimage"},"image":{"@id":"https:\/\/www.correiobraziliense.com.br\/cbradar\/abril-tera-feriado-prolongado-veja-datas\/#primaryimage"},"thumbnailUrl":"https:\/\/www.correiobraziliense.com.br\/cbradar\/wp-content\/uploads\/2025\/03\/feriado_1743458039964.jpg","datePublished":"2025-04-02T01:10:00+00:00","author":{"@id":"https:\/\/www.correiobraziliense.com.br\/cbradar\/#\/schema\/person\/58422787644df994b53a19d3e56c1513"},"description":"Descubra os feriad\u00f5es de 2025 que permitem descanso prolongado e planeje suas folgas! Informa\u00e7\u00f5es sobre feriados nacionais, locais e pontos facultativos.","breadcrumb":{"@id":"https:\/\/www.correiobraziliense.com.br\/cbradar\/abril-tera-feriado-prolongado-veja-datas\/#breadcrumb"},"inLanguage":"pt-BR","potentialAction":[{"@type":"ReadAction","target":["https:\/\/www.correiobraziliense.com.br\/cbradar\/abril-tera-feriado-prolongado-veja-datas\/"]}]},{"@type":"ImageObject","inLanguage":"pt-BR","@id":"https:\/\/www.correiobraziliense.com.br\/cbradar\/abril-tera-feriado-prolongado-veja-datas\/#primaryimage","url":"https:\/\/www.correiobraziliense.com.br\/cbradar\/wp-content\/uploads\/2025\/03\/feriado_1743458039964.jpg","contentUrl":"https:\/\/www.correiobraziliense.com.br\/cbradar\/wp-content\/uploads\/2025\/03\/feriado_1743458039964.jpg","width":1280,"height":720,"caption":"Feriado. Cr\u00e9ditos: depositphotos.com \/ EdZbarzhyvetsky"},{"@type":"BreadcrumbList","@id":"https:\/\/www.correiobraziliense.com.br\/cbradar\/abril-tera-feriado-prolongado-veja-datas\/#breadcrumb","itemListElement":[{"@type":"ListItem","position":1,"name":"In\u00edcio","item":"https:\/\/www.correiobraziliense.com.br\/cbradar\/"},{"@type":"ListItem","position":2,"name":"Abril ter\u00e1 feriado prolongado, veja datas"}]},{"@type":"WebSite","@id":"https:\/\/www.correiobraziliense.com.br\/cbradar\/#website","url":"https:\/\/www.correiobraziliense.com.br\/cbradar\/","name":"Correio Braziliense - Radar","description":"Acompanhe as \u00faltimas not\u00edcias e fique bem informado sobre tudo o que acontece no Brasil e no mundo.","potentialAction":[{"@type":"SearchAction","target":{"@type":"EntryPoint","urlTemplate":"https:\/\/www.correiobraziliense.com.br\/cbradar\/?s={search_term_string}"},"query-input":{"@type":"PropertyValueSpecification","valueRequired":true,"valueName":"search_term_string"}}],"inLanguage":"pt-BR"},{"@type":"Person","@id":"https:\/\/www.correiobraziliense.com.br\/cbradar\/#\/schema\/person\/58422787644df994b53a19d3e56c1513","name":"Larissa Carvalho","image":{"@type":"ImageObject","inLanguage":"pt-BR","@id":"https:\/\/www.correiobraziliense.com.br\/cbradar\/#\/schema\/person\/image\/","url":"https:\/\/secure.gravatar.com\/avatar\/fe4f91a0de32b52a838d0d612abdc1aa?s=96&d=mm&r=g","contentUrl":"https:\/\/secure.gravatar.com\/avatar\/fe4f91a0de32b52a838d0d612abdc1aa?s=96&d=mm&r=g","caption":"Larissa Carvalho"},"url":"https:\/\/www.correiobraziliense.com.br\/cbradar\/author\/larissamyth\/"}]}},"_links":{"self":[{"href":"https:\/\/www.correiobraziliense.com.br\/cbradar\/wp-json\/wp\/v2\/posts\/17625","targetHints":{"allow":["GET"]}}],"collection":[{"href":"https:\/\/www.correiobraziliense.com.br\/cbradar\/wp-json\/wp\/v2\/posts"}],"about":[{"href":"https:\/\/www.correiobraziliense.com.br\/cbradar\/wp-json\/wp\/v2\/types\/post"}],"author":[{"embeddable":true,"href":"https:\/\/www.correiobraziliense.com.br\/cbradar\/wp-json\/wp\/v2\/users\/3"}],"replies":[{"embeddable":true,"href":"https:\/\/www.correiobraziliense.com.br\/cbradar\/wp-json\/wp\/v2\/comments?post=17625"}],"version-history":[{"count":1,"href":"https:\/\/www.correiobraziliense.com.br\/cbradar\/wp-json\/wp\/v2\/posts\/17625\/revisions"}],"predecessor-version":[{"id":17628,"href":"https:\/\/www.correiobraziliense.com.br\/cbradar\/wp-json\/wp\/v2\/posts\/17625\/revisions\/17628"}],"wp:featuredmedia":[{"embeddable":true,"href":"https:\/\/www.correiobraziliense.com.br\/cbradar\/wp-json\/wp\/v2\/media\/17626"}],"wp:attachment":[{"href":"https:\/\/www.correiobraziliense.com.br\/cbradar\/wp-json\/wp\/v2\/media?parent=17625"}],"wp:term":[{"taxonomy":"category","embeddable":true,"href":"https:\/\/www.correiobraziliense.com.br\/cbradar\/wp-json\/wp\/v2\/categories?post=17625"},{"taxonomy":"post_tag","embeddable":true,"href":"https:\/\/www.correiobraziliense.com.br\/cbradar\/wp-json\/wp\/v2\/post_tag?post=17625"}],"curies":[{"name":"wp","href":"https:\/\/api.w.org\/{rel}","templated":true}]}}